{"id":247375,"date":"2025-04-01T02:10:00","date_gmt":"2025-04-01T05:10:00","guid":{"rendered":"https:\/\/www.gaveanews.com\/?p=247375"},"modified":"2025-03-31T22:36:54","modified_gmt":"2025-04-01T01:36:54","slug":"entenda-a-situacao-de-maxime-dominguez-no-vasco","status":"publish","type":"post","link":"https:\/\/www.gaveanews.com\/index.php\/2025\/04\/01\/entenda-a-situacao-de-maxime-dominguez-no-vasco\/","title":{"rendered":"Entenda a situa\u00e7\u00e3o de Maxime Dom\u00ednguez no Vasco"},"content":{"rendered":"\n<p>\u00c0s v\u00e9speras da estreia na Copa Sul-Americana, o Vasco vive uma situa\u00e7\u00e3o inusitada em seu elenco. Embora esteja com negocia\u00e7\u00e3o avan\u00e7ada para defender o Toronto FC, o meia Maxime Dominguez foi inscrito pelo clube carioca na competi\u00e7\u00e3o continental. A decis\u00e3o chamou a aten\u00e7\u00e3o dos torcedores, principalmente por ele n\u00e3o ter mais perspectivas de atuar com a camisa vasca\u00edna em 2025.<\/p>\n\n\n\n<p>A inscri\u00e7\u00e3o do jogador su\u00ed\u00e7o ocorre em meio \u00e0 prepara\u00e7\u00e3o do time para enfrentar o Melgar, nesta quarta-feira (02 de abril), \u00e0s 21h30 (hor\u00e1rio de Bras\u00edlia), em Arequipa, no Peru. O confronto marca a estreia do Cruzmaltino na Sul-Americana, logo ap\u00f3s a vit\u00f3ria de virada sobre o Santos na primeira rodada do Campeonato Brasileiro. O resultado positivo animou os bastidores do clube, que busca manter o ritmo.<\/p>\n\n\n\n<figure class=\"wp-block-image size-full\"><img loading=\"lazy\" decoding=\"async\" width=\"984\" height=\"653\" src=\"http:\/\/www.gaveanews.com\/wp-content\/uploads\/Maxime-Dominguez-durante-apresentacao-ao-Vasco-no-CT-Moacyr-Barbosa.webp\" alt=\"\" class=\"wp-image-165451\" srcset=\"https:\/\/www.gaveanews.com\/wp-content\/uploads\/Maxime-Dominguez-durante-apresentacao-ao-Vasco-no-CT-Moacyr-Barbosa.webp 984w, https:\/\/www.gaveanews.com\/wp-content\/uploads\/Maxime-Dominguez-durante-apresentacao-ao-Vasco-no-CT-Moacyr-Barbosa-300x199.webp 300w, https:\/\/www.gaveanews.com\/wp-content\/uploads\/Maxime-Dominguez-durante-apresentacao-ao-Vasco-no-CT-Moacyr-Barbosa-768x510.webp 768w, https:\/\/www.gaveanews.com\/wp-content\/uploads\/Maxime-Dominguez-durante-apresentacao-ao-Vasco-no-CT-Moacyr-Barbosa-633x420.webp 633w, https:\/\/www.gaveanews.com\/wp-content\/uploads\/Maxime-Dominguez-durante-apresentacao-ao-Vasco-no-CT-Moacyr-Barbosa-640x425.webp 640w, https:\/\/www.gaveanews.com\/wp-content\/uploads\/Maxime-Dominguez-durante-apresentacao-ao-Vasco-no-CT-Moacyr-Barbosa-681x452.webp 681w, https:\/\/www.gaveanews.com\/wp-content\/uploads\/Maxime-Dominguez-durante-apresentacao-ao-Vasco-no-CT-Moacyr-Barbosa-100x66.webp 100w\" sizes=\"auto, (max-width: 984px) 100vw, 984px\" \/><figcaption class=\"wp-element-caption\">Maxime Dominguez durante apresenta\u00e7\u00e3o ao Vasco, no CT Moacyr Barbosa (Foto: Matheus Lima\/Vasco)<\/figcaption><\/figure>\n\n\n\n<p>O presidente Pedrinho comentou sobre o momento da equipe ap\u00f3s o triunfo no Brasileir\u00e3o. \u201cN\u00f3s vimos uma evolu\u00e7\u00e3o, vimos a equipe lutando bastante, principalmente no segundo tempo. E tr\u00eas pontos j\u00e1 encaminhando para a Sul-Americana. Vencer o Brasileiro j\u00e1 projetando uma Sul-Americana \u00e9 sempre importante pela quest\u00e3o da confian\u00e7a\u201d, afirmou o dirigente.<\/p>\n\n\n\n<p>Al\u00e9m de Dominguez, a lista de inscritos do Vasco para a Sul-Americana inclui diversos jogadores revelados pelas categorias de base. A inscri\u00e7\u00e3o de at\u00e9 50 atletas permite certa flexibilidade ao clube, que poder\u00e1 realizar altera\u00e7\u00f5es caso avance para as pr\u00f3ximas fases. Assim sendo, a tend\u00eancia \u00e9 que o nome do meia su\u00ed\u00e7o seja retirado futuramente.<\/p>\n\n\n\n<p>Enquanto isso, o t\u00e9cnico F\u00e1bio Carille se concentra em preparar o elenco para uma sequ\u00eancia desgastante de compromissos. \u201cJ\u00e1 joga quarta, s\u00e1bado, ter\u00e7a depois\u2026 E a\u00ed j\u00e1 n\u00e3o tem mais treino, \u00e9 reuni\u00e3o, \u00e9 levar para campo, \u00e9 explicar\u2026 E que esses caras que colocar em campo tenham muito g\u00e1s para manter esse ritmo\u201d, pontuou o treinador, revelando sua estrat\u00e9gia para o per\u00edodo.<\/p>\n\n\n\n<p>Apesar da iminente despedida de Dominguez, o Vasco mant\u00e9m o foco em seu planejamento para as duas frentes: Campeonato Brasileiro e Copa Sul-Americana. Afinal, os compromissos se acumulam, e a margem de erro se reduz. A utiliza\u00e7\u00e3o da lista completa \u00e9, portanto, uma medida que visa resguardar o time em um calend\u00e1rio apertado.<\/p>\n","protected":false},"excerpt":{"rendered":"<p>\u00c0s v\u00e9speras da estreia na Copa Sul-Americana, o Vasco vive uma situa\u00e7\u00e3o inusitada em seu elenco. Embora esteja com negocia\u00e7\u00e3o avan\u00e7ada para defender o Toronto FC, o meia Maxime Dominguez foi inscrito pelo clube carioca na competi\u00e7\u00e3o continental. A decis\u00e3o chamou a aten\u00e7\u00e3o dos torcedores, principalmente por ele n\u00e3o ter mais perspectivas de atuar com [&hellip;]<\/p>\n","protected":false},"author":27,"featured_media":147443,"comment_status":"open","ping_status":"closed","sticky":false,"template":"","format":"standard","meta":{"footnotes":""},"categories":[152],"tags":[],"class_list":["post-247375","post","type-post","status-publish","format-standard","has-post-thumbnail","hentry","category-vasco"],"yoast_head":"<!-- This site is optimized with the Yoast SEO Premium plugin v24.2 (Yoast SEO v26.9) - https:\/\/yoast.com\/product\/yoast-seo-premium-wordpress\/ -->\n<title>Entenda a situa\u00e7\u00e3o de Maxime Dom\u00ednguez no Vasco<\/title>\n<meta name=\"robots\" content=\"index, follow, max-snippet:-1, max-image-preview:large, max-video-preview:-1\" \/>\n<link rel=\"canonical\" href=\"https:\/\/www.gaveanews.com\/index.php\/2025\/04\/01\/entenda-a-situacao-de-maxime-dominguez-no-vasco\/\" \/>\n<meta property=\"og:locale\" content=\"pt_BR\" \/>\n<meta property=\"og:type\" content=\"article\" \/>\n<meta property=\"og:title\" content=\"Entenda a situa\u00e7\u00e3o de Maxime Dom\u00ednguez no Vasco\" \/>\n<meta property=\"og:description\" content=\"\u00c0s v\u00e9speras da estreia na Copa Sul-Americana, o Vasco vive uma situa\u00e7\u00e3o inusitada em seu elenco. Embora esteja com negocia\u00e7\u00e3o avan\u00e7ada para defender o Toronto FC, o meia Maxime Dominguez foi inscrito pelo clube carioca na competi\u00e7\u00e3o continental. A decis\u00e3o chamou a aten\u00e7\u00e3o dos torcedores, principalmente por ele n\u00e3o ter mais perspectivas de atuar com [&hellip;]\" \/>\n<meta property=\"og:url\" content=\"https:\/\/www.gaveanews.com\/index.php\/2025\/04\/01\/entenda-a-situacao-de-maxime-dominguez-no-vasco\/\" \/>\n<meta property=\"og:site_name\" content=\"G\u00e1vea News\" \/>\n<meta property=\"article:publisher\" content=\"https:\/\/facebook.com\/gaveaNews\/\" \/>\n<meta property=\"article:published_time\" content=\"2025-04-01T05:10:00+00:00\" \/>\n<meta property=\"og:image\" content=\"https:\/\/www.gaveanews.com\/wp-content\/uploads\/Camisa-do-Vasco-da-Gama.webp\" \/>\n\t<meta property=\"og:image:width\" content=\"1440\" \/>\n\t<meta property=\"og:image:height\" content=\"960\" \/>\n\t<meta property=\"og:image:type\" content=\"image\/jpeg\" \/>\n<meta name=\"author\" content=\"Matheus Felipe\" \/>\n<meta name=\"twitter:card\" content=\"summary_large_image\" \/>\n<meta name=\"twitter:label1\" content=\"Escrito por\" \/>\n\t<meta name=\"twitter:data1\" content=\"Matheus Felipe\" \/>\n\t<meta name=\"twitter:label2\" content=\"Est. tempo de leitura\" \/>\n\t<meta name=\"twitter:data2\" content=\"3 minutos\" \/>\n<script type=\"application\/ld+json\" class=\"yoast-schema-graph\">{\"@context\":\"https:\/\/schema.org\",\"@graph\":[{\"@type\":\"NewsArticle\",\"@id\":\"https:\/\/www.gaveanews.com\/index.php\/2025\/04\/01\/entenda-a-situacao-de-maxime-dominguez-no-vasco\/#article\",\"isPartOf\":{\"@id\":\"https:\/\/www.gaveanews.com\/index.php\/2025\/04\/01\/entenda-a-situacao-de-maxime-dominguez-no-vasco\/\"},\"author\":{\"name\":\"Matheus Felipe\",\"@id\":\"https:\/\/www.gaveanews.com\/#\/schema\/person\/8207cd4627f56151707418bfc835b2fb\"},\"headline\":\"Entenda a situa\u00e7\u00e3o de Maxime Dom\u00ednguez no Vasco\",\"datePublished\":\"2025-04-01T05:10:00+00:00\",\"mainEntityOfPage\":{\"@id\":\"https:\/\/www.gaveanews.com\/index.php\/2025\/04\/01\/entenda-a-situacao-de-maxime-dominguez-no-vasco\/\"},\"wordCount\":407,\"commentCount\":0,\"image\":{\"@id\":\"https:\/\/www.gaveanews.com\/index.php\/2025\/04\/01\/entenda-a-situacao-de-maxime-dominguez-no-vasco\/#primaryimage\"},\"thumbnailUrl\":\"https:\/\/www.gaveanews.com\/wp-content\/uploads\/Camisa-do-Vasco-da-Gama.webp\",\"articleSection\":[\"Vasco\"],\"inLanguage\":\"pt-BR\",\"potentialAction\":[{\"@type\":\"CommentAction\",\"name\":\"Comment\",\"target\":[\"https:\/\/www.gaveanews.com\/index.php\/2025\/04\/01\/entenda-a-situacao-de-maxime-dominguez-no-vasco\/#respond\"]}],\"copyrightYear\":\"2025\",\"copyrightHolder\":{\"@id\":\"https:\/\/www.gaveanews.com\/#organization\"}},{\"@type\":\"WebPage\",\"@id\":\"https:\/\/www.gaveanews.com\/index.php\/2025\/04\/01\/entenda-a-situacao-de-maxime-dominguez-no-vasco\/\",\"url\":\"https:\/\/www.gaveanews.com\/index.php\/2025\/04\/01\/entenda-a-situacao-de-maxime-dominguez-no-vasco\/\",\"name\":\"Entenda a situa\u00e7\u00e3o de Maxime Dom\u00ednguez no Vasco\",\"isPartOf\":{\"@id\":\"https:\/\/www.gaveanews.com\/#website\"},\"primaryImageOfPage\":{\"@id\":\"https:\/\/www.gaveanews.com\/index.php\/2025\/04\/01\/entenda-a-situacao-de-maxime-dominguez-no-vasco\/#primaryimage\"},\"image\":{\"@id\":\"https:\/\/www.gaveanews.com\/index.php\/2025\/04\/01\/entenda-a-situacao-de-maxime-dominguez-no-vasco\/#primaryimage\"},\"thumbnailUrl\":\"https:\/\/www.gaveanews.com\/wp-content\/uploads\/Camisa-do-Vasco-da-Gama.webp\",\"datePublished\":\"2025-04-01T05:10:00+00:00\",\"author\":{\"@id\":\"https:\/\/www.gaveanews.com\/#\/schema\/person\/8207cd4627f56151707418bfc835b2fb\"},\"breadcrumb\":{\"@id\":\"https:\/\/www.gaveanews.com\/index.php\/2025\/04\/01\/entenda-a-situacao-de-maxime-dominguez-no-vasco\/#breadcrumb\"},\"inLanguage\":\"pt-BR\",\"potentialAction\":[{\"@type\":\"ReadAction\",\"target\":[\"https:\/\/www.gaveanews.com\/index.php\/2025\/04\/01\/entenda-a-situacao-de-maxime-dominguez-no-vasco\/\"]}]},{\"@type\":\"ImageObject\",\"inLanguage\":\"pt-BR\",\"@id\":\"https:\/\/www.gaveanews.com\/index.php\/2025\/04\/01\/entenda-a-situacao-de-maxime-dominguez-no-vasco\/#primaryimage\",\"url\":\"https:\/\/www.gaveanews.com\/wp-content\/uploads\/Camisa-do-Vasco-da-Gama.webp\",\"contentUrl\":\"https:\/\/www.gaveanews.com\/wp-content\/uploads\/Camisa-do-Vasco-da-Gama.webp\",\"width\":1440,\"height\":960,\"caption\":\"Camisa do Vasco da Gama (Foto: Reprodu\u00e7\u00e3o\/Instagram)\"},{\"@type\":\"BreadcrumbList\",\"@id\":\"https:\/\/www.gaveanews.com\/index.php\/2025\/04\/01\/entenda-a-situacao-de-maxime-dominguez-no-vasco\/#breadcrumb\",\"itemListElement\":[{\"@type\":\"ListItem\",\"position\":1,\"name\":\"Home\",\"item\":\"https:\/\/www.gaveanews.com\/\"},{\"@type\":\"ListItem\",\"position\":2,\"name\":\"Entenda a situa\u00e7\u00e3o de Maxime Dom\u00ednguez no Vasco\"}]},{\"@type\":\"WebSite\",\"@id\":\"https:\/\/www.gaveanews.com\/#website\",\"url\":\"https:\/\/www.gaveanews.com\/\",\"name\":\"G\u00e1vea News\",\"description\":\"Veja todas as not\u00edcias sobre o Flamengo: Contrata\u00e7\u00f5es, categorias de base, resultados das partidas, tabela de classifica\u00e7\u00e3o, pr\u00f3ximos jogos!\",\"potentialAction\":[{\"@type\":\"SearchAction\",\"target\":{\"@type\":\"EntryPoint\",\"urlTemplate\":\"https:\/\/www.gaveanews.com\/?s={search_term_string}\"},\"query-input\":{\"@type\":\"PropertyValueSpecification\",\"valueRequired\":true,\"valueName\":\"search_term_string\"}}],\"inLanguage\":\"pt-BR\"},{\"@type\":\"Person\",\"@id\":\"https:\/\/www.gaveanews.com\/#\/schema\/person\/8207cd4627f56151707418bfc835b2fb\",\"name\":\"Matheus Felipe\",\"image\":{\"@type\":\"ImageObject\",\"inLanguage\":\"pt-BR\",\"@id\":\"https:\/\/www.gaveanews.com\/#\/schema\/person\/image\/\",\"url\":\"https:\/\/secure.gravatar.com\/avatar\/a452ffbed9130f726358b298bb3a99ce4bd3c5338411f8440e87e14d74c7c087?s=96&d=mm&r=g\",\"contentUrl\":\"https:\/\/secure.gravatar.com\/avatar\/a452ffbed9130f726358b298bb3a99ce4bd3c5338411f8440e87e14d74c7c087?s=96&d=mm&r=g\",\"caption\":\"Matheus Felipe\"}}]}<\/script>\n<!-- \/ Yoast SEO Premium plugin. -->","yoast_head_json":{"title":"Entenda a situa\u00e7\u00e3o de Maxime Dom\u00ednguez no Vasco","robots":{"index":"index","follow":"follow","max-snippet":"max-snippet:-1","max-image-preview":"max-image-preview:large","max-video-preview":"max-video-preview:-1"},"canonical":"https:\/\/www.gaveanews.com\/index.php\/2025\/04\/01\/entenda-a-situacao-de-maxime-dominguez-no-vasco\/","og_locale":"pt_BR","og_type":"article","og_title":"Entenda a situa\u00e7\u00e3o de Maxime Dom\u00ednguez no Vasco","og_description":"\u00c0s v\u00e9speras da estreia na Copa Sul-Americana, o Vasco vive uma situa\u00e7\u00e3o inusitada em seu elenco. Embora esteja com negocia\u00e7\u00e3o avan\u00e7ada para defender o Toronto FC, o meia Maxime Dominguez foi inscrito pelo clube carioca na competi\u00e7\u00e3o continental. A decis\u00e3o chamou a aten\u00e7\u00e3o dos torcedores, principalmente por ele n\u00e3o ter mais perspectivas de atuar com [&hellip;]","og_url":"https:\/\/www.gaveanews.com\/index.php\/2025\/04\/01\/entenda-a-situacao-de-maxime-dominguez-no-vasco\/","og_site_name":"G\u00e1vea News","article_publisher":"https:\/\/facebook.com\/gaveaNews\/","article_published_time":"2025-04-01T05:10:00+00:00","og_image":[{"width":1440,"height":960,"url":"https:\/\/www.gaveanews.com\/wp-content\/uploads\/Camisa-do-Vasco-da-Gama.webp","type":"image\/jpeg"}],"author":"Matheus Felipe","twitter_card":"summary_large_image","twitter_misc":{"Escrito por":"Matheus Felipe","Est. tempo de leitura":"3 minutos"},"schema":{"@context":"https:\/\/schema.org","@graph":[{"@type":"NewsArticle","@id":"https:\/\/www.gaveanews.com\/index.php\/2025\/04\/01\/entenda-a-situacao-de-maxime-dominguez-no-vasco\/#article","isPartOf":{"@id":"https:\/\/www.gaveanews.com\/index.php\/2025\/04\/01\/entenda-a-situacao-de-maxime-dominguez-no-vasco\/"},"author":{"name":"Matheus Felipe","@id":"https:\/\/www.gaveanews.com\/#\/schema\/person\/8207cd4627f56151707418bfc835b2fb"},"headline":"Entenda a situa\u00e7\u00e3o de Maxime Dom\u00ednguez no Vasco","datePublished":"2025-04-01T05:10:00+00:00","mainEntityOfPage":{"@id":"https:\/\/www.gaveanews.com\/index.php\/2025\/04\/01\/entenda-a-situacao-de-maxime-dominguez-no-vasco\/"},"wordCount":407,"commentCount":0,"image":{"@id":"https:\/\/www.gaveanews.com\/index.php\/2025\/04\/01\/entenda-a-situacao-de-maxime-dominguez-no-vasco\/#primaryimage"},"thumbnailUrl":"https:\/\/www.gaveanews.com\/wp-content\/uploads\/Camisa-do-Vasco-da-Gama.webp","articleSection":["Vasco"],"inLanguage":"pt-BR","potentialAction":[{"@type":"CommentAction","name":"Comment","target":["https:\/\/www.gaveanews.com\/index.php\/2025\/04\/01\/entenda-a-situacao-de-maxime-dominguez-no-vasco\/#respond"]}],"copyrightYear":"2025","copyrightHolder":{"@id":"https:\/\/www.gaveanews.com\/#organization"}},{"@type":"WebPage","@id":"https:\/\/www.gaveanews.com\/index.php\/2025\/04\/01\/entenda-a-situacao-de-maxime-dominguez-no-vasco\/","url":"https:\/\/www.gaveanews.com\/index.php\/2025\/04\/01\/entenda-a-situacao-de-maxime-dominguez-no-vasco\/","name":"Entenda a situa\u00e7\u00e3o de Maxime Dom\u00ednguez no Vasco","isPartOf":{"@id":"https:\/\/www.gaveanews.com\/#website"},"primaryImageOfPage":{"@id":"https:\/\/www.gaveanews.com\/index.php\/2025\/04\/01\/entenda-a-situacao-de-maxime-dominguez-no-vasco\/#primaryimage"},"image":{"@id":"https:\/\/www.gaveanews.com\/index.php\/2025\/04\/01\/entenda-a-situacao-de-maxime-dominguez-no-vasco\/#primaryimage"},"thumbnailUrl":"https:\/\/www.gaveanews.com\/wp-content\/uploads\/Camisa-do-Vasco-da-Gama.webp","datePublished":"2025-04-01T05:10:00+00:00","author":{"@id":"https:\/\/www.gaveanews.com\/#\/schema\/person\/8207cd4627f56151707418bfc835b2fb"},"breadcrumb":{"@id":"https:\/\/www.gaveanews.com\/index.php\/2025\/04\/01\/entenda-a-situacao-de-maxime-dominguez-no-vasco\/#breadcrumb"},"inLanguage":"pt-BR","potentialAction":[{"@type":"ReadAction","target":["https:\/\/www.gaveanews.com\/index.php\/2025\/04\/01\/entenda-a-situacao-de-maxime-dominguez-no-vasco\/"]}]},{"@type":"ImageObject","inLanguage":"pt-BR","@id":"https:\/\/www.gaveanews.com\/index.php\/2025\/04\/01\/entenda-a-situacao-de-maxime-dominguez-no-vasco\/#primaryimage","url":"https:\/\/www.gaveanews.com\/wp-content\/uploads\/Camisa-do-Vasco-da-Gama.webp","contentUrl":"https:\/\/www.gaveanews.com\/wp-content\/uploads\/Camisa-do-Vasco-da-Gama.webp","width":1440,"height":960,"caption":"Camisa do Vasco da Gama (Foto: Reprodu\u00e7\u00e3o\/Instagram)"},{"@type":"BreadcrumbList","@id":"https:\/\/www.gaveanews.com\/index.php\/2025\/04\/01\/entenda-a-situacao-de-maxime-dominguez-no-vasco\/#breadcrumb","itemListElement":[{"@type":"ListItem","position":1,"name":"Home","item":"https:\/\/www.gaveanews.com\/"},{"@type":"ListItem","position":2,"name":"Entenda a situa\u00e7\u00e3o de Maxime Dom\u00ednguez no Vasco"}]},{"@type":"WebSite","@id":"https:\/\/www.gaveanews.com\/#website","url":"https:\/\/www.gaveanews.com\/","name":"G\u00e1vea News","description":"Veja todas as not\u00edcias sobre o Flamengo: Contrata\u00e7\u00f5es, categorias de base, resultados das partidas, tabela de classifica\u00e7\u00e3o, pr\u00f3ximos jogos!","potentialAction":[{"@type":"SearchAction","target":{"@type":"EntryPoint","urlTemplate":"https:\/\/www.gaveanews.com\/?s={search_term_string}"},"query-input":{"@type":"PropertyValueSpecification","valueRequired":true,"valueName":"search_term_string"}}],"inLanguage":"pt-BR"},{"@type":"Person","@id":"https:\/\/www.gaveanews.com\/#\/schema\/person\/8207cd4627f56151707418bfc835b2fb","name":"Matheus Felipe","image":{"@type":"ImageObject","inLanguage":"pt-BR","@id":"https:\/\/www.gaveanews.com\/#\/schema\/person\/image\/","url":"https:\/\/secure.gravatar.com\/avatar\/a452ffbed9130f726358b298bb3a99ce4bd3c5338411f8440e87e14d74c7c087?s=96&d=mm&r=g","contentUrl":"https:\/\/secure.gravatar.com\/avatar\/a452ffbed9130f726358b298bb3a99ce4bd3c5338411f8440e87e14d74c7c087?s=96&d=mm&r=g","caption":"Matheus Felipe"}}]}},"_links":{"self":[{"href":"https:\/\/www.gaveanews.com\/index.php\/wp-json\/wp\/v2\/posts\/247375","targetHints":{"allow":["GET"]}}],"collection":[{"href":"https:\/\/www.gaveanews.com\/index.php\/wp-json\/wp\/v2\/posts"}],"about":[{"href":"https:\/\/www.gaveanews.com\/index.php\/wp-json\/wp\/v2\/types\/post"}],"author":[{"embeddable":true,"href":"https:\/\/www.gaveanews.com\/index.php\/wp-json\/wp\/v2\/users\/27"}],"replies":[{"embeddable":true,"href":"https:\/\/www.gaveanews.com\/index.php\/wp-json\/wp\/v2\/comments?post=247375"}],"version-history":[{"count":1,"href":"https:\/\/www.gaveanews.com\/index.php\/wp-json\/wp\/v2\/posts\/247375\/revisions"}],"predecessor-version":[{"id":247376,"href":"https:\/\/www.gaveanews.com\/index.php\/wp-json\/wp\/v2\/posts\/247375\/revisions\/247376"}],"wp:featuredmedia":[{"embeddable":true,"href":"https:\/\/www.gaveanews.com\/index.php\/wp-json\/wp\/v2\/media\/147443"}],"wp:attachment":[{"href":"https:\/\/www.gaveanews.com\/index.php\/wp-json\/wp\/v2\/media?parent=247375"}],"wp:term":[{"taxonomy":"category","embeddable":true,"href":"https:\/\/www.gaveanews.com\/index.php\/wp-json\/wp\/v2\/categories?post=247375"},{"taxonomy":"post_tag","embeddable":true,"href":"https:\/\/www.gaveanews.com\/index.php\/wp-json\/wp\/v2\/tags?post=247375"}],"curies":[{"name":"wp","href":"https:\/\/api.w.org\/{rel}","templated":true}]}}