{"id":247386,"date":"2025-04-01T02:35:00","date_gmt":"2025-04-01T05:35:00","guid":{"rendered":"https:\/\/www.gaveanews.com\/?p=247386"},"modified":"2025-03-31T22:59:20","modified_gmt":"2025-04-01T01:59:20","slug":"a-declaracao-de-pedro-ivo-direcionada-ao-flamengo","status":"publish","type":"post","link":"https:\/\/www.gaveanews.com\/index.php\/2025\/04\/01\/a-declaracao-de-pedro-ivo-direcionada-ao-flamengo\/","title":{"rendered":"A declara\u00e7\u00e3o de Pedro Ivo direcionada ao Flamengo"},"content":{"rendered":"\n<p>O Flamengo iniciou sua caminhada no Campeonato Brasileiro com um empate por 1 a 1 diante do Internacional, em partida marcada pelo equil\u00edbrio e por oportunidades desperdi\u00e7adas. Disputado em ritmo intenso, o confronto deixou a sensa\u00e7\u00e3o de que o Rubro-Negro poderia ter conquistado os tr\u00eas pontos, sobretudo pela produ\u00e7\u00e3o ofensiva na segunda etapa.<\/p>\n\n\n\n<p>Embora o time de Filipe Lu\u00eds tenha criado chances importantes, a efetividade nas finaliza\u00e7\u00f5es voltou a ser uma quest\u00e3o central. Afinal, em um campeonato com margens t\u00e3o apertadas, transformar boas jogadas em gols pode ser o diferencial entre brigar pelo t\u00edtulo ou apenas cumprir tabela. Contudo, conforme an\u00e1lise do comentarista Pedro Ivo, n\u00e3o se trata apenas de inefici\u00eancia.<\/p>\n\n\n\n<figure class=\"wp-block-image size-full\"><img loading=\"lazy\" decoding=\"async\" width=\"742\" height=\"493\" src=\"http:\/\/www.gaveanews.com\/wp-content\/uploads\/Filipe-Luis-durante-jogo-entre-Flamengo-e-Corinthians-pela-semifinal-da-Copa-do-Brasil-no-Maracana.webp\" alt=\"\" class=\"wp-image-171103\" srcset=\"https:\/\/www.gaveanews.com\/wp-content\/uploads\/Filipe-Luis-durante-jogo-entre-Flamengo-e-Corinthians-pela-semifinal-da-Copa-do-Brasil-no-Maracana.webp 742w, https:\/\/www.gaveanews.com\/wp-content\/uploads\/Filipe-Luis-durante-jogo-entre-Flamengo-e-Corinthians-pela-semifinal-da-Copa-do-Brasil-no-Maracana-300x199.webp 300w, https:\/\/www.gaveanews.com\/wp-content\/uploads\/Filipe-Luis-durante-jogo-entre-Flamengo-e-Corinthians-pela-semifinal-da-Copa-do-Brasil-no-Maracana-632x420.webp 632w, https:\/\/www.gaveanews.com\/wp-content\/uploads\/Filipe-Luis-durante-jogo-entre-Flamengo-e-Corinthians-pela-semifinal-da-Copa-do-Brasil-no-Maracana-640x425.webp 640w, https:\/\/www.gaveanews.com\/wp-content\/uploads\/Filipe-Luis-durante-jogo-entre-Flamengo-e-Corinthians-pela-semifinal-da-Copa-do-Brasil-no-Maracana-681x452.webp 681w, https:\/\/www.gaveanews.com\/wp-content\/uploads\/Filipe-Luis-durante-jogo-entre-Flamengo-e-Corinthians-pela-semifinal-da-Copa-do-Brasil-no-Maracana-100x66.webp 100w\" sizes=\"auto, (max-width: 742px) 100vw, 742px\" \/><figcaption class=\"wp-element-caption\">Filipe Lu\u00eds durante jogo entre Flamengo e Corinthians, pela semifinal da Copa do Brasil, no Maracan\u00e3 (Foto: Gilvan de Souza\/Flamengo)<\/figcaption><\/figure>\n\n\n\n<p>&#8220;\u00c9 importante pontuar que teve o Rochet no primeiro tempo e o Anthoni no segundo tempo inspirados tamb\u00e9m. O Flamengo chegou ao gol, mas tem um time do outro lado&#8221;, afirmou o jornalista. A observa\u00e7\u00e3o chama aten\u00e7\u00e3o para o papel decisivo dos goleiros do Internacional, que foram fundamentais para manter o empate no placar.<\/p>\n\n\n\n<p>Ali\u00e1s, Pedro Ivo tamb\u00e9m chamou a aten\u00e7\u00e3o para o contexto competitivo da partida. Segundo ele, o desempenho do Flamengo no primeiro tempo foi impactado diretamente pela organiza\u00e7\u00e3o do advers\u00e1rio. \u201cO Flamengo n\u00e3o foi bem no primeiro tempo porque tinha um time do outro lado. Ent\u00e3o, o empate est\u00e1 dentro do pacote\u201d, analisou.<\/p>\n\n\n\n<p>Em um torneio longo como o Brasileir\u00e3o, cada ponto conta. Nesse sentido, o comentarista destacou que o empate poder\u00e1 ser lembrado no futuro como um ponto perdido para o Flamengo, ou como um ponto ganho para o Internacional. &#8220;Talvez a gente v\u00e1 passar boa parte das 38 rodadas&#8230; lembrando daquele empate l\u00e1 no in\u00edcio&#8221;, avaliou.<\/p>\n\n\n\n<p>O Flamengo volta a campo no pr\u00f3ximo domingo (6), quando enfrenta o Vit\u00f3ria, no Barrad\u00e3o, \u00e0s 18h30 (hor\u00e1rio de Bras\u00edlia). A equipe segue em busca de sua primeira vit\u00f3ria na competi\u00e7\u00e3o, j\u00e1 com o desafio de corrigir a falta de precis\u00e3o no ataque \u2014 um dos pontos que mais t\u00eam gerado preocupa\u00e7\u00e3o nesse in\u00edcio de trabalho de Filipe Lu\u00eds.<\/p>\n","protected":false},"excerpt":{"rendered":"<p>O Flamengo iniciou sua caminhada no Campeonato Brasileiro com um empate por 1 a 1 diante do Internacional, em partida marcada pelo equil\u00edbrio e por oportunidades desperdi\u00e7adas. Disputado em ritmo intenso, o confronto deixou a sensa\u00e7\u00e3o de que o Rubro-Negro poderia ter conquistado os tr\u00eas pontos, sobretudo pela produ\u00e7\u00e3o ofensiva na segunda etapa. Embora o [&hellip;]<\/p>\n","protected":false},"author":27,"featured_media":124684,"comment_status":"open","ping_status":"closed","sticky":false,"template":"","format":"standard","meta":{"footnotes":""},"categories":[1],"tags":[],"class_list":["post-247386","post","type-post","status-publish","format-standard","has-post-thumbnail","hentry","category-flamengo"],"yoast_head":"<!-- This site is optimized with the Yoast SEO Premium plugin v24.2 (Yoast SEO v26.9) - https:\/\/yoast.com\/product\/yoast-seo-premium-wordpress\/ -->\n<title>A declara\u00e7\u00e3o de Pedro Ivo direcionada ao Flamengo<\/title>\n<meta name=\"robots\" content=\"index, follow, max-snippet:-1, max-image-preview:large, max-video-preview:-1\" \/>\n<link rel=\"canonical\" href=\"https:\/\/www.gaveanews.com\/index.php\/2025\/04\/01\/a-declaracao-de-pedro-ivo-direcionada-ao-flamengo\/\" \/>\n<meta property=\"og:locale\" content=\"pt_BR\" \/>\n<meta property=\"og:type\" content=\"article\" \/>\n<meta property=\"og:title\" content=\"A declara\u00e7\u00e3o de Pedro Ivo direcionada ao Flamengo\" \/>\n<meta property=\"og:description\" content=\"O Flamengo iniciou sua caminhada no Campeonato Brasileiro com um empate por 1 a 1 diante do Internacional, em partida marcada pelo equil\u00edbrio e por oportunidades desperdi\u00e7adas. Disputado em ritmo intenso, o confronto deixou a sensa\u00e7\u00e3o de que o Rubro-Negro poderia ter conquistado os tr\u00eas pontos, sobretudo pela produ\u00e7\u00e3o ofensiva na segunda etapa. Embora o [&hellip;]\" \/>\n<meta property=\"og:url\" content=\"https:\/\/www.gaveanews.com\/index.php\/2025\/04\/01\/a-declaracao-de-pedro-ivo-direcionada-ao-flamengo\/\" \/>\n<meta property=\"og:site_name\" content=\"G\u00e1vea News\" \/>\n<meta property=\"article:publisher\" content=\"https:\/\/facebook.com\/gaveaNews\/\" \/>\n<meta property=\"article:published_time\" content=\"2025-04-01T05:35:00+00:00\" \/>\n<meta property=\"og:image\" content=\"https:\/\/www.gaveanews.com\/wp-content\/uploads\/escudoDoFlamengo.webp\" \/>\n\t<meta property=\"og:image:width\" content=\"1095\" \/>\n\t<meta property=\"og:image:height\" content=\"730\" \/>\n\t<meta property=\"og:image:type\" content=\"image\/webp\" \/>\n<meta name=\"author\" content=\"Matheus Felipe\" \/>\n<meta name=\"twitter:card\" content=\"summary_large_image\" \/>\n<meta name=\"twitter:label1\" content=\"Escrito por\" \/>\n\t<meta name=\"twitter:data1\" content=\"Matheus Felipe\" \/>\n\t<meta name=\"twitter:label2\" content=\"Est. tempo de leitura\" \/>\n\t<meta name=\"twitter:data2\" content=\"3 minutos\" \/>\n<script type=\"application\/ld+json\" class=\"yoast-schema-graph\">{\"@context\":\"https:\/\/schema.org\",\"@graph\":[{\"@type\":\"NewsArticle\",\"@id\":\"https:\/\/www.gaveanews.com\/index.php\/2025\/04\/01\/a-declaracao-de-pedro-ivo-direcionada-ao-flamengo\/#article\",\"isPartOf\":{\"@id\":\"https:\/\/www.gaveanews.com\/index.php\/2025\/04\/01\/a-declaracao-de-pedro-ivo-direcionada-ao-flamengo\/\"},\"author\":{\"name\":\"Matheus Felipe\",\"@id\":\"https:\/\/www.gaveanews.com\/#\/schema\/person\/8207cd4627f56151707418bfc835b2fb\"},\"headline\":\"A declara\u00e7\u00e3o de Pedro Ivo direcionada ao Flamengo\",\"datePublished\":\"2025-04-01T05:35:00+00:00\",\"mainEntityOfPage\":{\"@id\":\"https:\/\/www.gaveanews.com\/index.php\/2025\/04\/01\/a-declaracao-de-pedro-ivo-direcionada-ao-flamengo\/\"},\"wordCount\":393,\"commentCount\":0,\"image\":{\"@id\":\"https:\/\/www.gaveanews.com\/index.php\/2025\/04\/01\/a-declaracao-de-pedro-ivo-direcionada-ao-flamengo\/#primaryimage\"},\"thumbnailUrl\":\"https:\/\/www.gaveanews.com\/wp-content\/uploads\/escudoDoFlamengo.webp\",\"articleSection\":[\"Flamengo\"],\"inLanguage\":\"pt-BR\",\"potentialAction\":[{\"@type\":\"CommentAction\",\"name\":\"Comment\",\"target\":[\"https:\/\/www.gaveanews.com\/index.php\/2025\/04\/01\/a-declaracao-de-pedro-ivo-direcionada-ao-flamengo\/#respond\"]}],\"copyrightYear\":\"2025\",\"copyrightHolder\":{\"@id\":\"https:\/\/www.gaveanews.com\/#organization\"}},{\"@type\":\"WebPage\",\"@id\":\"https:\/\/www.gaveanews.com\/index.php\/2025\/04\/01\/a-declaracao-de-pedro-ivo-direcionada-ao-flamengo\/\",\"url\":\"https:\/\/www.gaveanews.com\/index.php\/2025\/04\/01\/a-declaracao-de-pedro-ivo-direcionada-ao-flamengo\/\",\"name\":\"A declara\u00e7\u00e3o de Pedro Ivo direcionada ao Flamengo\",\"isPartOf\":{\"@id\":\"https:\/\/www.gaveanews.com\/#website\"},\"primaryImageOfPage\":{\"@id\":\"https:\/\/www.gaveanews.com\/index.php\/2025\/04\/01\/a-declaracao-de-pedro-ivo-direcionada-ao-flamengo\/#primaryimage\"},\"image\":{\"@id\":\"https:\/\/www.gaveanews.com\/index.php\/2025\/04\/01\/a-declaracao-de-pedro-ivo-direcionada-ao-flamengo\/#primaryimage\"},\"thumbnailUrl\":\"https:\/\/www.gaveanews.com\/wp-content\/uploads\/escudoDoFlamengo.webp\",\"datePublished\":\"2025-04-01T05:35:00+00:00\",\"author\":{\"@id\":\"https:\/\/www.gaveanews.com\/#\/schema\/person\/8207cd4627f56151707418bfc835b2fb\"},\"breadcrumb\":{\"@id\":\"https:\/\/www.gaveanews.com\/index.php\/2025\/04\/01\/a-declaracao-de-pedro-ivo-direcionada-ao-flamengo\/#breadcrumb\"},\"inLanguage\":\"pt-BR\",\"potentialAction\":[{\"@type\":\"ReadAction\",\"target\":[\"https:\/\/www.gaveanews.com\/index.php\/2025\/04\/01\/a-declaracao-de-pedro-ivo-direcionada-ao-flamengo\/\"]}]},{\"@type\":\"ImageObject\",\"inLanguage\":\"pt-BR\",\"@id\":\"https:\/\/www.gaveanews.com\/index.php\/2025\/04\/01\/a-declaracao-de-pedro-ivo-direcionada-ao-flamengo\/#primaryimage\",\"url\":\"https:\/\/www.gaveanews.com\/wp-content\/uploads\/escudoDoFlamengo.webp\",\"contentUrl\":\"https:\/\/www.gaveanews.com\/wp-content\/uploads\/escudoDoFlamengo.webp\",\"width\":1095,\"height\":730,\"caption\":\"Centro de treinamento do Flamengo (Foto: Reprodu\u00e7\u00e3o)\"},{\"@type\":\"BreadcrumbList\",\"@id\":\"https:\/\/www.gaveanews.com\/index.php\/2025\/04\/01\/a-declaracao-de-pedro-ivo-direcionada-ao-flamengo\/#breadcrumb\",\"itemListElement\":[{\"@type\":\"ListItem\",\"position\":1,\"name\":\"Home\",\"item\":\"https:\/\/www.gaveanews.com\/\"},{\"@type\":\"ListItem\",\"position\":2,\"name\":\"A declara\u00e7\u00e3o de Pedro Ivo direcionada ao Flamengo\"}]},{\"@type\":\"WebSite\",\"@id\":\"https:\/\/www.gaveanews.com\/#website\",\"url\":\"https:\/\/www.gaveanews.com\/\",\"name\":\"G\u00e1vea News\",\"description\":\"Veja todas as not\u00edcias sobre o Flamengo: Contrata\u00e7\u00f5es, categorias de base, resultados das partidas, tabela de classifica\u00e7\u00e3o, pr\u00f3ximos jogos!\",\"potentialAction\":[{\"@type\":\"SearchAction\",\"target\":{\"@type\":\"EntryPoint\",\"urlTemplate\":\"https:\/\/www.gaveanews.com\/?s={search_term_string}\"},\"query-input\":{\"@type\":\"PropertyValueSpecification\",\"valueRequired\":true,\"valueName\":\"search_term_string\"}}],\"inLanguage\":\"pt-BR\"},{\"@type\":\"Person\",\"@id\":\"https:\/\/www.gaveanews.com\/#\/schema\/person\/8207cd4627f56151707418bfc835b2fb\",\"name\":\"Matheus Felipe\",\"image\":{\"@type\":\"ImageObject\",\"inLanguage\":\"pt-BR\",\"@id\":\"https:\/\/www.gaveanews.com\/#\/schema\/person\/image\/\",\"url\":\"https:\/\/secure.gravatar.com\/avatar\/a452ffbed9130f726358b298bb3a99ce4bd3c5338411f8440e87e14d74c7c087?s=96&d=mm&r=g\",\"contentUrl\":\"https:\/\/secure.gravatar.com\/avatar\/a452ffbed9130f726358b298bb3a99ce4bd3c5338411f8440e87e14d74c7c087?s=96&d=mm&r=g\",\"caption\":\"Matheus Felipe\"}}]}<\/script>\n<!-- \/ Yoast SEO Premium plugin. -->","yoast_head_json":{"title":"A declara\u00e7\u00e3o de Pedro Ivo direcionada ao Flamengo","robots":{"index":"index","follow":"follow","max-snippet":"max-snippet:-1","max-image-preview":"max-image-preview:large","max-video-preview":"max-video-preview:-1"},"canonical":"https:\/\/www.gaveanews.com\/index.php\/2025\/04\/01\/a-declaracao-de-pedro-ivo-direcionada-ao-flamengo\/","og_locale":"pt_BR","og_type":"article","og_title":"A declara\u00e7\u00e3o de Pedro Ivo direcionada ao Flamengo","og_description":"O Flamengo iniciou sua caminhada no Campeonato Brasileiro com um empate por 1 a 1 diante do Internacional, em partida marcada pelo equil\u00edbrio e por oportunidades desperdi\u00e7adas. Disputado em ritmo intenso, o confronto deixou a sensa\u00e7\u00e3o de que o Rubro-Negro poderia ter conquistado os tr\u00eas pontos, sobretudo pela produ\u00e7\u00e3o ofensiva na segunda etapa. Embora o [&hellip;]","og_url":"https:\/\/www.gaveanews.com\/index.php\/2025\/04\/01\/a-declaracao-de-pedro-ivo-direcionada-ao-flamengo\/","og_site_name":"G\u00e1vea News","article_publisher":"https:\/\/facebook.com\/gaveaNews\/","article_published_time":"2025-04-01T05:35:00+00:00","og_image":[{"width":1095,"height":730,"url":"https:\/\/www.gaveanews.com\/wp-content\/uploads\/escudoDoFlamengo.webp","type":"image\/webp"}],"author":"Matheus Felipe","twitter_card":"summary_large_image","twitter_misc":{"Escrito por":"Matheus Felipe","Est. tempo de leitura":"3 minutos"},"schema":{"@context":"https:\/\/schema.org","@graph":[{"@type":"NewsArticle","@id":"https:\/\/www.gaveanews.com\/index.php\/2025\/04\/01\/a-declaracao-de-pedro-ivo-direcionada-ao-flamengo\/#article","isPartOf":{"@id":"https:\/\/www.gaveanews.com\/index.php\/2025\/04\/01\/a-declaracao-de-pedro-ivo-direcionada-ao-flamengo\/"},"author":{"name":"Matheus Felipe","@id":"https:\/\/www.gaveanews.com\/#\/schema\/person\/8207cd4627f56151707418bfc835b2fb"},"headline":"A declara\u00e7\u00e3o de Pedro Ivo direcionada ao Flamengo","datePublished":"2025-04-01T05:35:00+00:00","mainEntityOfPage":{"@id":"https:\/\/www.gaveanews.com\/index.php\/2025\/04\/01\/a-declaracao-de-pedro-ivo-direcionada-ao-flamengo\/"},"wordCount":393,"commentCount":0,"image":{"@id":"https:\/\/www.gaveanews.com\/index.php\/2025\/04\/01\/a-declaracao-de-pedro-ivo-direcionada-ao-flamengo\/#primaryimage"},"thumbnailUrl":"https:\/\/www.gaveanews.com\/wp-content\/uploads\/escudoDoFlamengo.webp","articleSection":["Flamengo"],"inLanguage":"pt-BR","potentialAction":[{"@type":"CommentAction","name":"Comment","target":["https:\/\/www.gaveanews.com\/index.php\/2025\/04\/01\/a-declaracao-de-pedro-ivo-direcionada-ao-flamengo\/#respond"]}],"copyrightYear":"2025","copyrightHolder":{"@id":"https:\/\/www.gaveanews.com\/#organization"}},{"@type":"WebPage","@id":"https:\/\/www.gaveanews.com\/index.php\/2025\/04\/01\/a-declaracao-de-pedro-ivo-direcionada-ao-flamengo\/","url":"https:\/\/www.gaveanews.com\/index.php\/2025\/04\/01\/a-declaracao-de-pedro-ivo-direcionada-ao-flamengo\/","name":"A declara\u00e7\u00e3o de Pedro Ivo direcionada ao Flamengo","isPartOf":{"@id":"https:\/\/www.gaveanews.com\/#website"},"primaryImageOfPage":{"@id":"https:\/\/www.gaveanews.com\/index.php\/2025\/04\/01\/a-declaracao-de-pedro-ivo-direcionada-ao-flamengo\/#primaryimage"},"image":{"@id":"https:\/\/www.gaveanews.com\/index.php\/2025\/04\/01\/a-declaracao-de-pedro-ivo-direcionada-ao-flamengo\/#primaryimage"},"thumbnailUrl":"https:\/\/www.gaveanews.com\/wp-content\/uploads\/escudoDoFlamengo.webp","datePublished":"2025-04-01T05:35:00+00:00","author":{"@id":"https:\/\/www.gaveanews.com\/#\/schema\/person\/8207cd4627f56151707418bfc835b2fb"},"breadcrumb":{"@id":"https:\/\/www.gaveanews.com\/index.php\/2025\/04\/01\/a-declaracao-de-pedro-ivo-direcionada-ao-flamengo\/#breadcrumb"},"inLanguage":"pt-BR","potentialAction":[{"@type":"ReadAction","target":["https:\/\/www.gaveanews.com\/index.php\/2025\/04\/01\/a-declaracao-de-pedro-ivo-direcionada-ao-flamengo\/"]}]},{"@type":"ImageObject","inLanguage":"pt-BR","@id":"https:\/\/www.gaveanews.com\/index.php\/2025\/04\/01\/a-declaracao-de-pedro-ivo-direcionada-ao-flamengo\/#primaryimage","url":"https:\/\/www.gaveanews.com\/wp-content\/uploads\/escudoDoFlamengo.webp","contentUrl":"https:\/\/www.gaveanews.com\/wp-content\/uploads\/escudoDoFlamengo.webp","width":1095,"height":730,"caption":"Centro de treinamento do Flamengo (Foto: Reprodu\u00e7\u00e3o)"},{"@type":"BreadcrumbList","@id":"https:\/\/www.gaveanews.com\/index.php\/2025\/04\/01\/a-declaracao-de-pedro-ivo-direcionada-ao-flamengo\/#breadcrumb","itemListElement":[{"@type":"ListItem","position":1,"name":"Home","item":"https:\/\/www.gaveanews.com\/"},{"@type":"ListItem","position":2,"name":"A declara\u00e7\u00e3o de Pedro Ivo direcionada ao Flamengo"}]},{"@type":"WebSite","@id":"https:\/\/www.gaveanews.com\/#website","url":"https:\/\/www.gaveanews.com\/","name":"G\u00e1vea News","description":"Veja todas as not\u00edcias sobre o Flamengo: Contrata\u00e7\u00f5es, categorias de base, resultados das partidas, tabela de classifica\u00e7\u00e3o, pr\u00f3ximos jogos!","potentialAction":[{"@type":"SearchAction","target":{"@type":"EntryPoint","urlTemplate":"https:\/\/www.gaveanews.com\/?s={search_term_string}"},"query-input":{"@type":"PropertyValueSpecification","valueRequired":true,"valueName":"search_term_string"}}],"inLanguage":"pt-BR"},{"@type":"Person","@id":"https:\/\/www.gaveanews.com\/#\/schema\/person\/8207cd4627f56151707418bfc835b2fb","name":"Matheus Felipe","image":{"@type":"ImageObject","inLanguage":"pt-BR","@id":"https:\/\/www.gaveanews.com\/#\/schema\/person\/image\/","url":"https:\/\/secure.gravatar.com\/avatar\/a452ffbed9130f726358b298bb3a99ce4bd3c5338411f8440e87e14d74c7c087?s=96&d=mm&r=g","contentUrl":"https:\/\/secure.gravatar.com\/avatar\/a452ffbed9130f726358b298bb3a99ce4bd3c5338411f8440e87e14d74c7c087?s=96&d=mm&r=g","caption":"Matheus Felipe"}}]}},"_links":{"self":[{"href":"https:\/\/www.gaveanews.com\/index.php\/wp-json\/wp\/v2\/posts\/247386","targetHints":{"allow":["GET"]}}],"collection":[{"href":"https:\/\/www.gaveanews.com\/index.php\/wp-json\/wp\/v2\/posts"}],"about":[{"href":"https:\/\/www.gaveanews.com\/index.php\/wp-json\/wp\/v2\/types\/post"}],"author":[{"embeddable":true,"href":"https:\/\/www.gaveanews.com\/index.php\/wp-json\/wp\/v2\/users\/27"}],"replies":[{"embeddable":true,"href":"https:\/\/www.gaveanews.com\/index.php\/wp-json\/wp\/v2\/comments?post=247386"}],"version-history":[{"count":1,"href":"https:\/\/www.gaveanews.com\/index.php\/wp-json\/wp\/v2\/posts\/247386\/revisions"}],"predecessor-version":[{"id":247387,"href":"https:\/\/www.gaveanews.com\/index.php\/wp-json\/wp\/v2\/posts\/247386\/revisions\/247387"}],"wp:featuredmedia":[{"embeddable":true,"href":"https:\/\/www.gaveanews.com\/index.php\/wp-json\/wp\/v2\/media\/124684"}],"wp:attachment":[{"href":"https:\/\/www.gaveanews.com\/index.php\/wp-json\/wp\/v2\/media?parent=247386"}],"wp:term":[{"taxonomy":"category","embeddable":true,"href":"https:\/\/www.gaveanews.com\/index.php\/wp-json\/wp\/v2\/categories?post=247386"},{"taxonomy":"post_tag","embeddable":true,"href":"https:\/\/www.gaveanews.com\/index.php\/wp-json\/wp\/v2\/tags?post=247386"}],"curies":[{"name":"wp","href":"https:\/\/api.w.org\/{rel}","templated":true}]}}