{"id":247538,"date":"2025-04-02T00:55:00","date_gmt":"2025-04-02T03:55:00","guid":{"rendered":"https:\/\/www.gaveanews.com\/?p=247538"},"modified":"2025-04-02T00:10:27","modified_gmt":"2025-04-02T03:10:27","slug":"a-declaracao-de-lincoln-ex-flamengo-direcionada-a-filipe-luis","status":"publish","type":"post","link":"https:\/\/www.gaveanews.com\/index.php\/2025\/04\/02\/a-declaracao-de-lincoln-ex-flamengo-direcionada-a-filipe-luis\/","title":{"rendered":"A declara\u00e7\u00e3o de Lincoln, ex-Flamengo, direcionada a Filipe Lu\u00eds"},"content":{"rendered":"\n<h2 class=\"wp-block-heading\" id=\"h-o-filipe-ja-era-um-treinador-dentro-de-campo\">&#8220;O Filipe j\u00e1 era um treinador dentro de campo&#8221;<\/h2>\n\n\n\n<p>O atacante Lincoln \u00e9 uma das revela\u00e7\u00f5es da base do Flamengo nos \u00faltimos anos. Apesar de ter sido destaque no j\u00faniores, o jogador n\u00e3o teve bom desempenho na equipe principal e chegou a ser muito criticado pela torcida, especialmente por conta do gol perdido contra o Liverpool, na final do Mundial de Clubes de 2019. <\/p>\n\n\n\n<p>Por\u00e9m, hoje Lincoln \u00e9 um dos grandes destaques do Athletic, clube que disputa pela primeira vez a S\u00e9rie B do Brasileir\u00e3o. O atacante relembrou uma &#8220;profecia&#8221; de Filipe Lu\u00eds, que na \u00e9poca era o lateral-esquerdo do Flamengo e companheiro de Lincoln. <\/p>\n\n\n\n<p><strong>\u201c<\/strong>O Filipe Lu\u00eds na \u00e9poca tinha falado para mim. \u2018Voc\u00ea precisa de 10 jogos para voc\u00ea mostrar o que a gente v\u00ea todos os dias no treinamento. A partir da\u00ed as coisas v\u00e3o ficar muito mais f\u00e1ceis, voc\u00ea vai enxergar o jogo de outra maneira e a\u00ed todo mundo vai conhecer o Lincoln&#8221;, iniciou. <\/p>\n\n\n\n<p>&#8220;Pela primeira vez consegui essa sequ\u00eancia de pelo menos tr\u00eas jogos seguidos como titular no profissional e a\u00ed sim pude mostrar o que eu sei. Desde os meus 16 anos eu n\u00e3o consegui mostrar o Lincoln, mostrar as minhas caracter\u00edsticas, porque \u00e9 muito dif\u00edcil mostrar isso em 10 minutos&#8221;, acrescentou. <\/p>\n\n\n\n<p>Lincoln ainda contou que investe na sua prepara\u00e7\u00e3o f\u00edsica e psic\u00f3loga de forma particular, mas afirmou que precisava de maior minutagem em campo e que foi por isso que acertou com o clube mineiro. &#8220;Eu me cuido muito, tenho psic\u00f3loga, meu fisioterapeuta, meu fisiologista, tudo no entorno. Mas nada disso funciona se voc\u00ea n\u00e3o tem os minutos e foi por isso que eu vim para c\u00e1&#8221;, disse o atacante.<\/p>\n\n\n\n<p>Feliz pelo sucesso de Filipe Lu\u00eds como treinador, Lincoln ressalta que a previs\u00e3o do ex-jogador n\u00e3o foi um simples palpite, mas sim reflexo do conhecimento que ele j\u00e1 demonstrava desde os tempos de atleta e que vem se confirmando em sua trajet\u00f3ria \u00e0 frente do Flamengo.<\/p>\n\n\n\n<p>\u201cJ\u00e1 era uma pedra cantada. O Filipe j\u00e1 era um treinador dentro de campo, conseguia enxergar coisas que a gente n\u00e3o conseguia taticamente. \u00c9 um cara muito inteligente, que merece todo sucesso que est\u00e1 tendo. Come\u00e7ou muito bem e j\u00e1 era de se esperar. Estou muito feliz por ele, merece tudo de melhor\u201d, finalizou Lincoln.<\/p>\n","protected":false},"excerpt":{"rendered":"<p>&#8220;O Filipe j\u00e1 era um treinador dentro de campo&#8221; O atacante Lincoln \u00e9 uma das revela\u00e7\u00f5es da base do Flamengo nos \u00faltimos anos. Apesar de ter sido destaque no j\u00faniores, o jogador n\u00e3o teve bom desempenho na equipe principal e chegou a ser muito criticado pela torcida, especialmente por conta do gol perdido contra o [&hellip;]<\/p>\n","protected":false},"author":21,"featured_media":28960,"comment_status":"open","ping_status":"closed","sticky":false,"template":"","format":"standard","meta":{"footnotes":""},"categories":[1],"tags":[],"class_list":["post-247538","post","type-post","status-publish","format-standard","has-post-thumbnail","hentry","category-flamengo"],"yoast_head":"<!-- This site is optimized with the Yoast SEO Premium plugin v24.2 (Yoast SEO v26.9) - https:\/\/yoast.com\/product\/yoast-seo-premium-wordpress\/ -->\n<title>A declara\u00e7\u00e3o de Lincoln, ex-Flamengo, direcionada a Filipe Lu\u00eds<\/title>\n<meta name=\"robots\" content=\"index, follow, max-snippet:-1, max-image-preview:large, max-video-preview:-1\" \/>\n<link rel=\"canonical\" href=\"https:\/\/www.gaveanews.com\/index.php\/2025\/04\/02\/a-declaracao-de-lincoln-ex-flamengo-direcionada-a-filipe-luis\/\" \/>\n<meta property=\"og:locale\" content=\"pt_BR\" \/>\n<meta property=\"og:type\" content=\"article\" \/>\n<meta property=\"og:title\" content=\"A declara\u00e7\u00e3o de Lincoln, ex-Flamengo, direcionada a Filipe Lu\u00eds\" \/>\n<meta property=\"og:description\" content=\"&#8220;O Filipe j\u00e1 era um treinador dentro de campo&#8221; O atacante Lincoln \u00e9 uma das revela\u00e7\u00f5es da base do Flamengo nos \u00faltimos anos. Apesar de ter sido destaque no j\u00faniores, o jogador n\u00e3o teve bom desempenho na equipe principal e chegou a ser muito criticado pela torcida, especialmente por conta do gol perdido contra o [&hellip;]\" \/>\n<meta property=\"og:url\" content=\"https:\/\/www.gaveanews.com\/index.php\/2025\/04\/02\/a-declaracao-de-lincoln-ex-flamengo-direcionada-a-filipe-luis\/\" \/>\n<meta property=\"og:site_name\" content=\"G\u00e1vea News\" \/>\n<meta property=\"article:publisher\" content=\"https:\/\/facebook.com\/gaveaNews\/\" \/>\n<meta property=\"article:published_time\" content=\"2025-04-02T03:55:00+00:00\" \/>\n<meta property=\"og:image\" content=\"https:\/\/www.gaveanews.com\/wp-content\/uploads\/Lincoln-em-acao-durante-uma-partida-do-Flamengo.webp\" \/>\n\t<meta property=\"og:image:width\" content=\"1\" \/>\n\t<meta property=\"og:image:height\" content=\"1\" \/>\n\t<meta property=\"og:image:type\" content=\"image\/jpeg\" \/>\n<meta name=\"author\" content=\"Andr\u00e9 Serra\" \/>\n<meta name=\"twitter:card\" content=\"summary_large_image\" \/>\n<meta name=\"twitter:label1\" content=\"Escrito por\" \/>\n\t<meta name=\"twitter:data1\" content=\"Andr\u00e9 Serra\" \/>\n\t<meta name=\"twitter:label2\" content=\"Est. tempo de leitura\" \/>\n\t<meta name=\"twitter:data2\" content=\"3 minutos\" \/>\n<script type=\"application\/ld+json\" class=\"yoast-schema-graph\">{\"@context\":\"https:\/\/schema.org\",\"@graph\":[{\"@type\":\"NewsArticle\",\"@id\":\"https:\/\/www.gaveanews.com\/index.php\/2025\/04\/02\/a-declaracao-de-lincoln-ex-flamengo-direcionada-a-filipe-luis\/#article\",\"isPartOf\":{\"@id\":\"https:\/\/www.gaveanews.com\/index.php\/2025\/04\/02\/a-declaracao-de-lincoln-ex-flamengo-direcionada-a-filipe-luis\/\"},\"author\":{\"name\":\"Andr\u00e9 Serra\",\"@id\":\"https:\/\/www.gaveanews.com\/#\/schema\/person\/0277a79a1289c451c281ec0411d84f0c\"},\"headline\":\"A declara\u00e7\u00e3o de Lincoln, ex-Flamengo, direcionada a Filipe Lu\u00eds\",\"datePublished\":\"2025-04-02T03:55:00+00:00\",\"mainEntityOfPage\":{\"@id\":\"https:\/\/www.gaveanews.com\/index.php\/2025\/04\/02\/a-declaracao-de-lincoln-ex-flamengo-direcionada-a-filipe-luis\/\"},\"wordCount\":407,\"commentCount\":0,\"image\":{\"@id\":\"https:\/\/www.gaveanews.com\/index.php\/2025\/04\/02\/a-declaracao-de-lincoln-ex-flamengo-direcionada-a-filipe-luis\/#primaryimage\"},\"thumbnailUrl\":\"https:\/\/www.gaveanews.com\/wp-content\/uploads\/Lincoln-em-acao-durante-uma-partida-do-Flamengo.webp\",\"articleSection\":[\"Flamengo\"],\"inLanguage\":\"pt-BR\",\"potentialAction\":[{\"@type\":\"CommentAction\",\"name\":\"Comment\",\"target\":[\"https:\/\/www.gaveanews.com\/index.php\/2025\/04\/02\/a-declaracao-de-lincoln-ex-flamengo-direcionada-a-filipe-luis\/#respond\"]}],\"copyrightYear\":\"2025\",\"copyrightHolder\":{\"@id\":\"https:\/\/www.gaveanews.com\/#organization\"}},{\"@type\":\"WebPage\",\"@id\":\"https:\/\/www.gaveanews.com\/index.php\/2025\/04\/02\/a-declaracao-de-lincoln-ex-flamengo-direcionada-a-filipe-luis\/\",\"url\":\"https:\/\/www.gaveanews.com\/index.php\/2025\/04\/02\/a-declaracao-de-lincoln-ex-flamengo-direcionada-a-filipe-luis\/\",\"name\":\"A declara\u00e7\u00e3o de Lincoln, ex-Flamengo, direcionada a Filipe Lu\u00eds\",\"isPartOf\":{\"@id\":\"https:\/\/www.gaveanews.com\/#website\"},\"primaryImageOfPage\":{\"@id\":\"https:\/\/www.gaveanews.com\/index.php\/2025\/04\/02\/a-declaracao-de-lincoln-ex-flamengo-direcionada-a-filipe-luis\/#primaryimage\"},\"image\":{\"@id\":\"https:\/\/www.gaveanews.com\/index.php\/2025\/04\/02\/a-declaracao-de-lincoln-ex-flamengo-direcionada-a-filipe-luis\/#primaryimage\"},\"thumbnailUrl\":\"https:\/\/www.gaveanews.com\/wp-content\/uploads\/Lincoln-em-acao-durante-uma-partida-do-Flamengo.webp\",\"datePublished\":\"2025-04-02T03:55:00+00:00\",\"author\":{\"@id\":\"https:\/\/www.gaveanews.com\/#\/schema\/person\/0277a79a1289c451c281ec0411d84f0c\"},\"breadcrumb\":{\"@id\":\"https:\/\/www.gaveanews.com\/index.php\/2025\/04\/02\/a-declaracao-de-lincoln-ex-flamengo-direcionada-a-filipe-luis\/#breadcrumb\"},\"inLanguage\":\"pt-BR\",\"potentialAction\":[{\"@type\":\"ReadAction\",\"target\":[\"https:\/\/www.gaveanews.com\/index.php\/2025\/04\/02\/a-declaracao-de-lincoln-ex-flamengo-direcionada-a-filipe-luis\/\"]}]},{\"@type\":\"ImageObject\",\"inLanguage\":\"pt-BR\",\"@id\":\"https:\/\/www.gaveanews.com\/index.php\/2025\/04\/02\/a-declaracao-de-lincoln-ex-flamengo-direcionada-a-filipe-luis\/#primaryimage\",\"url\":\"https:\/\/www.gaveanews.com\/wp-content\/uploads\/Lincoln-em-acao-durante-uma-partida-do-Flamengo.webp\",\"contentUrl\":\"https:\/\/www.gaveanews.com\/wp-content\/uploads\/Lincoln-em-acao-durante-uma-partida-do-Flamengo.webp\",\"caption\":\"Lincoln em a\u00e7\u00e3o durante uma partida do Flamengo (Foto: Alexandre Vidal\/Flamengo)\"},{\"@type\":\"BreadcrumbList\",\"@id\":\"https:\/\/www.gaveanews.com\/index.php\/2025\/04\/02\/a-declaracao-de-lincoln-ex-flamengo-direcionada-a-filipe-luis\/#breadcrumb\",\"itemListElement\":[{\"@type\":\"ListItem\",\"position\":1,\"name\":\"Home\",\"item\":\"https:\/\/www.gaveanews.com\/\"},{\"@type\":\"ListItem\",\"position\":2,\"name\":\"A declara\u00e7\u00e3o de Lincoln, ex-Flamengo, direcionada a Filipe Lu\u00eds\"}]},{\"@type\":\"WebSite\",\"@id\":\"https:\/\/www.gaveanews.com\/#website\",\"url\":\"https:\/\/www.gaveanews.com\/\",\"name\":\"G\u00e1vea News\",\"description\":\"Veja todas as not\u00edcias sobre o Flamengo: Contrata\u00e7\u00f5es, categorias de base, resultados das partidas, tabela de classifica\u00e7\u00e3o, pr\u00f3ximos jogos!\",\"potentialAction\":[{\"@type\":\"SearchAction\",\"target\":{\"@type\":\"EntryPoint\",\"urlTemplate\":\"https:\/\/www.gaveanews.com\/?s={search_term_string}\"},\"query-input\":{\"@type\":\"PropertyValueSpecification\",\"valueRequired\":true,\"valueName\":\"search_term_string\"}}],\"inLanguage\":\"pt-BR\"},{\"@type\":\"Person\",\"@id\":\"https:\/\/www.gaveanews.com\/#\/schema\/person\/0277a79a1289c451c281ec0411d84f0c\",\"name\":\"Andr\u00e9 Serra\",\"image\":{\"@type\":\"ImageObject\",\"inLanguage\":\"pt-BR\",\"@id\":\"https:\/\/www.gaveanews.com\/#\/schema\/person\/image\/\",\"url\":\"https:\/\/secure.gravatar.com\/avatar\/d7231369fe48db93292b3e88eb2162dbd9a34a47a8437d9ef3bcaca2a86a83d7?s=96&d=mm&r=g\",\"contentUrl\":\"https:\/\/secure.gravatar.com\/avatar\/d7231369fe48db93292b3e88eb2162dbd9a34a47a8437d9ef3bcaca2a86a83d7?s=96&d=mm&r=g\",\"caption\":\"Andr\u00e9 Serra\"}}]}<\/script>\n<!-- \/ Yoast SEO Premium plugin. -->","yoast_head_json":{"title":"A declara\u00e7\u00e3o de Lincoln, ex-Flamengo, direcionada a Filipe Lu\u00eds","robots":{"index":"index","follow":"follow","max-snippet":"max-snippet:-1","max-image-preview":"max-image-preview:large","max-video-preview":"max-video-preview:-1"},"canonical":"https:\/\/www.gaveanews.com\/index.php\/2025\/04\/02\/a-declaracao-de-lincoln-ex-flamengo-direcionada-a-filipe-luis\/","og_locale":"pt_BR","og_type":"article","og_title":"A declara\u00e7\u00e3o de Lincoln, ex-Flamengo, direcionada a Filipe Lu\u00eds","og_description":"&#8220;O Filipe j\u00e1 era um treinador dentro de campo&#8221; O atacante Lincoln \u00e9 uma das revela\u00e7\u00f5es da base do Flamengo nos \u00faltimos anos. Apesar de ter sido destaque no j\u00faniores, o jogador n\u00e3o teve bom desempenho na equipe principal e chegou a ser muito criticado pela torcida, especialmente por conta do gol perdido contra o [&hellip;]","og_url":"https:\/\/www.gaveanews.com\/index.php\/2025\/04\/02\/a-declaracao-de-lincoln-ex-flamengo-direcionada-a-filipe-luis\/","og_site_name":"G\u00e1vea News","article_publisher":"https:\/\/facebook.com\/gaveaNews\/","article_published_time":"2025-04-02T03:55:00+00:00","og_image":[{"url":"https:\/\/www.gaveanews.com\/wp-content\/uploads\/Lincoln-em-acao-durante-uma-partida-do-Flamengo.webp","width":1,"height":1,"type":"image\/jpeg"}],"author":"Andr\u00e9 Serra","twitter_card":"summary_large_image","twitter_misc":{"Escrito por":"Andr\u00e9 Serra","Est. tempo de leitura":"3 minutos"},"schema":{"@context":"https:\/\/schema.org","@graph":[{"@type":"NewsArticle","@id":"https:\/\/www.gaveanews.com\/index.php\/2025\/04\/02\/a-declaracao-de-lincoln-ex-flamengo-direcionada-a-filipe-luis\/#article","isPartOf":{"@id":"https:\/\/www.gaveanews.com\/index.php\/2025\/04\/02\/a-declaracao-de-lincoln-ex-flamengo-direcionada-a-filipe-luis\/"},"author":{"name":"Andr\u00e9 Serra","@id":"https:\/\/www.gaveanews.com\/#\/schema\/person\/0277a79a1289c451c281ec0411d84f0c"},"headline":"A declara\u00e7\u00e3o de Lincoln, ex-Flamengo, direcionada a Filipe Lu\u00eds","datePublished":"2025-04-02T03:55:00+00:00","mainEntityOfPage":{"@id":"https:\/\/www.gaveanews.com\/index.php\/2025\/04\/02\/a-declaracao-de-lincoln-ex-flamengo-direcionada-a-filipe-luis\/"},"wordCount":407,"commentCount":0,"image":{"@id":"https:\/\/www.gaveanews.com\/index.php\/2025\/04\/02\/a-declaracao-de-lincoln-ex-flamengo-direcionada-a-filipe-luis\/#primaryimage"},"thumbnailUrl":"https:\/\/www.gaveanews.com\/wp-content\/uploads\/Lincoln-em-acao-durante-uma-partida-do-Flamengo.webp","articleSection":["Flamengo"],"inLanguage":"pt-BR","potentialAction":[{"@type":"CommentAction","name":"Comment","target":["https:\/\/www.gaveanews.com\/index.php\/2025\/04\/02\/a-declaracao-de-lincoln-ex-flamengo-direcionada-a-filipe-luis\/#respond"]}],"copyrightYear":"2025","copyrightHolder":{"@id":"https:\/\/www.gaveanews.com\/#organization"}},{"@type":"WebPage","@id":"https:\/\/www.gaveanews.com\/index.php\/2025\/04\/02\/a-declaracao-de-lincoln-ex-flamengo-direcionada-a-filipe-luis\/","url":"https:\/\/www.gaveanews.com\/index.php\/2025\/04\/02\/a-declaracao-de-lincoln-ex-flamengo-direcionada-a-filipe-luis\/","name":"A declara\u00e7\u00e3o de Lincoln, ex-Flamengo, direcionada a Filipe Lu\u00eds","isPartOf":{"@id":"https:\/\/www.gaveanews.com\/#website"},"primaryImageOfPage":{"@id":"https:\/\/www.gaveanews.com\/index.php\/2025\/04\/02\/a-declaracao-de-lincoln-ex-flamengo-direcionada-a-filipe-luis\/#primaryimage"},"image":{"@id":"https:\/\/www.gaveanews.com\/index.php\/2025\/04\/02\/a-declaracao-de-lincoln-ex-flamengo-direcionada-a-filipe-luis\/#primaryimage"},"thumbnailUrl":"https:\/\/www.gaveanews.com\/wp-content\/uploads\/Lincoln-em-acao-durante-uma-partida-do-Flamengo.webp","datePublished":"2025-04-02T03:55:00+00:00","author":{"@id":"https:\/\/www.gaveanews.com\/#\/schema\/person\/0277a79a1289c451c281ec0411d84f0c"},"breadcrumb":{"@id":"https:\/\/www.gaveanews.com\/index.php\/2025\/04\/02\/a-declaracao-de-lincoln-ex-flamengo-direcionada-a-filipe-luis\/#breadcrumb"},"inLanguage":"pt-BR","potentialAction":[{"@type":"ReadAction","target":["https:\/\/www.gaveanews.com\/index.php\/2025\/04\/02\/a-declaracao-de-lincoln-ex-flamengo-direcionada-a-filipe-luis\/"]}]},{"@type":"ImageObject","inLanguage":"pt-BR","@id":"https:\/\/www.gaveanews.com\/index.php\/2025\/04\/02\/a-declaracao-de-lincoln-ex-flamengo-direcionada-a-filipe-luis\/#primaryimage","url":"https:\/\/www.gaveanews.com\/wp-content\/uploads\/Lincoln-em-acao-durante-uma-partida-do-Flamengo.webp","contentUrl":"https:\/\/www.gaveanews.com\/wp-content\/uploads\/Lincoln-em-acao-durante-uma-partida-do-Flamengo.webp","caption":"Lincoln em a\u00e7\u00e3o durante uma partida do Flamengo (Foto: Alexandre Vidal\/Flamengo)"},{"@type":"BreadcrumbList","@id":"https:\/\/www.gaveanews.com\/index.php\/2025\/04\/02\/a-declaracao-de-lincoln-ex-flamengo-direcionada-a-filipe-luis\/#breadcrumb","itemListElement":[{"@type":"ListItem","position":1,"name":"Home","item":"https:\/\/www.gaveanews.com\/"},{"@type":"ListItem","position":2,"name":"A declara\u00e7\u00e3o de Lincoln, ex-Flamengo, direcionada a Filipe Lu\u00eds"}]},{"@type":"WebSite","@id":"https:\/\/www.gaveanews.com\/#website","url":"https:\/\/www.gaveanews.com\/","name":"G\u00e1vea News","description":"Veja todas as not\u00edcias sobre o Flamengo: Contrata\u00e7\u00f5es, categorias de base, resultados das partidas, tabela de classifica\u00e7\u00e3o, pr\u00f3ximos jogos!","potentialAction":[{"@type":"SearchAction","target":{"@type":"EntryPoint","urlTemplate":"https:\/\/www.gaveanews.com\/?s={search_term_string}"},"query-input":{"@type":"PropertyValueSpecification","valueRequired":true,"valueName":"search_term_string"}}],"inLanguage":"pt-BR"},{"@type":"Person","@id":"https:\/\/www.gaveanews.com\/#\/schema\/person\/0277a79a1289c451c281ec0411d84f0c","name":"Andr\u00e9 Serra","image":{"@type":"ImageObject","inLanguage":"pt-BR","@id":"https:\/\/www.gaveanews.com\/#\/schema\/person\/image\/","url":"https:\/\/secure.gravatar.com\/avatar\/d7231369fe48db93292b3e88eb2162dbd9a34a47a8437d9ef3bcaca2a86a83d7?s=96&d=mm&r=g","contentUrl":"https:\/\/secure.gravatar.com\/avatar\/d7231369fe48db93292b3e88eb2162dbd9a34a47a8437d9ef3bcaca2a86a83d7?s=96&d=mm&r=g","caption":"Andr\u00e9 Serra"}}]}},"_links":{"self":[{"href":"https:\/\/www.gaveanews.com\/index.php\/wp-json\/wp\/v2\/posts\/247538","targetHints":{"allow":["GET"]}}],"collection":[{"href":"https:\/\/www.gaveanews.com\/index.php\/wp-json\/wp\/v2\/posts"}],"about":[{"href":"https:\/\/www.gaveanews.com\/index.php\/wp-json\/wp\/v2\/types\/post"}],"author":[{"embeddable":true,"href":"https:\/\/www.gaveanews.com\/index.php\/wp-json\/wp\/v2\/users\/21"}],"replies":[{"embeddable":true,"href":"https:\/\/www.gaveanews.com\/index.php\/wp-json\/wp\/v2\/comments?post=247538"}],"version-history":[{"count":1,"href":"https:\/\/www.gaveanews.com\/index.php\/wp-json\/wp\/v2\/posts\/247538\/revisions"}],"predecessor-version":[{"id":247672,"href":"https:\/\/www.gaveanews.com\/index.php\/wp-json\/wp\/v2\/posts\/247538\/revisions\/247672"}],"wp:featuredmedia":[{"embeddable":true,"href":"https:\/\/www.gaveanews.com\/index.php\/wp-json\/wp\/v2\/media\/28960"}],"wp:attachment":[{"href":"https:\/\/www.gaveanews.com\/index.php\/wp-json\/wp\/v2\/media?parent=247538"}],"wp:term":[{"taxonomy":"category","embeddable":true,"href":"https:\/\/www.gaveanews.com\/index.php\/wp-json\/wp\/v2\/categories?post=247538"},{"taxonomy":"post_tag","embeddable":true,"href":"https:\/\/www.gaveanews.com\/index.php\/wp-json\/wp\/v2\/tags?post=247538"}],"curies":[{"name":"wp","href":"https:\/\/api.w.org\/{rel}","templated":true}]}}