{"id":24760,"date":"2019-08-14T08:10:39","date_gmt":"2019-08-14T11:10:39","guid":{"rendered":"http:\/\/www.gaveanews.com\/?p=24760"},"modified":"2019-08-14T06:47:45","modified_gmt":"2019-08-14T09:47:45","slug":"gabigol-torce-por-final-feliz-com-balotelli-no-flamengo-espero-que-venha","status":"publish","type":"post","link":"https:\/\/www.gaveanews.com\/index.php\/2019\/08\/14\/gabigol-torce-por-final-feliz-com-balotelli-no-flamengo-espero-que-venha\/","title":{"rendered":"Gabigol torce por final feliz com Balotelli no Flamengo: &#8220;Espero que venha&#8221;"},"content":{"rendered":"\n<p>Se depender de Gabigol, Balotelli tem boa chance de fechar com o Flamengo. O atacante mant\u00e9m contato com o italiano e demonstrou entusiasmo com a possibilidade de formar uma dupla no ataque rubro-negro.<\/p>\n\n\n\n<p>\u2014 Conversamos por redes sociais, depois por telefone. Ele pergunta como estou aqui, como ele est\u00e1 l\u00e1. Agora, sabendo que o Marcos est\u00e1 l\u00e1, torcemos por um final feliz. Que seja uma decis\u00e3o do cora\u00e7\u00e3o dele. Tem se mostrado uma pessoa humilde, tranquila. Espero que venha &#8211; disse Gabigol.<\/p>\n\n\n\n<p>O atacante rubro-negro, por\u00e9m, disse que n\u00e3o precisou fazer muita propaganda do Flamengo para Balotelli.<\/p>\n\n\n\n<p>\u2014 Flamengo \u00e9 muito grande, e hoje tem internet para ele tirar as d\u00favidas. Conversamos como amigos. Claro que falamos sobre Flamengo, Rio de Janeiro\u2026 sobre coisas normais de pessoas que podem vir a jogar juntos.<\/p>\n\n\n\n<p>Desfalque do Flamengo nos \u00faltimos dois jogos, Gabigol se disse recuperado da les\u00e3o na coxa. Ele est\u00e1 \u00e0 disposi\u00e7\u00e3o para a partida contra o Vasco, no s\u00e1bado, pelo Campeonato Brasileiro.<\/p>\n\n\n\n<p>\u2014 Estou 200%. Preparado.<\/p>\n\n\n\n<h3 class=\"wp-block-heading\"><strong>Confira outros t\u00f3picos da coletiva de Gabigol:<\/strong><\/h3>\n\n\n\n<h3 class=\"wp-block-heading\"><strong>Apelido de Gabigol<\/strong><\/h3>\n\n\n\n<p>\u2014 Respeito a opini\u00e3o de todo mundo. N\u00e3o vejo problema de me chamarem de Gabriel, Gabriel Barbosa, Gabi&#8230; N\u00e3o entro em pol\u00eamica. Meus n\u00fameros falam mais do que qualquer coisa.<\/p>\n\n\n\n<h3 class=\"wp-block-heading\"><strong>Chance de permanecer no Flamengo<\/strong><\/h3>\n\n\n\n<p>\u2014 S\u00e3o decis\u00f5es que v\u00e3o acontecer durante o ano. N\u00e3o tem nada definido ainda se fico ou vou. Estou focado no jogo de s\u00e1bado. Estou muito feliz no Flamengo, tenho contrato com a Inter de Mil\u00e3o tamb\u00e9m.<\/p>\n\n\n\n<h3 class=\"wp-block-heading\"><strong>Sele\u00e7\u00e3o brasileira<\/strong><\/h3>\n\n\n\n<p>\u2014 No Santos tive um ano especial. Por tudo que estou vivendo aqui, acho que \u00e9 meu melhor momento. O mister tem que feito crescer. Sim, \u00e9 meu melhor momento. Minha expectativa \u00e9 boa (por Sele\u00e7\u00e3o), mas deixo isso com Tite. \u00c9 um sonho voltar<\/p>\n\n\n\n<h3 class=\"wp-block-heading\"><strong>Cl\u00e1ssico com o Vasco e duelo com o Inter<\/strong><\/h3>\n\n\n\n<p>\u2014 Nosso foco \u00e9 no s\u00e1bado. Pensamos no Vasco agora. S\u00e3o dois grandes jogos pela frente. Queremos sair vencedores. Sobre quarta, o Guerrero \u00e9 um grande jogador. Sou muito f\u00e3 dele. N\u00e3o temos caracter\u00edsticas parecidas, \u00e9 dif\u00edcil de comparar. Ele \u00e9 mais de \u00e1rea.<\/p>\n\n\n\n<h3 class=\"wp-block-heading\"><strong>Melhor momento na carreira<\/strong><\/h3>\n\n\n\n<p>\u2014 Ano passado foi muito especial ap\u00f3s n\u00e3o jogar muito na Inter e Benfica. Mas por tudo que tenho vivido aqui, acho que tem sido meu melhor momento. At\u00e9 por tudo que t\u00eam me ajudado, pelo Mister. Atuo com jogadores que nunca imaginei. Sim, \u00e9 meu melhor momento.<\/p>\n\n\n\n\n\n<p>Retirado de: Globo Esporte<br><\/p>\n","protected":false},"excerpt":{"rendered":"<p>Se depender de Gabigol, Balotelli tem boa chance de fechar com o Flamengo. O atacante mant\u00e9m contato com o italiano e demonstrou entusiasmo com a possibilidade de formar uma dupla no ataque rubro-negro. \u2014 Conversamos por redes sociais, depois por telefone. Ele pergunta como estou aqui, como ele est\u00e1 l\u00e1. Agora, sabendo que o Marcos [&hellip;]<\/p>\n","protected":false},"author":1,"featured_media":14775,"comment_status":"open","ping_status":"open","sticky":false,"template":"","format":"standard","meta":{"footnotes":""},"categories":[1],"tags":[],"class_list":["post-24760","post","type-post","status-publish","format-standard","has-post-thumbnail","hentry","category-flamengo"],"yoast_head":"<!-- This site is optimized with the Yoast SEO Premium plugin v24.2 (Yoast SEO v26.9) - https:\/\/yoast.com\/product\/yoast-seo-premium-wordpress\/ -->\n<title>Gabigol torce por final feliz com Balotelli no Flamengo: &quot;Espero que venha&quot;<\/title>\n<meta name=\"robots\" content=\"index, follow, max-snippet:-1, max-image-preview:large, max-video-preview:-1\" \/>\n<link rel=\"canonical\" href=\"https:\/\/www.gaveanews.com\/index.php\/2019\/08\/14\/gabigol-torce-por-final-feliz-com-balotelli-no-flamengo-espero-que-venha\/\" \/>\n<meta property=\"og:locale\" content=\"pt_BR\" \/>\n<meta property=\"og:type\" content=\"article\" \/>\n<meta property=\"og:title\" content=\"Gabigol torce por final feliz com Balotelli no Flamengo: &quot;Espero que venha&quot;\" \/>\n<meta property=\"og:description\" content=\"Se depender de Gabigol, Balotelli tem boa chance de fechar com o Flamengo. O atacante mant\u00e9m contato com o italiano e demonstrou entusiasmo com a possibilidade de formar uma dupla no ataque rubro-negro. \u2014 Conversamos por redes sociais, depois por telefone. Ele pergunta como estou aqui, como ele est\u00e1 l\u00e1. Agora, sabendo que o Marcos [&hellip;]\" \/>\n<meta property=\"og:url\" content=\"https:\/\/www.gaveanews.com\/index.php\/2019\/08\/14\/gabigol-torce-por-final-feliz-com-balotelli-no-flamengo-espero-que-venha\/\" \/>\n<meta property=\"og:site_name\" content=\"G\u00e1vea News\" \/>\n<meta property=\"article:publisher\" content=\"https:\/\/facebook.com\/gaveaNews\/\" \/>\n<meta property=\"article:published_time\" content=\"2019-08-14T11:10:39+00:00\" \/>\n<meta property=\"og:image\" content=\"https:\/\/www.gaveanews.com\/wp-content\/uploads\/2019\/03\/Gabigol-em-acao-pelo-Flamengo-na-partida-de-estreia-da-Libertadores-de-2019.webp\" \/>\n\t<meta property=\"og:image:width\" content=\"1\" \/>\n\t<meta property=\"og:image:height\" content=\"1\" \/>\n\t<meta property=\"og:image:type\" content=\"image\/jpeg\" \/>\n<meta name=\"author\" content=\"Equipe G\u00e1vea News\" \/>\n<meta name=\"twitter:card\" content=\"summary_large_image\" \/>\n<meta name=\"twitter:label1\" content=\"Escrito por\" \/>\n\t<meta name=\"twitter:data1\" content=\"Equipe G\u00e1vea News\" \/>\n\t<meta name=\"twitter:label2\" content=\"Est. tempo de leitura\" \/>\n\t<meta name=\"twitter:data2\" content=\"2 minutos\" \/>\n<script type=\"application\/ld+json\" class=\"yoast-schema-graph\">{\"@context\":\"https:\/\/schema.org\",\"@graph\":[{\"@type\":\"NewsArticle\",\"@id\":\"https:\/\/www.gaveanews.com\/index.php\/2019\/08\/14\/gabigol-torce-por-final-feliz-com-balotelli-no-flamengo-espero-que-venha\/#article\",\"isPartOf\":{\"@id\":\"https:\/\/www.gaveanews.com\/index.php\/2019\/08\/14\/gabigol-torce-por-final-feliz-com-balotelli-no-flamengo-espero-que-venha\/\"},\"author\":{\"name\":\"Equipe G\u00e1vea News\",\"@id\":\"https:\/\/www.gaveanews.com\/#\/schema\/person\/2ec14f73fb96be2caf28f91afb14749d\"},\"headline\":\"Gabigol torce por final feliz com Balotelli no Flamengo: &#8220;Espero que venha&#8221;\",\"datePublished\":\"2019-08-14T11:10:39+00:00\",\"mainEntityOfPage\":{\"@id\":\"https:\/\/www.gaveanews.com\/index.php\/2019\/08\/14\/gabigol-torce-por-final-feliz-com-balotelli-no-flamengo-espero-que-venha\/\"},\"wordCount\":430,\"commentCount\":0,\"image\":{\"@id\":\"https:\/\/www.gaveanews.com\/index.php\/2019\/08\/14\/gabigol-torce-por-final-feliz-com-balotelli-no-flamengo-espero-que-venha\/#primaryimage\"},\"thumbnailUrl\":\"https:\/\/www.gaveanews.com\/wp-content\/uploads\/2019\/03\/Gabigol-em-acao-pelo-Flamengo-na-partida-de-estreia-da-Libertadores-de-2019.webp\",\"articleSection\":[\"Flamengo\"],\"inLanguage\":\"pt-BR\",\"potentialAction\":[{\"@type\":\"CommentAction\",\"name\":\"Comment\",\"target\":[\"https:\/\/www.gaveanews.com\/index.php\/2019\/08\/14\/gabigol-torce-por-final-feliz-com-balotelli-no-flamengo-espero-que-venha\/#respond\"]}],\"copyrightYear\":\"2019\",\"copyrightHolder\":{\"@id\":\"https:\/\/www.gaveanews.com\/#organization\"}},{\"@type\":\"WebPage\",\"@id\":\"https:\/\/www.gaveanews.com\/index.php\/2019\/08\/14\/gabigol-torce-por-final-feliz-com-balotelli-no-flamengo-espero-que-venha\/\",\"url\":\"https:\/\/www.gaveanews.com\/index.php\/2019\/08\/14\/gabigol-torce-por-final-feliz-com-balotelli-no-flamengo-espero-que-venha\/\",\"name\":\"Gabigol torce por final feliz com Balotelli no Flamengo: \\\"Espero que venha\\\"\",\"isPartOf\":{\"@id\":\"https:\/\/www.gaveanews.com\/#website\"},\"primaryImageOfPage\":{\"@id\":\"https:\/\/www.gaveanews.com\/index.php\/2019\/08\/14\/gabigol-torce-por-final-feliz-com-balotelli-no-flamengo-espero-que-venha\/#primaryimage\"},\"image\":{\"@id\":\"https:\/\/www.gaveanews.com\/index.php\/2019\/08\/14\/gabigol-torce-por-final-feliz-com-balotelli-no-flamengo-espero-que-venha\/#primaryimage\"},\"thumbnailUrl\":\"https:\/\/www.gaveanews.com\/wp-content\/uploads\/2019\/03\/Gabigol-em-acao-pelo-Flamengo-na-partida-de-estreia-da-Libertadores-de-2019.webp\",\"datePublished\":\"2019-08-14T11:10:39+00:00\",\"author\":{\"@id\":\"https:\/\/www.gaveanews.com\/#\/schema\/person\/2ec14f73fb96be2caf28f91afb14749d\"},\"breadcrumb\":{\"@id\":\"https:\/\/www.gaveanews.com\/index.php\/2019\/08\/14\/gabigol-torce-por-final-feliz-com-balotelli-no-flamengo-espero-que-venha\/#breadcrumb\"},\"inLanguage\":\"pt-BR\",\"potentialAction\":[{\"@type\":\"ReadAction\",\"target\":[\"https:\/\/www.gaveanews.com\/index.php\/2019\/08\/14\/gabigol-torce-por-final-feliz-com-balotelli-no-flamengo-espero-que-venha\/\"]}]},{\"@type\":\"ImageObject\",\"inLanguage\":\"pt-BR\",\"@id\":\"https:\/\/www.gaveanews.com\/index.php\/2019\/08\/14\/gabigol-torce-por-final-feliz-com-balotelli-no-flamengo-espero-que-venha\/#primaryimage\",\"url\":\"https:\/\/www.gaveanews.com\/wp-content\/uploads\/2019\/03\/Gabigol-em-acao-pelo-Flamengo-na-partida-de-estreia-da-Libertadores-de-2019.webp\",\"contentUrl\":\"https:\/\/www.gaveanews.com\/wp-content\/uploads\/2019\/03\/Gabigol-em-acao-pelo-Flamengo-na-partida-de-estreia-da-Libertadores-de-2019.webp\",\"caption\":\"Gabigol em a\u00e7\u00e3o pelo Flamengo na partida de estreia da Libertadores de 2019 (Foto: Alexandre Vidal\/Flamengo)\"},{\"@type\":\"BreadcrumbList\",\"@id\":\"https:\/\/www.gaveanews.com\/index.php\/2019\/08\/14\/gabigol-torce-por-final-feliz-com-balotelli-no-flamengo-espero-que-venha\/#breadcrumb\",\"itemListElement\":[{\"@type\":\"ListItem\",\"position\":1,\"name\":\"Home\",\"item\":\"https:\/\/www.gaveanews.com\/\"},{\"@type\":\"ListItem\",\"position\":2,\"name\":\"Gabigol torce por final feliz com Balotelli no Flamengo: &#8220;Espero que venha&#8221;\"}]},{\"@type\":\"WebSite\",\"@id\":\"https:\/\/www.gaveanews.com\/#website\",\"url\":\"https:\/\/www.gaveanews.com\/\",\"name\":\"G\u00e1vea News\",\"description\":\"Veja todas as not\u00edcias sobre o Flamengo: Contrata\u00e7\u00f5es, categorias de base, resultados das partidas, tabela de classifica\u00e7\u00e3o, pr\u00f3ximos jogos!\",\"potentialAction\":[{\"@type\":\"SearchAction\",\"target\":{\"@type\":\"EntryPoint\",\"urlTemplate\":\"https:\/\/www.gaveanews.com\/?s={search_term_string}\"},\"query-input\":{\"@type\":\"PropertyValueSpecification\",\"valueRequired\":true,\"valueName\":\"search_term_string\"}}],\"inLanguage\":\"pt-BR\"},{\"@type\":\"Person\",\"@id\":\"https:\/\/www.gaveanews.com\/#\/schema\/person\/2ec14f73fb96be2caf28f91afb14749d\",\"name\":\"Equipe G\u00e1vea News\",\"image\":{\"@type\":\"ImageObject\",\"inLanguage\":\"pt-BR\",\"@id\":\"https:\/\/www.gaveanews.com\/#\/schema\/person\/image\/\",\"url\":\"https:\/\/secure.gravatar.com\/avatar\/1e1956f1facbffd3f8fa53a326721950116b3b9dc9bd44939c01180fd4a745a9?s=96&d=mm&r=g\",\"contentUrl\":\"https:\/\/secure.gravatar.com\/avatar\/1e1956f1facbffd3f8fa53a326721950116b3b9dc9bd44939c01180fd4a745a9?s=96&d=mm&r=g\",\"caption\":\"Equipe G\u00e1vea News\"}}]}<\/script>\n<!-- \/ Yoast SEO Premium plugin. -->","yoast_head_json":{"title":"Gabigol torce por final feliz com Balotelli no Flamengo: \"Espero que venha\"","robots":{"index":"index","follow":"follow","max-snippet":"max-snippet:-1","max-image-preview":"max-image-preview:large","max-video-preview":"max-video-preview:-1"},"canonical":"https:\/\/www.gaveanews.com\/index.php\/2019\/08\/14\/gabigol-torce-por-final-feliz-com-balotelli-no-flamengo-espero-que-venha\/","og_locale":"pt_BR","og_type":"article","og_title":"Gabigol torce por final feliz com Balotelli no Flamengo: \"Espero que venha\"","og_description":"Se depender de Gabigol, Balotelli tem boa chance de fechar com o Flamengo. O atacante mant\u00e9m contato com o italiano e demonstrou entusiasmo com a possibilidade de formar uma dupla no ataque rubro-negro. \u2014 Conversamos por redes sociais, depois por telefone. Ele pergunta como estou aqui, como ele est\u00e1 l\u00e1. Agora, sabendo que o Marcos [&hellip;]","og_url":"https:\/\/www.gaveanews.com\/index.php\/2019\/08\/14\/gabigol-torce-por-final-feliz-com-balotelli-no-flamengo-espero-que-venha\/","og_site_name":"G\u00e1vea News","article_publisher":"https:\/\/facebook.com\/gaveaNews\/","article_published_time":"2019-08-14T11:10:39+00:00","og_image":[{"url":"https:\/\/www.gaveanews.com\/wp-content\/uploads\/2019\/03\/Gabigol-em-acao-pelo-Flamengo-na-partida-de-estreia-da-Libertadores-de-2019.webp","width":1,"height":1,"type":"image\/jpeg"}],"author":"Equipe G\u00e1vea News","twitter_card":"summary_large_image","twitter_misc":{"Escrito por":"Equipe G\u00e1vea News","Est. tempo de leitura":"2 minutos"},"schema":{"@context":"https:\/\/schema.org","@graph":[{"@type":"NewsArticle","@id":"https:\/\/www.gaveanews.com\/index.php\/2019\/08\/14\/gabigol-torce-por-final-feliz-com-balotelli-no-flamengo-espero-que-venha\/#article","isPartOf":{"@id":"https:\/\/www.gaveanews.com\/index.php\/2019\/08\/14\/gabigol-torce-por-final-feliz-com-balotelli-no-flamengo-espero-que-venha\/"},"author":{"name":"Equipe G\u00e1vea News","@id":"https:\/\/www.gaveanews.com\/#\/schema\/person\/2ec14f73fb96be2caf28f91afb14749d"},"headline":"Gabigol torce por final feliz com Balotelli no Flamengo: &#8220;Espero que venha&#8221;","datePublished":"2019-08-14T11:10:39+00:00","mainEntityOfPage":{"@id":"https:\/\/www.gaveanews.com\/index.php\/2019\/08\/14\/gabigol-torce-por-final-feliz-com-balotelli-no-flamengo-espero-que-venha\/"},"wordCount":430,"commentCount":0,"image":{"@id":"https:\/\/www.gaveanews.com\/index.php\/2019\/08\/14\/gabigol-torce-por-final-feliz-com-balotelli-no-flamengo-espero-que-venha\/#primaryimage"},"thumbnailUrl":"https:\/\/www.gaveanews.com\/wp-content\/uploads\/2019\/03\/Gabigol-em-acao-pelo-Flamengo-na-partida-de-estreia-da-Libertadores-de-2019.webp","articleSection":["Flamengo"],"inLanguage":"pt-BR","potentialAction":[{"@type":"CommentAction","name":"Comment","target":["https:\/\/www.gaveanews.com\/index.php\/2019\/08\/14\/gabigol-torce-por-final-feliz-com-balotelli-no-flamengo-espero-que-venha\/#respond"]}],"copyrightYear":"2019","copyrightHolder":{"@id":"https:\/\/www.gaveanews.com\/#organization"}},{"@type":"WebPage","@id":"https:\/\/www.gaveanews.com\/index.php\/2019\/08\/14\/gabigol-torce-por-final-feliz-com-balotelli-no-flamengo-espero-que-venha\/","url":"https:\/\/www.gaveanews.com\/index.php\/2019\/08\/14\/gabigol-torce-por-final-feliz-com-balotelli-no-flamengo-espero-que-venha\/","name":"Gabigol torce por final feliz com Balotelli no Flamengo: \"Espero que venha\"","isPartOf":{"@id":"https:\/\/www.gaveanews.com\/#website"},"primaryImageOfPage":{"@id":"https:\/\/www.gaveanews.com\/index.php\/2019\/08\/14\/gabigol-torce-por-final-feliz-com-balotelli-no-flamengo-espero-que-venha\/#primaryimage"},"image":{"@id":"https:\/\/www.gaveanews.com\/index.php\/2019\/08\/14\/gabigol-torce-por-final-feliz-com-balotelli-no-flamengo-espero-que-venha\/#primaryimage"},"thumbnailUrl":"https:\/\/www.gaveanews.com\/wp-content\/uploads\/2019\/03\/Gabigol-em-acao-pelo-Flamengo-na-partida-de-estreia-da-Libertadores-de-2019.webp","datePublished":"2019-08-14T11:10:39+00:00","author":{"@id":"https:\/\/www.gaveanews.com\/#\/schema\/person\/2ec14f73fb96be2caf28f91afb14749d"},"breadcrumb":{"@id":"https:\/\/www.gaveanews.com\/index.php\/2019\/08\/14\/gabigol-torce-por-final-feliz-com-balotelli-no-flamengo-espero-que-venha\/#breadcrumb"},"inLanguage":"pt-BR","potentialAction":[{"@type":"ReadAction","target":["https:\/\/www.gaveanews.com\/index.php\/2019\/08\/14\/gabigol-torce-por-final-feliz-com-balotelli-no-flamengo-espero-que-venha\/"]}]},{"@type":"ImageObject","inLanguage":"pt-BR","@id":"https:\/\/www.gaveanews.com\/index.php\/2019\/08\/14\/gabigol-torce-por-final-feliz-com-balotelli-no-flamengo-espero-que-venha\/#primaryimage","url":"https:\/\/www.gaveanews.com\/wp-content\/uploads\/2019\/03\/Gabigol-em-acao-pelo-Flamengo-na-partida-de-estreia-da-Libertadores-de-2019.webp","contentUrl":"https:\/\/www.gaveanews.com\/wp-content\/uploads\/2019\/03\/Gabigol-em-acao-pelo-Flamengo-na-partida-de-estreia-da-Libertadores-de-2019.webp","caption":"Gabigol em a\u00e7\u00e3o pelo Flamengo na partida de estreia da Libertadores de 2019 (Foto: Alexandre Vidal\/Flamengo)"},{"@type":"BreadcrumbList","@id":"https:\/\/www.gaveanews.com\/index.php\/2019\/08\/14\/gabigol-torce-por-final-feliz-com-balotelli-no-flamengo-espero-que-venha\/#breadcrumb","itemListElement":[{"@type":"ListItem","position":1,"name":"Home","item":"https:\/\/www.gaveanews.com\/"},{"@type":"ListItem","position":2,"name":"Gabigol torce por final feliz com Balotelli no Flamengo: &#8220;Espero que venha&#8221;"}]},{"@type":"WebSite","@id":"https:\/\/www.gaveanews.com\/#website","url":"https:\/\/www.gaveanews.com\/","name":"G\u00e1vea News","description":"Veja todas as not\u00edcias sobre o Flamengo: Contrata\u00e7\u00f5es, categorias de base, resultados das partidas, tabela de classifica\u00e7\u00e3o, pr\u00f3ximos jogos!","potentialAction":[{"@type":"SearchAction","target":{"@type":"EntryPoint","urlTemplate":"https:\/\/www.gaveanews.com\/?s={search_term_string}"},"query-input":{"@type":"PropertyValueSpecification","valueRequired":true,"valueName":"search_term_string"}}],"inLanguage":"pt-BR"},{"@type":"Person","@id":"https:\/\/www.gaveanews.com\/#\/schema\/person\/2ec14f73fb96be2caf28f91afb14749d","name":"Equipe G\u00e1vea News","image":{"@type":"ImageObject","inLanguage":"pt-BR","@id":"https:\/\/www.gaveanews.com\/#\/schema\/person\/image\/","url":"https:\/\/secure.gravatar.com\/avatar\/1e1956f1facbffd3f8fa53a326721950116b3b9dc9bd44939c01180fd4a745a9?s=96&d=mm&r=g","contentUrl":"https:\/\/secure.gravatar.com\/avatar\/1e1956f1facbffd3f8fa53a326721950116b3b9dc9bd44939c01180fd4a745a9?s=96&d=mm&r=g","caption":"Equipe G\u00e1vea News"}}]}},"_links":{"self":[{"href":"https:\/\/www.gaveanews.com\/index.php\/wp-json\/wp\/v2\/posts\/24760","targetHints":{"allow":["GET"]}}],"collection":[{"href":"https:\/\/www.gaveanews.com\/index.php\/wp-json\/wp\/v2\/posts"}],"about":[{"href":"https:\/\/www.gaveanews.com\/index.php\/wp-json\/wp\/v2\/types\/post"}],"author":[{"embeddable":true,"href":"https:\/\/www.gaveanews.com\/index.php\/wp-json\/wp\/v2\/users\/1"}],"replies":[{"embeddable":true,"href":"https:\/\/www.gaveanews.com\/index.php\/wp-json\/wp\/v2\/comments?post=24760"}],"version-history":[{"count":0,"href":"https:\/\/www.gaveanews.com\/index.php\/wp-json\/wp\/v2\/posts\/24760\/revisions"}],"wp:featuredmedia":[{"embeddable":true,"href":"https:\/\/www.gaveanews.com\/index.php\/wp-json\/wp\/v2\/media\/14775"}],"wp:attachment":[{"href":"https:\/\/www.gaveanews.com\/index.php\/wp-json\/wp\/v2\/media?parent=24760"}],"wp:term":[{"taxonomy":"category","embeddable":true,"href":"https:\/\/www.gaveanews.com\/index.php\/wp-json\/wp\/v2\/categories?post=24760"},{"taxonomy":"post_tag","embeddable":true,"href":"https:\/\/www.gaveanews.com\/index.php\/wp-json\/wp\/v2\/tags?post=24760"}],"curies":[{"name":"wp","href":"https:\/\/api.w.org\/{rel}","templated":true}]}}