{"id":24763,"date":"2019-08-14T10:00:28","date_gmt":"2019-08-14T13:00:28","guid":{"rendered":"http:\/\/www.gaveanews.com\/?p=24763"},"modified":"2019-08-14T10:00:28","modified_gmt":"2019-08-14T13:00:28","slug":"emissora-italiana-garante-que-mario-balotelli-preferiu-assinar-com-o-brescia-e-nao-ira-para-o-flamengo","status":"publish","type":"post","link":"https:\/\/www.gaveanews.com\/index.php\/2019\/08\/14\/emissora-italiana-garante-que-mario-balotelli-preferiu-assinar-com-o-brescia-e-nao-ira-para-o-flamengo\/","title":{"rendered":"Emissora italiana garante que Mario Balotelli preferiu assinar com o Brescia e n\u00e3o ir\u00e1 para o Flamengo"},"content":{"rendered":"\n<p>O atacante Mario Balotelli decidiu aceitar a proposta do Brescia e n\u00e3o vai jogar pelo Flamengo, publica hoje a emissora &#8220;Sky Sports&#8221; por meio do jornalista especializado em mercado de transfer\u00eancias Gianluca Di Marzio. O rep\u00f3rter \u00e9 o mesmo que noticiou em primeira m\u00e3o o interesse do time carioca no jogador.<\/p>\n\n\n\n<p>De acordo com a &#8220;Sky Sports&#8221;, Balotelli aceitar\u00e1 o contrato de tr\u00eas anos proposto pelo Brescia e a confirma\u00e7\u00e3o ser\u00e1 realizada at\u00e9 amanh\u00e3.<\/p>\n\n\n\n<p>Mais cedo, o jornal &#8220;Gazzetta dello Sport&#8221; j\u00e1 tinha noticiado que Balotelli estava inclinado a jogar no Brescia, e n\u00e3o no Flamengo.<\/p>\n\n\n\n<p>Tr\u00eas representantes do time carioca, o vice de futebol Marcos Braz, o diretor-executivo Bruno Spindel e o advogado Marcos Motta est\u00e3o na Europa na tentativa de contratar o jogador italiano. Segundo a imprensa do pais, o Flamengo ainda pode tentar um \u00faltimo esfor\u00e7o, mas Balotelli j\u00e1 se decidiu pelo Brescia.<\/p>\n\n\n\n<p>O time \u00e9 o atual campe\u00e3o da segunda divis\u00e3o italiana e estar\u00e1 no campeonato de elite do pa\u00eds. Segundo a imprensa local, a possibilidade de voltar \u00e0 It\u00e1lia seduziu Balotelli, que estava desde 2016 atuando na Fran\u00e7a (Nice e Olympique de Marselha).<\/p>\n\n\n\n\n\n<p>Retirado de: UOL<\/p>\n","protected":false},"excerpt":{"rendered":"<p>O atacante Mario Balotelli decidiu aceitar a proposta do Brescia e n\u00e3o vai jogar pelo Flamengo, publica hoje a emissora &#8220;Sky Sports&#8221; por meio do jornalista especializado em mercado de transfer\u00eancias Gianluca Di Marzio. O rep\u00f3rter \u00e9 o mesmo que noticiou em primeira m\u00e3o o interesse do time carioca no jogador. De acordo com a [&hellip;]<\/p>\n","protected":false},"author":1,"featured_media":24184,"comment_status":"open","ping_status":"open","sticky":false,"template":"","format":"standard","meta":{"footnotes":""},"categories":[1],"tags":[],"class_list":["post-24763","post","type-post","status-publish","format-standard","has-post-thumbnail","hentry","category-flamengo"],"yoast_head":"<!-- This site is optimized with the Yoast SEO Premium plugin v24.2 (Yoast SEO v26.9) - https:\/\/yoast.com\/product\/yoast-seo-premium-wordpress\/ -->\n<title>Emissora italiana garante que Mario Balotelli preferiu assinar com o Brescia e n\u00e3o ir\u00e1 para o Flamengo<\/title>\n<meta name=\"robots\" content=\"index, follow, max-snippet:-1, max-image-preview:large, max-video-preview:-1\" \/>\n<link rel=\"canonical\" href=\"https:\/\/www.gaveanews.com\/index.php\/2019\/08\/14\/emissora-italiana-garante-que-mario-balotelli-preferiu-assinar-com-o-brescia-e-nao-ira-para-o-flamengo\/\" \/>\n<meta property=\"og:locale\" content=\"pt_BR\" \/>\n<meta property=\"og:type\" content=\"article\" \/>\n<meta property=\"og:title\" content=\"Emissora italiana garante que Mario Balotelli preferiu assinar com o Brescia e n\u00e3o ir\u00e1 para o Flamengo\" \/>\n<meta property=\"og:description\" content=\"O atacante Mario Balotelli decidiu aceitar a proposta do Brescia e n\u00e3o vai jogar pelo Flamengo, publica hoje a emissora &#8220;Sky Sports&#8221; por meio do jornalista especializado em mercado de transfer\u00eancias Gianluca Di Marzio. O rep\u00f3rter \u00e9 o mesmo que noticiou em primeira m\u00e3o o interesse do time carioca no jogador. De acordo com a [&hellip;]\" \/>\n<meta property=\"og:url\" content=\"https:\/\/www.gaveanews.com\/index.php\/2019\/08\/14\/emissora-italiana-garante-que-mario-balotelli-preferiu-assinar-com-o-brescia-e-nao-ira-para-o-flamengo\/\" \/>\n<meta property=\"og:site_name\" content=\"G\u00e1vea News\" \/>\n<meta property=\"article:publisher\" content=\"https:\/\/facebook.com\/gaveaNews\/\" \/>\n<meta property=\"article:published_time\" content=\"2019-08-14T13:00:28+00:00\" \/>\n<meta property=\"og:image\" content=\"https:\/\/www.gaveanews.com\/wp-content\/uploads\/2019\/08\/Mario-Balotelli-sorri-durante-jogo-do-Olympique-de-Marselha-da-Franca.webp\" \/>\n\t<meta property=\"og:image:width\" content=\"1\" \/>\n\t<meta property=\"og:image:height\" content=\"1\" \/>\n\t<meta property=\"og:image:type\" content=\"image\/jpeg\" \/>\n<meta name=\"author\" content=\"Equipe G\u00e1vea News\" \/>\n<meta name=\"twitter:card\" content=\"summary_large_image\" \/>\n<meta name=\"twitter:label1\" content=\"Escrito por\" \/>\n\t<meta name=\"twitter:data1\" content=\"Equipe G\u00e1vea News\" \/>\n\t<meta name=\"twitter:label2\" content=\"Est. tempo de leitura\" \/>\n\t<meta name=\"twitter:data2\" content=\"1 minuto\" \/>\n<script type=\"application\/ld+json\" class=\"yoast-schema-graph\">{\"@context\":\"https:\/\/schema.org\",\"@graph\":[{\"@type\":\"NewsArticle\",\"@id\":\"https:\/\/www.gaveanews.com\/index.php\/2019\/08\/14\/emissora-italiana-garante-que-mario-balotelli-preferiu-assinar-com-o-brescia-e-nao-ira-para-o-flamengo\/#article\",\"isPartOf\":{\"@id\":\"https:\/\/www.gaveanews.com\/index.php\/2019\/08\/14\/emissora-italiana-garante-que-mario-balotelli-preferiu-assinar-com-o-brescia-e-nao-ira-para-o-flamengo\/\"},\"author\":{\"name\":\"Equipe G\u00e1vea News\",\"@id\":\"https:\/\/www.gaveanews.com\/#\/schema\/person\/2ec14f73fb96be2caf28f91afb14749d\"},\"headline\":\"Emissora italiana garante que Mario Balotelli preferiu assinar com o Brescia e n\u00e3o ir\u00e1 para o Flamengo\",\"datePublished\":\"2019-08-14T13:00:28+00:00\",\"mainEntityOfPage\":{\"@id\":\"https:\/\/www.gaveanews.com\/index.php\/2019\/08\/14\/emissora-italiana-garante-que-mario-balotelli-preferiu-assinar-com-o-brescia-e-nao-ira-para-o-flamengo\/\"},\"wordCount\":220,\"commentCount\":0,\"image\":{\"@id\":\"https:\/\/www.gaveanews.com\/index.php\/2019\/08\/14\/emissora-italiana-garante-que-mario-balotelli-preferiu-assinar-com-o-brescia-e-nao-ira-para-o-flamengo\/#primaryimage\"},\"thumbnailUrl\":\"https:\/\/www.gaveanews.com\/wp-content\/uploads\/2019\/08\/Mario-Balotelli-sorri-durante-jogo-do-Olympique-de-Marselha-da-Franca.webp\",\"articleSection\":[\"Flamengo\"],\"inLanguage\":\"pt-BR\",\"potentialAction\":[{\"@type\":\"CommentAction\",\"name\":\"Comment\",\"target\":[\"https:\/\/www.gaveanews.com\/index.php\/2019\/08\/14\/emissora-italiana-garante-que-mario-balotelli-preferiu-assinar-com-o-brescia-e-nao-ira-para-o-flamengo\/#respond\"]}],\"copyrightYear\":\"2019\",\"copyrightHolder\":{\"@id\":\"https:\/\/www.gaveanews.com\/#organization\"}},{\"@type\":\"WebPage\",\"@id\":\"https:\/\/www.gaveanews.com\/index.php\/2019\/08\/14\/emissora-italiana-garante-que-mario-balotelli-preferiu-assinar-com-o-brescia-e-nao-ira-para-o-flamengo\/\",\"url\":\"https:\/\/www.gaveanews.com\/index.php\/2019\/08\/14\/emissora-italiana-garante-que-mario-balotelli-preferiu-assinar-com-o-brescia-e-nao-ira-para-o-flamengo\/\",\"name\":\"Emissora italiana garante que Mario Balotelli preferiu assinar com o Brescia e n\u00e3o ir\u00e1 para o Flamengo\",\"isPartOf\":{\"@id\":\"https:\/\/www.gaveanews.com\/#website\"},\"primaryImageOfPage\":{\"@id\":\"https:\/\/www.gaveanews.com\/index.php\/2019\/08\/14\/emissora-italiana-garante-que-mario-balotelli-preferiu-assinar-com-o-brescia-e-nao-ira-para-o-flamengo\/#primaryimage\"},\"image\":{\"@id\":\"https:\/\/www.gaveanews.com\/index.php\/2019\/08\/14\/emissora-italiana-garante-que-mario-balotelli-preferiu-assinar-com-o-brescia-e-nao-ira-para-o-flamengo\/#primaryimage\"},\"thumbnailUrl\":\"https:\/\/www.gaveanews.com\/wp-content\/uploads\/2019\/08\/Mario-Balotelli-sorri-durante-jogo-do-Olympique-de-Marselha-da-Franca.webp\",\"datePublished\":\"2019-08-14T13:00:28+00:00\",\"author\":{\"@id\":\"https:\/\/www.gaveanews.com\/#\/schema\/person\/2ec14f73fb96be2caf28f91afb14749d\"},\"breadcrumb\":{\"@id\":\"https:\/\/www.gaveanews.com\/index.php\/2019\/08\/14\/emissora-italiana-garante-que-mario-balotelli-preferiu-assinar-com-o-brescia-e-nao-ira-para-o-flamengo\/#breadcrumb\"},\"inLanguage\":\"pt-BR\",\"potentialAction\":[{\"@type\":\"ReadAction\",\"target\":[\"https:\/\/www.gaveanews.com\/index.php\/2019\/08\/14\/emissora-italiana-garante-que-mario-balotelli-preferiu-assinar-com-o-brescia-e-nao-ira-para-o-flamengo\/\"]}]},{\"@type\":\"ImageObject\",\"inLanguage\":\"pt-BR\",\"@id\":\"https:\/\/www.gaveanews.com\/index.php\/2019\/08\/14\/emissora-italiana-garante-que-mario-balotelli-preferiu-assinar-com-o-brescia-e-nao-ira-para-o-flamengo\/#primaryimage\",\"url\":\"https:\/\/www.gaveanews.com\/wp-content\/uploads\/2019\/08\/Mario-Balotelli-sorri-durante-jogo-do-Olympique-de-Marselha-da-Franca.webp\",\"contentUrl\":\"https:\/\/www.gaveanews.com\/wp-content\/uploads\/2019\/08\/Mario-Balotelli-sorri-durante-jogo-do-Olympique-de-Marselha-da-Franca.webp\",\"width\":900,\"height\":506,\"caption\":\"Mario Balotelli sorri durante jogo do Olympique de Marselha, da Fran\u00e7a (Foto: Nicolas Tucat\/AFP)\"},{\"@type\":\"BreadcrumbList\",\"@id\":\"https:\/\/www.gaveanews.com\/index.php\/2019\/08\/14\/emissora-italiana-garante-que-mario-balotelli-preferiu-assinar-com-o-brescia-e-nao-ira-para-o-flamengo\/#breadcrumb\",\"itemListElement\":[{\"@type\":\"ListItem\",\"position\":1,\"name\":\"Home\",\"item\":\"https:\/\/www.gaveanews.com\/\"},{\"@type\":\"ListItem\",\"position\":2,\"name\":\"Emissora italiana garante que Mario Balotelli preferiu assinar com o Brescia e n\u00e3o ir\u00e1 para o Flamengo\"}]},{\"@type\":\"WebSite\",\"@id\":\"https:\/\/www.gaveanews.com\/#website\",\"url\":\"https:\/\/www.gaveanews.com\/\",\"name\":\"G\u00e1vea News\",\"description\":\"Veja todas as not\u00edcias sobre o Flamengo: Contrata\u00e7\u00f5es, categorias de base, resultados das partidas, tabela de classifica\u00e7\u00e3o, pr\u00f3ximos jogos!\",\"potentialAction\":[{\"@type\":\"SearchAction\",\"target\":{\"@type\":\"EntryPoint\",\"urlTemplate\":\"https:\/\/www.gaveanews.com\/?s={search_term_string}\"},\"query-input\":{\"@type\":\"PropertyValueSpecification\",\"valueRequired\":true,\"valueName\":\"search_term_string\"}}],\"inLanguage\":\"pt-BR\"},{\"@type\":\"Person\",\"@id\":\"https:\/\/www.gaveanews.com\/#\/schema\/person\/2ec14f73fb96be2caf28f91afb14749d\",\"name\":\"Equipe G\u00e1vea News\",\"image\":{\"@type\":\"ImageObject\",\"inLanguage\":\"pt-BR\",\"@id\":\"https:\/\/www.gaveanews.com\/#\/schema\/person\/image\/\",\"url\":\"https:\/\/secure.gravatar.com\/avatar\/1e1956f1facbffd3f8fa53a326721950116b3b9dc9bd44939c01180fd4a745a9?s=96&d=mm&r=g\",\"contentUrl\":\"https:\/\/secure.gravatar.com\/avatar\/1e1956f1facbffd3f8fa53a326721950116b3b9dc9bd44939c01180fd4a745a9?s=96&d=mm&r=g\",\"caption\":\"Equipe G\u00e1vea News\"}}]}<\/script>\n<!-- \/ Yoast SEO Premium plugin. -->","yoast_head_json":{"title":"Emissora italiana garante que Mario Balotelli preferiu assinar com o Brescia e n\u00e3o ir\u00e1 para o Flamengo","robots":{"index":"index","follow":"follow","max-snippet":"max-snippet:-1","max-image-preview":"max-image-preview:large","max-video-preview":"max-video-preview:-1"},"canonical":"https:\/\/www.gaveanews.com\/index.php\/2019\/08\/14\/emissora-italiana-garante-que-mario-balotelli-preferiu-assinar-com-o-brescia-e-nao-ira-para-o-flamengo\/","og_locale":"pt_BR","og_type":"article","og_title":"Emissora italiana garante que Mario Balotelli preferiu assinar com o Brescia e n\u00e3o ir\u00e1 para o Flamengo","og_description":"O atacante Mario Balotelli decidiu aceitar a proposta do Brescia e n\u00e3o vai jogar pelo Flamengo, publica hoje a emissora &#8220;Sky Sports&#8221; por meio do jornalista especializado em mercado de transfer\u00eancias Gianluca Di Marzio. O rep\u00f3rter \u00e9 o mesmo que noticiou em primeira m\u00e3o o interesse do time carioca no jogador. De acordo com a [&hellip;]","og_url":"https:\/\/www.gaveanews.com\/index.php\/2019\/08\/14\/emissora-italiana-garante-que-mario-balotelli-preferiu-assinar-com-o-brescia-e-nao-ira-para-o-flamengo\/","og_site_name":"G\u00e1vea News","article_publisher":"https:\/\/facebook.com\/gaveaNews\/","article_published_time":"2019-08-14T13:00:28+00:00","og_image":[{"url":"https:\/\/www.gaveanews.com\/wp-content\/uploads\/2019\/08\/Mario-Balotelli-sorri-durante-jogo-do-Olympique-de-Marselha-da-Franca.webp","width":1,"height":1,"type":"image\/jpeg"}],"author":"Equipe G\u00e1vea News","twitter_card":"summary_large_image","twitter_misc":{"Escrito por":"Equipe G\u00e1vea News","Est. tempo de leitura":"1 minuto"},"schema":{"@context":"https:\/\/schema.org","@graph":[{"@type":"NewsArticle","@id":"https:\/\/www.gaveanews.com\/index.php\/2019\/08\/14\/emissora-italiana-garante-que-mario-balotelli-preferiu-assinar-com-o-brescia-e-nao-ira-para-o-flamengo\/#article","isPartOf":{"@id":"https:\/\/www.gaveanews.com\/index.php\/2019\/08\/14\/emissora-italiana-garante-que-mario-balotelli-preferiu-assinar-com-o-brescia-e-nao-ira-para-o-flamengo\/"},"author":{"name":"Equipe G\u00e1vea News","@id":"https:\/\/www.gaveanews.com\/#\/schema\/person\/2ec14f73fb96be2caf28f91afb14749d"},"headline":"Emissora italiana garante que Mario Balotelli preferiu assinar com o Brescia e n\u00e3o ir\u00e1 para o Flamengo","datePublished":"2019-08-14T13:00:28+00:00","mainEntityOfPage":{"@id":"https:\/\/www.gaveanews.com\/index.php\/2019\/08\/14\/emissora-italiana-garante-que-mario-balotelli-preferiu-assinar-com-o-brescia-e-nao-ira-para-o-flamengo\/"},"wordCount":220,"commentCount":0,"image":{"@id":"https:\/\/www.gaveanews.com\/index.php\/2019\/08\/14\/emissora-italiana-garante-que-mario-balotelli-preferiu-assinar-com-o-brescia-e-nao-ira-para-o-flamengo\/#primaryimage"},"thumbnailUrl":"https:\/\/www.gaveanews.com\/wp-content\/uploads\/2019\/08\/Mario-Balotelli-sorri-durante-jogo-do-Olympique-de-Marselha-da-Franca.webp","articleSection":["Flamengo"],"inLanguage":"pt-BR","potentialAction":[{"@type":"CommentAction","name":"Comment","target":["https:\/\/www.gaveanews.com\/index.php\/2019\/08\/14\/emissora-italiana-garante-que-mario-balotelli-preferiu-assinar-com-o-brescia-e-nao-ira-para-o-flamengo\/#respond"]}],"copyrightYear":"2019","copyrightHolder":{"@id":"https:\/\/www.gaveanews.com\/#organization"}},{"@type":"WebPage","@id":"https:\/\/www.gaveanews.com\/index.php\/2019\/08\/14\/emissora-italiana-garante-que-mario-balotelli-preferiu-assinar-com-o-brescia-e-nao-ira-para-o-flamengo\/","url":"https:\/\/www.gaveanews.com\/index.php\/2019\/08\/14\/emissora-italiana-garante-que-mario-balotelli-preferiu-assinar-com-o-brescia-e-nao-ira-para-o-flamengo\/","name":"Emissora italiana garante que Mario Balotelli preferiu assinar com o Brescia e n\u00e3o ir\u00e1 para o Flamengo","isPartOf":{"@id":"https:\/\/www.gaveanews.com\/#website"},"primaryImageOfPage":{"@id":"https:\/\/www.gaveanews.com\/index.php\/2019\/08\/14\/emissora-italiana-garante-que-mario-balotelli-preferiu-assinar-com-o-brescia-e-nao-ira-para-o-flamengo\/#primaryimage"},"image":{"@id":"https:\/\/www.gaveanews.com\/index.php\/2019\/08\/14\/emissora-italiana-garante-que-mario-balotelli-preferiu-assinar-com-o-brescia-e-nao-ira-para-o-flamengo\/#primaryimage"},"thumbnailUrl":"https:\/\/www.gaveanews.com\/wp-content\/uploads\/2019\/08\/Mario-Balotelli-sorri-durante-jogo-do-Olympique-de-Marselha-da-Franca.webp","datePublished":"2019-08-14T13:00:28+00:00","author":{"@id":"https:\/\/www.gaveanews.com\/#\/schema\/person\/2ec14f73fb96be2caf28f91afb14749d"},"breadcrumb":{"@id":"https:\/\/www.gaveanews.com\/index.php\/2019\/08\/14\/emissora-italiana-garante-que-mario-balotelli-preferiu-assinar-com-o-brescia-e-nao-ira-para-o-flamengo\/#breadcrumb"},"inLanguage":"pt-BR","potentialAction":[{"@type":"ReadAction","target":["https:\/\/www.gaveanews.com\/index.php\/2019\/08\/14\/emissora-italiana-garante-que-mario-balotelli-preferiu-assinar-com-o-brescia-e-nao-ira-para-o-flamengo\/"]}]},{"@type":"ImageObject","inLanguage":"pt-BR","@id":"https:\/\/www.gaveanews.com\/index.php\/2019\/08\/14\/emissora-italiana-garante-que-mario-balotelli-preferiu-assinar-com-o-brescia-e-nao-ira-para-o-flamengo\/#primaryimage","url":"https:\/\/www.gaveanews.com\/wp-content\/uploads\/2019\/08\/Mario-Balotelli-sorri-durante-jogo-do-Olympique-de-Marselha-da-Franca.webp","contentUrl":"https:\/\/www.gaveanews.com\/wp-content\/uploads\/2019\/08\/Mario-Balotelli-sorri-durante-jogo-do-Olympique-de-Marselha-da-Franca.webp","width":900,"height":506,"caption":"Mario Balotelli sorri durante jogo do Olympique de Marselha, da Fran\u00e7a (Foto: Nicolas Tucat\/AFP)"},{"@type":"BreadcrumbList","@id":"https:\/\/www.gaveanews.com\/index.php\/2019\/08\/14\/emissora-italiana-garante-que-mario-balotelli-preferiu-assinar-com-o-brescia-e-nao-ira-para-o-flamengo\/#breadcrumb","itemListElement":[{"@type":"ListItem","position":1,"name":"Home","item":"https:\/\/www.gaveanews.com\/"},{"@type":"ListItem","position":2,"name":"Emissora italiana garante que Mario Balotelli preferiu assinar com o Brescia e n\u00e3o ir\u00e1 para o Flamengo"}]},{"@type":"WebSite","@id":"https:\/\/www.gaveanews.com\/#website","url":"https:\/\/www.gaveanews.com\/","name":"G\u00e1vea News","description":"Veja todas as not\u00edcias sobre o Flamengo: Contrata\u00e7\u00f5es, categorias de base, resultados das partidas, tabela de classifica\u00e7\u00e3o, pr\u00f3ximos jogos!","potentialAction":[{"@type":"SearchAction","target":{"@type":"EntryPoint","urlTemplate":"https:\/\/www.gaveanews.com\/?s={search_term_string}"},"query-input":{"@type":"PropertyValueSpecification","valueRequired":true,"valueName":"search_term_string"}}],"inLanguage":"pt-BR"},{"@type":"Person","@id":"https:\/\/www.gaveanews.com\/#\/schema\/person\/2ec14f73fb96be2caf28f91afb14749d","name":"Equipe G\u00e1vea News","image":{"@type":"ImageObject","inLanguage":"pt-BR","@id":"https:\/\/www.gaveanews.com\/#\/schema\/person\/image\/","url":"https:\/\/secure.gravatar.com\/avatar\/1e1956f1facbffd3f8fa53a326721950116b3b9dc9bd44939c01180fd4a745a9?s=96&d=mm&r=g","contentUrl":"https:\/\/secure.gravatar.com\/avatar\/1e1956f1facbffd3f8fa53a326721950116b3b9dc9bd44939c01180fd4a745a9?s=96&d=mm&r=g","caption":"Equipe G\u00e1vea News"}}]}},"_links":{"self":[{"href":"https:\/\/www.gaveanews.com\/index.php\/wp-json\/wp\/v2\/posts\/24763","targetHints":{"allow":["GET"]}}],"collection":[{"href":"https:\/\/www.gaveanews.com\/index.php\/wp-json\/wp\/v2\/posts"}],"about":[{"href":"https:\/\/www.gaveanews.com\/index.php\/wp-json\/wp\/v2\/types\/post"}],"author":[{"embeddable":true,"href":"https:\/\/www.gaveanews.com\/index.php\/wp-json\/wp\/v2\/users\/1"}],"replies":[{"embeddable":true,"href":"https:\/\/www.gaveanews.com\/index.php\/wp-json\/wp\/v2\/comments?post=24763"}],"version-history":[{"count":0,"href":"https:\/\/www.gaveanews.com\/index.php\/wp-json\/wp\/v2\/posts\/24763\/revisions"}],"wp:featuredmedia":[{"embeddable":true,"href":"https:\/\/www.gaveanews.com\/index.php\/wp-json\/wp\/v2\/media\/24184"}],"wp:attachment":[{"href":"https:\/\/www.gaveanews.com\/index.php\/wp-json\/wp\/v2\/media?parent=24763"}],"wp:term":[{"taxonomy":"category","embeddable":true,"href":"https:\/\/www.gaveanews.com\/index.php\/wp-json\/wp\/v2\/categories?post=24763"},{"taxonomy":"post_tag","embeddable":true,"href":"https:\/\/www.gaveanews.com\/index.php\/wp-json\/wp\/v2\/tags?post=24763"}],"curies":[{"name":"wp","href":"https:\/\/api.w.org\/{rel}","templated":true}]}}