{"id":247761,"date":"2025-04-01T20:09:05","date_gmt":"2025-04-01T23:09:05","guid":{"rendered":"https:\/\/www.gaveanews.com\/?p=247761"},"modified":"2025-04-01T20:09:08","modified_gmt":"2025-04-01T23:09:08","slug":"flamengo-emite-nota-oficial-sobre-combate-ao-racismo","status":"publish","type":"post","link":"https:\/\/www.gaveanews.com\/index.php\/2025\/04\/01\/flamengo-emite-nota-oficial-sobre-combate-ao-racismo\/","title":{"rendered":"Flamengo emite nota oficial sobre combate ao racismo"},"content":{"rendered":"\n<p>O Flamengo deu mais um passo no fortalecimento de seu posicionamento social. O presidente Luiz Eduardo Baptista, conhecido como Bap, enviou ao Conselho Deliberativo do clube uma proposta de emenda ao Estatuto Social com foco no combate ao racismo. A medida faz parte do plano de governo de sua candidatura \u00e0 presid\u00eancia.<\/p>\n\n\n\n<p>A proposta reconhece que o racismo \u00e9 crime inafian\u00e7\u00e1vel e imprescrit\u00edvel, como previsto na Constitui\u00e7\u00e3o. Contudo, destaca que, apesar disso, ele permanece enraizado na sociedade brasileira e precisa ser enfrentado de forma estruturada. \u201cN\u00e3o h\u00e1 democracia real com desigualdade racial\u201d, afirma o documento.<\/p>\n\n\n\n<p>O texto refor\u00e7a que o respeito \u00e0 diversidade \u00e9 um dos pilares hist\u00f3ricos do Flamengo. Nesse sentido, tr\u00eas altera\u00e7\u00f5es estatut\u00e1rias foram sugeridas com o intuito de consolidar a atua\u00e7\u00e3o do clube como agente transformador na sociedade.<\/p>\n\n\n\n<p>A primeira mudan\u00e7a prop\u00f5e a implementa\u00e7\u00e3o de campanhas, treinamentos e parcerias voltadas \u00e0 valoriza\u00e7\u00e3o da diversidade racial e de g\u00eanero. A segunda prev\u00ea o compromisso institucional do clube com a\u00e7\u00f5es antirracistas em todas as suas \u00e1reas de atua\u00e7\u00e3o, incluindo medidas disciplinares contra atitudes discriminat\u00f3rias.<\/p>\n\n\n\n<p>J\u00e1 a terceira emenda trata das penalidades. Entre as san\u00e7\u00f5es previstas est\u00e3o suspens\u00e3o por at\u00e9 um ano, exclus\u00e3o do quadro social, demiss\u00e3o ou at\u00e9 rescis\u00e3o contratual, caso atitudes racistas partam de s\u00f3cios, dirigentes, funcion\u00e1rios, atletas ou prestadores de servi\u00e7o.<\/p>\n\n\n\n<p>A proposta j\u00e1 foi protocolada junto \u00e0 presid\u00eancia do Conselho Deliberativo e ser\u00e1 analisada antes de seguir para vota\u00e7\u00e3o. A iniciativa, conforme destacado, busca refor\u00e7ar o papel do Flamengo na promo\u00e7\u00e3o da igualdade racial e no enfrentamento de pr\u00e1ticas discriminat\u00f3rias.<\/p>\n\n\n\n<h2 class=\"wp-block-heading\" id=\"h-veja-os-pontos-da-proposta\">Veja os pontos da proposta:<\/h2>\n\n\n\n<ul class=\"wp-block-list\">\n<li>O racismo, al\u00e9m de violar os direitos humanos, \u00e9 crime inafian\u00e7\u00e1vel e imprescrit\u00edvel, conforme a Constitui\u00e7\u00e3o brasileira.<\/li>\n\n\n\n<li>Mesmo sendo crime, o racismo segue enraizado na sociedade brasileira e n\u00e3o pode ser visto como algo isolado \u2014 \u00e9 fruto de estruturas que mant\u00eam pr\u00e1ticas discriminat\u00f3rias<\/li>\n\n\n\n<li>N\u00e3o h\u00e1 democracia real com desigualdade racial.<\/li>\n\n\n\n<li>O respeito \u00e0 diversidade faz parte da hist\u00f3ria e dos valores do Flamengo.<\/li>\n\n\n\n<li>Por sua grandeza e alcance, o Flamengo tem a responsabilidade de ser agente de transforma\u00e7\u00e3o social, ajudando a combater a discrimina\u00e7\u00e3o e influenciar positivamente gera\u00e7\u00f5es atuais e futuras.<\/li>\n\n\n\n<li>A primeira inclui programas, campanhas, treinamentos e parcerias em apoio a iniciativas que fortale\u00e7am a inclus\u00e3o e o respeito \u00e0 diversidade racial e de g\u00eanero.<\/li>\n\n\n\n<li>A segunda estabelece que o Flamengo se compromete a combater o racismo e a discrimina\u00e7\u00e3o racial e deve orientar as a\u00e7\u00f5es internas e externas do clube, inclusive em atividades esportivas, culturais, sociais e de forma\u00e7\u00e3o profissional. O clube adotar\u00e1 medidas disciplinares em rela\u00e7\u00e3o a s\u00f3cios, dirigentes, funcion\u00e1rios, atletas ou prestadores de servi\u00e7o que cometam ou incentivem atos racistas ou discriminat\u00f3rios, garantindo o direito de defesa<\/li>\n\n\n\n<li>A terceira prev\u00ea penalidades rigorosas, como suspens\u00e3o por at\u00e9 1 ano ou exclus\u00e3o do quadro social, demiss\u00e3o ou rescis\u00e3o contratual, para funcion\u00e1rios e rescis\u00e3o motivada de contrato se prestador de servi\u00e7o<\/li>\n<\/ul>\n","protected":false},"excerpt":{"rendered":"<p>O Flamengo deu mais um passo no fortalecimento de seu posicionamento social. O presidente Luiz Eduardo Baptista, conhecido como Bap, enviou ao Conselho Deliberativo do clube uma proposta de emenda ao Estatuto Social com foco no combate ao racismo. A medida faz parte do plano de governo de sua candidatura \u00e0 presid\u00eancia. A proposta reconhece [&hellip;]<\/p>\n","protected":false},"author":18,"featured_media":124518,"comment_status":"open","ping_status":"closed","sticky":false,"template":"","format":"standard","meta":{"footnotes":""},"categories":[1],"tags":[],"class_list":["post-247761","post","type-post","status-publish","format-standard","has-post-thumbnail","hentry","category-flamengo"],"yoast_head":"<!-- This site is optimized with the Yoast SEO Premium plugin v24.2 (Yoast SEO v26.9) - https:\/\/yoast.com\/product\/yoast-seo-premium-wordpress\/ -->\n<title>Flamengo emite nota oficial sobre combate ao racismo<\/title>\n<meta name=\"robots\" content=\"index, follow, max-snippet:-1, max-image-preview:large, max-video-preview:-1\" \/>\n<link rel=\"canonical\" href=\"https:\/\/www.gaveanews.com\/index.php\/2025\/04\/01\/flamengo-emite-nota-oficial-sobre-combate-ao-racismo\/\" \/>\n<meta property=\"og:locale\" content=\"pt_BR\" \/>\n<meta property=\"og:type\" content=\"article\" \/>\n<meta property=\"og:title\" content=\"Flamengo emite nota oficial sobre combate ao racismo\" \/>\n<meta property=\"og:description\" content=\"O Flamengo deu mais um passo no fortalecimento de seu posicionamento social. O presidente Luiz Eduardo Baptista, conhecido como Bap, enviou ao Conselho Deliberativo do clube uma proposta de emenda ao Estatuto Social com foco no combate ao racismo. A medida faz parte do plano de governo de sua candidatura \u00e0 presid\u00eancia. A proposta reconhece [&hellip;]\" \/>\n<meta property=\"og:url\" content=\"https:\/\/www.gaveanews.com\/index.php\/2025\/04\/01\/flamengo-emite-nota-oficial-sobre-combate-ao-racismo\/\" \/>\n<meta property=\"og:site_name\" content=\"G\u00e1vea News\" \/>\n<meta property=\"article:publisher\" content=\"https:\/\/facebook.com\/gaveaNews\/\" \/>\n<meta property=\"article:published_time\" content=\"2025-04-01T23:09:05+00:00\" \/>\n<meta property=\"article:modified_time\" content=\"2025-04-01T23:09:08+00:00\" \/>\n<meta property=\"og:image\" content=\"http:\/\/www.gaveanews.com\/wp-content\/uploads\/Centro-de-Treinamento-Ninho-do-Urubu.webp\" \/>\n\t<meta property=\"og:image:width\" content=\"1200\" \/>\n\t<meta property=\"og:image:height\" content=\"799\" \/>\n\t<meta property=\"og:image:type\" content=\"image\/jpeg\" \/>\n<meta name=\"author\" content=\"Paula Silva\" \/>\n<meta name=\"twitter:card\" content=\"summary_large_image\" \/>\n<meta name=\"twitter:label1\" content=\"Escrito por\" \/>\n\t<meta name=\"twitter:data1\" content=\"Paula Silva\" \/>\n\t<meta name=\"twitter:label2\" content=\"Est. tempo de leitura\" \/>\n\t<meta name=\"twitter:data2\" content=\"3 minutos\" \/>\n<script type=\"application\/ld+json\" class=\"yoast-schema-graph\">{\"@context\":\"https:\/\/schema.org\",\"@graph\":[{\"@type\":\"NewsArticle\",\"@id\":\"https:\/\/www.gaveanews.com\/index.php\/2025\/04\/01\/flamengo-emite-nota-oficial-sobre-combate-ao-racismo\/#article\",\"isPartOf\":{\"@id\":\"https:\/\/www.gaveanews.com\/index.php\/2025\/04\/01\/flamengo-emite-nota-oficial-sobre-combate-ao-racismo\/\"},\"author\":{\"name\":\"Paula Silva\",\"@id\":\"https:\/\/www.gaveanews.com\/#\/schema\/person\/daf63eec72e1164eb13dc35096c2b8da\"},\"headline\":\"Flamengo emite nota oficial sobre combate ao racismo\",\"datePublished\":\"2025-04-01T23:09:05+00:00\",\"dateModified\":\"2025-04-01T23:09:08+00:00\",\"mainEntityOfPage\":{\"@id\":\"https:\/\/www.gaveanews.com\/index.php\/2025\/04\/01\/flamengo-emite-nota-oficial-sobre-combate-ao-racismo\/\"},\"wordCount\":533,\"commentCount\":0,\"image\":{\"@id\":\"https:\/\/www.gaveanews.com\/index.php\/2025\/04\/01\/flamengo-emite-nota-oficial-sobre-combate-ao-racismo\/#primaryimage\"},\"thumbnailUrl\":\"https:\/\/www.gaveanews.com\/wp-content\/uploads\/Centro-de-Treinamento-Ninho-do-Urubu.webp\",\"articleSection\":[\"Flamengo\"],\"inLanguage\":\"pt-BR\",\"potentialAction\":[{\"@type\":\"CommentAction\",\"name\":\"Comment\",\"target\":[\"https:\/\/www.gaveanews.com\/index.php\/2025\/04\/01\/flamengo-emite-nota-oficial-sobre-combate-ao-racismo\/#respond\"]}],\"copyrightYear\":\"2025\",\"copyrightHolder\":{\"@id\":\"https:\/\/www.gaveanews.com\/#organization\"}},{\"@type\":\"WebPage\",\"@id\":\"https:\/\/www.gaveanews.com\/index.php\/2025\/04\/01\/flamengo-emite-nota-oficial-sobre-combate-ao-racismo\/\",\"url\":\"https:\/\/www.gaveanews.com\/index.php\/2025\/04\/01\/flamengo-emite-nota-oficial-sobre-combate-ao-racismo\/\",\"name\":\"Flamengo emite nota oficial sobre combate ao racismo\",\"isPartOf\":{\"@id\":\"https:\/\/www.gaveanews.com\/#website\"},\"primaryImageOfPage\":{\"@id\":\"https:\/\/www.gaveanews.com\/index.php\/2025\/04\/01\/flamengo-emite-nota-oficial-sobre-combate-ao-racismo\/#primaryimage\"},\"image\":{\"@id\":\"https:\/\/www.gaveanews.com\/index.php\/2025\/04\/01\/flamengo-emite-nota-oficial-sobre-combate-ao-racismo\/#primaryimage\"},\"thumbnailUrl\":\"https:\/\/www.gaveanews.com\/wp-content\/uploads\/Centro-de-Treinamento-Ninho-do-Urubu.webp\",\"datePublished\":\"2025-04-01T23:09:05+00:00\",\"dateModified\":\"2025-04-01T23:09:08+00:00\",\"author\":{\"@id\":\"https:\/\/www.gaveanews.com\/#\/schema\/person\/daf63eec72e1164eb13dc35096c2b8da\"},\"breadcrumb\":{\"@id\":\"https:\/\/www.gaveanews.com\/index.php\/2025\/04\/01\/flamengo-emite-nota-oficial-sobre-combate-ao-racismo\/#breadcrumb\"},\"inLanguage\":\"pt-BR\",\"potentialAction\":[{\"@type\":\"ReadAction\",\"target\":[\"https:\/\/www.gaveanews.com\/index.php\/2025\/04\/01\/flamengo-emite-nota-oficial-sobre-combate-ao-racismo\/\"]}]},{\"@type\":\"ImageObject\",\"inLanguage\":\"pt-BR\",\"@id\":\"https:\/\/www.gaveanews.com\/index.php\/2025\/04\/01\/flamengo-emite-nota-oficial-sobre-combate-ao-racismo\/#primaryimage\",\"url\":\"https:\/\/www.gaveanews.com\/wp-content\/uploads\/Centro-de-Treinamento-Ninho-do-Urubu.webp\",\"contentUrl\":\"https:\/\/www.gaveanews.com\/wp-content\/uploads\/Centro-de-Treinamento-Ninho-do-Urubu.webp\",\"width\":1200,\"height\":799,\"caption\":\"Centro de Treinamento Ninho do Urubu - Foto: divulga\u00e7\u00e3o\"},{\"@type\":\"BreadcrumbList\",\"@id\":\"https:\/\/www.gaveanews.com\/index.php\/2025\/04\/01\/flamengo-emite-nota-oficial-sobre-combate-ao-racismo\/#breadcrumb\",\"itemListElement\":[{\"@type\":\"ListItem\",\"position\":1,\"name\":\"Home\",\"item\":\"https:\/\/www.gaveanews.com\/\"},{\"@type\":\"ListItem\",\"position\":2,\"name\":\"Flamengo emite nota oficial sobre combate ao racismo\"}]},{\"@type\":\"WebSite\",\"@id\":\"https:\/\/www.gaveanews.com\/#website\",\"url\":\"https:\/\/www.gaveanews.com\/\",\"name\":\"G\u00e1vea News\",\"description\":\"Veja todas as not\u00edcias sobre o Flamengo: Contrata\u00e7\u00f5es, categorias de base, resultados das partidas, tabela de classifica\u00e7\u00e3o, pr\u00f3ximos jogos!\",\"potentialAction\":[{\"@type\":\"SearchAction\",\"target\":{\"@type\":\"EntryPoint\",\"urlTemplate\":\"https:\/\/www.gaveanews.com\/?s={search_term_string}\"},\"query-input\":{\"@type\":\"PropertyValueSpecification\",\"valueRequired\":true,\"valueName\":\"search_term_string\"}}],\"inLanguage\":\"pt-BR\"},{\"@type\":\"Person\",\"@id\":\"https:\/\/www.gaveanews.com\/#\/schema\/person\/daf63eec72e1164eb13dc35096c2b8da\",\"name\":\"Paula Silva\",\"image\":{\"@type\":\"ImageObject\",\"inLanguage\":\"pt-BR\",\"@id\":\"https:\/\/www.gaveanews.com\/#\/schema\/person\/image\/\",\"url\":\"https:\/\/secure.gravatar.com\/avatar\/eda381c845527cc5d64c13b901833cda29d97500ba040d3e6461f76f51d163bb?s=96&d=mm&r=g\",\"contentUrl\":\"https:\/\/secure.gravatar.com\/avatar\/eda381c845527cc5d64c13b901833cda29d97500ba040d3e6461f76f51d163bb?s=96&d=mm&r=g\",\"caption\":\"Paula Silva\"}}]}<\/script>\n<!-- \/ Yoast SEO Premium plugin. -->","yoast_head_json":{"title":"Flamengo emite nota oficial sobre combate ao racismo","robots":{"index":"index","follow":"follow","max-snippet":"max-snippet:-1","max-image-preview":"max-image-preview:large","max-video-preview":"max-video-preview:-1"},"canonical":"https:\/\/www.gaveanews.com\/index.php\/2025\/04\/01\/flamengo-emite-nota-oficial-sobre-combate-ao-racismo\/","og_locale":"pt_BR","og_type":"article","og_title":"Flamengo emite nota oficial sobre combate ao racismo","og_description":"O Flamengo deu mais um passo no fortalecimento de seu posicionamento social. O presidente Luiz Eduardo Baptista, conhecido como Bap, enviou ao Conselho Deliberativo do clube uma proposta de emenda ao Estatuto Social com foco no combate ao racismo. A medida faz parte do plano de governo de sua candidatura \u00e0 presid\u00eancia. A proposta reconhece [&hellip;]","og_url":"https:\/\/www.gaveanews.com\/index.php\/2025\/04\/01\/flamengo-emite-nota-oficial-sobre-combate-ao-racismo\/","og_site_name":"G\u00e1vea News","article_publisher":"https:\/\/facebook.com\/gaveaNews\/","article_published_time":"2025-04-01T23:09:05+00:00","article_modified_time":"2025-04-01T23:09:08+00:00","og_image":[{"width":1200,"height":799,"url":"http:\/\/www.gaveanews.com\/wp-content\/uploads\/Centro-de-Treinamento-Ninho-do-Urubu.webp","type":"image\/jpeg"}],"author":"Paula Silva","twitter_card":"summary_large_image","twitter_misc":{"Escrito por":"Paula Silva","Est. tempo de leitura":"3 minutos"},"schema":{"@context":"https:\/\/schema.org","@graph":[{"@type":"NewsArticle","@id":"https:\/\/www.gaveanews.com\/index.php\/2025\/04\/01\/flamengo-emite-nota-oficial-sobre-combate-ao-racismo\/#article","isPartOf":{"@id":"https:\/\/www.gaveanews.com\/index.php\/2025\/04\/01\/flamengo-emite-nota-oficial-sobre-combate-ao-racismo\/"},"author":{"name":"Paula Silva","@id":"https:\/\/www.gaveanews.com\/#\/schema\/person\/daf63eec72e1164eb13dc35096c2b8da"},"headline":"Flamengo emite nota oficial sobre combate ao racismo","datePublished":"2025-04-01T23:09:05+00:00","dateModified":"2025-04-01T23:09:08+00:00","mainEntityOfPage":{"@id":"https:\/\/www.gaveanews.com\/index.php\/2025\/04\/01\/flamengo-emite-nota-oficial-sobre-combate-ao-racismo\/"},"wordCount":533,"commentCount":0,"image":{"@id":"https:\/\/www.gaveanews.com\/index.php\/2025\/04\/01\/flamengo-emite-nota-oficial-sobre-combate-ao-racismo\/#primaryimage"},"thumbnailUrl":"https:\/\/www.gaveanews.com\/wp-content\/uploads\/Centro-de-Treinamento-Ninho-do-Urubu.webp","articleSection":["Flamengo"],"inLanguage":"pt-BR","potentialAction":[{"@type":"CommentAction","name":"Comment","target":["https:\/\/www.gaveanews.com\/index.php\/2025\/04\/01\/flamengo-emite-nota-oficial-sobre-combate-ao-racismo\/#respond"]}],"copyrightYear":"2025","copyrightHolder":{"@id":"https:\/\/www.gaveanews.com\/#organization"}},{"@type":"WebPage","@id":"https:\/\/www.gaveanews.com\/index.php\/2025\/04\/01\/flamengo-emite-nota-oficial-sobre-combate-ao-racismo\/","url":"https:\/\/www.gaveanews.com\/index.php\/2025\/04\/01\/flamengo-emite-nota-oficial-sobre-combate-ao-racismo\/","name":"Flamengo emite nota oficial sobre combate ao racismo","isPartOf":{"@id":"https:\/\/www.gaveanews.com\/#website"},"primaryImageOfPage":{"@id":"https:\/\/www.gaveanews.com\/index.php\/2025\/04\/01\/flamengo-emite-nota-oficial-sobre-combate-ao-racismo\/#primaryimage"},"image":{"@id":"https:\/\/www.gaveanews.com\/index.php\/2025\/04\/01\/flamengo-emite-nota-oficial-sobre-combate-ao-racismo\/#primaryimage"},"thumbnailUrl":"https:\/\/www.gaveanews.com\/wp-content\/uploads\/Centro-de-Treinamento-Ninho-do-Urubu.webp","datePublished":"2025-04-01T23:09:05+00:00","dateModified":"2025-04-01T23:09:08+00:00","author":{"@id":"https:\/\/www.gaveanews.com\/#\/schema\/person\/daf63eec72e1164eb13dc35096c2b8da"},"breadcrumb":{"@id":"https:\/\/www.gaveanews.com\/index.php\/2025\/04\/01\/flamengo-emite-nota-oficial-sobre-combate-ao-racismo\/#breadcrumb"},"inLanguage":"pt-BR","potentialAction":[{"@type":"ReadAction","target":["https:\/\/www.gaveanews.com\/index.php\/2025\/04\/01\/flamengo-emite-nota-oficial-sobre-combate-ao-racismo\/"]}]},{"@type":"ImageObject","inLanguage":"pt-BR","@id":"https:\/\/www.gaveanews.com\/index.php\/2025\/04\/01\/flamengo-emite-nota-oficial-sobre-combate-ao-racismo\/#primaryimage","url":"https:\/\/www.gaveanews.com\/wp-content\/uploads\/Centro-de-Treinamento-Ninho-do-Urubu.webp","contentUrl":"https:\/\/www.gaveanews.com\/wp-content\/uploads\/Centro-de-Treinamento-Ninho-do-Urubu.webp","width":1200,"height":799,"caption":"Centro de Treinamento Ninho do Urubu - Foto: divulga\u00e7\u00e3o"},{"@type":"BreadcrumbList","@id":"https:\/\/www.gaveanews.com\/index.php\/2025\/04\/01\/flamengo-emite-nota-oficial-sobre-combate-ao-racismo\/#breadcrumb","itemListElement":[{"@type":"ListItem","position":1,"name":"Home","item":"https:\/\/www.gaveanews.com\/"},{"@type":"ListItem","position":2,"name":"Flamengo emite nota oficial sobre combate ao racismo"}]},{"@type":"WebSite","@id":"https:\/\/www.gaveanews.com\/#website","url":"https:\/\/www.gaveanews.com\/","name":"G\u00e1vea News","description":"Veja todas as not\u00edcias sobre o Flamengo: Contrata\u00e7\u00f5es, categorias de base, resultados das partidas, tabela de classifica\u00e7\u00e3o, pr\u00f3ximos jogos!","potentialAction":[{"@type":"SearchAction","target":{"@type":"EntryPoint","urlTemplate":"https:\/\/www.gaveanews.com\/?s={search_term_string}"},"query-input":{"@type":"PropertyValueSpecification","valueRequired":true,"valueName":"search_term_string"}}],"inLanguage":"pt-BR"},{"@type":"Person","@id":"https:\/\/www.gaveanews.com\/#\/schema\/person\/daf63eec72e1164eb13dc35096c2b8da","name":"Paula Silva","image":{"@type":"ImageObject","inLanguage":"pt-BR","@id":"https:\/\/www.gaveanews.com\/#\/schema\/person\/image\/","url":"https:\/\/secure.gravatar.com\/avatar\/eda381c845527cc5d64c13b901833cda29d97500ba040d3e6461f76f51d163bb?s=96&d=mm&r=g","contentUrl":"https:\/\/secure.gravatar.com\/avatar\/eda381c845527cc5d64c13b901833cda29d97500ba040d3e6461f76f51d163bb?s=96&d=mm&r=g","caption":"Paula Silva"}}]}},"_links":{"self":[{"href":"https:\/\/www.gaveanews.com\/index.php\/wp-json\/wp\/v2\/posts\/247761","targetHints":{"allow":["GET"]}}],"collection":[{"href":"https:\/\/www.gaveanews.com\/index.php\/wp-json\/wp\/v2\/posts"}],"about":[{"href":"https:\/\/www.gaveanews.com\/index.php\/wp-json\/wp\/v2\/types\/post"}],"author":[{"embeddable":true,"href":"https:\/\/www.gaveanews.com\/index.php\/wp-json\/wp\/v2\/users\/18"}],"replies":[{"embeddable":true,"href":"https:\/\/www.gaveanews.com\/index.php\/wp-json\/wp\/v2\/comments?post=247761"}],"version-history":[{"count":1,"href":"https:\/\/www.gaveanews.com\/index.php\/wp-json\/wp\/v2\/posts\/247761\/revisions"}],"predecessor-version":[{"id":247762,"href":"https:\/\/www.gaveanews.com\/index.php\/wp-json\/wp\/v2\/posts\/247761\/revisions\/247762"}],"wp:featuredmedia":[{"embeddable":true,"href":"https:\/\/www.gaveanews.com\/index.php\/wp-json\/wp\/v2\/media\/124518"}],"wp:attachment":[{"href":"https:\/\/www.gaveanews.com\/index.php\/wp-json\/wp\/v2\/media?parent=247761"}],"wp:term":[{"taxonomy":"category","embeddable":true,"href":"https:\/\/www.gaveanews.com\/index.php\/wp-json\/wp\/v2\/categories?post=247761"},{"taxonomy":"post_tag","embeddable":true,"href":"https:\/\/www.gaveanews.com\/index.php\/wp-json\/wp\/v2\/tags?post=247761"}],"curies":[{"name":"wp","href":"https:\/\/api.w.org\/{rel}","templated":true}]}}