{"id":247777,"date":"2025-04-01T21:55:00","date_gmt":"2025-04-02T00:55:00","guid":{"rendered":"https:\/\/www.gaveanews.com\/?p=247777"},"modified":"2025-04-01T21:06:37","modified_gmt":"2025-04-02T00:06:37","slug":"tiago-volpi-kannemann-rodrigo-ely-pavon-edenilson-amuzu-cristaldo-aravena-villasanti-braithwaite-jemerson-e-luan-candido-os-inscritos-do-gremio-na-sul-americana","status":"publish","type":"post","link":"https:\/\/www.gaveanews.com\/index.php\/2025\/04\/01\/tiago-volpi-kannemann-rodrigo-ely-pavon-edenilson-amuzu-cristaldo-aravena-villasanti-braithwaite-jemerson-e-luan-candido-os-inscritos-do-gremio-na-sul-americana\/","title":{"rendered":"Tiago Volpi, Kannemann, Rodrigo Ely, Pavon, Edenilson, Amuzu, Cristaldo, Aravena, Villasanti, Braithwaite, Jemerson e Luan C\u00e2ndido: os inscritos do Gr\u00eamio na Sul-Americana"},"content":{"rendered":"\n<p>A fase de grupos da Libertadores 2025 imp\u00f5e desafios log\u00edsticos consider\u00e1veis aos clubes brasileiros. Fortaleza, Flamengo e Botafogo, por exemplo, lideram a lista dos times que mais v\u00e3o viajar durante essa etapa. O Fortaleza, que ter\u00e1 compromissos no Chile, na Col\u00f4mbia e na Argentina, percorrer\u00e1 cerca de 24.670 km no total entre partidas de ida e volta.<\/p>\n\n\n\n<p>Logo atr\u00e1s, aparece o Flamengo. A equipe carioca enfrentar\u00e1 advers\u00e1rios na Venezuela, no Equador e na Argentina, totalizando 22.738 km. O Botafogo, por sua vez, tamb\u00e9m ultrapassar\u00e1 a marca dos 22 mil quil\u00f4metros. Os compromissos do clube incluem viagens ao Chile, \u00e0 Venezuela e \u00e0 Argentina.<\/p>\n\n\n\n<p>Enquanto isso, Palmeiras e S\u00e3o Paulo encaram trajetos mais curtos. O Tricolor paulista percorrer\u00e1 cerca de 13.260 km, enquanto o Verd\u00e3o tem previs\u00e3o de 13.900 km. Ambos est\u00e3o entre os clubes brasileiros que ter\u00e3o o menor volume de deslocamentos nesta fase inicial da competi\u00e7\u00e3o.<\/p>\n\n\n\n<p>Bahia e Internacional, que est\u00e3o no mesmo grupo, apresentam dist\u00e2ncias intermedi\u00e1rias. O clube baiano vai acumular 19.908 km, enquanto o time ga\u00facho ficar\u00e1 em 15.646 km. Para minimizar os impactos das viagens, o Internacional firmou parceria com uma companhia a\u00e9rea, a fim de facilitar o fretamento de voos. \u201cEssa estrutura \u00e9 fundamental para que possamos competir em alto n\u00edvel, mesmo diante de um calend\u00e1rio t\u00e3o exigente\u201d, afirmou o presidente Alessandro Barcellos.<\/p>\n\n\n\n<p>A primeira rodada da fase de grupos ser\u00e1 realizada entre ter\u00e7a-feira (01 de abril) e quinta-feira (03 de abril), e os confrontos seguir\u00e3o at\u00e9 o final de maio. Conforme o calend\u00e1rio divulgado, o sorteio das oitavas est\u00e1 previsto para quarta-feira (04 de junho), com a decis\u00e3o marcada para s\u00e1bado (29 de novembro).<\/p>\n\n\n\n<p>O Gr\u00eamio vai estrear na Copa Sul-Americana na quarta-feira (2), contra o Sportivo Luque\u00f1o, \u00e0s 21h30 (hor\u00e1rio de Bras\u00edlia). A partida ser\u00e1 disputada no Est\u00e1dio Defensores Del Chaco. <br><\/p>\n","protected":false},"excerpt":{"rendered":"<p>A fase de grupos da Libertadores 2025 imp\u00f5e desafios log\u00edsticos consider\u00e1veis aos clubes brasileiros. Fortaleza, Flamengo e Botafogo, por exemplo, lideram a lista dos times que mais v\u00e3o viajar durante essa etapa. O Fortaleza, que ter\u00e1 compromissos no Chile, na Col\u00f4mbia e na Argentina, percorrer\u00e1 cerca de 24.670 km no total entre partidas de ida [&hellip;]<\/p>\n","protected":false},"author":18,"featured_media":109516,"comment_status":"open","ping_status":"closed","sticky":false,"template":"","format":"standard","meta":{"footnotes":""},"categories":[147],"tags":[],"class_list":["post-247777","post","type-post","status-publish","format-standard","has-post-thumbnail","hentry","category-gremio"],"yoast_head":"<!-- This site is optimized with the Yoast SEO Premium plugin v24.2 (Yoast SEO v26.9) - https:\/\/yoast.com\/product\/yoast-seo-premium-wordpress\/ -->\n<title>Tiago Volpi, Kannemann, Rodrigo Ely, Pavon, Edenilson, Amuzu, Cristaldo, Aravena, Villasanti, Braithwaite, Jemerson e Luan C\u00e2ndido: os inscritos do Gr\u00eamio na Sul-Americana<\/title>\n<meta name=\"robots\" content=\"index, follow, max-snippet:-1, max-image-preview:large, max-video-preview:-1\" \/>\n<link rel=\"canonical\" href=\"https:\/\/www.gaveanews.com\/index.php\/2025\/04\/01\/tiago-volpi-kannemann-rodrigo-ely-pavon-edenilson-amuzu-cristaldo-aravena-villasanti-braithwaite-jemerson-e-luan-candido-os-inscritos-do-gremio-na-sul-americana\/\" \/>\n<meta property=\"og:locale\" content=\"pt_BR\" \/>\n<meta property=\"og:type\" content=\"article\" \/>\n<meta property=\"og:title\" content=\"Tiago Volpi, Kannemann, Rodrigo Ely, Pavon, Edenilson, Amuzu, Cristaldo, Aravena, Villasanti, Braithwaite, Jemerson e Luan C\u00e2ndido: os inscritos do Gr\u00eamio na Sul-Americana\" \/>\n<meta property=\"og:description\" content=\"A fase de grupos da Libertadores 2025 imp\u00f5e desafios log\u00edsticos consider\u00e1veis aos clubes brasileiros. Fortaleza, Flamengo e Botafogo, por exemplo, lideram a lista dos times que mais v\u00e3o viajar durante essa etapa. O Fortaleza, que ter\u00e1 compromissos no Chile, na Col\u00f4mbia e na Argentina, percorrer\u00e1 cerca de 24.670 km no total entre partidas de ida [&hellip;]\" \/>\n<meta property=\"og:url\" content=\"https:\/\/www.gaveanews.com\/index.php\/2025\/04\/01\/tiago-volpi-kannemann-rodrigo-ely-pavon-edenilson-amuzu-cristaldo-aravena-villasanti-braithwaite-jemerson-e-luan-candido-os-inscritos-do-gremio-na-sul-americana\/\" \/>\n<meta property=\"og:site_name\" content=\"G\u00e1vea News\" \/>\n<meta property=\"article:publisher\" content=\"https:\/\/facebook.com\/gaveaNews\/\" \/>\n<meta property=\"article:published_time\" content=\"2025-04-02T00:55:00+00:00\" \/>\n<meta property=\"og:image\" content=\"https:\/\/www.gaveanews.com\/wp-content\/uploads\/villasanti-gremio.webp\" \/>\n\t<meta property=\"og:image:width\" content=\"984\" \/>\n\t<meta property=\"og:image:height\" content=\"656\" \/>\n\t<meta property=\"og:image:type\" content=\"image\/webp\" \/>\n<meta name=\"author\" content=\"Paula Silva\" \/>\n<meta name=\"twitter:card\" content=\"summary_large_image\" \/>\n<meta name=\"twitter:label1\" content=\"Escrito por\" \/>\n\t<meta name=\"twitter:data1\" content=\"Paula Silva\" \/>\n\t<meta name=\"twitter:label2\" content=\"Est. tempo de leitura\" \/>\n\t<meta name=\"twitter:data2\" content=\"2 minutos\" \/>\n<script type=\"application\/ld+json\" class=\"yoast-schema-graph\">{\"@context\":\"https:\/\/schema.org\",\"@graph\":[{\"@type\":\"NewsArticle\",\"@id\":\"https:\/\/www.gaveanews.com\/index.php\/2025\/04\/01\/tiago-volpi-kannemann-rodrigo-ely-pavon-edenilson-amuzu-cristaldo-aravena-villasanti-braithwaite-jemerson-e-luan-candido-os-inscritos-do-gremio-na-sul-americana\/#article\",\"isPartOf\":{\"@id\":\"https:\/\/www.gaveanews.com\/index.php\/2025\/04\/01\/tiago-volpi-kannemann-rodrigo-ely-pavon-edenilson-amuzu-cristaldo-aravena-villasanti-braithwaite-jemerson-e-luan-candido-os-inscritos-do-gremio-na-sul-americana\/\"},\"author\":{\"name\":\"Paula Silva\",\"@id\":\"https:\/\/www.gaveanews.com\/#\/schema\/person\/daf63eec72e1164eb13dc35096c2b8da\"},\"headline\":\"Tiago Volpi, Kannemann, Rodrigo Ely, Pavon, Edenilson, Amuzu, Cristaldo, Aravena, Villasanti, Braithwaite, Jemerson e Luan C\u00e2ndido: os inscritos do Gr\u00eamio na Sul-Americana\",\"datePublished\":\"2025-04-02T00:55:00+00:00\",\"mainEntityOfPage\":{\"@id\":\"https:\/\/www.gaveanews.com\/index.php\/2025\/04\/01\/tiago-volpi-kannemann-rodrigo-ely-pavon-edenilson-amuzu-cristaldo-aravena-villasanti-braithwaite-jemerson-e-luan-candido-os-inscritos-do-gremio-na-sul-americana\/\"},\"wordCount\":339,\"commentCount\":0,\"image\":{\"@id\":\"https:\/\/www.gaveanews.com\/index.php\/2025\/04\/01\/tiago-volpi-kannemann-rodrigo-ely-pavon-edenilson-amuzu-cristaldo-aravena-villasanti-braithwaite-jemerson-e-luan-candido-os-inscritos-do-gremio-na-sul-americana\/#primaryimage\"},\"thumbnailUrl\":\"https:\/\/www.gaveanews.com\/wp-content\/uploads\/villasanti-gremio.webp\",\"articleSection\":[\"Gr\u00eamio\"],\"inLanguage\":\"pt-BR\",\"potentialAction\":[{\"@type\":\"CommentAction\",\"name\":\"Comment\",\"target\":[\"https:\/\/www.gaveanews.com\/index.php\/2025\/04\/01\/tiago-volpi-kannemann-rodrigo-ely-pavon-edenilson-amuzu-cristaldo-aravena-villasanti-braithwaite-jemerson-e-luan-candido-os-inscritos-do-gremio-na-sul-americana\/#respond\"]}],\"copyrightYear\":\"2025\",\"copyrightHolder\":{\"@id\":\"https:\/\/www.gaveanews.com\/#organization\"}},{\"@type\":\"WebPage\",\"@id\":\"https:\/\/www.gaveanews.com\/index.php\/2025\/04\/01\/tiago-volpi-kannemann-rodrigo-ely-pavon-edenilson-amuzu-cristaldo-aravena-villasanti-braithwaite-jemerson-e-luan-candido-os-inscritos-do-gremio-na-sul-americana\/\",\"url\":\"https:\/\/www.gaveanews.com\/index.php\/2025\/04\/01\/tiago-volpi-kannemann-rodrigo-ely-pavon-edenilson-amuzu-cristaldo-aravena-villasanti-braithwaite-jemerson-e-luan-candido-os-inscritos-do-gremio-na-sul-americana\/\",\"name\":\"Tiago Volpi, Kannemann, Rodrigo Ely, Pavon, Edenilson, Amuzu, Cristaldo, Aravena, Villasanti, Braithwaite, Jemerson e Luan C\u00e2ndido: os inscritos do Gr\u00eamio na Sul-Americana\",\"isPartOf\":{\"@id\":\"https:\/\/www.gaveanews.com\/#website\"},\"primaryImageOfPage\":{\"@id\":\"https:\/\/www.gaveanews.com\/index.php\/2025\/04\/01\/tiago-volpi-kannemann-rodrigo-ely-pavon-edenilson-amuzu-cristaldo-aravena-villasanti-braithwaite-jemerson-e-luan-candido-os-inscritos-do-gremio-na-sul-americana\/#primaryimage\"},\"image\":{\"@id\":\"https:\/\/www.gaveanews.com\/index.php\/2025\/04\/01\/tiago-volpi-kannemann-rodrigo-ely-pavon-edenilson-amuzu-cristaldo-aravena-villasanti-braithwaite-jemerson-e-luan-candido-os-inscritos-do-gremio-na-sul-americana\/#primaryimage\"},\"thumbnailUrl\":\"https:\/\/www.gaveanews.com\/wp-content\/uploads\/villasanti-gremio.webp\",\"datePublished\":\"2025-04-02T00:55:00+00:00\",\"author\":{\"@id\":\"https:\/\/www.gaveanews.com\/#\/schema\/person\/daf63eec72e1164eb13dc35096c2b8da\"},\"breadcrumb\":{\"@id\":\"https:\/\/www.gaveanews.com\/index.php\/2025\/04\/01\/tiago-volpi-kannemann-rodrigo-ely-pavon-edenilson-amuzu-cristaldo-aravena-villasanti-braithwaite-jemerson-e-luan-candido-os-inscritos-do-gremio-na-sul-americana\/#breadcrumb\"},\"inLanguage\":\"pt-BR\",\"potentialAction\":[{\"@type\":\"ReadAction\",\"target\":[\"https:\/\/www.gaveanews.com\/index.php\/2025\/04\/01\/tiago-volpi-kannemann-rodrigo-ely-pavon-edenilson-amuzu-cristaldo-aravena-villasanti-braithwaite-jemerson-e-luan-candido-os-inscritos-do-gremio-na-sul-americana\/\"]}]},{\"@type\":\"ImageObject\",\"inLanguage\":\"pt-BR\",\"@id\":\"https:\/\/www.gaveanews.com\/index.php\/2025\/04\/01\/tiago-volpi-kannemann-rodrigo-ely-pavon-edenilson-amuzu-cristaldo-aravena-villasanti-braithwaite-jemerson-e-luan-candido-os-inscritos-do-gremio-na-sul-americana\/#primaryimage\",\"url\":\"https:\/\/www.gaveanews.com\/wp-content\/uploads\/villasanti-gremio.webp\",\"contentUrl\":\"https:\/\/www.gaveanews.com\/wp-content\/uploads\/villasanti-gremio.webp\",\"width\":984,\"height\":656,\"caption\":\"Villasanti em a\u00e7\u00e3o pelo Gr\u00eamio (Foto: Lucas Uebel\/Gr\u00eamio FBPA)\"},{\"@type\":\"BreadcrumbList\",\"@id\":\"https:\/\/www.gaveanews.com\/index.php\/2025\/04\/01\/tiago-volpi-kannemann-rodrigo-ely-pavon-edenilson-amuzu-cristaldo-aravena-villasanti-braithwaite-jemerson-e-luan-candido-os-inscritos-do-gremio-na-sul-americana\/#breadcrumb\",\"itemListElement\":[{\"@type\":\"ListItem\",\"position\":1,\"name\":\"Home\",\"item\":\"https:\/\/www.gaveanews.com\/\"},{\"@type\":\"ListItem\",\"position\":2,\"name\":\"Tiago Volpi, Kannemann, Rodrigo Ely, Pavon, Edenilson, Amuzu, Cristaldo, Aravena, Villasanti, Braithwaite, Jemerson e Luan C\u00e2ndido: os inscritos do Gr\u00eamio na Sul-Americana\"}]},{\"@type\":\"WebSite\",\"@id\":\"https:\/\/www.gaveanews.com\/#website\",\"url\":\"https:\/\/www.gaveanews.com\/\",\"name\":\"G\u00e1vea News\",\"description\":\"Veja todas as not\u00edcias sobre o Flamengo: Contrata\u00e7\u00f5es, categorias de base, resultados das partidas, tabela de classifica\u00e7\u00e3o, pr\u00f3ximos jogos!\",\"potentialAction\":[{\"@type\":\"SearchAction\",\"target\":{\"@type\":\"EntryPoint\",\"urlTemplate\":\"https:\/\/www.gaveanews.com\/?s={search_term_string}\"},\"query-input\":{\"@type\":\"PropertyValueSpecification\",\"valueRequired\":true,\"valueName\":\"search_term_string\"}}],\"inLanguage\":\"pt-BR\"},{\"@type\":\"Person\",\"@id\":\"https:\/\/www.gaveanews.com\/#\/schema\/person\/daf63eec72e1164eb13dc35096c2b8da\",\"name\":\"Paula Silva\",\"image\":{\"@type\":\"ImageObject\",\"inLanguage\":\"pt-BR\",\"@id\":\"https:\/\/www.gaveanews.com\/#\/schema\/person\/image\/\",\"url\":\"https:\/\/secure.gravatar.com\/avatar\/eda381c845527cc5d64c13b901833cda29d97500ba040d3e6461f76f51d163bb?s=96&d=mm&r=g\",\"contentUrl\":\"https:\/\/secure.gravatar.com\/avatar\/eda381c845527cc5d64c13b901833cda29d97500ba040d3e6461f76f51d163bb?s=96&d=mm&r=g\",\"caption\":\"Paula Silva\"}}]}<\/script>\n<!-- \/ Yoast SEO Premium plugin. -->","yoast_head_json":{"title":"Tiago Volpi, Kannemann, Rodrigo Ely, Pavon, Edenilson, Amuzu, Cristaldo, Aravena, Villasanti, Braithwaite, Jemerson e Luan C\u00e2ndido: os inscritos do Gr\u00eamio na Sul-Americana","robots":{"index":"index","follow":"follow","max-snippet":"max-snippet:-1","max-image-preview":"max-image-preview:large","max-video-preview":"max-video-preview:-1"},"canonical":"https:\/\/www.gaveanews.com\/index.php\/2025\/04\/01\/tiago-volpi-kannemann-rodrigo-ely-pavon-edenilson-amuzu-cristaldo-aravena-villasanti-braithwaite-jemerson-e-luan-candido-os-inscritos-do-gremio-na-sul-americana\/","og_locale":"pt_BR","og_type":"article","og_title":"Tiago Volpi, Kannemann, Rodrigo Ely, Pavon, Edenilson, Amuzu, Cristaldo, Aravena, Villasanti, Braithwaite, Jemerson e Luan C\u00e2ndido: os inscritos do Gr\u00eamio na Sul-Americana","og_description":"A fase de grupos da Libertadores 2025 imp\u00f5e desafios log\u00edsticos consider\u00e1veis aos clubes brasileiros. Fortaleza, Flamengo e Botafogo, por exemplo, lideram a lista dos times que mais v\u00e3o viajar durante essa etapa. O Fortaleza, que ter\u00e1 compromissos no Chile, na Col\u00f4mbia e na Argentina, percorrer\u00e1 cerca de 24.670 km no total entre partidas de ida [&hellip;]","og_url":"https:\/\/www.gaveanews.com\/index.php\/2025\/04\/01\/tiago-volpi-kannemann-rodrigo-ely-pavon-edenilson-amuzu-cristaldo-aravena-villasanti-braithwaite-jemerson-e-luan-candido-os-inscritos-do-gremio-na-sul-americana\/","og_site_name":"G\u00e1vea News","article_publisher":"https:\/\/facebook.com\/gaveaNews\/","article_published_time":"2025-04-02T00:55:00+00:00","og_image":[{"width":984,"height":656,"url":"https:\/\/www.gaveanews.com\/wp-content\/uploads\/villasanti-gremio.webp","type":"image\/webp"}],"author":"Paula Silva","twitter_card":"summary_large_image","twitter_misc":{"Escrito por":"Paula Silva","Est. tempo de leitura":"2 minutos"},"schema":{"@context":"https:\/\/schema.org","@graph":[{"@type":"NewsArticle","@id":"https:\/\/www.gaveanews.com\/index.php\/2025\/04\/01\/tiago-volpi-kannemann-rodrigo-ely-pavon-edenilson-amuzu-cristaldo-aravena-villasanti-braithwaite-jemerson-e-luan-candido-os-inscritos-do-gremio-na-sul-americana\/#article","isPartOf":{"@id":"https:\/\/www.gaveanews.com\/index.php\/2025\/04\/01\/tiago-volpi-kannemann-rodrigo-ely-pavon-edenilson-amuzu-cristaldo-aravena-villasanti-braithwaite-jemerson-e-luan-candido-os-inscritos-do-gremio-na-sul-americana\/"},"author":{"name":"Paula Silva","@id":"https:\/\/www.gaveanews.com\/#\/schema\/person\/daf63eec72e1164eb13dc35096c2b8da"},"headline":"Tiago Volpi, Kannemann, Rodrigo Ely, Pavon, Edenilson, Amuzu, Cristaldo, Aravena, Villasanti, Braithwaite, Jemerson e Luan C\u00e2ndido: os inscritos do Gr\u00eamio na Sul-Americana","datePublished":"2025-04-02T00:55:00+00:00","mainEntityOfPage":{"@id":"https:\/\/www.gaveanews.com\/index.php\/2025\/04\/01\/tiago-volpi-kannemann-rodrigo-ely-pavon-edenilson-amuzu-cristaldo-aravena-villasanti-braithwaite-jemerson-e-luan-candido-os-inscritos-do-gremio-na-sul-americana\/"},"wordCount":339,"commentCount":0,"image":{"@id":"https:\/\/www.gaveanews.com\/index.php\/2025\/04\/01\/tiago-volpi-kannemann-rodrigo-ely-pavon-edenilson-amuzu-cristaldo-aravena-villasanti-braithwaite-jemerson-e-luan-candido-os-inscritos-do-gremio-na-sul-americana\/#primaryimage"},"thumbnailUrl":"https:\/\/www.gaveanews.com\/wp-content\/uploads\/villasanti-gremio.webp","articleSection":["Gr\u00eamio"],"inLanguage":"pt-BR","potentialAction":[{"@type":"CommentAction","name":"Comment","target":["https:\/\/www.gaveanews.com\/index.php\/2025\/04\/01\/tiago-volpi-kannemann-rodrigo-ely-pavon-edenilson-amuzu-cristaldo-aravena-villasanti-braithwaite-jemerson-e-luan-candido-os-inscritos-do-gremio-na-sul-americana\/#respond"]}],"copyrightYear":"2025","copyrightHolder":{"@id":"https:\/\/www.gaveanews.com\/#organization"}},{"@type":"WebPage","@id":"https:\/\/www.gaveanews.com\/index.php\/2025\/04\/01\/tiago-volpi-kannemann-rodrigo-ely-pavon-edenilson-amuzu-cristaldo-aravena-villasanti-braithwaite-jemerson-e-luan-candido-os-inscritos-do-gremio-na-sul-americana\/","url":"https:\/\/www.gaveanews.com\/index.php\/2025\/04\/01\/tiago-volpi-kannemann-rodrigo-ely-pavon-edenilson-amuzu-cristaldo-aravena-villasanti-braithwaite-jemerson-e-luan-candido-os-inscritos-do-gremio-na-sul-americana\/","name":"Tiago Volpi, Kannemann, Rodrigo Ely, Pavon, Edenilson, Amuzu, Cristaldo, Aravena, Villasanti, Braithwaite, Jemerson e Luan C\u00e2ndido: os inscritos do Gr\u00eamio na Sul-Americana","isPartOf":{"@id":"https:\/\/www.gaveanews.com\/#website"},"primaryImageOfPage":{"@id":"https:\/\/www.gaveanews.com\/index.php\/2025\/04\/01\/tiago-volpi-kannemann-rodrigo-ely-pavon-edenilson-amuzu-cristaldo-aravena-villasanti-braithwaite-jemerson-e-luan-candido-os-inscritos-do-gremio-na-sul-americana\/#primaryimage"},"image":{"@id":"https:\/\/www.gaveanews.com\/index.php\/2025\/04\/01\/tiago-volpi-kannemann-rodrigo-ely-pavon-edenilson-amuzu-cristaldo-aravena-villasanti-braithwaite-jemerson-e-luan-candido-os-inscritos-do-gremio-na-sul-americana\/#primaryimage"},"thumbnailUrl":"https:\/\/www.gaveanews.com\/wp-content\/uploads\/villasanti-gremio.webp","datePublished":"2025-04-02T00:55:00+00:00","author":{"@id":"https:\/\/www.gaveanews.com\/#\/schema\/person\/daf63eec72e1164eb13dc35096c2b8da"},"breadcrumb":{"@id":"https:\/\/www.gaveanews.com\/index.php\/2025\/04\/01\/tiago-volpi-kannemann-rodrigo-ely-pavon-edenilson-amuzu-cristaldo-aravena-villasanti-braithwaite-jemerson-e-luan-candido-os-inscritos-do-gremio-na-sul-americana\/#breadcrumb"},"inLanguage":"pt-BR","potentialAction":[{"@type":"ReadAction","target":["https:\/\/www.gaveanews.com\/index.php\/2025\/04\/01\/tiago-volpi-kannemann-rodrigo-ely-pavon-edenilson-amuzu-cristaldo-aravena-villasanti-braithwaite-jemerson-e-luan-candido-os-inscritos-do-gremio-na-sul-americana\/"]}]},{"@type":"ImageObject","inLanguage":"pt-BR","@id":"https:\/\/www.gaveanews.com\/index.php\/2025\/04\/01\/tiago-volpi-kannemann-rodrigo-ely-pavon-edenilson-amuzu-cristaldo-aravena-villasanti-braithwaite-jemerson-e-luan-candido-os-inscritos-do-gremio-na-sul-americana\/#primaryimage","url":"https:\/\/www.gaveanews.com\/wp-content\/uploads\/villasanti-gremio.webp","contentUrl":"https:\/\/www.gaveanews.com\/wp-content\/uploads\/villasanti-gremio.webp","width":984,"height":656,"caption":"Villasanti em a\u00e7\u00e3o pelo Gr\u00eamio (Foto: Lucas Uebel\/Gr\u00eamio FBPA)"},{"@type":"BreadcrumbList","@id":"https:\/\/www.gaveanews.com\/index.php\/2025\/04\/01\/tiago-volpi-kannemann-rodrigo-ely-pavon-edenilson-amuzu-cristaldo-aravena-villasanti-braithwaite-jemerson-e-luan-candido-os-inscritos-do-gremio-na-sul-americana\/#breadcrumb","itemListElement":[{"@type":"ListItem","position":1,"name":"Home","item":"https:\/\/www.gaveanews.com\/"},{"@type":"ListItem","position":2,"name":"Tiago Volpi, Kannemann, Rodrigo Ely, Pavon, Edenilson, Amuzu, Cristaldo, Aravena, Villasanti, Braithwaite, Jemerson e Luan C\u00e2ndido: os inscritos do Gr\u00eamio na Sul-Americana"}]},{"@type":"WebSite","@id":"https:\/\/www.gaveanews.com\/#website","url":"https:\/\/www.gaveanews.com\/","name":"G\u00e1vea News","description":"Veja todas as not\u00edcias sobre o Flamengo: Contrata\u00e7\u00f5es, categorias de base, resultados das partidas, tabela de classifica\u00e7\u00e3o, pr\u00f3ximos jogos!","potentialAction":[{"@type":"SearchAction","target":{"@type":"EntryPoint","urlTemplate":"https:\/\/www.gaveanews.com\/?s={search_term_string}"},"query-input":{"@type":"PropertyValueSpecification","valueRequired":true,"valueName":"search_term_string"}}],"inLanguage":"pt-BR"},{"@type":"Person","@id":"https:\/\/www.gaveanews.com\/#\/schema\/person\/daf63eec72e1164eb13dc35096c2b8da","name":"Paula Silva","image":{"@type":"ImageObject","inLanguage":"pt-BR","@id":"https:\/\/www.gaveanews.com\/#\/schema\/person\/image\/","url":"https:\/\/secure.gravatar.com\/avatar\/eda381c845527cc5d64c13b901833cda29d97500ba040d3e6461f76f51d163bb?s=96&d=mm&r=g","contentUrl":"https:\/\/secure.gravatar.com\/avatar\/eda381c845527cc5d64c13b901833cda29d97500ba040d3e6461f76f51d163bb?s=96&d=mm&r=g","caption":"Paula Silva"}}]}},"_links":{"self":[{"href":"https:\/\/www.gaveanews.com\/index.php\/wp-json\/wp\/v2\/posts\/247777","targetHints":{"allow":["GET"]}}],"collection":[{"href":"https:\/\/www.gaveanews.com\/index.php\/wp-json\/wp\/v2\/posts"}],"about":[{"href":"https:\/\/www.gaveanews.com\/index.php\/wp-json\/wp\/v2\/types\/post"}],"author":[{"embeddable":true,"href":"https:\/\/www.gaveanews.com\/index.php\/wp-json\/wp\/v2\/users\/18"}],"replies":[{"embeddable":true,"href":"https:\/\/www.gaveanews.com\/index.php\/wp-json\/wp\/v2\/comments?post=247777"}],"version-history":[{"count":1,"href":"https:\/\/www.gaveanews.com\/index.php\/wp-json\/wp\/v2\/posts\/247777\/revisions"}],"predecessor-version":[{"id":247778,"href":"https:\/\/www.gaveanews.com\/index.php\/wp-json\/wp\/v2\/posts\/247777\/revisions\/247778"}],"wp:featuredmedia":[{"embeddable":true,"href":"https:\/\/www.gaveanews.com\/index.php\/wp-json\/wp\/v2\/media\/109516"}],"wp:attachment":[{"href":"https:\/\/www.gaveanews.com\/index.php\/wp-json\/wp\/v2\/media?parent=247777"}],"wp:term":[{"taxonomy":"category","embeddable":true,"href":"https:\/\/www.gaveanews.com\/index.php\/wp-json\/wp\/v2\/categories?post=247777"},{"taxonomy":"post_tag","embeddable":true,"href":"https:\/\/www.gaveanews.com\/index.php\/wp-json\/wp\/v2\/tags?post=247777"}],"curies":[{"name":"wp","href":"https:\/\/api.w.org\/{rel}","templated":true}]}}