{"id":247787,"date":"2025-04-01T22:15:00","date_gmt":"2025-04-02T01:15:00","guid":{"rendered":"https:\/\/www.gaveanews.com\/?p=247787"},"modified":"2025-04-01T21:17:58","modified_gmt":"2025-04-02T00:17:58","slug":"jogo-do-cruzeiro-e-marcado-por-atitude-lamentavel-antes-da-bola-comecar-a-rolar","status":"publish","type":"post","link":"https:\/\/www.gaveanews.com\/index.php\/2025\/04\/01\/jogo-do-cruzeiro-e-marcado-por-atitude-lamentavel-antes-da-bola-comecar-a-rolar\/","title":{"rendered":"Jogo do Cruzeiro \u00e9 marcado por atitude lament\u00e1vel antes da bola come\u00e7ar a rolar"},"content":{"rendered":"\n<p>Na v\u00e9spera do confronto entre Uni\u00f3n e Cruzeiro, pela Copa Sul-Americana, que terminou com vit\u00f3ria dos donos da casa por 1 a 0, o clube argentino divulgou uma campanha antirracista. A a\u00e7\u00e3o, promovida nas redes sociais do Uni\u00f3n de Santa Fe, buscava refor\u00e7ar uma mensagem de uni\u00e3o e respeito entre os povos. No entanto, a iniciativa foi alvo de coment\u00e1rios preconceituosos por parte de torcedores argentinos.<\/p>\n\n\n\n<p>Diversos perfis responderam \u00e0 publica\u00e7\u00e3o oficial do clube com ofensas de cunho racista. Um usu\u00e1rio, por exemplo, utilizou uma imagem de macaco como foto de perfil e comentou com um cacho de bananas: \u201cE agora, o que fa\u00e7o com as bananas que comprei?\u201d. Outro respondeu a uma anima\u00e7\u00e3o de Lucas Romero comemorando gol com emojis de banana e macacos.<\/p>\n\n\n\n<p>Ali\u00e1s, entre os coment\u00e1rios ofensivos, destacam-se tamb\u00e9m frases diretas contra os atletas brasileiros. Um internauta escreveu: \u201cN\u00e3o me importam os negros, ganhem\u201d. J\u00e1 outro se referiu ao atacante Gabigol com a seguinte amea\u00e7a: \u201cNo primeiro toque de Gabigol, o menor insulto ser\u00e1 (emoji de gorila)\u201d.<\/p>\n\n\n\n<p>As manifesta\u00e7\u00f5es racistas n\u00e3o ficaram restritas ao Instagram do Uni\u00f3n. No canal oficial do clube no WhatsApp, onde a mesma mensagem foi compartilhada, os coment\u00e1rios seguiram o mesmo padr\u00e3o, com uso de emojis depreciativos, como gorilas, bananas e macacos.<\/p>\n\n\n\n<p>Conforme observado em outras ocasi\u00f5es, epis\u00f3dios semelhantes t\u00eam ocorrido com frequ\u00eancia em jogos de clubes brasileiros na Am\u00e9rica do Sul. Assim, campanhas de combate ao racismo t\u00eam sido cada vez mais comuns nos dias que antecedem essas partidas internacionais.<\/p>\n\n\n\n<p>A campanha lan\u00e7ada pelo Uni\u00f3n trazia a frase: \u201cUni\u00e3o une, o racismo divide. Demos o exemplo #N\u00e3oAoRacismo\u201d. Contudo, a repercuss\u00e3o negativa acabou ofuscando a inten\u00e7\u00e3o da iniciativa, revelando a persist\u00eancia de um problema estrutural que ainda afeta o futebol sul-americano.<\/p>\n","protected":false},"excerpt":{"rendered":"<p>Na v\u00e9spera do confronto entre Uni\u00f3n e Cruzeiro, pela Copa Sul-Americana, que terminou com vit\u00f3ria dos donos da casa por 1 a 0, o clube argentino divulgou uma campanha antirracista. A a\u00e7\u00e3o, promovida nas redes sociais do Uni\u00f3n de Santa Fe, buscava refor\u00e7ar uma mensagem de uni\u00e3o e respeito entre os povos. No entanto, a [&hellip;]<\/p>\n","protected":false},"author":18,"featured_media":175601,"comment_status":"open","ping_status":"closed","sticky":false,"template":"","format":"standard","meta":{"footnotes":""},"categories":[143],"tags":[],"class_list":["post-247787","post","type-post","status-publish","format-standard","has-post-thumbnail","hentry","category-cruzeiro"],"yoast_head":"<!-- This site is optimized with the Yoast SEO Premium plugin v24.2 (Yoast SEO v26.9) - https:\/\/yoast.com\/product\/yoast-seo-premium-wordpress\/ -->\n<title>Jogo do Cruzeiro \u00e9 marcado por atitude lament\u00e1vel antes da bola come\u00e7ar a rolar<\/title>\n<meta name=\"robots\" content=\"index, follow, max-snippet:-1, max-image-preview:large, max-video-preview:-1\" \/>\n<link rel=\"canonical\" href=\"https:\/\/www.gaveanews.com\/index.php\/2025\/04\/01\/jogo-do-cruzeiro-e-marcado-por-atitude-lamentavel-antes-da-bola-comecar-a-rolar\/\" \/>\n<meta property=\"og:locale\" content=\"pt_BR\" \/>\n<meta property=\"og:type\" content=\"article\" \/>\n<meta property=\"og:title\" content=\"Jogo do Cruzeiro \u00e9 marcado por atitude lament\u00e1vel antes da bola come\u00e7ar a rolar\" \/>\n<meta property=\"og:description\" content=\"Na v\u00e9spera do confronto entre Uni\u00f3n e Cruzeiro, pela Copa Sul-Americana, que terminou com vit\u00f3ria dos donos da casa por 1 a 0, o clube argentino divulgou uma campanha antirracista. A a\u00e7\u00e3o, promovida nas redes sociais do Uni\u00f3n de Santa Fe, buscava refor\u00e7ar uma mensagem de uni\u00e3o e respeito entre os povos. No entanto, a [&hellip;]\" \/>\n<meta property=\"og:url\" content=\"https:\/\/www.gaveanews.com\/index.php\/2025\/04\/01\/jogo-do-cruzeiro-e-marcado-por-atitude-lamentavel-antes-da-bola-comecar-a-rolar\/\" \/>\n<meta property=\"og:site_name\" content=\"G\u00e1vea News\" \/>\n<meta property=\"article:publisher\" content=\"https:\/\/facebook.com\/gaveaNews\/\" \/>\n<meta property=\"article:published_time\" content=\"2025-04-02T01:15:00+00:00\" \/>\n<meta property=\"og:image\" content=\"https:\/\/www.gaveanews.com\/wp-content\/uploads\/Bandeira-do-Cruzeiro.webp\" \/>\n\t<meta property=\"og:image:width\" content=\"1062\" \/>\n\t<meta property=\"og:image:height\" content=\"708\" \/>\n\t<meta property=\"og:image:type\" content=\"image\/webp\" \/>\n<meta name=\"author\" content=\"Paula Silva\" \/>\n<meta name=\"twitter:card\" content=\"summary_large_image\" \/>\n<meta name=\"twitter:label1\" content=\"Escrito por\" \/>\n\t<meta name=\"twitter:data1\" content=\"Paula Silva\" \/>\n\t<meta name=\"twitter:label2\" content=\"Est. tempo de leitura\" \/>\n\t<meta name=\"twitter:data2\" content=\"2 minutos\" \/>\n<script type=\"application\/ld+json\" class=\"yoast-schema-graph\">{\"@context\":\"https:\/\/schema.org\",\"@graph\":[{\"@type\":\"NewsArticle\",\"@id\":\"https:\/\/www.gaveanews.com\/index.php\/2025\/04\/01\/jogo-do-cruzeiro-e-marcado-por-atitude-lamentavel-antes-da-bola-comecar-a-rolar\/#article\",\"isPartOf\":{\"@id\":\"https:\/\/www.gaveanews.com\/index.php\/2025\/04\/01\/jogo-do-cruzeiro-e-marcado-por-atitude-lamentavel-antes-da-bola-comecar-a-rolar\/\"},\"author\":{\"name\":\"Paula Silva\",\"@id\":\"https:\/\/www.gaveanews.com\/#\/schema\/person\/daf63eec72e1164eb13dc35096c2b8da\"},\"headline\":\"Jogo do Cruzeiro \u00e9 marcado por atitude lament\u00e1vel antes da bola come\u00e7ar a rolar\",\"datePublished\":\"2025-04-02T01:15:00+00:00\",\"mainEntityOfPage\":{\"@id\":\"https:\/\/www.gaveanews.com\/index.php\/2025\/04\/01\/jogo-do-cruzeiro-e-marcado-por-atitude-lamentavel-antes-da-bola-comecar-a-rolar\/\"},\"wordCount\":335,\"commentCount\":0,\"image\":{\"@id\":\"https:\/\/www.gaveanews.com\/index.php\/2025\/04\/01\/jogo-do-cruzeiro-e-marcado-por-atitude-lamentavel-antes-da-bola-comecar-a-rolar\/#primaryimage\"},\"thumbnailUrl\":\"https:\/\/www.gaveanews.com\/wp-content\/uploads\/Bandeira-do-Cruzeiro.webp\",\"articleSection\":[\"Cruzeiro\"],\"inLanguage\":\"pt-BR\",\"potentialAction\":[{\"@type\":\"CommentAction\",\"name\":\"Comment\",\"target\":[\"https:\/\/www.gaveanews.com\/index.php\/2025\/04\/01\/jogo-do-cruzeiro-e-marcado-por-atitude-lamentavel-antes-da-bola-comecar-a-rolar\/#respond\"]}],\"copyrightYear\":\"2025\",\"copyrightHolder\":{\"@id\":\"https:\/\/www.gaveanews.com\/#organization\"}},{\"@type\":\"WebPage\",\"@id\":\"https:\/\/www.gaveanews.com\/index.php\/2025\/04\/01\/jogo-do-cruzeiro-e-marcado-por-atitude-lamentavel-antes-da-bola-comecar-a-rolar\/\",\"url\":\"https:\/\/www.gaveanews.com\/index.php\/2025\/04\/01\/jogo-do-cruzeiro-e-marcado-por-atitude-lamentavel-antes-da-bola-comecar-a-rolar\/\",\"name\":\"Jogo do Cruzeiro \u00e9 marcado por atitude lament\u00e1vel antes da bola come\u00e7ar a rolar\",\"isPartOf\":{\"@id\":\"https:\/\/www.gaveanews.com\/#website\"},\"primaryImageOfPage\":{\"@id\":\"https:\/\/www.gaveanews.com\/index.php\/2025\/04\/01\/jogo-do-cruzeiro-e-marcado-por-atitude-lamentavel-antes-da-bola-comecar-a-rolar\/#primaryimage\"},\"image\":{\"@id\":\"https:\/\/www.gaveanews.com\/index.php\/2025\/04\/01\/jogo-do-cruzeiro-e-marcado-por-atitude-lamentavel-antes-da-bola-comecar-a-rolar\/#primaryimage\"},\"thumbnailUrl\":\"https:\/\/www.gaveanews.com\/wp-content\/uploads\/Bandeira-do-Cruzeiro.webp\",\"datePublished\":\"2025-04-02T01:15:00+00:00\",\"author\":{\"@id\":\"https:\/\/www.gaveanews.com\/#\/schema\/person\/daf63eec72e1164eb13dc35096c2b8da\"},\"breadcrumb\":{\"@id\":\"https:\/\/www.gaveanews.com\/index.php\/2025\/04\/01\/jogo-do-cruzeiro-e-marcado-por-atitude-lamentavel-antes-da-bola-comecar-a-rolar\/#breadcrumb\"},\"inLanguage\":\"pt-BR\",\"potentialAction\":[{\"@type\":\"ReadAction\",\"target\":[\"https:\/\/www.gaveanews.com\/index.php\/2025\/04\/01\/jogo-do-cruzeiro-e-marcado-por-atitude-lamentavel-antes-da-bola-comecar-a-rolar\/\"]}]},{\"@type\":\"ImageObject\",\"inLanguage\":\"pt-BR\",\"@id\":\"https:\/\/www.gaveanews.com\/index.php\/2025\/04\/01\/jogo-do-cruzeiro-e-marcado-por-atitude-lamentavel-antes-da-bola-comecar-a-rolar\/#primaryimage\",\"url\":\"https:\/\/www.gaveanews.com\/wp-content\/uploads\/Bandeira-do-Cruzeiro.webp\",\"contentUrl\":\"https:\/\/www.gaveanews.com\/wp-content\/uploads\/Bandeira-do-Cruzeiro.webp\",\"width\":1062,\"height\":708,\"caption\":\"Bandeira do Cruzeiro (Foto: Reprodu\u00e7\u00e3o\/Cruzeiro)\"},{\"@type\":\"BreadcrumbList\",\"@id\":\"https:\/\/www.gaveanews.com\/index.php\/2025\/04\/01\/jogo-do-cruzeiro-e-marcado-por-atitude-lamentavel-antes-da-bola-comecar-a-rolar\/#breadcrumb\",\"itemListElement\":[{\"@type\":\"ListItem\",\"position\":1,\"name\":\"Home\",\"item\":\"https:\/\/www.gaveanews.com\/\"},{\"@type\":\"ListItem\",\"position\":2,\"name\":\"Jogo do Cruzeiro \u00e9 marcado por atitude lament\u00e1vel antes da bola come\u00e7ar a rolar\"}]},{\"@type\":\"WebSite\",\"@id\":\"https:\/\/www.gaveanews.com\/#website\",\"url\":\"https:\/\/www.gaveanews.com\/\",\"name\":\"G\u00e1vea News\",\"description\":\"Veja todas as not\u00edcias sobre o Flamengo: Contrata\u00e7\u00f5es, categorias de base, resultados das partidas, tabela de classifica\u00e7\u00e3o, pr\u00f3ximos jogos!\",\"potentialAction\":[{\"@type\":\"SearchAction\",\"target\":{\"@type\":\"EntryPoint\",\"urlTemplate\":\"https:\/\/www.gaveanews.com\/?s={search_term_string}\"},\"query-input\":{\"@type\":\"PropertyValueSpecification\",\"valueRequired\":true,\"valueName\":\"search_term_string\"}}],\"inLanguage\":\"pt-BR\"},{\"@type\":\"Person\",\"@id\":\"https:\/\/www.gaveanews.com\/#\/schema\/person\/daf63eec72e1164eb13dc35096c2b8da\",\"name\":\"Paula Silva\",\"image\":{\"@type\":\"ImageObject\",\"inLanguage\":\"pt-BR\",\"@id\":\"https:\/\/www.gaveanews.com\/#\/schema\/person\/image\/\",\"url\":\"https:\/\/secure.gravatar.com\/avatar\/eda381c845527cc5d64c13b901833cda29d97500ba040d3e6461f76f51d163bb?s=96&d=mm&r=g\",\"contentUrl\":\"https:\/\/secure.gravatar.com\/avatar\/eda381c845527cc5d64c13b901833cda29d97500ba040d3e6461f76f51d163bb?s=96&d=mm&r=g\",\"caption\":\"Paula Silva\"}}]}<\/script>\n<!-- \/ Yoast SEO Premium plugin. -->","yoast_head_json":{"title":"Jogo do Cruzeiro \u00e9 marcado por atitude lament\u00e1vel antes da bola come\u00e7ar a rolar","robots":{"index":"index","follow":"follow","max-snippet":"max-snippet:-1","max-image-preview":"max-image-preview:large","max-video-preview":"max-video-preview:-1"},"canonical":"https:\/\/www.gaveanews.com\/index.php\/2025\/04\/01\/jogo-do-cruzeiro-e-marcado-por-atitude-lamentavel-antes-da-bola-comecar-a-rolar\/","og_locale":"pt_BR","og_type":"article","og_title":"Jogo do Cruzeiro \u00e9 marcado por atitude lament\u00e1vel antes da bola come\u00e7ar a rolar","og_description":"Na v\u00e9spera do confronto entre Uni\u00f3n e Cruzeiro, pela Copa Sul-Americana, que terminou com vit\u00f3ria dos donos da casa por 1 a 0, o clube argentino divulgou uma campanha antirracista. A a\u00e7\u00e3o, promovida nas redes sociais do Uni\u00f3n de Santa Fe, buscava refor\u00e7ar uma mensagem de uni\u00e3o e respeito entre os povos. No entanto, a [&hellip;]","og_url":"https:\/\/www.gaveanews.com\/index.php\/2025\/04\/01\/jogo-do-cruzeiro-e-marcado-por-atitude-lamentavel-antes-da-bola-comecar-a-rolar\/","og_site_name":"G\u00e1vea News","article_publisher":"https:\/\/facebook.com\/gaveaNews\/","article_published_time":"2025-04-02T01:15:00+00:00","og_image":[{"width":1062,"height":708,"url":"https:\/\/www.gaveanews.com\/wp-content\/uploads\/Bandeira-do-Cruzeiro.webp","type":"image\/webp"}],"author":"Paula Silva","twitter_card":"summary_large_image","twitter_misc":{"Escrito por":"Paula Silva","Est. tempo de leitura":"2 minutos"},"schema":{"@context":"https:\/\/schema.org","@graph":[{"@type":"NewsArticle","@id":"https:\/\/www.gaveanews.com\/index.php\/2025\/04\/01\/jogo-do-cruzeiro-e-marcado-por-atitude-lamentavel-antes-da-bola-comecar-a-rolar\/#article","isPartOf":{"@id":"https:\/\/www.gaveanews.com\/index.php\/2025\/04\/01\/jogo-do-cruzeiro-e-marcado-por-atitude-lamentavel-antes-da-bola-comecar-a-rolar\/"},"author":{"name":"Paula Silva","@id":"https:\/\/www.gaveanews.com\/#\/schema\/person\/daf63eec72e1164eb13dc35096c2b8da"},"headline":"Jogo do Cruzeiro \u00e9 marcado por atitude lament\u00e1vel antes da bola come\u00e7ar a rolar","datePublished":"2025-04-02T01:15:00+00:00","mainEntityOfPage":{"@id":"https:\/\/www.gaveanews.com\/index.php\/2025\/04\/01\/jogo-do-cruzeiro-e-marcado-por-atitude-lamentavel-antes-da-bola-comecar-a-rolar\/"},"wordCount":335,"commentCount":0,"image":{"@id":"https:\/\/www.gaveanews.com\/index.php\/2025\/04\/01\/jogo-do-cruzeiro-e-marcado-por-atitude-lamentavel-antes-da-bola-comecar-a-rolar\/#primaryimage"},"thumbnailUrl":"https:\/\/www.gaveanews.com\/wp-content\/uploads\/Bandeira-do-Cruzeiro.webp","articleSection":["Cruzeiro"],"inLanguage":"pt-BR","potentialAction":[{"@type":"CommentAction","name":"Comment","target":["https:\/\/www.gaveanews.com\/index.php\/2025\/04\/01\/jogo-do-cruzeiro-e-marcado-por-atitude-lamentavel-antes-da-bola-comecar-a-rolar\/#respond"]}],"copyrightYear":"2025","copyrightHolder":{"@id":"https:\/\/www.gaveanews.com\/#organization"}},{"@type":"WebPage","@id":"https:\/\/www.gaveanews.com\/index.php\/2025\/04\/01\/jogo-do-cruzeiro-e-marcado-por-atitude-lamentavel-antes-da-bola-comecar-a-rolar\/","url":"https:\/\/www.gaveanews.com\/index.php\/2025\/04\/01\/jogo-do-cruzeiro-e-marcado-por-atitude-lamentavel-antes-da-bola-comecar-a-rolar\/","name":"Jogo do Cruzeiro \u00e9 marcado por atitude lament\u00e1vel antes da bola come\u00e7ar a rolar","isPartOf":{"@id":"https:\/\/www.gaveanews.com\/#website"},"primaryImageOfPage":{"@id":"https:\/\/www.gaveanews.com\/index.php\/2025\/04\/01\/jogo-do-cruzeiro-e-marcado-por-atitude-lamentavel-antes-da-bola-comecar-a-rolar\/#primaryimage"},"image":{"@id":"https:\/\/www.gaveanews.com\/index.php\/2025\/04\/01\/jogo-do-cruzeiro-e-marcado-por-atitude-lamentavel-antes-da-bola-comecar-a-rolar\/#primaryimage"},"thumbnailUrl":"https:\/\/www.gaveanews.com\/wp-content\/uploads\/Bandeira-do-Cruzeiro.webp","datePublished":"2025-04-02T01:15:00+00:00","author":{"@id":"https:\/\/www.gaveanews.com\/#\/schema\/person\/daf63eec72e1164eb13dc35096c2b8da"},"breadcrumb":{"@id":"https:\/\/www.gaveanews.com\/index.php\/2025\/04\/01\/jogo-do-cruzeiro-e-marcado-por-atitude-lamentavel-antes-da-bola-comecar-a-rolar\/#breadcrumb"},"inLanguage":"pt-BR","potentialAction":[{"@type":"ReadAction","target":["https:\/\/www.gaveanews.com\/index.php\/2025\/04\/01\/jogo-do-cruzeiro-e-marcado-por-atitude-lamentavel-antes-da-bola-comecar-a-rolar\/"]}]},{"@type":"ImageObject","inLanguage":"pt-BR","@id":"https:\/\/www.gaveanews.com\/index.php\/2025\/04\/01\/jogo-do-cruzeiro-e-marcado-por-atitude-lamentavel-antes-da-bola-comecar-a-rolar\/#primaryimage","url":"https:\/\/www.gaveanews.com\/wp-content\/uploads\/Bandeira-do-Cruzeiro.webp","contentUrl":"https:\/\/www.gaveanews.com\/wp-content\/uploads\/Bandeira-do-Cruzeiro.webp","width":1062,"height":708,"caption":"Bandeira do Cruzeiro (Foto: Reprodu\u00e7\u00e3o\/Cruzeiro)"},{"@type":"BreadcrumbList","@id":"https:\/\/www.gaveanews.com\/index.php\/2025\/04\/01\/jogo-do-cruzeiro-e-marcado-por-atitude-lamentavel-antes-da-bola-comecar-a-rolar\/#breadcrumb","itemListElement":[{"@type":"ListItem","position":1,"name":"Home","item":"https:\/\/www.gaveanews.com\/"},{"@type":"ListItem","position":2,"name":"Jogo do Cruzeiro \u00e9 marcado por atitude lament\u00e1vel antes da bola come\u00e7ar a rolar"}]},{"@type":"WebSite","@id":"https:\/\/www.gaveanews.com\/#website","url":"https:\/\/www.gaveanews.com\/","name":"G\u00e1vea News","description":"Veja todas as not\u00edcias sobre o Flamengo: Contrata\u00e7\u00f5es, categorias de base, resultados das partidas, tabela de classifica\u00e7\u00e3o, pr\u00f3ximos jogos!","potentialAction":[{"@type":"SearchAction","target":{"@type":"EntryPoint","urlTemplate":"https:\/\/www.gaveanews.com\/?s={search_term_string}"},"query-input":{"@type":"PropertyValueSpecification","valueRequired":true,"valueName":"search_term_string"}}],"inLanguage":"pt-BR"},{"@type":"Person","@id":"https:\/\/www.gaveanews.com\/#\/schema\/person\/daf63eec72e1164eb13dc35096c2b8da","name":"Paula Silva","image":{"@type":"ImageObject","inLanguage":"pt-BR","@id":"https:\/\/www.gaveanews.com\/#\/schema\/person\/image\/","url":"https:\/\/secure.gravatar.com\/avatar\/eda381c845527cc5d64c13b901833cda29d97500ba040d3e6461f76f51d163bb?s=96&d=mm&r=g","contentUrl":"https:\/\/secure.gravatar.com\/avatar\/eda381c845527cc5d64c13b901833cda29d97500ba040d3e6461f76f51d163bb?s=96&d=mm&r=g","caption":"Paula Silva"}}]}},"_links":{"self":[{"href":"https:\/\/www.gaveanews.com\/index.php\/wp-json\/wp\/v2\/posts\/247787","targetHints":{"allow":["GET"]}}],"collection":[{"href":"https:\/\/www.gaveanews.com\/index.php\/wp-json\/wp\/v2\/posts"}],"about":[{"href":"https:\/\/www.gaveanews.com\/index.php\/wp-json\/wp\/v2\/types\/post"}],"author":[{"embeddable":true,"href":"https:\/\/www.gaveanews.com\/index.php\/wp-json\/wp\/v2\/users\/18"}],"replies":[{"embeddable":true,"href":"https:\/\/www.gaveanews.com\/index.php\/wp-json\/wp\/v2\/comments?post=247787"}],"version-history":[{"count":1,"href":"https:\/\/www.gaveanews.com\/index.php\/wp-json\/wp\/v2\/posts\/247787\/revisions"}],"predecessor-version":[{"id":247789,"href":"https:\/\/www.gaveanews.com\/index.php\/wp-json\/wp\/v2\/posts\/247787\/revisions\/247789"}],"wp:featuredmedia":[{"embeddable":true,"href":"https:\/\/www.gaveanews.com\/index.php\/wp-json\/wp\/v2\/media\/175601"}],"wp:attachment":[{"href":"https:\/\/www.gaveanews.com\/index.php\/wp-json\/wp\/v2\/media?parent=247787"}],"wp:term":[{"taxonomy":"category","embeddable":true,"href":"https:\/\/www.gaveanews.com\/index.php\/wp-json\/wp\/v2\/categories?post=247787"},{"taxonomy":"post_tag","embeddable":true,"href":"https:\/\/www.gaveanews.com\/index.php\/wp-json\/wp\/v2\/tags?post=247787"}],"curies":[{"name":"wp","href":"https:\/\/api.w.org\/{rel}","templated":true}]}}