{"id":247793,"date":"2025-04-01T22:20:00","date_gmt":"2025-04-02T01:20:00","guid":{"rendered":"https:\/\/www.gaveanews.com\/?p=247793"},"modified":"2025-04-01T21:41:05","modified_gmt":"2025-04-02T00:41:05","slug":"entenda-a-gravidade-da-lesao-de-rodrigo-garro-no-corinthians","status":"publish","type":"post","link":"https:\/\/www.gaveanews.com\/index.php\/2025\/04\/01\/entenda-a-gravidade-da-lesao-de-rodrigo-garro-no-corinthians\/","title":{"rendered":"Entenda a gravidade da les\u00e3o de Rodrigo Garro no Corinthians"},"content":{"rendered":"\n<p>Rodrigo Garro, meio-campista do Corinthians, foi diagnosticado com uma tendinite patelar no joelho direito e est\u00e1 afastado dos gramados por tempo indeterminado. A condi\u00e7\u00e3o, conhecida tamb\u00e9m como &#8220;joelho do saltador&#8221;, \u00e9 comum entre atletas que praticam esportes com saltos e mudan\u00e7as r\u00e1pidas de dire\u00e7\u00e3o, como \u00e9 o caso do futebol.<\/p>\n\n\n\n<p>A les\u00e3o, conforme informado, est\u00e1 associada \u00e0 sobrecarga repetitiva no tend\u00e3o patelar, que conecta a patela \u00e0 t\u00edbia e desempenha papel essencial nos movimentos de corrida e chute. O quadro, segundo especialistas, n\u00e3o demanda cirurgia de imediato. Por isso, o jogador viajou recentemente a Madri para dar continuidade ao tratamento conservador, que pode durar de dois a tr\u00eas meses.<\/p>\n\n\n\n<p>Durante a pr\u00e9-temporada, Garro j\u00e1 demonstrava limita\u00e7\u00f5es f\u00edsicas e chegou a utilizar infiltra\u00e7\u00f5es para atuar, inclusive na final do Campeonato Paulista diante do Palmeiras. O atleta vinha lidando com dores no joelho desde o fim da temporada passada, o que comprometeu sua prepara\u00e7\u00e3o e o impediu de seguir o ritmo do elenco.<\/p>\n\n\n\n<p>O diagn\u00f3stico cl\u00ednico \u00e9 feito por meio da an\u00e1lise de sintomas como dor na parte inferior da patela, desconforto ao realizar saltos e sensibilidade \u00e0 palpa\u00e7\u00e3o. Exames de imagem, como ultrassonografia e resson\u00e2ncia magn\u00e9tica, s\u00e3o utilizados para confirmar a presen\u00e7a de altera\u00e7\u00f5es no tend\u00e3o.<\/p>\n\n\n\n<p>O tratamento conservador envolve a redu\u00e7\u00e3o da carga nos treinos, fisioterapia com foco em exerc\u00edcios exc\u00eantricos para o quadr\u00edceps e fortalecimento muscular. Ali\u00e1s, outras terapias complementares, como ondas de choque e libera\u00e7\u00e3o miofascial, tamb\u00e9m podem ser adotadas conforme o quadro individual do atleta.<\/p>\n\n\n\n<p>Para evitar esse tipo de les\u00e3o, \u00e9 fundamental que haja planejamento adequado de treinos, com progress\u00e3o de carga, aquecimento, fortalecimento muscular e respeito aos per\u00edodos de recupera\u00e7\u00e3o. A preven\u00e7\u00e3o, portanto, \u00e9 decisiva para manter o jogador dispon\u00edvel ao longo da temporada.<\/p>\n","protected":false},"excerpt":{"rendered":"<p>Rodrigo Garro, meio-campista do Corinthians, foi diagnosticado com uma tendinite patelar no joelho direito e est\u00e1 afastado dos gramados por tempo indeterminado. A condi\u00e7\u00e3o, conhecida tamb\u00e9m como &#8220;joelho do saltador&#8221;, \u00e9 comum entre atletas que praticam esportes com saltos e mudan\u00e7as r\u00e1pidas de dire\u00e7\u00e3o, como \u00e9 o caso do futebol. A les\u00e3o, conforme informado, est\u00e1 [&hellip;]<\/p>\n","protected":false},"author":18,"featured_media":161268,"comment_status":"open","ping_status":"closed","sticky":false,"template":"","format":"standard","meta":{"footnotes":""},"categories":[141],"tags":[],"class_list":["post-247793","post","type-post","status-publish","format-standard","has-post-thumbnail","hentry","category-corinthians"],"yoast_head":"<!-- This site is optimized with the Yoast SEO Premium plugin v24.2 (Yoast SEO v26.9) - https:\/\/yoast.com\/product\/yoast-seo-premium-wordpress\/ -->\n<title>Entenda a gravidade da les\u00e3o de Rodrigo Garro no Corinthians<\/title>\n<meta name=\"robots\" content=\"index, follow, max-snippet:-1, max-image-preview:large, max-video-preview:-1\" \/>\n<link rel=\"canonical\" href=\"https:\/\/www.gaveanews.com\/index.php\/2025\/04\/01\/entenda-a-gravidade-da-lesao-de-rodrigo-garro-no-corinthians\/\" \/>\n<meta property=\"og:locale\" content=\"pt_BR\" \/>\n<meta property=\"og:type\" content=\"article\" \/>\n<meta property=\"og:title\" content=\"Entenda a gravidade da les\u00e3o de Rodrigo Garro no Corinthians\" \/>\n<meta property=\"og:description\" content=\"Rodrigo Garro, meio-campista do Corinthians, foi diagnosticado com uma tendinite patelar no joelho direito e est\u00e1 afastado dos gramados por tempo indeterminado. A condi\u00e7\u00e3o, conhecida tamb\u00e9m como &#8220;joelho do saltador&#8221;, \u00e9 comum entre atletas que praticam esportes com saltos e mudan\u00e7as r\u00e1pidas de dire\u00e7\u00e3o, como \u00e9 o caso do futebol. A les\u00e3o, conforme informado, est\u00e1 [&hellip;]\" \/>\n<meta property=\"og:url\" content=\"https:\/\/www.gaveanews.com\/index.php\/2025\/04\/01\/entenda-a-gravidade-da-lesao-de-rodrigo-garro-no-corinthians\/\" \/>\n<meta property=\"og:site_name\" content=\"G\u00e1vea News\" \/>\n<meta property=\"article:publisher\" content=\"https:\/\/facebook.com\/gaveaNews\/\" \/>\n<meta property=\"article:published_time\" content=\"2025-04-02T01:20:00+00:00\" \/>\n<meta property=\"og:image\" content=\"https:\/\/www.gaveanews.com\/wp-content\/uploads\/Rodrigo-Garro-com-a-camisa-do-Corinthians-em-2024.webp\" \/>\n\t<meta property=\"og:image:width\" content=\"1440\" \/>\n\t<meta property=\"og:image:height\" content=\"1085\" \/>\n\t<meta property=\"og:image:type\" content=\"image\/jpeg\" \/>\n<meta name=\"author\" content=\"Paula Silva\" \/>\n<meta name=\"twitter:card\" content=\"summary_large_image\" \/>\n<meta name=\"twitter:label1\" content=\"Escrito por\" \/>\n\t<meta name=\"twitter:data1\" content=\"Paula Silva\" \/>\n\t<meta name=\"twitter:label2\" content=\"Est. tempo de leitura\" \/>\n\t<meta name=\"twitter:data2\" content=\"2 minutos\" \/>\n<script type=\"application\/ld+json\" class=\"yoast-schema-graph\">{\"@context\":\"https:\/\/schema.org\",\"@graph\":[{\"@type\":\"NewsArticle\",\"@id\":\"https:\/\/www.gaveanews.com\/index.php\/2025\/04\/01\/entenda-a-gravidade-da-lesao-de-rodrigo-garro-no-corinthians\/#article\",\"isPartOf\":{\"@id\":\"https:\/\/www.gaveanews.com\/index.php\/2025\/04\/01\/entenda-a-gravidade-da-lesao-de-rodrigo-garro-no-corinthians\/\"},\"author\":{\"name\":\"Paula Silva\",\"@id\":\"https:\/\/www.gaveanews.com\/#\/schema\/person\/daf63eec72e1164eb13dc35096c2b8da\"},\"headline\":\"Entenda a gravidade da les\u00e3o de Rodrigo Garro no Corinthians\",\"datePublished\":\"2025-04-02T01:20:00+00:00\",\"mainEntityOfPage\":{\"@id\":\"https:\/\/www.gaveanews.com\/index.php\/2025\/04\/01\/entenda-a-gravidade-da-lesao-de-rodrigo-garro-no-corinthians\/\"},\"wordCount\":330,\"commentCount\":0,\"image\":{\"@id\":\"https:\/\/www.gaveanews.com\/index.php\/2025\/04\/01\/entenda-a-gravidade-da-lesao-de-rodrigo-garro-no-corinthians\/#primaryimage\"},\"thumbnailUrl\":\"https:\/\/www.gaveanews.com\/wp-content\/uploads\/Rodrigo-Garro-com-a-camisa-do-Corinthians-em-2024.webp\",\"articleSection\":[\"Corinthians\"],\"inLanguage\":\"pt-BR\",\"potentialAction\":[{\"@type\":\"CommentAction\",\"name\":\"Comment\",\"target\":[\"https:\/\/www.gaveanews.com\/index.php\/2025\/04\/01\/entenda-a-gravidade-da-lesao-de-rodrigo-garro-no-corinthians\/#respond\"]}],\"copyrightYear\":\"2025\",\"copyrightHolder\":{\"@id\":\"https:\/\/www.gaveanews.com\/#organization\"}},{\"@type\":\"WebPage\",\"@id\":\"https:\/\/www.gaveanews.com\/index.php\/2025\/04\/01\/entenda-a-gravidade-da-lesao-de-rodrigo-garro-no-corinthians\/\",\"url\":\"https:\/\/www.gaveanews.com\/index.php\/2025\/04\/01\/entenda-a-gravidade-da-lesao-de-rodrigo-garro-no-corinthians\/\",\"name\":\"Entenda a gravidade da les\u00e3o de Rodrigo Garro no Corinthians\",\"isPartOf\":{\"@id\":\"https:\/\/www.gaveanews.com\/#website\"},\"primaryImageOfPage\":{\"@id\":\"https:\/\/www.gaveanews.com\/index.php\/2025\/04\/01\/entenda-a-gravidade-da-lesao-de-rodrigo-garro-no-corinthians\/#primaryimage\"},\"image\":{\"@id\":\"https:\/\/www.gaveanews.com\/index.php\/2025\/04\/01\/entenda-a-gravidade-da-lesao-de-rodrigo-garro-no-corinthians\/#primaryimage\"},\"thumbnailUrl\":\"https:\/\/www.gaveanews.com\/wp-content\/uploads\/Rodrigo-Garro-com-a-camisa-do-Corinthians-em-2024.webp\",\"datePublished\":\"2025-04-02T01:20:00+00:00\",\"author\":{\"@id\":\"https:\/\/www.gaveanews.com\/#\/schema\/person\/daf63eec72e1164eb13dc35096c2b8da\"},\"breadcrumb\":{\"@id\":\"https:\/\/www.gaveanews.com\/index.php\/2025\/04\/01\/entenda-a-gravidade-da-lesao-de-rodrigo-garro-no-corinthians\/#breadcrumb\"},\"inLanguage\":\"pt-BR\",\"potentialAction\":[{\"@type\":\"ReadAction\",\"target\":[\"https:\/\/www.gaveanews.com\/index.php\/2025\/04\/01\/entenda-a-gravidade-da-lesao-de-rodrigo-garro-no-corinthians\/\"]}]},{\"@type\":\"ImageObject\",\"inLanguage\":\"pt-BR\",\"@id\":\"https:\/\/www.gaveanews.com\/index.php\/2025\/04\/01\/entenda-a-gravidade-da-lesao-de-rodrigo-garro-no-corinthians\/#primaryimage\",\"url\":\"https:\/\/www.gaveanews.com\/wp-content\/uploads\/Rodrigo-Garro-com-a-camisa-do-Corinthians-em-2024.webp\",\"contentUrl\":\"https:\/\/www.gaveanews.com\/wp-content\/uploads\/Rodrigo-Garro-com-a-camisa-do-Corinthians-em-2024.webp\",\"width\":1440,\"height\":1085,\"caption\":\"Rodrigo Garro com a camisa do Corinthians em 2024 (Foto: Reprodu\u00e7\u00e3o\/Instagram)\"},{\"@type\":\"BreadcrumbList\",\"@id\":\"https:\/\/www.gaveanews.com\/index.php\/2025\/04\/01\/entenda-a-gravidade-da-lesao-de-rodrigo-garro-no-corinthians\/#breadcrumb\",\"itemListElement\":[{\"@type\":\"ListItem\",\"position\":1,\"name\":\"Home\",\"item\":\"https:\/\/www.gaveanews.com\/\"},{\"@type\":\"ListItem\",\"position\":2,\"name\":\"Entenda a gravidade da les\u00e3o de Rodrigo Garro no Corinthians\"}]},{\"@type\":\"WebSite\",\"@id\":\"https:\/\/www.gaveanews.com\/#website\",\"url\":\"https:\/\/www.gaveanews.com\/\",\"name\":\"G\u00e1vea News\",\"description\":\"Veja todas as not\u00edcias sobre o Flamengo: Contrata\u00e7\u00f5es, categorias de base, resultados das partidas, tabela de classifica\u00e7\u00e3o, pr\u00f3ximos jogos!\",\"potentialAction\":[{\"@type\":\"SearchAction\",\"target\":{\"@type\":\"EntryPoint\",\"urlTemplate\":\"https:\/\/www.gaveanews.com\/?s={search_term_string}\"},\"query-input\":{\"@type\":\"PropertyValueSpecification\",\"valueRequired\":true,\"valueName\":\"search_term_string\"}}],\"inLanguage\":\"pt-BR\"},{\"@type\":\"Person\",\"@id\":\"https:\/\/www.gaveanews.com\/#\/schema\/person\/daf63eec72e1164eb13dc35096c2b8da\",\"name\":\"Paula Silva\",\"image\":{\"@type\":\"ImageObject\",\"inLanguage\":\"pt-BR\",\"@id\":\"https:\/\/www.gaveanews.com\/#\/schema\/person\/image\/\",\"url\":\"https:\/\/secure.gravatar.com\/avatar\/eda381c845527cc5d64c13b901833cda29d97500ba040d3e6461f76f51d163bb?s=96&d=mm&r=g\",\"contentUrl\":\"https:\/\/secure.gravatar.com\/avatar\/eda381c845527cc5d64c13b901833cda29d97500ba040d3e6461f76f51d163bb?s=96&d=mm&r=g\",\"caption\":\"Paula Silva\"}}]}<\/script>\n<!-- \/ Yoast SEO Premium plugin. -->","yoast_head_json":{"title":"Entenda a gravidade da les\u00e3o de Rodrigo Garro no Corinthians","robots":{"index":"index","follow":"follow","max-snippet":"max-snippet:-1","max-image-preview":"max-image-preview:large","max-video-preview":"max-video-preview:-1"},"canonical":"https:\/\/www.gaveanews.com\/index.php\/2025\/04\/01\/entenda-a-gravidade-da-lesao-de-rodrigo-garro-no-corinthians\/","og_locale":"pt_BR","og_type":"article","og_title":"Entenda a gravidade da les\u00e3o de Rodrigo Garro no Corinthians","og_description":"Rodrigo Garro, meio-campista do Corinthians, foi diagnosticado com uma tendinite patelar no joelho direito e est\u00e1 afastado dos gramados por tempo indeterminado. A condi\u00e7\u00e3o, conhecida tamb\u00e9m como &#8220;joelho do saltador&#8221;, \u00e9 comum entre atletas que praticam esportes com saltos e mudan\u00e7as r\u00e1pidas de dire\u00e7\u00e3o, como \u00e9 o caso do futebol. A les\u00e3o, conforme informado, est\u00e1 [&hellip;]","og_url":"https:\/\/www.gaveanews.com\/index.php\/2025\/04\/01\/entenda-a-gravidade-da-lesao-de-rodrigo-garro-no-corinthians\/","og_site_name":"G\u00e1vea News","article_publisher":"https:\/\/facebook.com\/gaveaNews\/","article_published_time":"2025-04-02T01:20:00+00:00","og_image":[{"width":1440,"height":1085,"url":"https:\/\/www.gaveanews.com\/wp-content\/uploads\/Rodrigo-Garro-com-a-camisa-do-Corinthians-em-2024.webp","type":"image\/jpeg"}],"author":"Paula Silva","twitter_card":"summary_large_image","twitter_misc":{"Escrito por":"Paula Silva","Est. tempo de leitura":"2 minutos"},"schema":{"@context":"https:\/\/schema.org","@graph":[{"@type":"NewsArticle","@id":"https:\/\/www.gaveanews.com\/index.php\/2025\/04\/01\/entenda-a-gravidade-da-lesao-de-rodrigo-garro-no-corinthians\/#article","isPartOf":{"@id":"https:\/\/www.gaveanews.com\/index.php\/2025\/04\/01\/entenda-a-gravidade-da-lesao-de-rodrigo-garro-no-corinthians\/"},"author":{"name":"Paula Silva","@id":"https:\/\/www.gaveanews.com\/#\/schema\/person\/daf63eec72e1164eb13dc35096c2b8da"},"headline":"Entenda a gravidade da les\u00e3o de Rodrigo Garro no Corinthians","datePublished":"2025-04-02T01:20:00+00:00","mainEntityOfPage":{"@id":"https:\/\/www.gaveanews.com\/index.php\/2025\/04\/01\/entenda-a-gravidade-da-lesao-de-rodrigo-garro-no-corinthians\/"},"wordCount":330,"commentCount":0,"image":{"@id":"https:\/\/www.gaveanews.com\/index.php\/2025\/04\/01\/entenda-a-gravidade-da-lesao-de-rodrigo-garro-no-corinthians\/#primaryimage"},"thumbnailUrl":"https:\/\/www.gaveanews.com\/wp-content\/uploads\/Rodrigo-Garro-com-a-camisa-do-Corinthians-em-2024.webp","articleSection":["Corinthians"],"inLanguage":"pt-BR","potentialAction":[{"@type":"CommentAction","name":"Comment","target":["https:\/\/www.gaveanews.com\/index.php\/2025\/04\/01\/entenda-a-gravidade-da-lesao-de-rodrigo-garro-no-corinthians\/#respond"]}],"copyrightYear":"2025","copyrightHolder":{"@id":"https:\/\/www.gaveanews.com\/#organization"}},{"@type":"WebPage","@id":"https:\/\/www.gaveanews.com\/index.php\/2025\/04\/01\/entenda-a-gravidade-da-lesao-de-rodrigo-garro-no-corinthians\/","url":"https:\/\/www.gaveanews.com\/index.php\/2025\/04\/01\/entenda-a-gravidade-da-lesao-de-rodrigo-garro-no-corinthians\/","name":"Entenda a gravidade da les\u00e3o de Rodrigo Garro no Corinthians","isPartOf":{"@id":"https:\/\/www.gaveanews.com\/#website"},"primaryImageOfPage":{"@id":"https:\/\/www.gaveanews.com\/index.php\/2025\/04\/01\/entenda-a-gravidade-da-lesao-de-rodrigo-garro-no-corinthians\/#primaryimage"},"image":{"@id":"https:\/\/www.gaveanews.com\/index.php\/2025\/04\/01\/entenda-a-gravidade-da-lesao-de-rodrigo-garro-no-corinthians\/#primaryimage"},"thumbnailUrl":"https:\/\/www.gaveanews.com\/wp-content\/uploads\/Rodrigo-Garro-com-a-camisa-do-Corinthians-em-2024.webp","datePublished":"2025-04-02T01:20:00+00:00","author":{"@id":"https:\/\/www.gaveanews.com\/#\/schema\/person\/daf63eec72e1164eb13dc35096c2b8da"},"breadcrumb":{"@id":"https:\/\/www.gaveanews.com\/index.php\/2025\/04\/01\/entenda-a-gravidade-da-lesao-de-rodrigo-garro-no-corinthians\/#breadcrumb"},"inLanguage":"pt-BR","potentialAction":[{"@type":"ReadAction","target":["https:\/\/www.gaveanews.com\/index.php\/2025\/04\/01\/entenda-a-gravidade-da-lesao-de-rodrigo-garro-no-corinthians\/"]}]},{"@type":"ImageObject","inLanguage":"pt-BR","@id":"https:\/\/www.gaveanews.com\/index.php\/2025\/04\/01\/entenda-a-gravidade-da-lesao-de-rodrigo-garro-no-corinthians\/#primaryimage","url":"https:\/\/www.gaveanews.com\/wp-content\/uploads\/Rodrigo-Garro-com-a-camisa-do-Corinthians-em-2024.webp","contentUrl":"https:\/\/www.gaveanews.com\/wp-content\/uploads\/Rodrigo-Garro-com-a-camisa-do-Corinthians-em-2024.webp","width":1440,"height":1085,"caption":"Rodrigo Garro com a camisa do Corinthians em 2024 (Foto: Reprodu\u00e7\u00e3o\/Instagram)"},{"@type":"BreadcrumbList","@id":"https:\/\/www.gaveanews.com\/index.php\/2025\/04\/01\/entenda-a-gravidade-da-lesao-de-rodrigo-garro-no-corinthians\/#breadcrumb","itemListElement":[{"@type":"ListItem","position":1,"name":"Home","item":"https:\/\/www.gaveanews.com\/"},{"@type":"ListItem","position":2,"name":"Entenda a gravidade da les\u00e3o de Rodrigo Garro no Corinthians"}]},{"@type":"WebSite","@id":"https:\/\/www.gaveanews.com\/#website","url":"https:\/\/www.gaveanews.com\/","name":"G\u00e1vea News","description":"Veja todas as not\u00edcias sobre o Flamengo: Contrata\u00e7\u00f5es, categorias de base, resultados das partidas, tabela de classifica\u00e7\u00e3o, pr\u00f3ximos jogos!","potentialAction":[{"@type":"SearchAction","target":{"@type":"EntryPoint","urlTemplate":"https:\/\/www.gaveanews.com\/?s={search_term_string}"},"query-input":{"@type":"PropertyValueSpecification","valueRequired":true,"valueName":"search_term_string"}}],"inLanguage":"pt-BR"},{"@type":"Person","@id":"https:\/\/www.gaveanews.com\/#\/schema\/person\/daf63eec72e1164eb13dc35096c2b8da","name":"Paula Silva","image":{"@type":"ImageObject","inLanguage":"pt-BR","@id":"https:\/\/www.gaveanews.com\/#\/schema\/person\/image\/","url":"https:\/\/secure.gravatar.com\/avatar\/eda381c845527cc5d64c13b901833cda29d97500ba040d3e6461f76f51d163bb?s=96&d=mm&r=g","contentUrl":"https:\/\/secure.gravatar.com\/avatar\/eda381c845527cc5d64c13b901833cda29d97500ba040d3e6461f76f51d163bb?s=96&d=mm&r=g","caption":"Paula Silva"}}]}},"_links":{"self":[{"href":"https:\/\/www.gaveanews.com\/index.php\/wp-json\/wp\/v2\/posts\/247793","targetHints":{"allow":["GET"]}}],"collection":[{"href":"https:\/\/www.gaveanews.com\/index.php\/wp-json\/wp\/v2\/posts"}],"about":[{"href":"https:\/\/www.gaveanews.com\/index.php\/wp-json\/wp\/v2\/types\/post"}],"author":[{"embeddable":true,"href":"https:\/\/www.gaveanews.com\/index.php\/wp-json\/wp\/v2\/users\/18"}],"replies":[{"embeddable":true,"href":"https:\/\/www.gaveanews.com\/index.php\/wp-json\/wp\/v2\/comments?post=247793"}],"version-history":[{"count":1,"href":"https:\/\/www.gaveanews.com\/index.php\/wp-json\/wp\/v2\/posts\/247793\/revisions"}],"predecessor-version":[{"id":247795,"href":"https:\/\/www.gaveanews.com\/index.php\/wp-json\/wp\/v2\/posts\/247793\/revisions\/247795"}],"wp:featuredmedia":[{"embeddable":true,"href":"https:\/\/www.gaveanews.com\/index.php\/wp-json\/wp\/v2\/media\/161268"}],"wp:attachment":[{"href":"https:\/\/www.gaveanews.com\/index.php\/wp-json\/wp\/v2\/media?parent=247793"}],"wp:term":[{"taxonomy":"category","embeddable":true,"href":"https:\/\/www.gaveanews.com\/index.php\/wp-json\/wp\/v2\/categories?post=247793"},{"taxonomy":"post_tag","embeddable":true,"href":"https:\/\/www.gaveanews.com\/index.php\/wp-json\/wp\/v2\/tags?post=247793"}],"curies":[{"name":"wp","href":"https:\/\/api.w.org\/{rel}","templated":true}]}}