{"id":247838,"date":"2025-04-02T10:50:18","date_gmt":"2025-04-02T13:50:18","guid":{"rendered":"https:\/\/www.gaveanews.com\/?p=247838"},"modified":"2025-04-02T10:39:35","modified_gmt":"2025-04-02T13:39:35","slug":"a-declaracao-de-flavio-prado-direcionada-a-raniele-do-corinthians","status":"publish","type":"post","link":"https:\/\/www.gaveanews.com\/index.php\/2025\/04\/02\/a-declaracao-de-flavio-prado-direcionada-a-raniele-do-corinthians\/","title":{"rendered":"A declara\u00e7\u00e3o de Fl\u00e1vio Prado direcionada a Raniele, do Corinthians"},"content":{"rendered":"\n<p>O jornalista Fl\u00e1vio Prado destacou o momento positivo de Raniele no Corinthians. O jogador consolidou sua posi\u00e7\u00e3o no time e representa uma pe\u00e7a fundamental na forma\u00e7\u00e3o orientada pelo t\u00e9cnico argentino Ram\u00f3n D\u00edaz, conforme mencionado por Prado.<\/p>\n\n\n\n<p>Prado comentou sobre a evolu\u00e7\u00e3o do atleta durante o programa &#8220;Bate-Pronto&#8221;, da Jovem Pan. &#8220;Um jogador que est\u00e1 crescendo muito, pouca gente fala dele, mas \u00e9 uma posi\u00e7\u00e3o que eu gosto muito de observar. Esse Raniele est\u00e1 crescendo demais\u201d, afirmou o jornalista.<\/p>\n\n\n\n<p>Ele recordou que o in\u00edcio de Raniele no clube gerou algumas incertezas. Contudo, Prado observa uma melhora significativa em seu desempenho atual, especialmente em disputas de bola e na constru\u00e7\u00e3o de jogadas a partir da defesa.<\/p>\n\n\n\n<p>\u201cQuando ele come\u00e7ou no Corinthians era meio atrapalhado. Todas as bolas que dividiu ele ganhou, boa sa\u00edda de jogo,&#8221; detalhou Prado. Em seguida, ele sugeriu uma maior valoriza\u00e7\u00e3o do jogador. &#8220;Acho que precisamos come\u00e7ar a olhar um pouquinho melhor, com um pouquinho mais de respeito com esse menino, at\u00e9 porque ele n\u00e3o tem nome\u201d, completou.<\/p>\n\n\n\n<figure class=\"wp-block-image size-full\"><img loading=\"lazy\" decoding=\"async\" width=\"828\" height=\"783\" src=\"http:\/\/www.gaveanews.com\/wp-content\/uploads\/Raniele-em-acao-pelo-Corinthians.webp\" alt=\"\" class=\"wp-image-147842\" srcset=\"https:\/\/www.gaveanews.com\/wp-content\/uploads\/Raniele-em-acao-pelo-Corinthians.webp 828w, https:\/\/www.gaveanews.com\/wp-content\/uploads\/Raniele-em-acao-pelo-Corinthians-300x284.webp 300w, https:\/\/www.gaveanews.com\/wp-content\/uploads\/Raniele-em-acao-pelo-Corinthians-768x726.webp 768w, https:\/\/www.gaveanews.com\/wp-content\/uploads\/Raniele-em-acao-pelo-Corinthians-444x420.webp 444w, https:\/\/www.gaveanews.com\/wp-content\/uploads\/Raniele-em-acao-pelo-Corinthians-640x605.webp 640w, https:\/\/www.gaveanews.com\/wp-content\/uploads\/Raniele-em-acao-pelo-Corinthians-681x644.webp 681w, https:\/\/www.gaveanews.com\/wp-content\/uploads\/Raniele-em-acao-pelo-Corinthians-100x95.webp 100w\" sizes=\"auto, (max-width: 828px) 100vw, 828px\" \/><figcaption class=\"wp-element-caption\">Raniele em a\u00e7\u00e3o pelo Corinthians (Foto: Arquivo Pessoal)<\/figcaption><\/figure>\n\n\n\n<h2 class=\"wp-block-heading\" id=\"h-raniele-ganha-destaque\">Raniele ganha destaque<\/h2>\n\n\n\n<p>O volante Raniele atua no losango do meio-campo corintiano, que tamb\u00e9m conta com Jos\u00e9 Mart\u00ednez, Andr\u00e9 Carrillo e Rodrigo Garro. A equipe alvinegra superou dificuldades enfrentadas na fase pr\u00e9-Libertadores e mostrou recupera\u00e7\u00e3o na temporada, culminando na vit\u00f3ria sobre o Palmeiras na final do Campeonato Paulista.<\/p>\n\n\n\n<p>Proje\u00e7\u00f5es para o Corinthians na Temporada<br>Fl\u00e1vio Prado analisa o cen\u00e1rio do Brasileir\u00e3o e posiciona o Corinthians na &#8220;segunda prateleira&#8221;. Ele acredita que o clube integra o grupo de equipes com potencial para disputar as primeiras coloca\u00e7\u00f5es da tabela.<\/p>\n\n\n\n<p>O comentarista listou Internacional, Atl\u00e9tico-MG, Palmeiras, Botafogo e o pr\u00f3prio Corinthians como os times que podem brigar pelo topo da competi\u00e7\u00e3o. Todavia, Prado e Mauro Beting consideram o Flamengo, comandado por Filipe Lu\u00eds, o principal candidato ao t\u00edtulo neste ano.<\/p>\n\n\n\n<p>Ap\u00f3s a conquista do campeonato estadual, o Corinthians direciona suas aten\u00e7\u00f5es para mais tr\u00eas competi\u00e7\u00f5es na temporada: o Brasileir\u00e3o S\u00e9rie A, a Copa do Brasil e a Copa Sul-Americana. Embora o foco principal recaia sobre os torneios nacionais, a competi\u00e7\u00e3o continental surge como uma oportunidade adicional para conquistar outro trof\u00e9u no ano.<\/p>\n\n\n\n<p>O clube de Itaquera inicia o atual Brasileir\u00e3o buscando um desempenho superior ao de 2024. Naquela temporada, a equipe enfrentou riscos de rebaixamento durante boa parte do campeonato, mas agora come\u00e7a a competi\u00e7\u00e3o figurando entre as for\u00e7as da elite do futebol nacional.<\/p>\n","protected":false},"excerpt":{"rendered":"<p>O jornalista Fl\u00e1vio Prado destacou o momento positivo de Raniele no Corinthians. O jogador consolidou sua posi\u00e7\u00e3o no time e representa uma pe\u00e7a fundamental na forma\u00e7\u00e3o orientada pelo t\u00e9cnico argentino Ram\u00f3n D\u00edaz, conforme mencionado por Prado. Prado comentou sobre a evolu\u00e7\u00e3o do atleta durante o programa &#8220;Bate-Pronto&#8221;, da Jovem Pan. &#8220;Um jogador que est\u00e1 crescendo [&hellip;]<\/p>\n","protected":false},"author":28,"featured_media":102292,"comment_status":"open","ping_status":"closed","sticky":false,"template":"","format":"standard","meta":{"footnotes":""},"categories":[141],"tags":[],"class_list":["post-247838","post","type-post","status-publish","format-standard","has-post-thumbnail","hentry","category-corinthians"],"yoast_head":"<!-- This site is optimized with the Yoast SEO Premium plugin v24.2 (Yoast SEO v26.9) - https:\/\/yoast.com\/product\/yoast-seo-premium-wordpress\/ -->\n<title>A declara\u00e7\u00e3o de Fl\u00e1vio Prado direcionada a Raniele, do Corinthians<\/title>\n<meta name=\"robots\" content=\"index, follow, max-snippet:-1, max-image-preview:large, max-video-preview:-1\" \/>\n<link rel=\"canonical\" href=\"https:\/\/www.gaveanews.com\/index.php\/2025\/04\/02\/a-declaracao-de-flavio-prado-direcionada-a-raniele-do-corinthians\/\" \/>\n<meta property=\"og:locale\" content=\"pt_BR\" \/>\n<meta property=\"og:type\" content=\"article\" \/>\n<meta property=\"og:title\" content=\"A declara\u00e7\u00e3o de Fl\u00e1vio Prado direcionada a Raniele, do Corinthians\" \/>\n<meta property=\"og:description\" content=\"O jornalista Fl\u00e1vio Prado destacou o momento positivo de Raniele no Corinthians. O jogador consolidou sua posi\u00e7\u00e3o no time e representa uma pe\u00e7a fundamental na forma\u00e7\u00e3o orientada pelo t\u00e9cnico argentino Ram\u00f3n D\u00edaz, conforme mencionado por Prado. Prado comentou sobre a evolu\u00e7\u00e3o do atleta durante o programa &#8220;Bate-Pronto&#8221;, da Jovem Pan. &#8220;Um jogador que est\u00e1 crescendo [&hellip;]\" \/>\n<meta property=\"og:url\" content=\"https:\/\/www.gaveanews.com\/index.php\/2025\/04\/02\/a-declaracao-de-flavio-prado-direcionada-a-raniele-do-corinthians\/\" \/>\n<meta property=\"og:site_name\" content=\"G\u00e1vea News\" \/>\n<meta property=\"article:publisher\" content=\"https:\/\/facebook.com\/gaveaNews\/\" \/>\n<meta property=\"article:published_time\" content=\"2025-04-02T13:50:18+00:00\" \/>\n<meta property=\"og:image\" content=\"https:\/\/www.gaveanews.com\/wp-content\/uploads\/Flavio-Prado.webp\" \/>\n\t<meta property=\"og:image:width\" content=\"999\" \/>\n\t<meta property=\"og:image:height\" content=\"548\" \/>\n\t<meta property=\"og:image:type\" content=\"image\/png\" \/>\n<meta name=\"author\" content=\"Hudson Pereira\" \/>\n<meta name=\"twitter:card\" content=\"summary_large_image\" \/>\n<meta name=\"twitter:label1\" content=\"Escrito por\" \/>\n\t<meta name=\"twitter:data1\" content=\"Hudson Pereira\" \/>\n\t<meta name=\"twitter:label2\" content=\"Est. tempo de leitura\" \/>\n\t<meta name=\"twitter:data2\" content=\"3 minutos\" \/>\n<script type=\"application\/ld+json\" class=\"yoast-schema-graph\">{\"@context\":\"https:\/\/schema.org\",\"@graph\":[{\"@type\":\"NewsArticle\",\"@id\":\"https:\/\/www.gaveanews.com\/index.php\/2025\/04\/02\/a-declaracao-de-flavio-prado-direcionada-a-raniele-do-corinthians\/#article\",\"isPartOf\":{\"@id\":\"https:\/\/www.gaveanews.com\/index.php\/2025\/04\/02\/a-declaracao-de-flavio-prado-direcionada-a-raniele-do-corinthians\/\"},\"author\":{\"name\":\"Hudson Pereira\",\"@id\":\"https:\/\/www.gaveanews.com\/#\/schema\/person\/bd08f00534b403119b92741a6d469ef0\"},\"headline\":\"A declara\u00e7\u00e3o de Fl\u00e1vio Prado direcionada a Raniele, do Corinthians\",\"datePublished\":\"2025-04-02T13:50:18+00:00\",\"mainEntityOfPage\":{\"@id\":\"https:\/\/www.gaveanews.com\/index.php\/2025\/04\/02\/a-declaracao-de-flavio-prado-direcionada-a-raniele-do-corinthians\/\"},\"wordCount\":451,\"commentCount\":0,\"image\":{\"@id\":\"https:\/\/www.gaveanews.com\/index.php\/2025\/04\/02\/a-declaracao-de-flavio-prado-direcionada-a-raniele-do-corinthians\/#primaryimage\"},\"thumbnailUrl\":\"https:\/\/www.gaveanews.com\/wp-content\/uploads\/Flavio-Prado.webp\",\"articleSection\":[\"Corinthians\"],\"inLanguage\":\"pt-BR\",\"potentialAction\":[{\"@type\":\"CommentAction\",\"name\":\"Comment\",\"target\":[\"https:\/\/www.gaveanews.com\/index.php\/2025\/04\/02\/a-declaracao-de-flavio-prado-direcionada-a-raniele-do-corinthians\/#respond\"]}],\"copyrightYear\":\"2025\",\"copyrightHolder\":{\"@id\":\"https:\/\/www.gaveanews.com\/#organization\"}},{\"@type\":\"WebPage\",\"@id\":\"https:\/\/www.gaveanews.com\/index.php\/2025\/04\/02\/a-declaracao-de-flavio-prado-direcionada-a-raniele-do-corinthians\/\",\"url\":\"https:\/\/www.gaveanews.com\/index.php\/2025\/04\/02\/a-declaracao-de-flavio-prado-direcionada-a-raniele-do-corinthians\/\",\"name\":\"A declara\u00e7\u00e3o de Fl\u00e1vio Prado direcionada a Raniele, do Corinthians\",\"isPartOf\":{\"@id\":\"https:\/\/www.gaveanews.com\/#website\"},\"primaryImageOfPage\":{\"@id\":\"https:\/\/www.gaveanews.com\/index.php\/2025\/04\/02\/a-declaracao-de-flavio-prado-direcionada-a-raniele-do-corinthians\/#primaryimage\"},\"image\":{\"@id\":\"https:\/\/www.gaveanews.com\/index.php\/2025\/04\/02\/a-declaracao-de-flavio-prado-direcionada-a-raniele-do-corinthians\/#primaryimage\"},\"thumbnailUrl\":\"https:\/\/www.gaveanews.com\/wp-content\/uploads\/Flavio-Prado.webp\",\"datePublished\":\"2025-04-02T13:50:18+00:00\",\"author\":{\"@id\":\"https:\/\/www.gaveanews.com\/#\/schema\/person\/bd08f00534b403119b92741a6d469ef0\"},\"breadcrumb\":{\"@id\":\"https:\/\/www.gaveanews.com\/index.php\/2025\/04\/02\/a-declaracao-de-flavio-prado-direcionada-a-raniele-do-corinthians\/#breadcrumb\"},\"inLanguage\":\"pt-BR\",\"potentialAction\":[{\"@type\":\"ReadAction\",\"target\":[\"https:\/\/www.gaveanews.com\/index.php\/2025\/04\/02\/a-declaracao-de-flavio-prado-direcionada-a-raniele-do-corinthians\/\"]}]},{\"@type\":\"ImageObject\",\"inLanguage\":\"pt-BR\",\"@id\":\"https:\/\/www.gaveanews.com\/index.php\/2025\/04\/02\/a-declaracao-de-flavio-prado-direcionada-a-raniele-do-corinthians\/#primaryimage\",\"url\":\"https:\/\/www.gaveanews.com\/wp-content\/uploads\/Flavio-Prado.webp\",\"contentUrl\":\"https:\/\/www.gaveanews.com\/wp-content\/uploads\/Flavio-Prado.webp\",\"width\":999,\"height\":548,\"caption\":\"Flavio Prado - Foto: Reprodu\u00e7\u00e3o\"},{\"@type\":\"BreadcrumbList\",\"@id\":\"https:\/\/www.gaveanews.com\/index.php\/2025\/04\/02\/a-declaracao-de-flavio-prado-direcionada-a-raniele-do-corinthians\/#breadcrumb\",\"itemListElement\":[{\"@type\":\"ListItem\",\"position\":1,\"name\":\"Home\",\"item\":\"https:\/\/www.gaveanews.com\/\"},{\"@type\":\"ListItem\",\"position\":2,\"name\":\"A declara\u00e7\u00e3o de Fl\u00e1vio Prado direcionada a Raniele, do Corinthians\"}]},{\"@type\":\"WebSite\",\"@id\":\"https:\/\/www.gaveanews.com\/#website\",\"url\":\"https:\/\/www.gaveanews.com\/\",\"name\":\"G\u00e1vea News\",\"description\":\"Veja todas as not\u00edcias sobre o Flamengo: Contrata\u00e7\u00f5es, categorias de base, resultados das partidas, tabela de classifica\u00e7\u00e3o, pr\u00f3ximos jogos!\",\"potentialAction\":[{\"@type\":\"SearchAction\",\"target\":{\"@type\":\"EntryPoint\",\"urlTemplate\":\"https:\/\/www.gaveanews.com\/?s={search_term_string}\"},\"query-input\":{\"@type\":\"PropertyValueSpecification\",\"valueRequired\":true,\"valueName\":\"search_term_string\"}}],\"inLanguage\":\"pt-BR\"},{\"@type\":\"Person\",\"@id\":\"https:\/\/www.gaveanews.com\/#\/schema\/person\/bd08f00534b403119b92741a6d469ef0\",\"name\":\"Hudson Pereira\",\"image\":{\"@type\":\"ImageObject\",\"inLanguage\":\"pt-BR\",\"@id\":\"https:\/\/www.gaveanews.com\/#\/schema\/person\/image\/\",\"url\":\"https:\/\/secure.gravatar.com\/avatar\/ecc491b489e454e510efffc9b23c1052ce5fb4f2e05555768ba65819cd55f03e?s=96&d=mm&r=g\",\"contentUrl\":\"https:\/\/secure.gravatar.com\/avatar\/ecc491b489e454e510efffc9b23c1052ce5fb4f2e05555768ba65819cd55f03e?s=96&d=mm&r=g\",\"caption\":\"Hudson Pereira\"}}]}<\/script>\n<!-- \/ Yoast SEO Premium plugin. -->","yoast_head_json":{"title":"A declara\u00e7\u00e3o de Fl\u00e1vio Prado direcionada a Raniele, do Corinthians","robots":{"index":"index","follow":"follow","max-snippet":"max-snippet:-1","max-image-preview":"max-image-preview:large","max-video-preview":"max-video-preview:-1"},"canonical":"https:\/\/www.gaveanews.com\/index.php\/2025\/04\/02\/a-declaracao-de-flavio-prado-direcionada-a-raniele-do-corinthians\/","og_locale":"pt_BR","og_type":"article","og_title":"A declara\u00e7\u00e3o de Fl\u00e1vio Prado direcionada a Raniele, do Corinthians","og_description":"O jornalista Fl\u00e1vio Prado destacou o momento positivo de Raniele no Corinthians. O jogador consolidou sua posi\u00e7\u00e3o no time e representa uma pe\u00e7a fundamental na forma\u00e7\u00e3o orientada pelo t\u00e9cnico argentino Ram\u00f3n D\u00edaz, conforme mencionado por Prado. Prado comentou sobre a evolu\u00e7\u00e3o do atleta durante o programa &#8220;Bate-Pronto&#8221;, da Jovem Pan. &#8220;Um jogador que est\u00e1 crescendo [&hellip;]","og_url":"https:\/\/www.gaveanews.com\/index.php\/2025\/04\/02\/a-declaracao-de-flavio-prado-direcionada-a-raniele-do-corinthians\/","og_site_name":"G\u00e1vea News","article_publisher":"https:\/\/facebook.com\/gaveaNews\/","article_published_time":"2025-04-02T13:50:18+00:00","og_image":[{"width":999,"height":548,"url":"https:\/\/www.gaveanews.com\/wp-content\/uploads\/Flavio-Prado.webp","type":"image\/png"}],"author":"Hudson Pereira","twitter_card":"summary_large_image","twitter_misc":{"Escrito por":"Hudson Pereira","Est. tempo de leitura":"3 minutos"},"schema":{"@context":"https:\/\/schema.org","@graph":[{"@type":"NewsArticle","@id":"https:\/\/www.gaveanews.com\/index.php\/2025\/04\/02\/a-declaracao-de-flavio-prado-direcionada-a-raniele-do-corinthians\/#article","isPartOf":{"@id":"https:\/\/www.gaveanews.com\/index.php\/2025\/04\/02\/a-declaracao-de-flavio-prado-direcionada-a-raniele-do-corinthians\/"},"author":{"name":"Hudson Pereira","@id":"https:\/\/www.gaveanews.com\/#\/schema\/person\/bd08f00534b403119b92741a6d469ef0"},"headline":"A declara\u00e7\u00e3o de Fl\u00e1vio Prado direcionada a Raniele, do Corinthians","datePublished":"2025-04-02T13:50:18+00:00","mainEntityOfPage":{"@id":"https:\/\/www.gaveanews.com\/index.php\/2025\/04\/02\/a-declaracao-de-flavio-prado-direcionada-a-raniele-do-corinthians\/"},"wordCount":451,"commentCount":0,"image":{"@id":"https:\/\/www.gaveanews.com\/index.php\/2025\/04\/02\/a-declaracao-de-flavio-prado-direcionada-a-raniele-do-corinthians\/#primaryimage"},"thumbnailUrl":"https:\/\/www.gaveanews.com\/wp-content\/uploads\/Flavio-Prado.webp","articleSection":["Corinthians"],"inLanguage":"pt-BR","potentialAction":[{"@type":"CommentAction","name":"Comment","target":["https:\/\/www.gaveanews.com\/index.php\/2025\/04\/02\/a-declaracao-de-flavio-prado-direcionada-a-raniele-do-corinthians\/#respond"]}],"copyrightYear":"2025","copyrightHolder":{"@id":"https:\/\/www.gaveanews.com\/#organization"}},{"@type":"WebPage","@id":"https:\/\/www.gaveanews.com\/index.php\/2025\/04\/02\/a-declaracao-de-flavio-prado-direcionada-a-raniele-do-corinthians\/","url":"https:\/\/www.gaveanews.com\/index.php\/2025\/04\/02\/a-declaracao-de-flavio-prado-direcionada-a-raniele-do-corinthians\/","name":"A declara\u00e7\u00e3o de Fl\u00e1vio Prado direcionada a Raniele, do Corinthians","isPartOf":{"@id":"https:\/\/www.gaveanews.com\/#website"},"primaryImageOfPage":{"@id":"https:\/\/www.gaveanews.com\/index.php\/2025\/04\/02\/a-declaracao-de-flavio-prado-direcionada-a-raniele-do-corinthians\/#primaryimage"},"image":{"@id":"https:\/\/www.gaveanews.com\/index.php\/2025\/04\/02\/a-declaracao-de-flavio-prado-direcionada-a-raniele-do-corinthians\/#primaryimage"},"thumbnailUrl":"https:\/\/www.gaveanews.com\/wp-content\/uploads\/Flavio-Prado.webp","datePublished":"2025-04-02T13:50:18+00:00","author":{"@id":"https:\/\/www.gaveanews.com\/#\/schema\/person\/bd08f00534b403119b92741a6d469ef0"},"breadcrumb":{"@id":"https:\/\/www.gaveanews.com\/index.php\/2025\/04\/02\/a-declaracao-de-flavio-prado-direcionada-a-raniele-do-corinthians\/#breadcrumb"},"inLanguage":"pt-BR","potentialAction":[{"@type":"ReadAction","target":["https:\/\/www.gaveanews.com\/index.php\/2025\/04\/02\/a-declaracao-de-flavio-prado-direcionada-a-raniele-do-corinthians\/"]}]},{"@type":"ImageObject","inLanguage":"pt-BR","@id":"https:\/\/www.gaveanews.com\/index.php\/2025\/04\/02\/a-declaracao-de-flavio-prado-direcionada-a-raniele-do-corinthians\/#primaryimage","url":"https:\/\/www.gaveanews.com\/wp-content\/uploads\/Flavio-Prado.webp","contentUrl":"https:\/\/www.gaveanews.com\/wp-content\/uploads\/Flavio-Prado.webp","width":999,"height":548,"caption":"Flavio Prado - Foto: Reprodu\u00e7\u00e3o"},{"@type":"BreadcrumbList","@id":"https:\/\/www.gaveanews.com\/index.php\/2025\/04\/02\/a-declaracao-de-flavio-prado-direcionada-a-raniele-do-corinthians\/#breadcrumb","itemListElement":[{"@type":"ListItem","position":1,"name":"Home","item":"https:\/\/www.gaveanews.com\/"},{"@type":"ListItem","position":2,"name":"A declara\u00e7\u00e3o de Fl\u00e1vio Prado direcionada a Raniele, do Corinthians"}]},{"@type":"WebSite","@id":"https:\/\/www.gaveanews.com\/#website","url":"https:\/\/www.gaveanews.com\/","name":"G\u00e1vea News","description":"Veja todas as not\u00edcias sobre o Flamengo: Contrata\u00e7\u00f5es, categorias de base, resultados das partidas, tabela de classifica\u00e7\u00e3o, pr\u00f3ximos jogos!","potentialAction":[{"@type":"SearchAction","target":{"@type":"EntryPoint","urlTemplate":"https:\/\/www.gaveanews.com\/?s={search_term_string}"},"query-input":{"@type":"PropertyValueSpecification","valueRequired":true,"valueName":"search_term_string"}}],"inLanguage":"pt-BR"},{"@type":"Person","@id":"https:\/\/www.gaveanews.com\/#\/schema\/person\/bd08f00534b403119b92741a6d469ef0","name":"Hudson Pereira","image":{"@type":"ImageObject","inLanguage":"pt-BR","@id":"https:\/\/www.gaveanews.com\/#\/schema\/person\/image\/","url":"https:\/\/secure.gravatar.com\/avatar\/ecc491b489e454e510efffc9b23c1052ce5fb4f2e05555768ba65819cd55f03e?s=96&d=mm&r=g","contentUrl":"https:\/\/secure.gravatar.com\/avatar\/ecc491b489e454e510efffc9b23c1052ce5fb4f2e05555768ba65819cd55f03e?s=96&d=mm&r=g","caption":"Hudson Pereira"}}]}},"_links":{"self":[{"href":"https:\/\/www.gaveanews.com\/index.php\/wp-json\/wp\/v2\/posts\/247838","targetHints":{"allow":["GET"]}}],"collection":[{"href":"https:\/\/www.gaveanews.com\/index.php\/wp-json\/wp\/v2\/posts"}],"about":[{"href":"https:\/\/www.gaveanews.com\/index.php\/wp-json\/wp\/v2\/types\/post"}],"author":[{"embeddable":true,"href":"https:\/\/www.gaveanews.com\/index.php\/wp-json\/wp\/v2\/users\/28"}],"replies":[{"embeddable":true,"href":"https:\/\/www.gaveanews.com\/index.php\/wp-json\/wp\/v2\/comments?post=247838"}],"version-history":[{"count":1,"href":"https:\/\/www.gaveanews.com\/index.php\/wp-json\/wp\/v2\/posts\/247838\/revisions"}],"predecessor-version":[{"id":247840,"href":"https:\/\/www.gaveanews.com\/index.php\/wp-json\/wp\/v2\/posts\/247838\/revisions\/247840"}],"wp:featuredmedia":[{"embeddable":true,"href":"https:\/\/www.gaveanews.com\/index.php\/wp-json\/wp\/v2\/media\/102292"}],"wp:attachment":[{"href":"https:\/\/www.gaveanews.com\/index.php\/wp-json\/wp\/v2\/media?parent=247838"}],"wp:term":[{"taxonomy":"category","embeddable":true,"href":"https:\/\/www.gaveanews.com\/index.php\/wp-json\/wp\/v2\/categories?post=247838"},{"taxonomy":"post_tag","embeddable":true,"href":"https:\/\/www.gaveanews.com\/index.php\/wp-json\/wp\/v2\/tags?post=247838"}],"curies":[{"name":"wp","href":"https:\/\/api.w.org\/{rel}","templated":true}]}}