{"id":247879,"date":"2025-04-02T14:55:59","date_gmt":"2025-04-02T17:55:59","guid":{"rendered":"https:\/\/www.gaveanews.com\/?p=247879"},"modified":"2025-04-02T12:58:19","modified_gmt":"2025-04-02T15:58:19","slug":"fluminense-a-declaracao-de-thiago-silva-direcionada-a-mano-menezes","status":"publish","type":"post","link":"https:\/\/www.gaveanews.com\/index.php\/2025\/04\/02\/fluminense-a-declaracao-de-thiago-silva-direcionada-a-mano-menezes\/","title":{"rendered":"Fluminense: a declara\u00e7\u00e3o de Thiago Silva direcionada a Mano Menezes"},"content":{"rendered":"\n<h2 class=\"wp-block-heading\" id=\"h-colocam-uma-mira-como-se-fosse-voce-o-culpado\">&#8220;Colocam uma mira como se fosse voc\u00ea o culpado&#8221;<\/h2>\n\n\n\n<p>O Fluminense entrou em campo na \u00faltima ter\u00e7a-feira (1) pela primeira rodada da fase de grupos da Copa Sul-Americana e bateu o Once Caldas por 1 a 0, com gol de Germ\u00e1n Cano. Ap\u00f3s o jogo, o zagueiro Thiago Silva comentou sobre a demiss\u00e3o de Mano Menezes. <\/p>\n\n\n\n<p>O t\u00e9cnico Mano Menezes foi demitido do cargo no \u00faltimo fim de semana, ap\u00f3s o Fluminense ser derrotado por 2 a 0 para o Fortaleza, na estreia do Campeonato Brasileiro. Thiago inclusive era apontado como &#8220;culpado&#8221; pela queda de treinador, j\u00e1 que os dois haviam discutido no vesti\u00e1rio. No entanto, ap\u00f3s o jogo da ter\u00e7a-feira, o zagueiro se defendeu da situa\u00e7\u00e3o, disse que est\u00e1 chateado e afirmou que est\u00e1 torcendo pelo sucesso do treinador. <\/p>\n\n\n\n<p>&#8220;Depois de tudo que vem acontecendo, o foco est\u00e1 muito em n\u00f3s. Ficamos sentidos, apesar de as pessoas falarem o contr\u00e1rio. \u00c9 sempre muito dif\u00edcil a sa\u00edda de um treinador, principalmente depois de tudo que aconteceu. Te colocam em uma mira como se fosse voc\u00ea o culpado da sa\u00edda. Faz parte do futebol, estamos acostumados. Que o professor possa seguir a vida dele, vamos torcer aqui para dar tudo certo. N\u00f3s aqui vamos pensar daqui para frente o que somos capazes de fazer esse ano&#8221;, disse Thiago. <\/p>\n\n\n\n<p>Mano Menezes era t\u00e9cnico do Fluminense desde 1 de julho de 2024. No total, o treinador conquistou 20 vit\u00f3rias, 13 empates e 13 derrotas em 46 jogos que comandou a equipe carioca. No ano passado, Mano ajudou o time a escapar do rebaixamento no Brasileir\u00e3o e conseguiu classificar o Tricolor para disputar a Copa Sul-Americana deste ano. <\/p>\n\n\n\n<p>Agora, o presidente do clube, M\u00e1rio Bittencourt, est\u00e1 avaliando alguns nomes. Desde a sa\u00edda de Mano Menezes, alguns treinadores j\u00e1 foram especulados como Dorival Jr, Renato Ga\u00facho, Hern\u00e1n Crespo e Gabriel Milito. O \u00faltimo \u00e9 o que teria mais chances neste momento. Por\u00e9m, nada de oficial existe. <\/p>\n\n\n\n<p>Enquanto o Fluminense n\u00e3o acerta com um novo treinador, a equipe ser\u00e1 comandada pelo auxiliar t\u00e9cnico fixo do clube, Marc\u00e3o, que inclusive j\u00e1 esteve na beira do campo na partida da \u00faltima ter\u00e7a-feira. <\/p>\n","protected":false},"excerpt":{"rendered":"<p>&#8220;Colocam uma mira como se fosse voc\u00ea o culpado&#8221; O Fluminense entrou em campo na \u00faltima ter\u00e7a-feira (1) pela primeira rodada da fase de grupos da Copa Sul-Americana e bateu o Once Caldas por 1 a 0, com gol de Germ\u00e1n Cano. Ap\u00f3s o jogo, o zagueiro Thiago Silva comentou sobre a demiss\u00e3o de Mano [&hellip;]<\/p>\n","protected":false},"author":21,"featured_media":225314,"comment_status":"open","ping_status":"closed","sticky":false,"template":"","format":"standard","meta":{"footnotes":""},"categories":[145],"tags":[],"class_list":["post-247879","post","type-post","status-publish","format-standard","has-post-thumbnail","hentry","category-fluminense"],"yoast_head":"<!-- This site is optimized with the Yoast SEO Premium plugin v24.2 (Yoast SEO v26.9) - https:\/\/yoast.com\/product\/yoast-seo-premium-wordpress\/ -->\n<title>Fluminense: a declara\u00e7\u00e3o de Thiago Silva direcionada a Mano Menezes<\/title>\n<meta name=\"robots\" content=\"index, follow, max-snippet:-1, max-image-preview:large, max-video-preview:-1\" \/>\n<link rel=\"canonical\" href=\"https:\/\/www.gaveanews.com\/index.php\/2025\/04\/02\/fluminense-a-declaracao-de-thiago-silva-direcionada-a-mano-menezes\/\" \/>\n<meta property=\"og:locale\" content=\"pt_BR\" \/>\n<meta property=\"og:type\" content=\"article\" \/>\n<meta property=\"og:title\" content=\"Fluminense: a declara\u00e7\u00e3o de Thiago Silva direcionada a Mano Menezes\" \/>\n<meta property=\"og:description\" content=\"&#8220;Colocam uma mira como se fosse voc\u00ea o culpado&#8221; O Fluminense entrou em campo na \u00faltima ter\u00e7a-feira (1) pela primeira rodada da fase de grupos da Copa Sul-Americana e bateu o Once Caldas por 1 a 0, com gol de Germ\u00e1n Cano. Ap\u00f3s o jogo, o zagueiro Thiago Silva comentou sobre a demiss\u00e3o de Mano [&hellip;]\" \/>\n<meta property=\"og:url\" content=\"https:\/\/www.gaveanews.com\/index.php\/2025\/04\/02\/fluminense-a-declaracao-de-thiago-silva-direcionada-a-mano-menezes\/\" \/>\n<meta property=\"og:site_name\" content=\"G\u00e1vea News\" \/>\n<meta property=\"article:publisher\" content=\"https:\/\/facebook.com\/gaveaNews\/\" \/>\n<meta property=\"article:published_time\" content=\"2025-04-02T17:55:59+00:00\" \/>\n<meta property=\"og:image\" content=\"https:\/\/www.gaveanews.com\/wp-content\/uploads\/Mano-Menezes-pelo-Fluminense.webp\" \/>\n\t<meta property=\"og:image:width\" content=\"911\" \/>\n\t<meta property=\"og:image:height\" content=\"623\" \/>\n\t<meta property=\"og:image:type\" content=\"image\/jpeg\" \/>\n<meta name=\"author\" content=\"Andr\u00e9 Serra\" \/>\n<meta name=\"twitter:card\" content=\"summary_large_image\" \/>\n<meta name=\"twitter:label1\" content=\"Escrito por\" \/>\n\t<meta name=\"twitter:data1\" content=\"Andr\u00e9 Serra\" \/>\n\t<meta name=\"twitter:label2\" content=\"Est. tempo de leitura\" \/>\n\t<meta name=\"twitter:data2\" content=\"3 minutos\" \/>\n<script type=\"application\/ld+json\" class=\"yoast-schema-graph\">{\"@context\":\"https:\/\/schema.org\",\"@graph\":[{\"@type\":\"NewsArticle\",\"@id\":\"https:\/\/www.gaveanews.com\/index.php\/2025\/04\/02\/fluminense-a-declaracao-de-thiago-silva-direcionada-a-mano-menezes\/#article\",\"isPartOf\":{\"@id\":\"https:\/\/www.gaveanews.com\/index.php\/2025\/04\/02\/fluminense-a-declaracao-de-thiago-silva-direcionada-a-mano-menezes\/\"},\"author\":{\"name\":\"Andr\u00e9 Serra\",\"@id\":\"https:\/\/www.gaveanews.com\/#\/schema\/person\/0277a79a1289c451c281ec0411d84f0c\"},\"headline\":\"Fluminense: a declara\u00e7\u00e3o de Thiago Silva direcionada a Mano Menezes\",\"datePublished\":\"2025-04-02T17:55:59+00:00\",\"mainEntityOfPage\":{\"@id\":\"https:\/\/www.gaveanews.com\/index.php\/2025\/04\/02\/fluminense-a-declaracao-de-thiago-silva-direcionada-a-mano-menezes\/\"},\"wordCount\":380,\"commentCount\":0,\"image\":{\"@id\":\"https:\/\/www.gaveanews.com\/index.php\/2025\/04\/02\/fluminense-a-declaracao-de-thiago-silva-direcionada-a-mano-menezes\/#primaryimage\"},\"thumbnailUrl\":\"https:\/\/www.gaveanews.com\/wp-content\/uploads\/Mano-Menezes-pelo-Fluminense.webp\",\"articleSection\":[\"Fluminense\"],\"inLanguage\":\"pt-BR\",\"potentialAction\":[{\"@type\":\"CommentAction\",\"name\":\"Comment\",\"target\":[\"https:\/\/www.gaveanews.com\/index.php\/2025\/04\/02\/fluminense-a-declaracao-de-thiago-silva-direcionada-a-mano-menezes\/#respond\"]}],\"copyrightYear\":\"2025\",\"copyrightHolder\":{\"@id\":\"https:\/\/www.gaveanews.com\/#organization\"}},{\"@type\":\"WebPage\",\"@id\":\"https:\/\/www.gaveanews.com\/index.php\/2025\/04\/02\/fluminense-a-declaracao-de-thiago-silva-direcionada-a-mano-menezes\/\",\"url\":\"https:\/\/www.gaveanews.com\/index.php\/2025\/04\/02\/fluminense-a-declaracao-de-thiago-silva-direcionada-a-mano-menezes\/\",\"name\":\"Fluminense: a declara\u00e7\u00e3o de Thiago Silva direcionada a Mano Menezes\",\"isPartOf\":{\"@id\":\"https:\/\/www.gaveanews.com\/#website\"},\"primaryImageOfPage\":{\"@id\":\"https:\/\/www.gaveanews.com\/index.php\/2025\/04\/02\/fluminense-a-declaracao-de-thiago-silva-direcionada-a-mano-menezes\/#primaryimage\"},\"image\":{\"@id\":\"https:\/\/www.gaveanews.com\/index.php\/2025\/04\/02\/fluminense-a-declaracao-de-thiago-silva-direcionada-a-mano-menezes\/#primaryimage\"},\"thumbnailUrl\":\"https:\/\/www.gaveanews.com\/wp-content\/uploads\/Mano-Menezes-pelo-Fluminense.webp\",\"datePublished\":\"2025-04-02T17:55:59+00:00\",\"author\":{\"@id\":\"https:\/\/www.gaveanews.com\/#\/schema\/person\/0277a79a1289c451c281ec0411d84f0c\"},\"breadcrumb\":{\"@id\":\"https:\/\/www.gaveanews.com\/index.php\/2025\/04\/02\/fluminense-a-declaracao-de-thiago-silva-direcionada-a-mano-menezes\/#breadcrumb\"},\"inLanguage\":\"pt-BR\",\"potentialAction\":[{\"@type\":\"ReadAction\",\"target\":[\"https:\/\/www.gaveanews.com\/index.php\/2025\/04\/02\/fluminense-a-declaracao-de-thiago-silva-direcionada-a-mano-menezes\/\"]}]},{\"@type\":\"ImageObject\",\"inLanguage\":\"pt-BR\",\"@id\":\"https:\/\/www.gaveanews.com\/index.php\/2025\/04\/02\/fluminense-a-declaracao-de-thiago-silva-direcionada-a-mano-menezes\/#primaryimage\",\"url\":\"https:\/\/www.gaveanews.com\/wp-content\/uploads\/Mano-Menezes-pelo-Fluminense.webp\",\"contentUrl\":\"https:\/\/www.gaveanews.com\/wp-content\/uploads\/Mano-Menezes-pelo-Fluminense.webp\",\"width\":911,\"height\":623,\"caption\":\"Mano Menezes pelo Fluminense (Foto: Lucas Mer\u00e7on\/Fluminense)\"},{\"@type\":\"BreadcrumbList\",\"@id\":\"https:\/\/www.gaveanews.com\/index.php\/2025\/04\/02\/fluminense-a-declaracao-de-thiago-silva-direcionada-a-mano-menezes\/#breadcrumb\",\"itemListElement\":[{\"@type\":\"ListItem\",\"position\":1,\"name\":\"Home\",\"item\":\"https:\/\/www.gaveanews.com\/\"},{\"@type\":\"ListItem\",\"position\":2,\"name\":\"Fluminense: a declara\u00e7\u00e3o de Thiago Silva direcionada a Mano Menezes\"}]},{\"@type\":\"WebSite\",\"@id\":\"https:\/\/www.gaveanews.com\/#website\",\"url\":\"https:\/\/www.gaveanews.com\/\",\"name\":\"G\u00e1vea News\",\"description\":\"Veja todas as not\u00edcias sobre o Flamengo: Contrata\u00e7\u00f5es, categorias de base, resultados das partidas, tabela de classifica\u00e7\u00e3o, pr\u00f3ximos jogos!\",\"potentialAction\":[{\"@type\":\"SearchAction\",\"target\":{\"@type\":\"EntryPoint\",\"urlTemplate\":\"https:\/\/www.gaveanews.com\/?s={search_term_string}\"},\"query-input\":{\"@type\":\"PropertyValueSpecification\",\"valueRequired\":true,\"valueName\":\"search_term_string\"}}],\"inLanguage\":\"pt-BR\"},{\"@type\":\"Person\",\"@id\":\"https:\/\/www.gaveanews.com\/#\/schema\/person\/0277a79a1289c451c281ec0411d84f0c\",\"name\":\"Andr\u00e9 Serra\",\"image\":{\"@type\":\"ImageObject\",\"inLanguage\":\"pt-BR\",\"@id\":\"https:\/\/www.gaveanews.com\/#\/schema\/person\/image\/\",\"url\":\"https:\/\/secure.gravatar.com\/avatar\/d7231369fe48db93292b3e88eb2162dbd9a34a47a8437d9ef3bcaca2a86a83d7?s=96&d=mm&r=g\",\"contentUrl\":\"https:\/\/secure.gravatar.com\/avatar\/d7231369fe48db93292b3e88eb2162dbd9a34a47a8437d9ef3bcaca2a86a83d7?s=96&d=mm&r=g\",\"caption\":\"Andr\u00e9 Serra\"}}]}<\/script>\n<!-- \/ Yoast SEO Premium plugin. -->","yoast_head_json":{"title":"Fluminense: a declara\u00e7\u00e3o de Thiago Silva direcionada a Mano Menezes","robots":{"index":"index","follow":"follow","max-snippet":"max-snippet:-1","max-image-preview":"max-image-preview:large","max-video-preview":"max-video-preview:-1"},"canonical":"https:\/\/www.gaveanews.com\/index.php\/2025\/04\/02\/fluminense-a-declaracao-de-thiago-silva-direcionada-a-mano-menezes\/","og_locale":"pt_BR","og_type":"article","og_title":"Fluminense: a declara\u00e7\u00e3o de Thiago Silva direcionada a Mano Menezes","og_description":"&#8220;Colocam uma mira como se fosse voc\u00ea o culpado&#8221; O Fluminense entrou em campo na \u00faltima ter\u00e7a-feira (1) pela primeira rodada da fase de grupos da Copa Sul-Americana e bateu o Once Caldas por 1 a 0, com gol de Germ\u00e1n Cano. Ap\u00f3s o jogo, o zagueiro Thiago Silva comentou sobre a demiss\u00e3o de Mano [&hellip;]","og_url":"https:\/\/www.gaveanews.com\/index.php\/2025\/04\/02\/fluminense-a-declaracao-de-thiago-silva-direcionada-a-mano-menezes\/","og_site_name":"G\u00e1vea News","article_publisher":"https:\/\/facebook.com\/gaveaNews\/","article_published_time":"2025-04-02T17:55:59+00:00","og_image":[{"width":911,"height":623,"url":"https:\/\/www.gaveanews.com\/wp-content\/uploads\/Mano-Menezes-pelo-Fluminense.webp","type":"image\/jpeg"}],"author":"Andr\u00e9 Serra","twitter_card":"summary_large_image","twitter_misc":{"Escrito por":"Andr\u00e9 Serra","Est. tempo de leitura":"3 minutos"},"schema":{"@context":"https:\/\/schema.org","@graph":[{"@type":"NewsArticle","@id":"https:\/\/www.gaveanews.com\/index.php\/2025\/04\/02\/fluminense-a-declaracao-de-thiago-silva-direcionada-a-mano-menezes\/#article","isPartOf":{"@id":"https:\/\/www.gaveanews.com\/index.php\/2025\/04\/02\/fluminense-a-declaracao-de-thiago-silva-direcionada-a-mano-menezes\/"},"author":{"name":"Andr\u00e9 Serra","@id":"https:\/\/www.gaveanews.com\/#\/schema\/person\/0277a79a1289c451c281ec0411d84f0c"},"headline":"Fluminense: a declara\u00e7\u00e3o de Thiago Silva direcionada a Mano Menezes","datePublished":"2025-04-02T17:55:59+00:00","mainEntityOfPage":{"@id":"https:\/\/www.gaveanews.com\/index.php\/2025\/04\/02\/fluminense-a-declaracao-de-thiago-silva-direcionada-a-mano-menezes\/"},"wordCount":380,"commentCount":0,"image":{"@id":"https:\/\/www.gaveanews.com\/index.php\/2025\/04\/02\/fluminense-a-declaracao-de-thiago-silva-direcionada-a-mano-menezes\/#primaryimage"},"thumbnailUrl":"https:\/\/www.gaveanews.com\/wp-content\/uploads\/Mano-Menezes-pelo-Fluminense.webp","articleSection":["Fluminense"],"inLanguage":"pt-BR","potentialAction":[{"@type":"CommentAction","name":"Comment","target":["https:\/\/www.gaveanews.com\/index.php\/2025\/04\/02\/fluminense-a-declaracao-de-thiago-silva-direcionada-a-mano-menezes\/#respond"]}],"copyrightYear":"2025","copyrightHolder":{"@id":"https:\/\/www.gaveanews.com\/#organization"}},{"@type":"WebPage","@id":"https:\/\/www.gaveanews.com\/index.php\/2025\/04\/02\/fluminense-a-declaracao-de-thiago-silva-direcionada-a-mano-menezes\/","url":"https:\/\/www.gaveanews.com\/index.php\/2025\/04\/02\/fluminense-a-declaracao-de-thiago-silva-direcionada-a-mano-menezes\/","name":"Fluminense: a declara\u00e7\u00e3o de Thiago Silva direcionada a Mano Menezes","isPartOf":{"@id":"https:\/\/www.gaveanews.com\/#website"},"primaryImageOfPage":{"@id":"https:\/\/www.gaveanews.com\/index.php\/2025\/04\/02\/fluminense-a-declaracao-de-thiago-silva-direcionada-a-mano-menezes\/#primaryimage"},"image":{"@id":"https:\/\/www.gaveanews.com\/index.php\/2025\/04\/02\/fluminense-a-declaracao-de-thiago-silva-direcionada-a-mano-menezes\/#primaryimage"},"thumbnailUrl":"https:\/\/www.gaveanews.com\/wp-content\/uploads\/Mano-Menezes-pelo-Fluminense.webp","datePublished":"2025-04-02T17:55:59+00:00","author":{"@id":"https:\/\/www.gaveanews.com\/#\/schema\/person\/0277a79a1289c451c281ec0411d84f0c"},"breadcrumb":{"@id":"https:\/\/www.gaveanews.com\/index.php\/2025\/04\/02\/fluminense-a-declaracao-de-thiago-silva-direcionada-a-mano-menezes\/#breadcrumb"},"inLanguage":"pt-BR","potentialAction":[{"@type":"ReadAction","target":["https:\/\/www.gaveanews.com\/index.php\/2025\/04\/02\/fluminense-a-declaracao-de-thiago-silva-direcionada-a-mano-menezes\/"]}]},{"@type":"ImageObject","inLanguage":"pt-BR","@id":"https:\/\/www.gaveanews.com\/index.php\/2025\/04\/02\/fluminense-a-declaracao-de-thiago-silva-direcionada-a-mano-menezes\/#primaryimage","url":"https:\/\/www.gaveanews.com\/wp-content\/uploads\/Mano-Menezes-pelo-Fluminense.webp","contentUrl":"https:\/\/www.gaveanews.com\/wp-content\/uploads\/Mano-Menezes-pelo-Fluminense.webp","width":911,"height":623,"caption":"Mano Menezes pelo Fluminense (Foto: Lucas Mer\u00e7on\/Fluminense)"},{"@type":"BreadcrumbList","@id":"https:\/\/www.gaveanews.com\/index.php\/2025\/04\/02\/fluminense-a-declaracao-de-thiago-silva-direcionada-a-mano-menezes\/#breadcrumb","itemListElement":[{"@type":"ListItem","position":1,"name":"Home","item":"https:\/\/www.gaveanews.com\/"},{"@type":"ListItem","position":2,"name":"Fluminense: a declara\u00e7\u00e3o de Thiago Silva direcionada a Mano Menezes"}]},{"@type":"WebSite","@id":"https:\/\/www.gaveanews.com\/#website","url":"https:\/\/www.gaveanews.com\/","name":"G\u00e1vea News","description":"Veja todas as not\u00edcias sobre o Flamengo: Contrata\u00e7\u00f5es, categorias de base, resultados das partidas, tabela de classifica\u00e7\u00e3o, pr\u00f3ximos jogos!","potentialAction":[{"@type":"SearchAction","target":{"@type":"EntryPoint","urlTemplate":"https:\/\/www.gaveanews.com\/?s={search_term_string}"},"query-input":{"@type":"PropertyValueSpecification","valueRequired":true,"valueName":"search_term_string"}}],"inLanguage":"pt-BR"},{"@type":"Person","@id":"https:\/\/www.gaveanews.com\/#\/schema\/person\/0277a79a1289c451c281ec0411d84f0c","name":"Andr\u00e9 Serra","image":{"@type":"ImageObject","inLanguage":"pt-BR","@id":"https:\/\/www.gaveanews.com\/#\/schema\/person\/image\/","url":"https:\/\/secure.gravatar.com\/avatar\/d7231369fe48db93292b3e88eb2162dbd9a34a47a8437d9ef3bcaca2a86a83d7?s=96&d=mm&r=g","contentUrl":"https:\/\/secure.gravatar.com\/avatar\/d7231369fe48db93292b3e88eb2162dbd9a34a47a8437d9ef3bcaca2a86a83d7?s=96&d=mm&r=g","caption":"Andr\u00e9 Serra"}}]}},"_links":{"self":[{"href":"https:\/\/www.gaveanews.com\/index.php\/wp-json\/wp\/v2\/posts\/247879","targetHints":{"allow":["GET"]}}],"collection":[{"href":"https:\/\/www.gaveanews.com\/index.php\/wp-json\/wp\/v2\/posts"}],"about":[{"href":"https:\/\/www.gaveanews.com\/index.php\/wp-json\/wp\/v2\/types\/post"}],"author":[{"embeddable":true,"href":"https:\/\/www.gaveanews.com\/index.php\/wp-json\/wp\/v2\/users\/21"}],"replies":[{"embeddable":true,"href":"https:\/\/www.gaveanews.com\/index.php\/wp-json\/wp\/v2\/comments?post=247879"}],"version-history":[{"count":1,"href":"https:\/\/www.gaveanews.com\/index.php\/wp-json\/wp\/v2\/posts\/247879\/revisions"}],"predecessor-version":[{"id":247889,"href":"https:\/\/www.gaveanews.com\/index.php\/wp-json\/wp\/v2\/posts\/247879\/revisions\/247889"}],"wp:featuredmedia":[{"embeddable":true,"href":"https:\/\/www.gaveanews.com\/index.php\/wp-json\/wp\/v2\/media\/225314"}],"wp:attachment":[{"href":"https:\/\/www.gaveanews.com\/index.php\/wp-json\/wp\/v2\/media?parent=247879"}],"wp:term":[{"taxonomy":"category","embeddable":true,"href":"https:\/\/www.gaveanews.com\/index.php\/wp-json\/wp\/v2\/categories?post=247879"},{"taxonomy":"post_tag","embeddable":true,"href":"https:\/\/www.gaveanews.com\/index.php\/wp-json\/wp\/v2\/tags?post=247879"}],"curies":[{"name":"wp","href":"https:\/\/api.w.org\/{rel}","templated":true}]}}