{"id":247885,"date":"2025-04-02T14:40:31","date_gmt":"2025-04-02T17:40:31","guid":{"rendered":"https:\/\/www.gaveanews.com\/?p=247885"},"modified":"2025-04-02T12:46:37","modified_gmt":"2025-04-02T15:46:37","slug":"union-santa-fe-x-cruzeiro-a-declaracao-de-jardim","status":"publish","type":"post","link":"https:\/\/www.gaveanews.com\/index.php\/2025\/04\/02\/union-santa-fe-x-cruzeiro-a-declaracao-de-jardim\/","title":{"rendered":"Uni\u00f3n Santa Fe x Cruzeiro: a declara\u00e7\u00e3o de Jardim"},"content":{"rendered":"\n<p>Com um rev\u00e9s em sua estreia continental, o Cruzeiro iniciou sua trajet\u00f3ria no Grupo E da Copa Sul-Americana. A equipe mineira perdeu por 1 a 0 para o Uni\u00f3n de Santa Fe, em confronto realizado na Argentina. A partida aconteceu nesta \u00faltima ter\u00e7a-feira (1\u00ba), no est\u00e1dio 15 de Abril, na cidade de Santa Fe.<\/p>\n\n\n\n<p>Ap\u00f3s o jogo, o t\u00e9cnico Leonardo Jardim apresentou sua leitura sobre o ocorrido. O comandante cruzeirense admitiu que sua equipe n\u00e3o exibiu uma boa performance durante os noventa minutos. Jardim classificou o embate como uma partida que &#8220;n\u00e3o foi bem jogada&#8221; por nenhum dos lados.<\/p>\n\n\n\n<p>O treinador portugu\u00eas enfatizou que o jogo se caracterizou mais pela luta e pela entrega f\u00edsica. Segundo ele, essa era uma caracter\u00edstica esperada do confronto, motivo pelo qual escalou inicialmente atletas com maior perfil de agressividade e combate. Ele antecipava um duelo de muita disputa.<\/p>\n\n\n\n<p>Conforme a vis\u00e3o de Jardim, o time celeste demonstrou alguma melhora no in\u00edcio da segunda etapa, considerando esse o melhor per\u00edodo da equipe na partida. Todavia, ele ponderou que o Cruzeiro voltou a perder consist\u00eancia depois disso, enquanto o advers\u00e1rio cresceu em intensidade e conseguiu o gol em uma jogada de bola parada, que contou com dois ressaltos antes de finalizar nas redes.<\/p>\n\n\n\n<p>Durante o primeiro tempo, o Uni\u00f3n exerceu forte press\u00e3o sobre a defesa cruzeirense. Os argentinos, inclusive, chegaram a marcar aos 41 minutos, mas a arbitragem de campo assinalou impedimento, e o \u00e1rbitro de v\u00eddeo (VAR) ratificou a decis\u00e3o, invalidando o gol.<\/p>\n\n\n\n<p>Na etapa final, o Cruzeiro buscou equilibrar as a\u00e7\u00f5es e melhorou discretamente seu futebol. Contudo, o Uni\u00f3n de Santa Fe continuou a criar as chances mais perigosas de gol. Assim, j\u00e1 nos acr\u00e9scimos, aos 48 minutos, Diego D\u00edaz definiu o placar e assegurou a vit\u00f3ria para a equipe da casa.<\/p>\n\n\n\n<h2 class=\"wp-block-heading\" id=\"h-analise-do-treinador\">An\u00e1lise do treinador<\/h2>\n\n\n\n<p>Reiterando sua perspectiva, Leonardo Jardim apontou que a partida teve muita intensidade e diversos duelos individuais, por\u00e9m n\u00e3o houve qualidade t\u00e9cnica. Ele mencionou a dificuldade encontrada pelo Cruzeiro para fazer a bola circular no primeiro tempo, em virtude da press\u00e3o constante imposta pelo Uni\u00f3n. <\/p>\n\n\n\n<p>Embora tenha observado uma evolu\u00e7\u00e3o no segundo tempo, admitiu que a equipe perdeu f\u00f4lego na parte final. O t\u00e9cnico explicou que tentou ajustar a intensidade do time com substitui\u00e7\u00f5es, mas lamentou o gol sofrido no final, originado de uma bola parada a\u00e9rea, um ponto que, segundo ele, a equipe trabalha para corrigir.<\/p>\n\n\n\n<p>&#8220;Tentamos equilibrar o time na intensidade, colocando nossos jogadores mais intensos. Mas, acabamos por ser castigados no fim por uma bola parada. Problema que tentamos corrigir, o jogo a\u00e9reo de bolas paradas&#8221;, comentou.<\/p>\n\n\n\n<figure class=\"wp-block-image size-full is-resized\"><img loading=\"lazy\" decoding=\"async\" width=\"799\" height=\"533\" src=\"http:\/\/www.gaveanews.com\/wp-content\/uploads\/Pedro-Lourenco-e-Leonardo-Jardim-durante-partida-do-Cruzeiro-em-2025.webp\" alt=\"\" class=\"wp-image-225547\" style=\"width:840px;height:auto\"\/><figcaption class=\"wp-element-caption\">Pedro Louren\u00e7o e Leonardo Jardim (Foto: Gustavo Aleixo\/Cruzeiro)<\/figcaption><\/figure>\n\n\n\n<h2 class=\"wp-block-heading\" id=\"h-proximos-compromissos\">Pr\u00f3ximos compromissos<\/h2>\n\n\n\n<p>Agora, o Cruzeiro volta suas aten\u00e7\u00f5es para o cen\u00e1rio nacional. O pr\u00f3ximo desafio da equipe ser\u00e1 pelo Campeonato Brasileiro, contra o Internacional. A partida ocorrer\u00e1 no domingo (6), no est\u00e1dio Beira-Rio, em Porto Alegre, v\u00e1lida pela segunda rodada da competi\u00e7\u00e3o.<\/p>\n\n\n\n<p>Pela Copa Sul-Americana, o time celeste retornar\u00e1 a campo na quarta-feira, dia 9 de abril. Neste dia, receber\u00e1 o Mushuc Runa, do Equador, no Mineir\u00e3o. Entretanto, este jogo acontecer\u00e1 com port\u00f5es fechados, como resultado de uma puni\u00e7\u00e3o que a Conmebol imp\u00f4s ao clube.<\/p>\n","protected":false},"excerpt":{"rendered":"<p>Com um rev\u00e9s em sua estreia continental, o Cruzeiro iniciou sua trajet\u00f3ria no Grupo E da Copa Sul-Americana. A equipe mineira perdeu por 1 a 0 para o Uni\u00f3n de Santa Fe, em confronto realizado na Argentina. A partida aconteceu nesta \u00faltima ter\u00e7a-feira (1\u00ba), no est\u00e1dio 15 de Abril, na cidade de Santa Fe. Ap\u00f3s [&hellip;]<\/p>\n","protected":false},"author":28,"featured_media":225548,"comment_status":"open","ping_status":"closed","sticky":false,"template":"","format":"standard","meta":{"footnotes":""},"categories":[143],"tags":[],"class_list":["post-247885","post","type-post","status-publish","format-standard","has-post-thumbnail","hentry","category-cruzeiro"],"yoast_head":"<!-- This site is optimized with the Yoast SEO Premium plugin v24.2 (Yoast SEO v26.9) - https:\/\/yoast.com\/product\/yoast-seo-premium-wordpress\/ -->\n<title>Uni\u00f3n Santa Fe x Cruzeiro: a declara\u00e7\u00e3o de Jardim<\/title>\n<meta name=\"robots\" content=\"index, follow, max-snippet:-1, max-image-preview:large, max-video-preview:-1\" \/>\n<link rel=\"canonical\" href=\"https:\/\/www.gaveanews.com\/index.php\/2025\/04\/02\/union-santa-fe-x-cruzeiro-a-declaracao-de-jardim\/\" \/>\n<meta property=\"og:locale\" content=\"pt_BR\" \/>\n<meta property=\"og:type\" content=\"article\" \/>\n<meta property=\"og:title\" content=\"Uni\u00f3n Santa Fe x Cruzeiro: a declara\u00e7\u00e3o de Jardim\" \/>\n<meta property=\"og:description\" content=\"Com um rev\u00e9s em sua estreia continental, o Cruzeiro iniciou sua trajet\u00f3ria no Grupo E da Copa Sul-Americana. A equipe mineira perdeu por 1 a 0 para o Uni\u00f3n de Santa Fe, em confronto realizado na Argentina. A partida aconteceu nesta \u00faltima ter\u00e7a-feira (1\u00ba), no est\u00e1dio 15 de Abril, na cidade de Santa Fe. Ap\u00f3s [&hellip;]\" \/>\n<meta property=\"og:url\" content=\"https:\/\/www.gaveanews.com\/index.php\/2025\/04\/02\/union-santa-fe-x-cruzeiro-a-declaracao-de-jardim\/\" \/>\n<meta property=\"og:site_name\" content=\"G\u00e1vea News\" \/>\n<meta property=\"article:publisher\" content=\"https:\/\/facebook.com\/gaveaNews\/\" \/>\n<meta property=\"article:published_time\" content=\"2025-04-02T17:40:31+00:00\" \/>\n<meta property=\"og:image\" content=\"https:\/\/www.gaveanews.com\/wp-content\/uploads\/Leonardo-Jardim-durante-partida-do-Cruzeiro-em-2025.webp\" \/>\n\t<meta property=\"og:image:width\" content=\"799\" \/>\n\t<meta property=\"og:image:height\" content=\"533\" \/>\n\t<meta property=\"og:image:type\" content=\"image\/jpeg\" \/>\n<meta name=\"author\" content=\"Hudson Pereira\" \/>\n<meta name=\"twitter:card\" content=\"summary_large_image\" \/>\n<meta name=\"twitter:label1\" content=\"Escrito por\" \/>\n\t<meta name=\"twitter:data1\" content=\"Hudson Pereira\" \/>\n\t<meta name=\"twitter:label2\" content=\"Est. tempo de leitura\" \/>\n\t<meta name=\"twitter:data2\" content=\"4 minutos\" \/>\n<script type=\"application\/ld+json\" class=\"yoast-schema-graph\">{\"@context\":\"https:\/\/schema.org\",\"@graph\":[{\"@type\":\"NewsArticle\",\"@id\":\"https:\/\/www.gaveanews.com\/index.php\/2025\/04\/02\/union-santa-fe-x-cruzeiro-a-declaracao-de-jardim\/#article\",\"isPartOf\":{\"@id\":\"https:\/\/www.gaveanews.com\/index.php\/2025\/04\/02\/union-santa-fe-x-cruzeiro-a-declaracao-de-jardim\/\"},\"author\":{\"name\":\"Hudson Pereira\",\"@id\":\"https:\/\/www.gaveanews.com\/#\/schema\/person\/bd08f00534b403119b92741a6d469ef0\"},\"headline\":\"Uni\u00f3n Santa Fe x Cruzeiro: a declara\u00e7\u00e3o de Jardim\",\"datePublished\":\"2025-04-02T17:40:31+00:00\",\"mainEntityOfPage\":{\"@id\":\"https:\/\/www.gaveanews.com\/index.php\/2025\/04\/02\/union-santa-fe-x-cruzeiro-a-declaracao-de-jardim\/\"},\"wordCount\":577,\"commentCount\":0,\"image\":{\"@id\":\"https:\/\/www.gaveanews.com\/index.php\/2025\/04\/02\/union-santa-fe-x-cruzeiro-a-declaracao-de-jardim\/#primaryimage\"},\"thumbnailUrl\":\"https:\/\/www.gaveanews.com\/wp-content\/uploads\/Leonardo-Jardim-durante-partida-do-Cruzeiro-em-2025.webp\",\"articleSection\":[\"Cruzeiro\"],\"inLanguage\":\"pt-BR\",\"potentialAction\":[{\"@type\":\"CommentAction\",\"name\":\"Comment\",\"target\":[\"https:\/\/www.gaveanews.com\/index.php\/2025\/04\/02\/union-santa-fe-x-cruzeiro-a-declaracao-de-jardim\/#respond\"]}],\"copyrightYear\":\"2025\",\"copyrightHolder\":{\"@id\":\"https:\/\/www.gaveanews.com\/#organization\"}},{\"@type\":\"WebPage\",\"@id\":\"https:\/\/www.gaveanews.com\/index.php\/2025\/04\/02\/union-santa-fe-x-cruzeiro-a-declaracao-de-jardim\/\",\"url\":\"https:\/\/www.gaveanews.com\/index.php\/2025\/04\/02\/union-santa-fe-x-cruzeiro-a-declaracao-de-jardim\/\",\"name\":\"Uni\u00f3n Santa Fe x Cruzeiro: a declara\u00e7\u00e3o de Jardim\",\"isPartOf\":{\"@id\":\"https:\/\/www.gaveanews.com\/#website\"},\"primaryImageOfPage\":{\"@id\":\"https:\/\/www.gaveanews.com\/index.php\/2025\/04\/02\/union-santa-fe-x-cruzeiro-a-declaracao-de-jardim\/#primaryimage\"},\"image\":{\"@id\":\"https:\/\/www.gaveanews.com\/index.php\/2025\/04\/02\/union-santa-fe-x-cruzeiro-a-declaracao-de-jardim\/#primaryimage\"},\"thumbnailUrl\":\"https:\/\/www.gaveanews.com\/wp-content\/uploads\/Leonardo-Jardim-durante-partida-do-Cruzeiro-em-2025.webp\",\"datePublished\":\"2025-04-02T17:40:31+00:00\",\"author\":{\"@id\":\"https:\/\/www.gaveanews.com\/#\/schema\/person\/bd08f00534b403119b92741a6d469ef0\"},\"breadcrumb\":{\"@id\":\"https:\/\/www.gaveanews.com\/index.php\/2025\/04\/02\/union-santa-fe-x-cruzeiro-a-declaracao-de-jardim\/#breadcrumb\"},\"inLanguage\":\"pt-BR\",\"potentialAction\":[{\"@type\":\"ReadAction\",\"target\":[\"https:\/\/www.gaveanews.com\/index.php\/2025\/04\/02\/union-santa-fe-x-cruzeiro-a-declaracao-de-jardim\/\"]}]},{\"@type\":\"ImageObject\",\"inLanguage\":\"pt-BR\",\"@id\":\"https:\/\/www.gaveanews.com\/index.php\/2025\/04\/02\/union-santa-fe-x-cruzeiro-a-declaracao-de-jardim\/#primaryimage\",\"url\":\"https:\/\/www.gaveanews.com\/wp-content\/uploads\/Leonardo-Jardim-durante-partida-do-Cruzeiro-em-2025.webp\",\"contentUrl\":\"https:\/\/www.gaveanews.com\/wp-content\/uploads\/Leonardo-Jardim-durante-partida-do-Cruzeiro-em-2025.webp\",\"width\":799,\"height\":533,\"caption\":\"Leonardo Jardim durante partida do Cruzeiro em 2025 (Foto: Gustavo Aleixo\/Cruzeiro)\"},{\"@type\":\"BreadcrumbList\",\"@id\":\"https:\/\/www.gaveanews.com\/index.php\/2025\/04\/02\/union-santa-fe-x-cruzeiro-a-declaracao-de-jardim\/#breadcrumb\",\"itemListElement\":[{\"@type\":\"ListItem\",\"position\":1,\"name\":\"Home\",\"item\":\"https:\/\/www.gaveanews.com\/\"},{\"@type\":\"ListItem\",\"position\":2,\"name\":\"Uni\u00f3n Santa Fe x Cruzeiro: a declara\u00e7\u00e3o de Jardim\"}]},{\"@type\":\"WebSite\",\"@id\":\"https:\/\/www.gaveanews.com\/#website\",\"url\":\"https:\/\/www.gaveanews.com\/\",\"name\":\"G\u00e1vea News\",\"description\":\"Veja todas as not\u00edcias sobre o Flamengo: Contrata\u00e7\u00f5es, categorias de base, resultados das partidas, tabela de classifica\u00e7\u00e3o, pr\u00f3ximos jogos!\",\"potentialAction\":[{\"@type\":\"SearchAction\",\"target\":{\"@type\":\"EntryPoint\",\"urlTemplate\":\"https:\/\/www.gaveanews.com\/?s={search_term_string}\"},\"query-input\":{\"@type\":\"PropertyValueSpecification\",\"valueRequired\":true,\"valueName\":\"search_term_string\"}}],\"inLanguage\":\"pt-BR\"},{\"@type\":\"Person\",\"@id\":\"https:\/\/www.gaveanews.com\/#\/schema\/person\/bd08f00534b403119b92741a6d469ef0\",\"name\":\"Hudson Pereira\",\"image\":{\"@type\":\"ImageObject\",\"inLanguage\":\"pt-BR\",\"@id\":\"https:\/\/www.gaveanews.com\/#\/schema\/person\/image\/\",\"url\":\"https:\/\/secure.gravatar.com\/avatar\/ecc491b489e454e510efffc9b23c1052ce5fb4f2e05555768ba65819cd55f03e?s=96&d=mm&r=g\",\"contentUrl\":\"https:\/\/secure.gravatar.com\/avatar\/ecc491b489e454e510efffc9b23c1052ce5fb4f2e05555768ba65819cd55f03e?s=96&d=mm&r=g\",\"caption\":\"Hudson Pereira\"}}]}<\/script>\n<!-- \/ Yoast SEO Premium plugin. -->","yoast_head_json":{"title":"Uni\u00f3n Santa Fe x Cruzeiro: a declara\u00e7\u00e3o de Jardim","robots":{"index":"index","follow":"follow","max-snippet":"max-snippet:-1","max-image-preview":"max-image-preview:large","max-video-preview":"max-video-preview:-1"},"canonical":"https:\/\/www.gaveanews.com\/index.php\/2025\/04\/02\/union-santa-fe-x-cruzeiro-a-declaracao-de-jardim\/","og_locale":"pt_BR","og_type":"article","og_title":"Uni\u00f3n Santa Fe x Cruzeiro: a declara\u00e7\u00e3o de Jardim","og_description":"Com um rev\u00e9s em sua estreia continental, o Cruzeiro iniciou sua trajet\u00f3ria no Grupo E da Copa Sul-Americana. A equipe mineira perdeu por 1 a 0 para o Uni\u00f3n de Santa Fe, em confronto realizado na Argentina. A partida aconteceu nesta \u00faltima ter\u00e7a-feira (1\u00ba), no est\u00e1dio 15 de Abril, na cidade de Santa Fe. Ap\u00f3s [&hellip;]","og_url":"https:\/\/www.gaveanews.com\/index.php\/2025\/04\/02\/union-santa-fe-x-cruzeiro-a-declaracao-de-jardim\/","og_site_name":"G\u00e1vea News","article_publisher":"https:\/\/facebook.com\/gaveaNews\/","article_published_time":"2025-04-02T17:40:31+00:00","og_image":[{"width":799,"height":533,"url":"https:\/\/www.gaveanews.com\/wp-content\/uploads\/Leonardo-Jardim-durante-partida-do-Cruzeiro-em-2025.webp","type":"image\/jpeg"}],"author":"Hudson Pereira","twitter_card":"summary_large_image","twitter_misc":{"Escrito por":"Hudson Pereira","Est. tempo de leitura":"4 minutos"},"schema":{"@context":"https:\/\/schema.org","@graph":[{"@type":"NewsArticle","@id":"https:\/\/www.gaveanews.com\/index.php\/2025\/04\/02\/union-santa-fe-x-cruzeiro-a-declaracao-de-jardim\/#article","isPartOf":{"@id":"https:\/\/www.gaveanews.com\/index.php\/2025\/04\/02\/union-santa-fe-x-cruzeiro-a-declaracao-de-jardim\/"},"author":{"name":"Hudson Pereira","@id":"https:\/\/www.gaveanews.com\/#\/schema\/person\/bd08f00534b403119b92741a6d469ef0"},"headline":"Uni\u00f3n Santa Fe x Cruzeiro: a declara\u00e7\u00e3o de Jardim","datePublished":"2025-04-02T17:40:31+00:00","mainEntityOfPage":{"@id":"https:\/\/www.gaveanews.com\/index.php\/2025\/04\/02\/union-santa-fe-x-cruzeiro-a-declaracao-de-jardim\/"},"wordCount":577,"commentCount":0,"image":{"@id":"https:\/\/www.gaveanews.com\/index.php\/2025\/04\/02\/union-santa-fe-x-cruzeiro-a-declaracao-de-jardim\/#primaryimage"},"thumbnailUrl":"https:\/\/www.gaveanews.com\/wp-content\/uploads\/Leonardo-Jardim-durante-partida-do-Cruzeiro-em-2025.webp","articleSection":["Cruzeiro"],"inLanguage":"pt-BR","potentialAction":[{"@type":"CommentAction","name":"Comment","target":["https:\/\/www.gaveanews.com\/index.php\/2025\/04\/02\/union-santa-fe-x-cruzeiro-a-declaracao-de-jardim\/#respond"]}],"copyrightYear":"2025","copyrightHolder":{"@id":"https:\/\/www.gaveanews.com\/#organization"}},{"@type":"WebPage","@id":"https:\/\/www.gaveanews.com\/index.php\/2025\/04\/02\/union-santa-fe-x-cruzeiro-a-declaracao-de-jardim\/","url":"https:\/\/www.gaveanews.com\/index.php\/2025\/04\/02\/union-santa-fe-x-cruzeiro-a-declaracao-de-jardim\/","name":"Uni\u00f3n Santa Fe x Cruzeiro: a declara\u00e7\u00e3o de Jardim","isPartOf":{"@id":"https:\/\/www.gaveanews.com\/#website"},"primaryImageOfPage":{"@id":"https:\/\/www.gaveanews.com\/index.php\/2025\/04\/02\/union-santa-fe-x-cruzeiro-a-declaracao-de-jardim\/#primaryimage"},"image":{"@id":"https:\/\/www.gaveanews.com\/index.php\/2025\/04\/02\/union-santa-fe-x-cruzeiro-a-declaracao-de-jardim\/#primaryimage"},"thumbnailUrl":"https:\/\/www.gaveanews.com\/wp-content\/uploads\/Leonardo-Jardim-durante-partida-do-Cruzeiro-em-2025.webp","datePublished":"2025-04-02T17:40:31+00:00","author":{"@id":"https:\/\/www.gaveanews.com\/#\/schema\/person\/bd08f00534b403119b92741a6d469ef0"},"breadcrumb":{"@id":"https:\/\/www.gaveanews.com\/index.php\/2025\/04\/02\/union-santa-fe-x-cruzeiro-a-declaracao-de-jardim\/#breadcrumb"},"inLanguage":"pt-BR","potentialAction":[{"@type":"ReadAction","target":["https:\/\/www.gaveanews.com\/index.php\/2025\/04\/02\/union-santa-fe-x-cruzeiro-a-declaracao-de-jardim\/"]}]},{"@type":"ImageObject","inLanguage":"pt-BR","@id":"https:\/\/www.gaveanews.com\/index.php\/2025\/04\/02\/union-santa-fe-x-cruzeiro-a-declaracao-de-jardim\/#primaryimage","url":"https:\/\/www.gaveanews.com\/wp-content\/uploads\/Leonardo-Jardim-durante-partida-do-Cruzeiro-em-2025.webp","contentUrl":"https:\/\/www.gaveanews.com\/wp-content\/uploads\/Leonardo-Jardim-durante-partida-do-Cruzeiro-em-2025.webp","width":799,"height":533,"caption":"Leonardo Jardim durante partida do Cruzeiro em 2025 (Foto: Gustavo Aleixo\/Cruzeiro)"},{"@type":"BreadcrumbList","@id":"https:\/\/www.gaveanews.com\/index.php\/2025\/04\/02\/union-santa-fe-x-cruzeiro-a-declaracao-de-jardim\/#breadcrumb","itemListElement":[{"@type":"ListItem","position":1,"name":"Home","item":"https:\/\/www.gaveanews.com\/"},{"@type":"ListItem","position":2,"name":"Uni\u00f3n Santa Fe x Cruzeiro: a declara\u00e7\u00e3o de Jardim"}]},{"@type":"WebSite","@id":"https:\/\/www.gaveanews.com\/#website","url":"https:\/\/www.gaveanews.com\/","name":"G\u00e1vea News","description":"Veja todas as not\u00edcias sobre o Flamengo: Contrata\u00e7\u00f5es, categorias de base, resultados das partidas, tabela de classifica\u00e7\u00e3o, pr\u00f3ximos jogos!","potentialAction":[{"@type":"SearchAction","target":{"@type":"EntryPoint","urlTemplate":"https:\/\/www.gaveanews.com\/?s={search_term_string}"},"query-input":{"@type":"PropertyValueSpecification","valueRequired":true,"valueName":"search_term_string"}}],"inLanguage":"pt-BR"},{"@type":"Person","@id":"https:\/\/www.gaveanews.com\/#\/schema\/person\/bd08f00534b403119b92741a6d469ef0","name":"Hudson Pereira","image":{"@type":"ImageObject","inLanguage":"pt-BR","@id":"https:\/\/www.gaveanews.com\/#\/schema\/person\/image\/","url":"https:\/\/secure.gravatar.com\/avatar\/ecc491b489e454e510efffc9b23c1052ce5fb4f2e05555768ba65819cd55f03e?s=96&d=mm&r=g","contentUrl":"https:\/\/secure.gravatar.com\/avatar\/ecc491b489e454e510efffc9b23c1052ce5fb4f2e05555768ba65819cd55f03e?s=96&d=mm&r=g","caption":"Hudson Pereira"}}]}},"_links":{"self":[{"href":"https:\/\/www.gaveanews.com\/index.php\/wp-json\/wp\/v2\/posts\/247885","targetHints":{"allow":["GET"]}}],"collection":[{"href":"https:\/\/www.gaveanews.com\/index.php\/wp-json\/wp\/v2\/posts"}],"about":[{"href":"https:\/\/www.gaveanews.com\/index.php\/wp-json\/wp\/v2\/types\/post"}],"author":[{"embeddable":true,"href":"https:\/\/www.gaveanews.com\/index.php\/wp-json\/wp\/v2\/users\/28"}],"replies":[{"embeddable":true,"href":"https:\/\/www.gaveanews.com\/index.php\/wp-json\/wp\/v2\/comments?post=247885"}],"version-history":[{"count":2,"href":"https:\/\/www.gaveanews.com\/index.php\/wp-json\/wp\/v2\/posts\/247885\/revisions"}],"predecessor-version":[{"id":247894,"href":"https:\/\/www.gaveanews.com\/index.php\/wp-json\/wp\/v2\/posts\/247885\/revisions\/247894"}],"wp:featuredmedia":[{"embeddable":true,"href":"https:\/\/www.gaveanews.com\/index.php\/wp-json\/wp\/v2\/media\/225548"}],"wp:attachment":[{"href":"https:\/\/www.gaveanews.com\/index.php\/wp-json\/wp\/v2\/media?parent=247885"}],"wp:term":[{"taxonomy":"category","embeddable":true,"href":"https:\/\/www.gaveanews.com\/index.php\/wp-json\/wp\/v2\/categories?post=247885"},{"taxonomy":"post_tag","embeddable":true,"href":"https:\/\/www.gaveanews.com\/index.php\/wp-json\/wp\/v2\/tags?post=247885"}],"curies":[{"name":"wp","href":"https:\/\/api.w.org\/{rel}","templated":true}]}}