{"id":247886,"date":"2025-04-02T12:20:00","date_gmt":"2025-04-02T15:20:00","guid":{"rendered":"https:\/\/www.gaveanews.com\/?p=247886"},"modified":"2025-04-02T11:38:10","modified_gmt":"2025-04-02T14:38:10","slug":"ele-recusou-a-proposta-do-vasco-para-assinar-com-o-corinthians","status":"publish","type":"post","link":"https:\/\/www.gaveanews.com\/index.php\/2025\/04\/02\/ele-recusou-a-proposta-do-vasco-para-assinar-com-o-corinthians\/","title":{"rendered":"Ele recusou a proposta do Vasco para assinar com o Corinthians"},"content":{"rendered":"\n<p>Uma escolha pode mudar os rumos de uma carreira. Foi exatamente isso que aconteceu com o volante Raniele, que teve a oportunidade de jogar pelo Vasco, mas optou por vestir a camisa do Corinthians. Em entrevista ao podcast <em>DenilsonShow<\/em>, o jogador revelou os bastidores dessa decis\u00e3o e explicou por que recusou a proposta cruzmaltina, mesmo sendo financeiramente superior \u00e0 do Tim\u00e3o.<\/p>\n\n\n\n<h2 class=\"wp-block-heading\" id=\"h-vasco-fez-proposta-maior-mas-raniele-tinha-outro-plano\">Vasco fez proposta maior, mas Raniele tinha outro plano<\/h2>\n\n\n\n<figure class=\"wp-block-image size-full\"><img loading=\"lazy\" decoding=\"async\" width=\"828\" height=\"783\" src=\"http:\/\/www.gaveanews.com\/wp-content\/uploads\/Raniele-em-acao-pelo-Corinthians.webp\" alt=\"\" class=\"wp-image-147842\" srcset=\"https:\/\/www.gaveanews.com\/wp-content\/uploads\/Raniele-em-acao-pelo-Corinthians.webp 828w, https:\/\/www.gaveanews.com\/wp-content\/uploads\/Raniele-em-acao-pelo-Corinthians-300x284.webp 300w, https:\/\/www.gaveanews.com\/wp-content\/uploads\/Raniele-em-acao-pelo-Corinthians-768x726.webp 768w, https:\/\/www.gaveanews.com\/wp-content\/uploads\/Raniele-em-acao-pelo-Corinthians-444x420.webp 444w, https:\/\/www.gaveanews.com\/wp-content\/uploads\/Raniele-em-acao-pelo-Corinthians-640x605.webp 640w, https:\/\/www.gaveanews.com\/wp-content\/uploads\/Raniele-em-acao-pelo-Corinthians-681x644.webp 681w, https:\/\/www.gaveanews.com\/wp-content\/uploads\/Raniele-em-acao-pelo-Corinthians-100x95.webp 100w\" sizes=\"auto, (max-width: 828px) 100vw, 828px\" \/><figcaption class=\"wp-element-caption\">Raniele em a\u00e7\u00e3o pelo Corinthians (Foto: Arquivo Pessoal)<\/figcaption><\/figure>\n\n\n\n<p>O Vasco estava atento ao mercado e buscava refor\u00e7ar o meio-campo, setor onde j\u00e1 conta com Hugo Moura, Paulinho, Tch\u00ea Tch\u00ea, Mateus Carvalho e Jair. Dessa maneira, o clube fez uma investida para contratar Raniele, que vinha de uma grande temporada pelo Cuiab\u00e1. No entanto, mesmo com uma proposta melhor, o jogador preferiu assinar com o Corinthians.<\/p>\n\n\n\n<p>\u201cFaltando uns quatro dias para a gente fechar com o Corinthians, chega o Vasco. O Vasco pagando at\u00e9 mais. Meu empres\u00e1rio perguntou: \u2018E a\u00ed? O Vasco est\u00e1 oferecendo um pouquinho mais e tal\u2019\u201d, contou Raniele.<\/p>\n\n\n\n<p>Vale destacar que a escolha n\u00e3o foi apenas financeira. Para o jogador, a atmosfera da Neo Qu\u00edmica Arena pesou na decis\u00e3o, j\u00e1 que ele j\u00e1 havia atuado l\u00e1 e se impressionado com o clima do est\u00e1dio.<\/p>\n\n\n\n<h2 class=\"wp-block-heading\" id=\"h-o-peso-da-torcida-e-a-decisao-final\">O peso da torcida e a decis\u00e3o final<\/h2>\n\n\n\n<p>Em sua entrevista, Raniele deixou claro que o fator emocional foi determinante. Al\u00e9m disso, ele mencionou que o conforto da fam\u00edlia tamb\u00e9m foi levado em considera\u00e7\u00e3o.<\/p>\n\n\n\n<p>\u201cA\u00ed eu falei com o meu pai e disse: \u2018J\u00e1 joguei na Neo Qu\u00edmica umas vezes, e o bagulho l\u00e1 \u00e9 tenso, \u00e9 loucura! Eu quero ir para l\u00e1\u2019. P\u00f4, a gente sempre pensa no conforto da fam\u00edlia. Ent\u00e3o, eu falei para o meu empres\u00e1rio: \u2018Acerta com o Corinthians! N\u00e3o vou para o Vasco, n\u00e3o. Vou jogar no Corinthians\u2019\u201d, afirmou.<\/p>\n\n\n\n<p>Sendo assim, o volante seguiu seu desejo de atuar pelo Corinthians, deixando escapar a chance de refor\u00e7ar o Vasco. Por isso, sua escolha mostra como, muitas vezes, aspectos emocionais e estruturais podem ser mais importantes do que a parte financeira no futebol.<\/p>\n","protected":false},"excerpt":{"rendered":"<p>Uma escolha pode mudar os rumos de uma carreira. Foi exatamente isso que aconteceu com o volante Raniele, que teve a oportunidade de jogar pelo Vasco, mas optou por vestir a camisa do Corinthians. Em entrevista ao podcast DenilsonShow, o jogador revelou os bastidores dessa decis\u00e3o e explicou por que recusou a proposta cruzmaltina, mesmo [&hellip;]<\/p>\n","protected":false},"author":24,"featured_media":152090,"comment_status":"open","ping_status":"closed","sticky":false,"template":"","format":"standard","meta":{"footnotes":""},"categories":[141,152],"tags":[],"class_list":["post-247886","post","type-post","status-publish","format-standard","has-post-thumbnail","hentry","category-corinthians","category-vasco"],"yoast_head":"<!-- This site is optimized with the Yoast SEO Premium plugin v24.2 (Yoast SEO v26.9) - https:\/\/yoast.com\/product\/yoast-seo-premium-wordpress\/ -->\n<title>Ele recusou a proposta do Vasco para assinar com o Corinthians<\/title>\n<meta name=\"robots\" content=\"index, follow, max-snippet:-1, max-image-preview:large, max-video-preview:-1\" \/>\n<link rel=\"canonical\" href=\"https:\/\/www.gaveanews.com\/index.php\/2025\/04\/02\/ele-recusou-a-proposta-do-vasco-para-assinar-com-o-corinthians\/\" \/>\n<meta property=\"og:locale\" content=\"pt_BR\" \/>\n<meta property=\"og:type\" content=\"article\" \/>\n<meta property=\"og:title\" content=\"Ele recusou a proposta do Vasco para assinar com o Corinthians\" \/>\n<meta property=\"og:description\" content=\"Uma escolha pode mudar os rumos de uma carreira. Foi exatamente isso que aconteceu com o volante Raniele, que teve a oportunidade de jogar pelo Vasco, mas optou por vestir a camisa do Corinthians. Em entrevista ao podcast DenilsonShow, o jogador revelou os bastidores dessa decis\u00e3o e explicou por que recusou a proposta cruzmaltina, mesmo [&hellip;]\" \/>\n<meta property=\"og:url\" content=\"https:\/\/www.gaveanews.com\/index.php\/2025\/04\/02\/ele-recusou-a-proposta-do-vasco-para-assinar-com-o-corinthians\/\" \/>\n<meta property=\"og:site_name\" content=\"G\u00e1vea News\" \/>\n<meta property=\"article:publisher\" content=\"https:\/\/facebook.com\/gaveaNews\/\" \/>\n<meta property=\"article:published_time\" content=\"2025-04-02T15:20:00+00:00\" \/>\n<meta property=\"og:image\" content=\"https:\/\/www.gaveanews.com\/wp-content\/uploads\/Bandeira-do-Vasco-da-Gama.webp\" \/>\n\t<meta property=\"og:image:width\" content=\"1159\" \/>\n\t<meta property=\"og:image:height\" content=\"772\" \/>\n\t<meta property=\"og:image:type\" content=\"image\/webp\" \/>\n<meta name=\"author\" content=\"Leandro Cardoso\" \/>\n<meta name=\"twitter:card\" content=\"summary_large_image\" \/>\n<meta name=\"twitter:label1\" content=\"Escrito por\" \/>\n\t<meta name=\"twitter:data1\" content=\"Leandro Cardoso\" \/>\n\t<meta name=\"twitter:label2\" content=\"Est. tempo de leitura\" \/>\n\t<meta name=\"twitter:data2\" content=\"3 minutos\" \/>\n<script type=\"application\/ld+json\" class=\"yoast-schema-graph\">{\"@context\":\"https:\/\/schema.org\",\"@graph\":[{\"@type\":\"NewsArticle\",\"@id\":\"https:\/\/www.gaveanews.com\/index.php\/2025\/04\/02\/ele-recusou-a-proposta-do-vasco-para-assinar-com-o-corinthians\/#article\",\"isPartOf\":{\"@id\":\"https:\/\/www.gaveanews.com\/index.php\/2025\/04\/02\/ele-recusou-a-proposta-do-vasco-para-assinar-com-o-corinthians\/\"},\"author\":{\"name\":\"Leandro Cardoso\",\"@id\":\"https:\/\/www.gaveanews.com\/#\/schema\/person\/2424ec6409bc3f068411fc5e4e9b6168\"},\"headline\":\"Ele recusou a proposta do Vasco para assinar com o Corinthians\",\"datePublished\":\"2025-04-02T15:20:00+00:00\",\"mainEntityOfPage\":{\"@id\":\"https:\/\/www.gaveanews.com\/index.php\/2025\/04\/02\/ele-recusou-a-proposta-do-vasco-para-assinar-com-o-corinthians\/\"},\"wordCount\":371,\"commentCount\":0,\"image\":{\"@id\":\"https:\/\/www.gaveanews.com\/index.php\/2025\/04\/02\/ele-recusou-a-proposta-do-vasco-para-assinar-com-o-corinthians\/#primaryimage\"},\"thumbnailUrl\":\"https:\/\/www.gaveanews.com\/wp-content\/uploads\/Bandeira-do-Vasco-da-Gama.webp\",\"articleSection\":[\"Corinthians\",\"Vasco\"],\"inLanguage\":\"pt-BR\",\"potentialAction\":[{\"@type\":\"CommentAction\",\"name\":\"Comment\",\"target\":[\"https:\/\/www.gaveanews.com\/index.php\/2025\/04\/02\/ele-recusou-a-proposta-do-vasco-para-assinar-com-o-corinthians\/#respond\"]}],\"copyrightYear\":\"2025\",\"copyrightHolder\":{\"@id\":\"https:\/\/www.gaveanews.com\/#organization\"}},{\"@type\":\"WebPage\",\"@id\":\"https:\/\/www.gaveanews.com\/index.php\/2025\/04\/02\/ele-recusou-a-proposta-do-vasco-para-assinar-com-o-corinthians\/\",\"url\":\"https:\/\/www.gaveanews.com\/index.php\/2025\/04\/02\/ele-recusou-a-proposta-do-vasco-para-assinar-com-o-corinthians\/\",\"name\":\"Ele recusou a proposta do Vasco para assinar com o Corinthians\",\"isPartOf\":{\"@id\":\"https:\/\/www.gaveanews.com\/#website\"},\"primaryImageOfPage\":{\"@id\":\"https:\/\/www.gaveanews.com\/index.php\/2025\/04\/02\/ele-recusou-a-proposta-do-vasco-para-assinar-com-o-corinthians\/#primaryimage\"},\"image\":{\"@id\":\"https:\/\/www.gaveanews.com\/index.php\/2025\/04\/02\/ele-recusou-a-proposta-do-vasco-para-assinar-com-o-corinthians\/#primaryimage\"},\"thumbnailUrl\":\"https:\/\/www.gaveanews.com\/wp-content\/uploads\/Bandeira-do-Vasco-da-Gama.webp\",\"datePublished\":\"2025-04-02T15:20:00+00:00\",\"author\":{\"@id\":\"https:\/\/www.gaveanews.com\/#\/schema\/person\/2424ec6409bc3f068411fc5e4e9b6168\"},\"breadcrumb\":{\"@id\":\"https:\/\/www.gaveanews.com\/index.php\/2025\/04\/02\/ele-recusou-a-proposta-do-vasco-para-assinar-com-o-corinthians\/#breadcrumb\"},\"inLanguage\":\"pt-BR\",\"potentialAction\":[{\"@type\":\"ReadAction\",\"target\":[\"https:\/\/www.gaveanews.com\/index.php\/2025\/04\/02\/ele-recusou-a-proposta-do-vasco-para-assinar-com-o-corinthians\/\"]}]},{\"@type\":\"ImageObject\",\"inLanguage\":\"pt-BR\",\"@id\":\"https:\/\/www.gaveanews.com\/index.php\/2025\/04\/02\/ele-recusou-a-proposta-do-vasco-para-assinar-com-o-corinthians\/#primaryimage\",\"url\":\"https:\/\/www.gaveanews.com\/wp-content\/uploads\/Bandeira-do-Vasco-da-Gama.webp\",\"contentUrl\":\"https:\/\/www.gaveanews.com\/wp-content\/uploads\/Bandeira-do-Vasco-da-Gama.webp\",\"width\":1159,\"height\":772,\"caption\":\"Bandeira do Vasco da Gama (Foto: Reprodu\u00e7\u00e3o\/Vasco)\"},{\"@type\":\"BreadcrumbList\",\"@id\":\"https:\/\/www.gaveanews.com\/index.php\/2025\/04\/02\/ele-recusou-a-proposta-do-vasco-para-assinar-com-o-corinthians\/#breadcrumb\",\"itemListElement\":[{\"@type\":\"ListItem\",\"position\":1,\"name\":\"Home\",\"item\":\"https:\/\/www.gaveanews.com\/\"},{\"@type\":\"ListItem\",\"position\":2,\"name\":\"Ele recusou a proposta do Vasco para assinar com o Corinthians\"}]},{\"@type\":\"WebSite\",\"@id\":\"https:\/\/www.gaveanews.com\/#website\",\"url\":\"https:\/\/www.gaveanews.com\/\",\"name\":\"G\u00e1vea News\",\"description\":\"Veja todas as not\u00edcias sobre o Flamengo: Contrata\u00e7\u00f5es, categorias de base, resultados das partidas, tabela de classifica\u00e7\u00e3o, pr\u00f3ximos jogos!\",\"potentialAction\":[{\"@type\":\"SearchAction\",\"target\":{\"@type\":\"EntryPoint\",\"urlTemplate\":\"https:\/\/www.gaveanews.com\/?s={search_term_string}\"},\"query-input\":{\"@type\":\"PropertyValueSpecification\",\"valueRequired\":true,\"valueName\":\"search_term_string\"}}],\"inLanguage\":\"pt-BR\"},{\"@type\":\"Person\",\"@id\":\"https:\/\/www.gaveanews.com\/#\/schema\/person\/2424ec6409bc3f068411fc5e4e9b6168\",\"name\":\"Leandro Cardoso\",\"image\":{\"@type\":\"ImageObject\",\"inLanguage\":\"pt-BR\",\"@id\":\"https:\/\/www.gaveanews.com\/#\/schema\/person\/image\/\",\"url\":\"https:\/\/secure.gravatar.com\/avatar\/8ca179f9b55eefe9f376f5493ef25475bfa59fbc28ce937f6076ce20e523098f?s=96&d=mm&r=g\",\"contentUrl\":\"https:\/\/secure.gravatar.com\/avatar\/8ca179f9b55eefe9f376f5493ef25475bfa59fbc28ce937f6076ce20e523098f?s=96&d=mm&r=g\",\"caption\":\"Leandro Cardoso\"}}]}<\/script>\n<!-- \/ Yoast SEO Premium plugin. -->","yoast_head_json":{"title":"Ele recusou a proposta do Vasco para assinar com o Corinthians","robots":{"index":"index","follow":"follow","max-snippet":"max-snippet:-1","max-image-preview":"max-image-preview:large","max-video-preview":"max-video-preview:-1"},"canonical":"https:\/\/www.gaveanews.com\/index.php\/2025\/04\/02\/ele-recusou-a-proposta-do-vasco-para-assinar-com-o-corinthians\/","og_locale":"pt_BR","og_type":"article","og_title":"Ele recusou a proposta do Vasco para assinar com o Corinthians","og_description":"Uma escolha pode mudar os rumos de uma carreira. Foi exatamente isso que aconteceu com o volante Raniele, que teve a oportunidade de jogar pelo Vasco, mas optou por vestir a camisa do Corinthians. Em entrevista ao podcast DenilsonShow, o jogador revelou os bastidores dessa decis\u00e3o e explicou por que recusou a proposta cruzmaltina, mesmo [&hellip;]","og_url":"https:\/\/www.gaveanews.com\/index.php\/2025\/04\/02\/ele-recusou-a-proposta-do-vasco-para-assinar-com-o-corinthians\/","og_site_name":"G\u00e1vea News","article_publisher":"https:\/\/facebook.com\/gaveaNews\/","article_published_time":"2025-04-02T15:20:00+00:00","og_image":[{"width":1159,"height":772,"url":"https:\/\/www.gaveanews.com\/wp-content\/uploads\/Bandeira-do-Vasco-da-Gama.webp","type":"image\/webp"}],"author":"Leandro Cardoso","twitter_card":"summary_large_image","twitter_misc":{"Escrito por":"Leandro Cardoso","Est. tempo de leitura":"3 minutos"},"schema":{"@context":"https:\/\/schema.org","@graph":[{"@type":"NewsArticle","@id":"https:\/\/www.gaveanews.com\/index.php\/2025\/04\/02\/ele-recusou-a-proposta-do-vasco-para-assinar-com-o-corinthians\/#article","isPartOf":{"@id":"https:\/\/www.gaveanews.com\/index.php\/2025\/04\/02\/ele-recusou-a-proposta-do-vasco-para-assinar-com-o-corinthians\/"},"author":{"name":"Leandro Cardoso","@id":"https:\/\/www.gaveanews.com\/#\/schema\/person\/2424ec6409bc3f068411fc5e4e9b6168"},"headline":"Ele recusou a proposta do Vasco para assinar com o Corinthians","datePublished":"2025-04-02T15:20:00+00:00","mainEntityOfPage":{"@id":"https:\/\/www.gaveanews.com\/index.php\/2025\/04\/02\/ele-recusou-a-proposta-do-vasco-para-assinar-com-o-corinthians\/"},"wordCount":371,"commentCount":0,"image":{"@id":"https:\/\/www.gaveanews.com\/index.php\/2025\/04\/02\/ele-recusou-a-proposta-do-vasco-para-assinar-com-o-corinthians\/#primaryimage"},"thumbnailUrl":"https:\/\/www.gaveanews.com\/wp-content\/uploads\/Bandeira-do-Vasco-da-Gama.webp","articleSection":["Corinthians","Vasco"],"inLanguage":"pt-BR","potentialAction":[{"@type":"CommentAction","name":"Comment","target":["https:\/\/www.gaveanews.com\/index.php\/2025\/04\/02\/ele-recusou-a-proposta-do-vasco-para-assinar-com-o-corinthians\/#respond"]}],"copyrightYear":"2025","copyrightHolder":{"@id":"https:\/\/www.gaveanews.com\/#organization"}},{"@type":"WebPage","@id":"https:\/\/www.gaveanews.com\/index.php\/2025\/04\/02\/ele-recusou-a-proposta-do-vasco-para-assinar-com-o-corinthians\/","url":"https:\/\/www.gaveanews.com\/index.php\/2025\/04\/02\/ele-recusou-a-proposta-do-vasco-para-assinar-com-o-corinthians\/","name":"Ele recusou a proposta do Vasco para assinar com o Corinthians","isPartOf":{"@id":"https:\/\/www.gaveanews.com\/#website"},"primaryImageOfPage":{"@id":"https:\/\/www.gaveanews.com\/index.php\/2025\/04\/02\/ele-recusou-a-proposta-do-vasco-para-assinar-com-o-corinthians\/#primaryimage"},"image":{"@id":"https:\/\/www.gaveanews.com\/index.php\/2025\/04\/02\/ele-recusou-a-proposta-do-vasco-para-assinar-com-o-corinthians\/#primaryimage"},"thumbnailUrl":"https:\/\/www.gaveanews.com\/wp-content\/uploads\/Bandeira-do-Vasco-da-Gama.webp","datePublished":"2025-04-02T15:20:00+00:00","author":{"@id":"https:\/\/www.gaveanews.com\/#\/schema\/person\/2424ec6409bc3f068411fc5e4e9b6168"},"breadcrumb":{"@id":"https:\/\/www.gaveanews.com\/index.php\/2025\/04\/02\/ele-recusou-a-proposta-do-vasco-para-assinar-com-o-corinthians\/#breadcrumb"},"inLanguage":"pt-BR","potentialAction":[{"@type":"ReadAction","target":["https:\/\/www.gaveanews.com\/index.php\/2025\/04\/02\/ele-recusou-a-proposta-do-vasco-para-assinar-com-o-corinthians\/"]}]},{"@type":"ImageObject","inLanguage":"pt-BR","@id":"https:\/\/www.gaveanews.com\/index.php\/2025\/04\/02\/ele-recusou-a-proposta-do-vasco-para-assinar-com-o-corinthians\/#primaryimage","url":"https:\/\/www.gaveanews.com\/wp-content\/uploads\/Bandeira-do-Vasco-da-Gama.webp","contentUrl":"https:\/\/www.gaveanews.com\/wp-content\/uploads\/Bandeira-do-Vasco-da-Gama.webp","width":1159,"height":772,"caption":"Bandeira do Vasco da Gama (Foto: Reprodu\u00e7\u00e3o\/Vasco)"},{"@type":"BreadcrumbList","@id":"https:\/\/www.gaveanews.com\/index.php\/2025\/04\/02\/ele-recusou-a-proposta-do-vasco-para-assinar-com-o-corinthians\/#breadcrumb","itemListElement":[{"@type":"ListItem","position":1,"name":"Home","item":"https:\/\/www.gaveanews.com\/"},{"@type":"ListItem","position":2,"name":"Ele recusou a proposta do Vasco para assinar com o Corinthians"}]},{"@type":"WebSite","@id":"https:\/\/www.gaveanews.com\/#website","url":"https:\/\/www.gaveanews.com\/","name":"G\u00e1vea News","description":"Veja todas as not\u00edcias sobre o Flamengo: Contrata\u00e7\u00f5es, categorias de base, resultados das partidas, tabela de classifica\u00e7\u00e3o, pr\u00f3ximos jogos!","potentialAction":[{"@type":"SearchAction","target":{"@type":"EntryPoint","urlTemplate":"https:\/\/www.gaveanews.com\/?s={search_term_string}"},"query-input":{"@type":"PropertyValueSpecification","valueRequired":true,"valueName":"search_term_string"}}],"inLanguage":"pt-BR"},{"@type":"Person","@id":"https:\/\/www.gaveanews.com\/#\/schema\/person\/2424ec6409bc3f068411fc5e4e9b6168","name":"Leandro Cardoso","image":{"@type":"ImageObject","inLanguage":"pt-BR","@id":"https:\/\/www.gaveanews.com\/#\/schema\/person\/image\/","url":"https:\/\/secure.gravatar.com\/avatar\/8ca179f9b55eefe9f376f5493ef25475bfa59fbc28ce937f6076ce20e523098f?s=96&d=mm&r=g","contentUrl":"https:\/\/secure.gravatar.com\/avatar\/8ca179f9b55eefe9f376f5493ef25475bfa59fbc28ce937f6076ce20e523098f?s=96&d=mm&r=g","caption":"Leandro Cardoso"}}]}},"_links":{"self":[{"href":"https:\/\/www.gaveanews.com\/index.php\/wp-json\/wp\/v2\/posts\/247886","targetHints":{"allow":["GET"]}}],"collection":[{"href":"https:\/\/www.gaveanews.com\/index.php\/wp-json\/wp\/v2\/posts"}],"about":[{"href":"https:\/\/www.gaveanews.com\/index.php\/wp-json\/wp\/v2\/types\/post"}],"author":[{"embeddable":true,"href":"https:\/\/www.gaveanews.com\/index.php\/wp-json\/wp\/v2\/users\/24"}],"replies":[{"embeddable":true,"href":"https:\/\/www.gaveanews.com\/index.php\/wp-json\/wp\/v2\/comments?post=247886"}],"version-history":[{"count":1,"href":"https:\/\/www.gaveanews.com\/index.php\/wp-json\/wp\/v2\/posts\/247886\/revisions"}],"predecessor-version":[{"id":247890,"href":"https:\/\/www.gaveanews.com\/index.php\/wp-json\/wp\/v2\/posts\/247886\/revisions\/247890"}],"wp:featuredmedia":[{"embeddable":true,"href":"https:\/\/www.gaveanews.com\/index.php\/wp-json\/wp\/v2\/media\/152090"}],"wp:attachment":[{"href":"https:\/\/www.gaveanews.com\/index.php\/wp-json\/wp\/v2\/media?parent=247886"}],"wp:term":[{"taxonomy":"category","embeddable":true,"href":"https:\/\/www.gaveanews.com\/index.php\/wp-json\/wp\/v2\/categories?post=247886"},{"taxonomy":"post_tag","embeddable":true,"href":"https:\/\/www.gaveanews.com\/index.php\/wp-json\/wp\/v2\/tags?post=247886"}],"curies":[{"name":"wp","href":"https:\/\/api.w.org\/{rel}","templated":true}]}}