{"id":247892,"date":"2025-04-02T14:45:08","date_gmt":"2025-04-02T17:45:08","guid":{"rendered":"https:\/\/www.gaveanews.com\/?p=247892"},"modified":"2025-04-02T12:46:49","modified_gmt":"2025-04-02T15:46:49","slug":"once-caldas-x-fluminense-a-declaracao-de-marcao","status":"publish","type":"post","link":"https:\/\/www.gaveanews.com\/index.php\/2025\/04\/02\/once-caldas-x-fluminense-a-declaracao-de-marcao\/","title":{"rendered":"Once Caldas x Fluminense: a declara\u00e7\u00e3o de Marc\u00e3o"},"content":{"rendered":"\n<h2 class=\"wp-block-heading\" id=\"h-nosso-plano-de-jogo-era-exatamente-esse\">&#8221;\u00a0Nosso plano de jogo era exatamente esse&#8221;<\/h2>\n\n\n\n<p>O Fluminense estreou com p\u00e9 direito na Copa Sul-Americana ao vencer o Once Caldas fora de casa pelo placar de 1 a 0, gol de Germ\u00e1n Cano. Ainda sem treinador, a equipe carioca foi comandada por Marc\u00e3o, auxiliar t\u00e9cnico permanente do clube. <\/p>\n\n\n\n<p>Em entrevista coletiva ap\u00f3s o jogo, Marc\u00e3o elogiou o desempenho do Fluminense na partida e afirmou que o planejamento do jogo era o que foi cumprido pelos atletas. <\/p>\n\n\n\n<p>&#8220;Nosso plano de jogo era exatamente esse. Tentar controlar o jogo, tirar a velocidade do Once Caldas, para n\u00e3o ficar um jogo de l\u00e1 e c\u00e1. A gente conseguiu controlar. Jogar aqui \u00e9 muito dif\u00edcil. Muita transi\u00e7\u00e3o, muita velocidade. Eles executaram muito bem e tiramos o conforto da equipe advers\u00e1rio. Criamos situa\u00e7\u00f5es de gol. A ideia era ficar com a bola, trabalhar de um lado pro outro, enervar o advers\u00e1rio&#8221;, iniciou. <\/p>\n\n\n\n<p>Marc\u00e3o comentou novamente sobre assumir o time ap\u00f3s a demiss\u00e3o de um treinador em uma partida decisiva. Ele destacou o esfor\u00e7o coletivo da equipe, mas ressaltou que, desde a prele\u00e7\u00e3o, o sentimento era de buscar uma recupera\u00e7\u00e3o imediata.<\/p>\n\n\n\n<p>&#8220;O plano era manter o treinador, mas a gente perdeu o Mano Menezes e tivemos que fazer um plano r\u00e1pido de jogo, mentalizando a equipe do Once Caldas. Passamos muitos v\u00eddeos com a leitura de jogo e o que dev\u00edamos fazer. Tivemos um curto tempo por conta da log\u00edstica, viajamos a madrugada toda e treinamos \u00e0 tarde. E com tudo isso tivemos que respeitar a fisiologia e a prepara\u00e7\u00e3o f\u00edsica. Fizemos o que deveria ser feito, organizamos nossa equipe com nossa ideia e conseguimos executar bem. Tenho que dar os parab\u00e9ns para os jogadores, jogaram num campo pesado e se comportaram bem contra um advers\u00e1rio forte&#8221;, finalizou Marc\u00e3o. <\/p>\n\n\n\n<p>O Fluminense lidera o Grupo F com tr\u00eas pontos. Na quinta-feira (10), o Tricolor carioca enfrenta o San Jos\u00e9, da Bol\u00edvia, no Est\u00e1dio do Maracan\u00e3, \u00e0s 21h30 (hor\u00e1rio de Bras\u00edlia). Antes disso, a equipe enfrenta o Bragantino neste domingo (6) tamb\u00e9m como mandante, \u00e0s 16h (de Bras\u00edlia). <\/p>\n","protected":false},"excerpt":{"rendered":"<p>&#8221;\u00a0Nosso plano de jogo era exatamente esse&#8221; O Fluminense estreou com p\u00e9 direito na Copa Sul-Americana ao vencer o Once Caldas fora de casa pelo placar de 1 a 0, gol de Germ\u00e1n Cano. Ainda sem treinador, a equipe carioca foi comandada por Marc\u00e3o, auxiliar t\u00e9cnico permanente do clube. Em entrevista coletiva ap\u00f3s o jogo, [&hellip;]<\/p>\n","protected":false},"author":21,"featured_media":141970,"comment_status":"open","ping_status":"closed","sticky":false,"template":"","format":"standard","meta":{"footnotes":""},"categories":[145],"tags":[],"class_list":["post-247892","post","type-post","status-publish","format-standard","has-post-thumbnail","hentry","category-fluminense"],"yoast_head":"<!-- This site is optimized with the Yoast SEO Premium plugin v24.2 (Yoast SEO v26.9) - https:\/\/yoast.com\/product\/yoast-seo-premium-wordpress\/ -->\n<title>Once Caldas x Fluminense: a declara\u00e7\u00e3o de Marc\u00e3o<\/title>\n<meta name=\"robots\" content=\"index, follow, max-snippet:-1, max-image-preview:large, max-video-preview:-1\" \/>\n<link rel=\"canonical\" href=\"https:\/\/www.gaveanews.com\/index.php\/2025\/04\/02\/once-caldas-x-fluminense-a-declaracao-de-marcao\/\" \/>\n<meta property=\"og:locale\" content=\"pt_BR\" \/>\n<meta property=\"og:type\" content=\"article\" \/>\n<meta property=\"og:title\" content=\"Once Caldas x Fluminense: a declara\u00e7\u00e3o de Marc\u00e3o\" \/>\n<meta property=\"og:description\" content=\"&#8221;\u00a0Nosso plano de jogo era exatamente esse&#8221; O Fluminense estreou com p\u00e9 direito na Copa Sul-Americana ao vencer o Once Caldas fora de casa pelo placar de 1 a 0, gol de Germ\u00e1n Cano. Ainda sem treinador, a equipe carioca foi comandada por Marc\u00e3o, auxiliar t\u00e9cnico permanente do clube. Em entrevista coletiva ap\u00f3s o jogo, [&hellip;]\" \/>\n<meta property=\"og:url\" content=\"https:\/\/www.gaveanews.com\/index.php\/2025\/04\/02\/once-caldas-x-fluminense-a-declaracao-de-marcao\/\" \/>\n<meta property=\"og:site_name\" content=\"G\u00e1vea News\" \/>\n<meta property=\"article:publisher\" content=\"https:\/\/facebook.com\/gaveaNews\/\" \/>\n<meta property=\"article:published_time\" content=\"2025-04-02T17:45:08+00:00\" \/>\n<meta property=\"og:image\" content=\"https:\/\/www.gaveanews.com\/wp-content\/uploads\/53413588107_df8d1cb73b_k-aspect-ratio-512-320-2.webp\" \/>\n\t<meta property=\"og:image:width\" content=\"850\" \/>\n\t<meta property=\"og:image:height\" content=\"530\" \/>\n\t<meta property=\"og:image:type\" content=\"image\/webp\" \/>\n<meta name=\"author\" content=\"Andr\u00e9 Serra\" \/>\n<meta name=\"twitter:card\" content=\"summary_large_image\" \/>\n<meta name=\"twitter:label1\" content=\"Escrito por\" \/>\n\t<meta name=\"twitter:data1\" content=\"Andr\u00e9 Serra\" \/>\n\t<meta name=\"twitter:label2\" content=\"Est. tempo de leitura\" \/>\n\t<meta name=\"twitter:data2\" content=\"3 minutos\" \/>\n<script type=\"application\/ld+json\" class=\"yoast-schema-graph\">{\"@context\":\"https:\/\/schema.org\",\"@graph\":[{\"@type\":\"NewsArticle\",\"@id\":\"https:\/\/www.gaveanews.com\/index.php\/2025\/04\/02\/once-caldas-x-fluminense-a-declaracao-de-marcao\/#article\",\"isPartOf\":{\"@id\":\"https:\/\/www.gaveanews.com\/index.php\/2025\/04\/02\/once-caldas-x-fluminense-a-declaracao-de-marcao\/\"},\"author\":{\"name\":\"Andr\u00e9 Serra\",\"@id\":\"https:\/\/www.gaveanews.com\/#\/schema\/person\/0277a79a1289c451c281ec0411d84f0c\"},\"headline\":\"Once Caldas x Fluminense: a declara\u00e7\u00e3o de Marc\u00e3o\",\"datePublished\":\"2025-04-02T17:45:08+00:00\",\"mainEntityOfPage\":{\"@id\":\"https:\/\/www.gaveanews.com\/index.php\/2025\/04\/02\/once-caldas-x-fluminense-a-declaracao-de-marcao\/\"},\"wordCount\":378,\"commentCount\":0,\"image\":{\"@id\":\"https:\/\/www.gaveanews.com\/index.php\/2025\/04\/02\/once-caldas-x-fluminense-a-declaracao-de-marcao\/#primaryimage\"},\"thumbnailUrl\":\"https:\/\/www.gaveanews.com\/wp-content\/uploads\/53413588107_df8d1cb73b_k-aspect-ratio-512-320-2.webp\",\"articleSection\":[\"Fluminense\"],\"inLanguage\":\"pt-BR\",\"potentialAction\":[{\"@type\":\"CommentAction\",\"name\":\"Comment\",\"target\":[\"https:\/\/www.gaveanews.com\/index.php\/2025\/04\/02\/once-caldas-x-fluminense-a-declaracao-de-marcao\/#respond\"]}],\"copyrightYear\":\"2025\",\"copyrightHolder\":{\"@id\":\"https:\/\/www.gaveanews.com\/#organization\"}},{\"@type\":\"WebPage\",\"@id\":\"https:\/\/www.gaveanews.com\/index.php\/2025\/04\/02\/once-caldas-x-fluminense-a-declaracao-de-marcao\/\",\"url\":\"https:\/\/www.gaveanews.com\/index.php\/2025\/04\/02\/once-caldas-x-fluminense-a-declaracao-de-marcao\/\",\"name\":\"Once Caldas x Fluminense: a declara\u00e7\u00e3o de Marc\u00e3o\",\"isPartOf\":{\"@id\":\"https:\/\/www.gaveanews.com\/#website\"},\"primaryImageOfPage\":{\"@id\":\"https:\/\/www.gaveanews.com\/index.php\/2025\/04\/02\/once-caldas-x-fluminense-a-declaracao-de-marcao\/#primaryimage\"},\"image\":{\"@id\":\"https:\/\/www.gaveanews.com\/index.php\/2025\/04\/02\/once-caldas-x-fluminense-a-declaracao-de-marcao\/#primaryimage\"},\"thumbnailUrl\":\"https:\/\/www.gaveanews.com\/wp-content\/uploads\/53413588107_df8d1cb73b_k-aspect-ratio-512-320-2.webp\",\"datePublished\":\"2025-04-02T17:45:08+00:00\",\"author\":{\"@id\":\"https:\/\/www.gaveanews.com\/#\/schema\/person\/0277a79a1289c451c281ec0411d84f0c\"},\"breadcrumb\":{\"@id\":\"https:\/\/www.gaveanews.com\/index.php\/2025\/04\/02\/once-caldas-x-fluminense-a-declaracao-de-marcao\/#breadcrumb\"},\"inLanguage\":\"pt-BR\",\"potentialAction\":[{\"@type\":\"ReadAction\",\"target\":[\"https:\/\/www.gaveanews.com\/index.php\/2025\/04\/02\/once-caldas-x-fluminense-a-declaracao-de-marcao\/\"]}]},{\"@type\":\"ImageObject\",\"inLanguage\":\"pt-BR\",\"@id\":\"https:\/\/www.gaveanews.com\/index.php\/2025\/04\/02\/once-caldas-x-fluminense-a-declaracao-de-marcao\/#primaryimage\",\"url\":\"https:\/\/www.gaveanews.com\/wp-content\/uploads\/53413588107_df8d1cb73b_k-aspect-ratio-512-320-2.webp\",\"contentUrl\":\"https:\/\/www.gaveanews.com\/wp-content\/uploads\/53413588107_df8d1cb73b_k-aspect-ratio-512-320-2.webp\",\"width\":850,\"height\":530,\"caption\":\"Foto: Lucas Mer\u00e7on\/Fluminense\"},{\"@type\":\"BreadcrumbList\",\"@id\":\"https:\/\/www.gaveanews.com\/index.php\/2025\/04\/02\/once-caldas-x-fluminense-a-declaracao-de-marcao\/#breadcrumb\",\"itemListElement\":[{\"@type\":\"ListItem\",\"position\":1,\"name\":\"Home\",\"item\":\"https:\/\/www.gaveanews.com\/\"},{\"@type\":\"ListItem\",\"position\":2,\"name\":\"Once Caldas x Fluminense: a declara\u00e7\u00e3o de Marc\u00e3o\"}]},{\"@type\":\"WebSite\",\"@id\":\"https:\/\/www.gaveanews.com\/#website\",\"url\":\"https:\/\/www.gaveanews.com\/\",\"name\":\"G\u00e1vea News\",\"description\":\"Veja todas as not\u00edcias sobre o Flamengo: Contrata\u00e7\u00f5es, categorias de base, resultados das partidas, tabela de classifica\u00e7\u00e3o, pr\u00f3ximos jogos!\",\"potentialAction\":[{\"@type\":\"SearchAction\",\"target\":{\"@type\":\"EntryPoint\",\"urlTemplate\":\"https:\/\/www.gaveanews.com\/?s={search_term_string}\"},\"query-input\":{\"@type\":\"PropertyValueSpecification\",\"valueRequired\":true,\"valueName\":\"search_term_string\"}}],\"inLanguage\":\"pt-BR\"},{\"@type\":\"Person\",\"@id\":\"https:\/\/www.gaveanews.com\/#\/schema\/person\/0277a79a1289c451c281ec0411d84f0c\",\"name\":\"Andr\u00e9 Serra\",\"image\":{\"@type\":\"ImageObject\",\"inLanguage\":\"pt-BR\",\"@id\":\"https:\/\/www.gaveanews.com\/#\/schema\/person\/image\/\",\"url\":\"https:\/\/secure.gravatar.com\/avatar\/d7231369fe48db93292b3e88eb2162dbd9a34a47a8437d9ef3bcaca2a86a83d7?s=96&d=mm&r=g\",\"contentUrl\":\"https:\/\/secure.gravatar.com\/avatar\/d7231369fe48db93292b3e88eb2162dbd9a34a47a8437d9ef3bcaca2a86a83d7?s=96&d=mm&r=g\",\"caption\":\"Andr\u00e9 Serra\"}}]}<\/script>\n<!-- \/ Yoast SEO Premium plugin. -->","yoast_head_json":{"title":"Once Caldas x Fluminense: a declara\u00e7\u00e3o de Marc\u00e3o","robots":{"index":"index","follow":"follow","max-snippet":"max-snippet:-1","max-image-preview":"max-image-preview:large","max-video-preview":"max-video-preview:-1"},"canonical":"https:\/\/www.gaveanews.com\/index.php\/2025\/04\/02\/once-caldas-x-fluminense-a-declaracao-de-marcao\/","og_locale":"pt_BR","og_type":"article","og_title":"Once Caldas x Fluminense: a declara\u00e7\u00e3o de Marc\u00e3o","og_description":"&#8221;\u00a0Nosso plano de jogo era exatamente esse&#8221; O Fluminense estreou com p\u00e9 direito na Copa Sul-Americana ao vencer o Once Caldas fora de casa pelo placar de 1 a 0, gol de Germ\u00e1n Cano. Ainda sem treinador, a equipe carioca foi comandada por Marc\u00e3o, auxiliar t\u00e9cnico permanente do clube. Em entrevista coletiva ap\u00f3s o jogo, [&hellip;]","og_url":"https:\/\/www.gaveanews.com\/index.php\/2025\/04\/02\/once-caldas-x-fluminense-a-declaracao-de-marcao\/","og_site_name":"G\u00e1vea News","article_publisher":"https:\/\/facebook.com\/gaveaNews\/","article_published_time":"2025-04-02T17:45:08+00:00","og_image":[{"width":850,"height":530,"url":"https:\/\/www.gaveanews.com\/wp-content\/uploads\/53413588107_df8d1cb73b_k-aspect-ratio-512-320-2.webp","type":"image\/webp"}],"author":"Andr\u00e9 Serra","twitter_card":"summary_large_image","twitter_misc":{"Escrito por":"Andr\u00e9 Serra","Est. tempo de leitura":"3 minutos"},"schema":{"@context":"https:\/\/schema.org","@graph":[{"@type":"NewsArticle","@id":"https:\/\/www.gaveanews.com\/index.php\/2025\/04\/02\/once-caldas-x-fluminense-a-declaracao-de-marcao\/#article","isPartOf":{"@id":"https:\/\/www.gaveanews.com\/index.php\/2025\/04\/02\/once-caldas-x-fluminense-a-declaracao-de-marcao\/"},"author":{"name":"Andr\u00e9 Serra","@id":"https:\/\/www.gaveanews.com\/#\/schema\/person\/0277a79a1289c451c281ec0411d84f0c"},"headline":"Once Caldas x Fluminense: a declara\u00e7\u00e3o de Marc\u00e3o","datePublished":"2025-04-02T17:45:08+00:00","mainEntityOfPage":{"@id":"https:\/\/www.gaveanews.com\/index.php\/2025\/04\/02\/once-caldas-x-fluminense-a-declaracao-de-marcao\/"},"wordCount":378,"commentCount":0,"image":{"@id":"https:\/\/www.gaveanews.com\/index.php\/2025\/04\/02\/once-caldas-x-fluminense-a-declaracao-de-marcao\/#primaryimage"},"thumbnailUrl":"https:\/\/www.gaveanews.com\/wp-content\/uploads\/53413588107_df8d1cb73b_k-aspect-ratio-512-320-2.webp","articleSection":["Fluminense"],"inLanguage":"pt-BR","potentialAction":[{"@type":"CommentAction","name":"Comment","target":["https:\/\/www.gaveanews.com\/index.php\/2025\/04\/02\/once-caldas-x-fluminense-a-declaracao-de-marcao\/#respond"]}],"copyrightYear":"2025","copyrightHolder":{"@id":"https:\/\/www.gaveanews.com\/#organization"}},{"@type":"WebPage","@id":"https:\/\/www.gaveanews.com\/index.php\/2025\/04\/02\/once-caldas-x-fluminense-a-declaracao-de-marcao\/","url":"https:\/\/www.gaveanews.com\/index.php\/2025\/04\/02\/once-caldas-x-fluminense-a-declaracao-de-marcao\/","name":"Once Caldas x Fluminense: a declara\u00e7\u00e3o de Marc\u00e3o","isPartOf":{"@id":"https:\/\/www.gaveanews.com\/#website"},"primaryImageOfPage":{"@id":"https:\/\/www.gaveanews.com\/index.php\/2025\/04\/02\/once-caldas-x-fluminense-a-declaracao-de-marcao\/#primaryimage"},"image":{"@id":"https:\/\/www.gaveanews.com\/index.php\/2025\/04\/02\/once-caldas-x-fluminense-a-declaracao-de-marcao\/#primaryimage"},"thumbnailUrl":"https:\/\/www.gaveanews.com\/wp-content\/uploads\/53413588107_df8d1cb73b_k-aspect-ratio-512-320-2.webp","datePublished":"2025-04-02T17:45:08+00:00","author":{"@id":"https:\/\/www.gaveanews.com\/#\/schema\/person\/0277a79a1289c451c281ec0411d84f0c"},"breadcrumb":{"@id":"https:\/\/www.gaveanews.com\/index.php\/2025\/04\/02\/once-caldas-x-fluminense-a-declaracao-de-marcao\/#breadcrumb"},"inLanguage":"pt-BR","potentialAction":[{"@type":"ReadAction","target":["https:\/\/www.gaveanews.com\/index.php\/2025\/04\/02\/once-caldas-x-fluminense-a-declaracao-de-marcao\/"]}]},{"@type":"ImageObject","inLanguage":"pt-BR","@id":"https:\/\/www.gaveanews.com\/index.php\/2025\/04\/02\/once-caldas-x-fluminense-a-declaracao-de-marcao\/#primaryimage","url":"https:\/\/www.gaveanews.com\/wp-content\/uploads\/53413588107_df8d1cb73b_k-aspect-ratio-512-320-2.webp","contentUrl":"https:\/\/www.gaveanews.com\/wp-content\/uploads\/53413588107_df8d1cb73b_k-aspect-ratio-512-320-2.webp","width":850,"height":530,"caption":"Foto: Lucas Mer\u00e7on\/Fluminense"},{"@type":"BreadcrumbList","@id":"https:\/\/www.gaveanews.com\/index.php\/2025\/04\/02\/once-caldas-x-fluminense-a-declaracao-de-marcao\/#breadcrumb","itemListElement":[{"@type":"ListItem","position":1,"name":"Home","item":"https:\/\/www.gaveanews.com\/"},{"@type":"ListItem","position":2,"name":"Once Caldas x Fluminense: a declara\u00e7\u00e3o de Marc\u00e3o"}]},{"@type":"WebSite","@id":"https:\/\/www.gaveanews.com\/#website","url":"https:\/\/www.gaveanews.com\/","name":"G\u00e1vea News","description":"Veja todas as not\u00edcias sobre o Flamengo: Contrata\u00e7\u00f5es, categorias de base, resultados das partidas, tabela de classifica\u00e7\u00e3o, pr\u00f3ximos jogos!","potentialAction":[{"@type":"SearchAction","target":{"@type":"EntryPoint","urlTemplate":"https:\/\/www.gaveanews.com\/?s={search_term_string}"},"query-input":{"@type":"PropertyValueSpecification","valueRequired":true,"valueName":"search_term_string"}}],"inLanguage":"pt-BR"},{"@type":"Person","@id":"https:\/\/www.gaveanews.com\/#\/schema\/person\/0277a79a1289c451c281ec0411d84f0c","name":"Andr\u00e9 Serra","image":{"@type":"ImageObject","inLanguage":"pt-BR","@id":"https:\/\/www.gaveanews.com\/#\/schema\/person\/image\/","url":"https:\/\/secure.gravatar.com\/avatar\/d7231369fe48db93292b3e88eb2162dbd9a34a47a8437d9ef3bcaca2a86a83d7?s=96&d=mm&r=g","contentUrl":"https:\/\/secure.gravatar.com\/avatar\/d7231369fe48db93292b3e88eb2162dbd9a34a47a8437d9ef3bcaca2a86a83d7?s=96&d=mm&r=g","caption":"Andr\u00e9 Serra"}}]}},"_links":{"self":[{"href":"https:\/\/www.gaveanews.com\/index.php\/wp-json\/wp\/v2\/posts\/247892","targetHints":{"allow":["GET"]}}],"collection":[{"href":"https:\/\/www.gaveanews.com\/index.php\/wp-json\/wp\/v2\/posts"}],"about":[{"href":"https:\/\/www.gaveanews.com\/index.php\/wp-json\/wp\/v2\/types\/post"}],"author":[{"embeddable":true,"href":"https:\/\/www.gaveanews.com\/index.php\/wp-json\/wp\/v2\/users\/21"}],"replies":[{"embeddable":true,"href":"https:\/\/www.gaveanews.com\/index.php\/wp-json\/wp\/v2\/comments?post=247892"}],"version-history":[{"count":1,"href":"https:\/\/www.gaveanews.com\/index.php\/wp-json\/wp\/v2\/posts\/247892\/revisions"}],"predecessor-version":[{"id":247904,"href":"https:\/\/www.gaveanews.com\/index.php\/wp-json\/wp\/v2\/posts\/247892\/revisions\/247904"}],"wp:featuredmedia":[{"embeddable":true,"href":"https:\/\/www.gaveanews.com\/index.php\/wp-json\/wp\/v2\/media\/141970"}],"wp:attachment":[{"href":"https:\/\/www.gaveanews.com\/index.php\/wp-json\/wp\/v2\/media?parent=247892"}],"wp:term":[{"taxonomy":"category","embeddable":true,"href":"https:\/\/www.gaveanews.com\/index.php\/wp-json\/wp\/v2\/categories?post=247892"},{"taxonomy":"post_tag","embeddable":true,"href":"https:\/\/www.gaveanews.com\/index.php\/wp-json\/wp\/v2\/tags?post=247892"}],"curies":[{"name":"wp","href":"https:\/\/api.w.org\/{rel}","templated":true}]}}