{"id":247895,"date":"2025-04-02T12:35:00","date_gmt":"2025-04-02T15:35:00","guid":{"rendered":"https:\/\/www.gaveanews.com\/?p=247895"},"modified":"2025-04-02T11:44:30","modified_gmt":"2025-04-02T14:44:30","slug":"vai-ficar-permanencia-de-payet-no-vasco-tem-uma-condicao","status":"publish","type":"post","link":"https:\/\/www.gaveanews.com\/index.php\/2025\/04\/02\/vai-ficar-permanencia-de-payet-no-vasco-tem-uma-condicao\/","title":{"rendered":"Vai ficar? Perman\u00eancia de Payet no Vasco tem uma condi\u00e7\u00e3o"},"content":{"rendered":"\n<p>Dimitri Payet chegou ao Vasco com grande expectativa, e mesmo tendo momentos de brilho, sua perman\u00eancia no clube est\u00e1 em xeque. O franc\u00eas, que foi decisivo na vit\u00f3ria sobre o Santos ao dar uma assist\u00eancia para Vegetti, ainda n\u00e3o tem o futuro definido.&nbsp;<\/p>\n\n\n\n<p>Isso porque o contrato do meio-campista se encerra em breve, e a diretoria cruzmaltina avalia se vale a pena renovar.<\/p>\n\n\n\n<h2 class=\"wp-block-heading\" id=\"h-salario-pode-ser-o-grande-obstaculo\">Sal\u00e1rio pode ser o grande obst\u00e1culo<\/h2>\n\n\n\n<figure class=\"wp-block-image size-full\"><img loading=\"lazy\" decoding=\"async\" width=\"1024\" height=\"562\" src=\"http:\/\/www.gaveanews.com\/wp-content\/uploads\/Pedrinho-presidente-do-Vasco.webp\" alt=\"\" class=\"wp-image-146559\" srcset=\"https:\/\/www.gaveanews.com\/wp-content\/uploads\/Pedrinho-presidente-do-Vasco.webp 1024w, https:\/\/www.gaveanews.com\/wp-content\/uploads\/Pedrinho-presidente-do-Vasco-300x165.webp 300w, https:\/\/www.gaveanews.com\/wp-content\/uploads\/Pedrinho-presidente-do-Vasco-768x422.webp 768w, https:\/\/www.gaveanews.com\/wp-content\/uploads\/Pedrinho-presidente-do-Vasco-765x420.webp 765w, https:\/\/www.gaveanews.com\/wp-content\/uploads\/Pedrinho-presidente-do-Vasco-640x350.webp 640w, https:\/\/www.gaveanews.com\/wp-content\/uploads\/Pedrinho-presidente-do-Vasco-681x374.webp 681w, https:\/\/www.gaveanews.com\/wp-content\/uploads\/Pedrinho-presidente-do-Vasco-1022x562.webp 1022w, https:\/\/www.gaveanews.com\/wp-content\/uploads\/Pedrinho-presidente-do-Vasco-100x55.webp 100w\" sizes=\"auto, (max-width: 1024px) 100vw, 1024px\" \/><figcaption class=\"wp-element-caption\">Pedrinho, presidente do Vasco (Foto: Reprodu\u00e7\u00e3o\/Vasco TV)<\/figcaption><\/figure>\n\n\n\n<p>Vale destacar que, apesar de gostar do Rio de Janeiro e de se sentir bem fisicamente, Payet tem um dos maiores sal\u00e1rios do elenco. Por isso, a diretoria, comandada por Pedrinho, considera que o custo-benef\u00edcio do jogador n\u00e3o \u00e9 satisfat\u00f3rio. Sendo assim, sua perman\u00eancia depende de uma redu\u00e7\u00e3o salarial consider\u00e1vel.<\/p>\n\n\n\n<p>Especula-se que o Vasco s\u00f3 aceitaria renovar se o franc\u00eas aceitasse uma diminui\u00e7\u00e3o de 30% nos vencimentos.&nbsp;<\/p>\n\n\n\n<p>Dessa maneira, o clube conseguiria equilibrar melhor as finan\u00e7as e investir em outras \u00e1reas do elenco.<\/p>\n\n\n\n<h2 class=\"wp-block-heading\" id=\"h-reserva-de-carille\">Reserva de Carille<\/h2>\n\n\n\n<p>Atualmente, Payet tem sido reserva na equipe comandada por F\u00e1bio Carille. Ele entra nos jogos quando Philippe Coutinho precisa de descanso e, eventualmente, ganha oportunidades entre os titulares caso haja desfalques.<\/p>\n\n\n\n<p>Apesar disso, o meia n\u00e3o tem demonstrado insatisfa\u00e7\u00e3o com a situa\u00e7\u00e3o. Esse profissionalismo \u00e9 um dos pontos positivos que podem pesar na decis\u00e3o sobre sua perman\u00eancia.<\/p>\n\n\n\n<h2 class=\"wp-block-heading\" id=\"h-futuro-incerto-e-expectativa-da-torcida\">Futuro incerto e expectativa da torcida<\/h2>\n\n\n\n<p>A torcida do Vasco est\u00e1 dividida sobre a continuidade do jogador. Enquanto alguns reconhecem sua qualidade e os momentos em que foi decisivo, outros acreditam que sua sa\u00edda pode ser ben\u00e9fica para o clube.&nbsp;<\/p>\n\n\n\n<p>Isso porque o alto sal\u00e1rio compromete o or\u00e7amento e, at\u00e9 agora, o franc\u00eas teve um desempenho considerado irregular.<\/p>\n\n\n\n<p>Com isso, a decis\u00e3o est\u00e1 nas m\u00e3os da diretoria e do pr\u00f3prio Payet. Caso aceite reduzir seus vencimentos, pode continuar no Vasco. Caso contr\u00e1rio, sua passagem pelo clube pode estar perto do fim.<\/p>\n","protected":false},"excerpt":{"rendered":"<p>Dimitri Payet chegou ao Vasco com grande expectativa, e mesmo tendo momentos de brilho, sua perman\u00eancia no clube est\u00e1 em xeque. O franc\u00eas, que foi decisivo na vit\u00f3ria sobre o Santos ao dar uma assist\u00eancia para Vegetti, ainda n\u00e3o tem o futuro definido.&nbsp; Isso porque o contrato do meio-campista se encerra em breve, e a [&hellip;]<\/p>\n","protected":false},"author":25,"featured_media":124623,"comment_status":"open","ping_status":"closed","sticky":false,"template":"","format":"standard","meta":{"footnotes":""},"categories":[152],"tags":[],"class_list":["post-247895","post","type-post","status-publish","format-standard","has-post-thumbnail","hentry","category-vasco"],"yoast_head":"<!-- This site is optimized with the Yoast SEO Premium plugin v24.2 (Yoast SEO v26.9) - https:\/\/yoast.com\/product\/yoast-seo-premium-wordpress\/ -->\n<title>Vai ficar? Perman\u00eancia de Payet no Vasco tem uma condi\u00e7\u00e3o<\/title>\n<meta name=\"robots\" content=\"index, follow, max-snippet:-1, max-image-preview:large, max-video-preview:-1\" \/>\n<link rel=\"canonical\" href=\"https:\/\/www.gaveanews.com\/index.php\/2025\/04\/02\/vai-ficar-permanencia-de-payet-no-vasco-tem-uma-condicao\/\" \/>\n<meta property=\"og:locale\" content=\"pt_BR\" \/>\n<meta property=\"og:type\" content=\"article\" \/>\n<meta property=\"og:title\" content=\"Vai ficar? Perman\u00eancia de Payet no Vasco tem uma condi\u00e7\u00e3o\" \/>\n<meta property=\"og:description\" content=\"Dimitri Payet chegou ao Vasco com grande expectativa, e mesmo tendo momentos de brilho, sua perman\u00eancia no clube est\u00e1 em xeque. O franc\u00eas, que foi decisivo na vit\u00f3ria sobre o Santos ao dar uma assist\u00eancia para Vegetti, ainda n\u00e3o tem o futuro definido.&nbsp; Isso porque o contrato do meio-campista se encerra em breve, e a [&hellip;]\" \/>\n<meta property=\"og:url\" content=\"https:\/\/www.gaveanews.com\/index.php\/2025\/04\/02\/vai-ficar-permanencia-de-payet-no-vasco-tem-uma-condicao\/\" \/>\n<meta property=\"og:site_name\" content=\"G\u00e1vea News\" \/>\n<meta property=\"article:publisher\" content=\"https:\/\/facebook.com\/gaveaNews\/\" \/>\n<meta property=\"article:published_time\" content=\"2025-04-02T15:35:00+00:00\" \/>\n<meta property=\"og:image\" content=\"https:\/\/www.gaveanews.com\/wp-content\/uploads\/agif23100200212796-1-.webp\" \/>\n\t<meta property=\"og:image:width\" content=\"984\" \/>\n\t<meta property=\"og:image:height\" content=\"656\" \/>\n\t<meta property=\"og:image:type\" content=\"image\/webp\" \/>\n<meta name=\"author\" content=\"Rafaela Ladeira\" \/>\n<meta name=\"twitter:card\" content=\"summary_large_image\" \/>\n<meta name=\"twitter:label1\" content=\"Escrito por\" \/>\n\t<meta name=\"twitter:data1\" content=\"Rafaela Ladeira\" \/>\n\t<meta name=\"twitter:label2\" content=\"Est. tempo de leitura\" \/>\n\t<meta name=\"twitter:data2\" content=\"3 minutos\" \/>\n<script type=\"application\/ld+json\" class=\"yoast-schema-graph\">{\"@context\":\"https:\/\/schema.org\",\"@graph\":[{\"@type\":\"NewsArticle\",\"@id\":\"https:\/\/www.gaveanews.com\/index.php\/2025\/04\/02\/vai-ficar-permanencia-de-payet-no-vasco-tem-uma-condicao\/#article\",\"isPartOf\":{\"@id\":\"https:\/\/www.gaveanews.com\/index.php\/2025\/04\/02\/vai-ficar-permanencia-de-payet-no-vasco-tem-uma-condicao\/\"},\"author\":{\"name\":\"Rafaela Ladeira\",\"@id\":\"https:\/\/www.gaveanews.com\/#\/schema\/person\/0eb3e3fe1754f0205218538adbe8f5ed\"},\"headline\":\"Vai ficar? Perman\u00eancia de Payet no Vasco tem uma condi\u00e7\u00e3o\",\"datePublished\":\"2025-04-02T15:35:00+00:00\",\"mainEntityOfPage\":{\"@id\":\"https:\/\/www.gaveanews.com\/index.php\/2025\/04\/02\/vai-ficar-permanencia-de-payet-no-vasco-tem-uma-condicao\/\"},\"wordCount\":356,\"commentCount\":0,\"image\":{\"@id\":\"https:\/\/www.gaveanews.com\/index.php\/2025\/04\/02\/vai-ficar-permanencia-de-payet-no-vasco-tem-uma-condicao\/#primaryimage\"},\"thumbnailUrl\":\"https:\/\/www.gaveanews.com\/wp-content\/uploads\/agif23100200212796-1-.webp\",\"articleSection\":[\"Vasco\"],\"inLanguage\":\"pt-BR\",\"potentialAction\":[{\"@type\":\"CommentAction\",\"name\":\"Comment\",\"target\":[\"https:\/\/www.gaveanews.com\/index.php\/2025\/04\/02\/vai-ficar-permanencia-de-payet-no-vasco-tem-uma-condicao\/#respond\"]}],\"copyrightYear\":\"2025\",\"copyrightHolder\":{\"@id\":\"https:\/\/www.gaveanews.com\/#organization\"}},{\"@type\":\"WebPage\",\"@id\":\"https:\/\/www.gaveanews.com\/index.php\/2025\/04\/02\/vai-ficar-permanencia-de-payet-no-vasco-tem-uma-condicao\/\",\"url\":\"https:\/\/www.gaveanews.com\/index.php\/2025\/04\/02\/vai-ficar-permanencia-de-payet-no-vasco-tem-uma-condicao\/\",\"name\":\"Vai ficar? Perman\u00eancia de Payet no Vasco tem uma condi\u00e7\u00e3o\",\"isPartOf\":{\"@id\":\"https:\/\/www.gaveanews.com\/#website\"},\"primaryImageOfPage\":{\"@id\":\"https:\/\/www.gaveanews.com\/index.php\/2025\/04\/02\/vai-ficar-permanencia-de-payet-no-vasco-tem-uma-condicao\/#primaryimage\"},\"image\":{\"@id\":\"https:\/\/www.gaveanews.com\/index.php\/2025\/04\/02\/vai-ficar-permanencia-de-payet-no-vasco-tem-uma-condicao\/#primaryimage\"},\"thumbnailUrl\":\"https:\/\/www.gaveanews.com\/wp-content\/uploads\/agif23100200212796-1-.webp\",\"datePublished\":\"2025-04-02T15:35:00+00:00\",\"author\":{\"@id\":\"https:\/\/www.gaveanews.com\/#\/schema\/person\/0eb3e3fe1754f0205218538adbe8f5ed\"},\"breadcrumb\":{\"@id\":\"https:\/\/www.gaveanews.com\/index.php\/2025\/04\/02\/vai-ficar-permanencia-de-payet-no-vasco-tem-uma-condicao\/#breadcrumb\"},\"inLanguage\":\"pt-BR\",\"potentialAction\":[{\"@type\":\"ReadAction\",\"target\":[\"https:\/\/www.gaveanews.com\/index.php\/2025\/04\/02\/vai-ficar-permanencia-de-payet-no-vasco-tem-uma-condicao\/\"]}]},{\"@type\":\"ImageObject\",\"inLanguage\":\"pt-BR\",\"@id\":\"https:\/\/www.gaveanews.com\/index.php\/2025\/04\/02\/vai-ficar-permanencia-de-payet-no-vasco-tem-uma-condicao\/#primaryimage\",\"url\":\"https:\/\/www.gaveanews.com\/wp-content\/uploads\/agif23100200212796-1-.webp\",\"contentUrl\":\"https:\/\/www.gaveanews.com\/wp-content\/uploads\/agif23100200212796-1-.webp\",\"width\":984,\"height\":656,\"caption\":\"Payet em a\u00e7\u00e3o pelo Vasco (Foto: Abner Dourado\/AGIF)\"},{\"@type\":\"BreadcrumbList\",\"@id\":\"https:\/\/www.gaveanews.com\/index.php\/2025\/04\/02\/vai-ficar-permanencia-de-payet-no-vasco-tem-uma-condicao\/#breadcrumb\",\"itemListElement\":[{\"@type\":\"ListItem\",\"position\":1,\"name\":\"Home\",\"item\":\"https:\/\/www.gaveanews.com\/\"},{\"@type\":\"ListItem\",\"position\":2,\"name\":\"Vai ficar? Perman\u00eancia de Payet no Vasco tem uma condi\u00e7\u00e3o\"}]},{\"@type\":\"WebSite\",\"@id\":\"https:\/\/www.gaveanews.com\/#website\",\"url\":\"https:\/\/www.gaveanews.com\/\",\"name\":\"G\u00e1vea News\",\"description\":\"Veja todas as not\u00edcias sobre o Flamengo: Contrata\u00e7\u00f5es, categorias de base, resultados das partidas, tabela de classifica\u00e7\u00e3o, pr\u00f3ximos jogos!\",\"potentialAction\":[{\"@type\":\"SearchAction\",\"target\":{\"@type\":\"EntryPoint\",\"urlTemplate\":\"https:\/\/www.gaveanews.com\/?s={search_term_string}\"},\"query-input\":{\"@type\":\"PropertyValueSpecification\",\"valueRequired\":true,\"valueName\":\"search_term_string\"}}],\"inLanguage\":\"pt-BR\"},{\"@type\":\"Person\",\"@id\":\"https:\/\/www.gaveanews.com\/#\/schema\/person\/0eb3e3fe1754f0205218538adbe8f5ed\",\"name\":\"Rafaela Ladeira\",\"image\":{\"@type\":\"ImageObject\",\"inLanguage\":\"pt-BR\",\"@id\":\"https:\/\/www.gaveanews.com\/#\/schema\/person\/image\/\",\"url\":\"https:\/\/secure.gravatar.com\/avatar\/c31f513acffd85eacab5730cbdfdbbf59f21ba5aeada8cd890acea879fbb2455?s=96&d=mm&r=g\",\"contentUrl\":\"https:\/\/secure.gravatar.com\/avatar\/c31f513acffd85eacab5730cbdfdbbf59f21ba5aeada8cd890acea879fbb2455?s=96&d=mm&r=g\",\"caption\":\"Rafaela Ladeira\"}}]}<\/script>\n<!-- \/ Yoast SEO Premium plugin. -->","yoast_head_json":{"title":"Vai ficar? Perman\u00eancia de Payet no Vasco tem uma condi\u00e7\u00e3o","robots":{"index":"index","follow":"follow","max-snippet":"max-snippet:-1","max-image-preview":"max-image-preview:large","max-video-preview":"max-video-preview:-1"},"canonical":"https:\/\/www.gaveanews.com\/index.php\/2025\/04\/02\/vai-ficar-permanencia-de-payet-no-vasco-tem-uma-condicao\/","og_locale":"pt_BR","og_type":"article","og_title":"Vai ficar? Perman\u00eancia de Payet no Vasco tem uma condi\u00e7\u00e3o","og_description":"Dimitri Payet chegou ao Vasco com grande expectativa, e mesmo tendo momentos de brilho, sua perman\u00eancia no clube est\u00e1 em xeque. O franc\u00eas, que foi decisivo na vit\u00f3ria sobre o Santos ao dar uma assist\u00eancia para Vegetti, ainda n\u00e3o tem o futuro definido.&nbsp; Isso porque o contrato do meio-campista se encerra em breve, e a [&hellip;]","og_url":"https:\/\/www.gaveanews.com\/index.php\/2025\/04\/02\/vai-ficar-permanencia-de-payet-no-vasco-tem-uma-condicao\/","og_site_name":"G\u00e1vea News","article_publisher":"https:\/\/facebook.com\/gaveaNews\/","article_published_time":"2025-04-02T15:35:00+00:00","og_image":[{"width":984,"height":656,"url":"https:\/\/www.gaveanews.com\/wp-content\/uploads\/agif23100200212796-1-.webp","type":"image\/webp"}],"author":"Rafaela Ladeira","twitter_card":"summary_large_image","twitter_misc":{"Escrito por":"Rafaela Ladeira","Est. tempo de leitura":"3 minutos"},"schema":{"@context":"https:\/\/schema.org","@graph":[{"@type":"NewsArticle","@id":"https:\/\/www.gaveanews.com\/index.php\/2025\/04\/02\/vai-ficar-permanencia-de-payet-no-vasco-tem-uma-condicao\/#article","isPartOf":{"@id":"https:\/\/www.gaveanews.com\/index.php\/2025\/04\/02\/vai-ficar-permanencia-de-payet-no-vasco-tem-uma-condicao\/"},"author":{"name":"Rafaela Ladeira","@id":"https:\/\/www.gaveanews.com\/#\/schema\/person\/0eb3e3fe1754f0205218538adbe8f5ed"},"headline":"Vai ficar? Perman\u00eancia de Payet no Vasco tem uma condi\u00e7\u00e3o","datePublished":"2025-04-02T15:35:00+00:00","mainEntityOfPage":{"@id":"https:\/\/www.gaveanews.com\/index.php\/2025\/04\/02\/vai-ficar-permanencia-de-payet-no-vasco-tem-uma-condicao\/"},"wordCount":356,"commentCount":0,"image":{"@id":"https:\/\/www.gaveanews.com\/index.php\/2025\/04\/02\/vai-ficar-permanencia-de-payet-no-vasco-tem-uma-condicao\/#primaryimage"},"thumbnailUrl":"https:\/\/www.gaveanews.com\/wp-content\/uploads\/agif23100200212796-1-.webp","articleSection":["Vasco"],"inLanguage":"pt-BR","potentialAction":[{"@type":"CommentAction","name":"Comment","target":["https:\/\/www.gaveanews.com\/index.php\/2025\/04\/02\/vai-ficar-permanencia-de-payet-no-vasco-tem-uma-condicao\/#respond"]}],"copyrightYear":"2025","copyrightHolder":{"@id":"https:\/\/www.gaveanews.com\/#organization"}},{"@type":"WebPage","@id":"https:\/\/www.gaveanews.com\/index.php\/2025\/04\/02\/vai-ficar-permanencia-de-payet-no-vasco-tem-uma-condicao\/","url":"https:\/\/www.gaveanews.com\/index.php\/2025\/04\/02\/vai-ficar-permanencia-de-payet-no-vasco-tem-uma-condicao\/","name":"Vai ficar? Perman\u00eancia de Payet no Vasco tem uma condi\u00e7\u00e3o","isPartOf":{"@id":"https:\/\/www.gaveanews.com\/#website"},"primaryImageOfPage":{"@id":"https:\/\/www.gaveanews.com\/index.php\/2025\/04\/02\/vai-ficar-permanencia-de-payet-no-vasco-tem-uma-condicao\/#primaryimage"},"image":{"@id":"https:\/\/www.gaveanews.com\/index.php\/2025\/04\/02\/vai-ficar-permanencia-de-payet-no-vasco-tem-uma-condicao\/#primaryimage"},"thumbnailUrl":"https:\/\/www.gaveanews.com\/wp-content\/uploads\/agif23100200212796-1-.webp","datePublished":"2025-04-02T15:35:00+00:00","author":{"@id":"https:\/\/www.gaveanews.com\/#\/schema\/person\/0eb3e3fe1754f0205218538adbe8f5ed"},"breadcrumb":{"@id":"https:\/\/www.gaveanews.com\/index.php\/2025\/04\/02\/vai-ficar-permanencia-de-payet-no-vasco-tem-uma-condicao\/#breadcrumb"},"inLanguage":"pt-BR","potentialAction":[{"@type":"ReadAction","target":["https:\/\/www.gaveanews.com\/index.php\/2025\/04\/02\/vai-ficar-permanencia-de-payet-no-vasco-tem-uma-condicao\/"]}]},{"@type":"ImageObject","inLanguage":"pt-BR","@id":"https:\/\/www.gaveanews.com\/index.php\/2025\/04\/02\/vai-ficar-permanencia-de-payet-no-vasco-tem-uma-condicao\/#primaryimage","url":"https:\/\/www.gaveanews.com\/wp-content\/uploads\/agif23100200212796-1-.webp","contentUrl":"https:\/\/www.gaveanews.com\/wp-content\/uploads\/agif23100200212796-1-.webp","width":984,"height":656,"caption":"Payet em a\u00e7\u00e3o pelo Vasco (Foto: Abner Dourado\/AGIF)"},{"@type":"BreadcrumbList","@id":"https:\/\/www.gaveanews.com\/index.php\/2025\/04\/02\/vai-ficar-permanencia-de-payet-no-vasco-tem-uma-condicao\/#breadcrumb","itemListElement":[{"@type":"ListItem","position":1,"name":"Home","item":"https:\/\/www.gaveanews.com\/"},{"@type":"ListItem","position":2,"name":"Vai ficar? Perman\u00eancia de Payet no Vasco tem uma condi\u00e7\u00e3o"}]},{"@type":"WebSite","@id":"https:\/\/www.gaveanews.com\/#website","url":"https:\/\/www.gaveanews.com\/","name":"G\u00e1vea News","description":"Veja todas as not\u00edcias sobre o Flamengo: Contrata\u00e7\u00f5es, categorias de base, resultados das partidas, tabela de classifica\u00e7\u00e3o, pr\u00f3ximos jogos!","potentialAction":[{"@type":"SearchAction","target":{"@type":"EntryPoint","urlTemplate":"https:\/\/www.gaveanews.com\/?s={search_term_string}"},"query-input":{"@type":"PropertyValueSpecification","valueRequired":true,"valueName":"search_term_string"}}],"inLanguage":"pt-BR"},{"@type":"Person","@id":"https:\/\/www.gaveanews.com\/#\/schema\/person\/0eb3e3fe1754f0205218538adbe8f5ed","name":"Rafaela Ladeira","image":{"@type":"ImageObject","inLanguage":"pt-BR","@id":"https:\/\/www.gaveanews.com\/#\/schema\/person\/image\/","url":"https:\/\/secure.gravatar.com\/avatar\/c31f513acffd85eacab5730cbdfdbbf59f21ba5aeada8cd890acea879fbb2455?s=96&d=mm&r=g","contentUrl":"https:\/\/secure.gravatar.com\/avatar\/c31f513acffd85eacab5730cbdfdbbf59f21ba5aeada8cd890acea879fbb2455?s=96&d=mm&r=g","caption":"Rafaela Ladeira"}}]}},"_links":{"self":[{"href":"https:\/\/www.gaveanews.com\/index.php\/wp-json\/wp\/v2\/posts\/247895","targetHints":{"allow":["GET"]}}],"collection":[{"href":"https:\/\/www.gaveanews.com\/index.php\/wp-json\/wp\/v2\/posts"}],"about":[{"href":"https:\/\/www.gaveanews.com\/index.php\/wp-json\/wp\/v2\/types\/post"}],"author":[{"embeddable":true,"href":"https:\/\/www.gaveanews.com\/index.php\/wp-json\/wp\/v2\/users\/25"}],"replies":[{"embeddable":true,"href":"https:\/\/www.gaveanews.com\/index.php\/wp-json\/wp\/v2\/comments?post=247895"}],"version-history":[{"count":1,"href":"https:\/\/www.gaveanews.com\/index.php\/wp-json\/wp\/v2\/posts\/247895\/revisions"}],"predecessor-version":[{"id":247896,"href":"https:\/\/www.gaveanews.com\/index.php\/wp-json\/wp\/v2\/posts\/247895\/revisions\/247896"}],"wp:featuredmedia":[{"embeddable":true,"href":"https:\/\/www.gaveanews.com\/index.php\/wp-json\/wp\/v2\/media\/124623"}],"wp:attachment":[{"href":"https:\/\/www.gaveanews.com\/index.php\/wp-json\/wp\/v2\/media?parent=247895"}],"wp:term":[{"taxonomy":"category","embeddable":true,"href":"https:\/\/www.gaveanews.com\/index.php\/wp-json\/wp\/v2\/categories?post=247895"},{"taxonomy":"post_tag","embeddable":true,"href":"https:\/\/www.gaveanews.com\/index.php\/wp-json\/wp\/v2\/tags?post=247895"}],"curies":[{"name":"wp","href":"https:\/\/api.w.org\/{rel}","templated":true}]}}