{"id":247898,"date":"2025-04-02T12:40:00","date_gmt":"2025-04-02T15:40:00","guid":{"rendered":"https:\/\/www.gaveanews.com\/?p=247898"},"modified":"2025-04-02T11:50:46","modified_gmt":"2025-04-02T14:50:46","slug":"philippe-coutinho-dimitri-payet-pablo-vegetti-jair-lucas-piton-leo-jardim-tche-tche-mauricio-lemos-benjamin-garre-nuno-moreira-adson-david-os-jogadores-do-vasco-inscritos-na-sul-americana","status":"publish","type":"post","link":"https:\/\/www.gaveanews.com\/index.php\/2025\/04\/02\/philippe-coutinho-dimitri-payet-pablo-vegetti-jair-lucas-piton-leo-jardim-tche-tche-mauricio-lemos-benjamin-garre-nuno-moreira-adson-david-os-jogadores-do-vasco-inscritos-na-sul-americana\/","title":{"rendered":"Philippe Coutinho, Dimitri Payet, Pablo Vegetti, Jair, Lucas Piton, L\u00e9o Jardim, Tch\u00ea Tch\u00ea, Mauricio Lemos, Benjamin Garr\u00e9, Nuno Moreira, Adson, David: os jogadores do Vasco inscritos na Sul-Americana"},"content":{"rendered":"\n<p>O Vasco da Gama inicia sua caminhada na Copa Sul-Americana nesta quarta-feira (2), \u00e0s 19h, contra o Melgar, no Peru. O clube busca conquistar um t\u00edtulo internacional in\u00e9dito e, para isso, aposta em um elenco equilibrado, com nomes experientes e jovens promessas das categorias de base.&nbsp;<\/p>\n\n\n\n<p>Al\u00e9m disso, a vit\u00f3ria sobre o Santos na \u00faltima rodada do Campeonato Brasileiro aumentou a confian\u00e7a do elenco para essa estreia.<\/p>\n\n\n\n<h2 class=\"wp-block-heading\" id=\"h-aposta-na-juventude-para-encarar-a-competicao\">Aposta na juventude para encarar a competi\u00e7\u00e3o<\/h2>\n\n\n\n<figure class=\"wp-block-image size-full\"><img loading=\"lazy\" decoding=\"async\" width=\"1501\" height=\"1000\" src=\"http:\/\/www.gaveanews.com\/wp-content\/uploads\/Carille-apresentado-pelo-Vasco.webp\" alt=\"Carille apresentado pelo Vasco\" class=\"wp-image-220356\"\/><figcaption class=\"wp-element-caption\">Carille apresentado pelo Vasco (Foto: Divulga\u00e7\u00e3o)<\/figcaption><\/figure>\n\n\n\n<p>Visando uma campanha s\u00f3lida no torneio continental, o Vasco inscreveu 50 jogadores, aproveitando ao m\u00e1ximo o regulamento da Conmebol.&nbsp;<\/p>\n\n\n\n<p>O que mais chama aten\u00e7\u00e3o \u00e9 a inclus\u00e3o de 20 atletas oriundos da base, refor\u00e7ando a estrat\u00e9gia do t\u00e9cnico F\u00e1bio Carille de dar espa\u00e7o aos jovens talentos.<\/p>\n\n\n\n<p>Entre os principais nomes revelados pelo clube que aparecem na lista est\u00e3o Lukas Zuccarello, Paulinho, GB, Euder e Phillipe Gabriel.&nbsp;<\/p>\n\n\n\n<p>Vale destacar que, embora inscritos, esses jogadores n\u00e3o devem estar em campo na estreia contra o Melgar. No entanto, a presen\u00e7a deles pode abrir caminho para oportunidades futuras ao longo da competi\u00e7\u00e3o.<\/p>\n\n\n\n<h2 class=\"wp-block-heading\" id=\"h-estrategia-do-vasco-na-sul-americana\">Estrat\u00e9gia do Vasco na Sul-Americana<\/h2>\n\n\n\n<p>Sendo assim, a decis\u00e3o de preencher todas as vagas permitidas pela Conmebol tem uma explica\u00e7\u00e3o. Isso porque, caso o clube optasse por deixar espa\u00e7os em aberto, n\u00e3o poderia adicionar novos nomes ao longo do torneio, reduzindo suas possibilidades de refor\u00e7o.&nbsp;<\/p>\n\n\n\n<p>Dessa maneira, a diretoria garantiu um elenco mais flex\u00edvel para eventuais ajustes.<\/p>\n\n\n\n<p>Al\u00e9m da juventude, o Vasco tamb\u00e9m contar\u00e1 com jogadores experientes na disputa da Sul-Americana. Philippe Coutinho, Dimitri Payet, Pablo Vegetti, Jair, Lucas Piton, L\u00e9o Jardim, Tch\u00ea Tch\u00ea, Mauricio Lemos, Benjamin Garr\u00e9, Nuno Moreira, Adson e David est\u00e3o entre os inscritos e devem ser pe\u00e7as-chave ao longo da competi\u00e7\u00e3o.<\/p>\n\n\n\n<h2 class=\"wp-block-heading\" id=\"h-reflexos-da-ultima-vitoria-e-reforcos-para-a-estreia\">Reflexos da \u00faltima vit\u00f3ria e refor\u00e7os para a estreia<\/h2>\n\n\n\n<p>O Cruzmaltino vem embalado por uma vit\u00f3ria importante contra o Santos no Campeonato Brasileiro. Isso porque o resultado positivo trouxe mais confian\u00e7a ao elenco e reafirmou a evolu\u00e7\u00e3o da equipe sob o comando de Carille.<\/p>\n\n\n\n<p>Al\u00e9m disso, para o jogo contra o Melgar, o t\u00e9cnico contar\u00e1 com refor\u00e7os importantes. O zagueiro Lucas Oliveira e os volantes Souza e Sforza, que n\u00e3o enfrentaram o Peixe, foram relacionados para a estreia.&nbsp;<\/p>\n\n\n\n<p>Cabe ressaltar que a manuten\u00e7\u00e3o da base que iniciou o Brasileir\u00e3o faz parte do planejamento da comiss\u00e3o t\u00e9cnica.<\/p>\n\n\n\n<p>Por isso, a expectativa da torcida \u00e9 alta para uma estreia positiva na Copa Sul-Americana. Com um elenco mesclado entre experi\u00eancia e juventude, o Vasco pretende brigar forte pela ta\u00e7a e voltar a ser protagonista no cen\u00e1rio internacional.<\/p>\n","protected":false},"excerpt":{"rendered":"<p>O Vasco da Gama inicia sua caminhada na Copa Sul-Americana nesta quarta-feira (2), \u00e0s 19h, contra o Melgar, no Peru. O clube busca conquistar um t\u00edtulo internacional in\u00e9dito e, para isso, aposta em um elenco equilibrado, com nomes experientes e jovens promessas das categorias de base.&nbsp; Al\u00e9m disso, a vit\u00f3ria sobre o Santos na \u00faltima [&hellip;]<\/p>\n","protected":false},"author":25,"featured_media":151729,"comment_status":"open","ping_status":"closed","sticky":false,"template":"","format":"standard","meta":{"footnotes":""},"categories":[152],"tags":[],"class_list":["post-247898","post","type-post","status-publish","format-standard","has-post-thumbnail","hentry","category-vasco"],"yoast_head":"<!-- This site is optimized with the Yoast SEO Premium plugin v24.2 (Yoast SEO v26.9) - https:\/\/yoast.com\/product\/yoast-seo-premium-wordpress\/ -->\n<title>Philippe Coutinho, Dimitri Payet, Pablo Vegetti, Jair, Lucas Piton, L\u00e9o Jardim, Tch\u00ea Tch\u00ea, Mauricio Lemos, Benjamin Garr\u00e9, Nuno Moreira, Adson, David: os jogadores do Vasco inscritos na Sul-Americana<\/title>\n<meta name=\"robots\" content=\"index, follow, max-snippet:-1, max-image-preview:large, max-video-preview:-1\" \/>\n<link rel=\"canonical\" href=\"https:\/\/www.gaveanews.com\/index.php\/2025\/04\/02\/philippe-coutinho-dimitri-payet-pablo-vegetti-jair-lucas-piton-leo-jardim-tche-tche-mauricio-lemos-benjamin-garre-nuno-moreira-adson-david-os-jogadores-do-vasco-inscritos-na-sul-americana\/\" \/>\n<meta property=\"og:locale\" content=\"pt_BR\" \/>\n<meta property=\"og:type\" content=\"article\" \/>\n<meta property=\"og:title\" content=\"Philippe Coutinho, Dimitri Payet, Pablo Vegetti, Jair, Lucas Piton, L\u00e9o Jardim, Tch\u00ea Tch\u00ea, Mauricio Lemos, Benjamin Garr\u00e9, Nuno Moreira, Adson, David: os jogadores do Vasco inscritos na Sul-Americana\" \/>\n<meta property=\"og:description\" content=\"O Vasco da Gama inicia sua caminhada na Copa Sul-Americana nesta quarta-feira (2), \u00e0s 19h, contra o Melgar, no Peru. O clube busca conquistar um t\u00edtulo internacional in\u00e9dito e, para isso, aposta em um elenco equilibrado, com nomes experientes e jovens promessas das categorias de base.&nbsp; Al\u00e9m disso, a vit\u00f3ria sobre o Santos na \u00faltima [&hellip;]\" \/>\n<meta property=\"og:url\" content=\"https:\/\/www.gaveanews.com\/index.php\/2025\/04\/02\/philippe-coutinho-dimitri-payet-pablo-vegetti-jair-lucas-piton-leo-jardim-tche-tche-mauricio-lemos-benjamin-garre-nuno-moreira-adson-david-os-jogadores-do-vasco-inscritos-na-sul-americana\/\" \/>\n<meta property=\"og:site_name\" content=\"G\u00e1vea News\" \/>\n<meta property=\"article:publisher\" content=\"https:\/\/facebook.com\/gaveaNews\/\" \/>\n<meta property=\"article:published_time\" content=\"2025-04-02T15:40:00+00:00\" \/>\n<meta property=\"og:image\" content=\"https:\/\/www.gaveanews.com\/wp-content\/uploads\/Philippe-Coutinho-em-acao-pelo-Vasco.webp\" \/>\n\t<meta property=\"og:image:width\" content=\"1080\" \/>\n\t<meta property=\"og:image:height\" content=\"810\" \/>\n\t<meta property=\"og:image:type\" content=\"image\/webp\" \/>\n<meta name=\"author\" content=\"Rafaela Ladeira\" \/>\n<meta name=\"twitter:card\" content=\"summary_large_image\" \/>\n<meta name=\"twitter:label1\" content=\"Escrito por\" \/>\n\t<meta name=\"twitter:data1\" content=\"Rafaela Ladeira\" \/>\n\t<meta name=\"twitter:label2\" content=\"Est. tempo de leitura\" \/>\n\t<meta name=\"twitter:data2\" content=\"3 minutos\" \/>\n<script type=\"application\/ld+json\" class=\"yoast-schema-graph\">{\"@context\":\"https:\/\/schema.org\",\"@graph\":[{\"@type\":\"NewsArticle\",\"@id\":\"https:\/\/www.gaveanews.com\/index.php\/2025\/04\/02\/philippe-coutinho-dimitri-payet-pablo-vegetti-jair-lucas-piton-leo-jardim-tche-tche-mauricio-lemos-benjamin-garre-nuno-moreira-adson-david-os-jogadores-do-vasco-inscritos-na-sul-americana\/#article\",\"isPartOf\":{\"@id\":\"https:\/\/www.gaveanews.com\/index.php\/2025\/04\/02\/philippe-coutinho-dimitri-payet-pablo-vegetti-jair-lucas-piton-leo-jardim-tche-tche-mauricio-lemos-benjamin-garre-nuno-moreira-adson-david-os-jogadores-do-vasco-inscritos-na-sul-americana\/\"},\"author\":{\"name\":\"Rafaela Ladeira\",\"@id\":\"https:\/\/www.gaveanews.com\/#\/schema\/person\/0eb3e3fe1754f0205218538adbe8f5ed\"},\"headline\":\"Philippe Coutinho, Dimitri Payet, Pablo Vegetti, Jair, Lucas Piton, L\u00e9o Jardim, Tch\u00ea Tch\u00ea, Mauricio Lemos, Benjamin Garr\u00e9, Nuno Moreira, Adson, David: os jogadores do Vasco inscritos na Sul-Americana\",\"datePublished\":\"2025-04-02T15:40:00+00:00\",\"mainEntityOfPage\":{\"@id\":\"https:\/\/www.gaveanews.com\/index.php\/2025\/04\/02\/philippe-coutinho-dimitri-payet-pablo-vegetti-jair-lucas-piton-leo-jardim-tche-tche-mauricio-lemos-benjamin-garre-nuno-moreira-adson-david-os-jogadores-do-vasco-inscritos-na-sul-americana\/\"},\"wordCount\":495,\"commentCount\":0,\"image\":{\"@id\":\"https:\/\/www.gaveanews.com\/index.php\/2025\/04\/02\/philippe-coutinho-dimitri-payet-pablo-vegetti-jair-lucas-piton-leo-jardim-tche-tche-mauricio-lemos-benjamin-garre-nuno-moreira-adson-david-os-jogadores-do-vasco-inscritos-na-sul-americana\/#primaryimage\"},\"thumbnailUrl\":\"https:\/\/www.gaveanews.com\/wp-content\/uploads\/Philippe-Coutinho-em-acao-pelo-Vasco.webp\",\"articleSection\":[\"Vasco\"],\"inLanguage\":\"pt-BR\",\"potentialAction\":[{\"@type\":\"CommentAction\",\"name\":\"Comment\",\"target\":[\"https:\/\/www.gaveanews.com\/index.php\/2025\/04\/02\/philippe-coutinho-dimitri-payet-pablo-vegetti-jair-lucas-piton-leo-jardim-tche-tche-mauricio-lemos-benjamin-garre-nuno-moreira-adson-david-os-jogadores-do-vasco-inscritos-na-sul-americana\/#respond\"]}],\"copyrightYear\":\"2025\",\"copyrightHolder\":{\"@id\":\"https:\/\/www.gaveanews.com\/#organization\"}},{\"@type\":\"WebPage\",\"@id\":\"https:\/\/www.gaveanews.com\/index.php\/2025\/04\/02\/philippe-coutinho-dimitri-payet-pablo-vegetti-jair-lucas-piton-leo-jardim-tche-tche-mauricio-lemos-benjamin-garre-nuno-moreira-adson-david-os-jogadores-do-vasco-inscritos-na-sul-americana\/\",\"url\":\"https:\/\/www.gaveanews.com\/index.php\/2025\/04\/02\/philippe-coutinho-dimitri-payet-pablo-vegetti-jair-lucas-piton-leo-jardim-tche-tche-mauricio-lemos-benjamin-garre-nuno-moreira-adson-david-os-jogadores-do-vasco-inscritos-na-sul-americana\/\",\"name\":\"Philippe Coutinho, Dimitri Payet, Pablo Vegetti, Jair, Lucas Piton, L\u00e9o Jardim, Tch\u00ea Tch\u00ea, Mauricio Lemos, Benjamin Garr\u00e9, Nuno Moreira, Adson, David: os jogadores do Vasco inscritos na Sul-Americana\",\"isPartOf\":{\"@id\":\"https:\/\/www.gaveanews.com\/#website\"},\"primaryImageOfPage\":{\"@id\":\"https:\/\/www.gaveanews.com\/index.php\/2025\/04\/02\/philippe-coutinho-dimitri-payet-pablo-vegetti-jair-lucas-piton-leo-jardim-tche-tche-mauricio-lemos-benjamin-garre-nuno-moreira-adson-david-os-jogadores-do-vasco-inscritos-na-sul-americana\/#primaryimage\"},\"image\":{\"@id\":\"https:\/\/www.gaveanews.com\/index.php\/2025\/04\/02\/philippe-coutinho-dimitri-payet-pablo-vegetti-jair-lucas-piton-leo-jardim-tche-tche-mauricio-lemos-benjamin-garre-nuno-moreira-adson-david-os-jogadores-do-vasco-inscritos-na-sul-americana\/#primaryimage\"},\"thumbnailUrl\":\"https:\/\/www.gaveanews.com\/wp-content\/uploads\/Philippe-Coutinho-em-acao-pelo-Vasco.webp\",\"datePublished\":\"2025-04-02T15:40:00+00:00\",\"author\":{\"@id\":\"https:\/\/www.gaveanews.com\/#\/schema\/person\/0eb3e3fe1754f0205218538adbe8f5ed\"},\"breadcrumb\":{\"@id\":\"https:\/\/www.gaveanews.com\/index.php\/2025\/04\/02\/philippe-coutinho-dimitri-payet-pablo-vegetti-jair-lucas-piton-leo-jardim-tche-tche-mauricio-lemos-benjamin-garre-nuno-moreira-adson-david-os-jogadores-do-vasco-inscritos-na-sul-americana\/#breadcrumb\"},\"inLanguage\":\"pt-BR\",\"potentialAction\":[{\"@type\":\"ReadAction\",\"target\":[\"https:\/\/www.gaveanews.com\/index.php\/2025\/04\/02\/philippe-coutinho-dimitri-payet-pablo-vegetti-jair-lucas-piton-leo-jardim-tche-tche-mauricio-lemos-benjamin-garre-nuno-moreira-adson-david-os-jogadores-do-vasco-inscritos-na-sul-americana\/\"]}]},{\"@type\":\"ImageObject\",\"inLanguage\":\"pt-BR\",\"@id\":\"https:\/\/www.gaveanews.com\/index.php\/2025\/04\/02\/philippe-coutinho-dimitri-payet-pablo-vegetti-jair-lucas-piton-leo-jardim-tche-tche-mauricio-lemos-benjamin-garre-nuno-moreira-adson-david-os-jogadores-do-vasco-inscritos-na-sul-americana\/#primaryimage\",\"url\":\"https:\/\/www.gaveanews.com\/wp-content\/uploads\/Philippe-Coutinho-em-acao-pelo-Vasco.webp\",\"contentUrl\":\"https:\/\/www.gaveanews.com\/wp-content\/uploads\/Philippe-Coutinho-em-acao-pelo-Vasco.webp\",\"width\":1080,\"height\":810,\"caption\":\"Philippe Coutinho em a\u00e7\u00e3o pelo Vasco (Foto: Reprodu\u00e7\u00e3o\/Vasco)\"},{\"@type\":\"BreadcrumbList\",\"@id\":\"https:\/\/www.gaveanews.com\/index.php\/2025\/04\/02\/philippe-coutinho-dimitri-payet-pablo-vegetti-jair-lucas-piton-leo-jardim-tche-tche-mauricio-lemos-benjamin-garre-nuno-moreira-adson-david-os-jogadores-do-vasco-inscritos-na-sul-americana\/#breadcrumb\",\"itemListElement\":[{\"@type\":\"ListItem\",\"position\":1,\"name\":\"Home\",\"item\":\"https:\/\/www.gaveanews.com\/\"},{\"@type\":\"ListItem\",\"position\":2,\"name\":\"Philippe Coutinho, Dimitri Payet, Pablo Vegetti, Jair, Lucas Piton, L\u00e9o Jardim, Tch\u00ea Tch\u00ea, Mauricio Lemos, Benjamin Garr\u00e9, Nuno Moreira, Adson, David: os jogadores do Vasco inscritos na Sul-Americana\"}]},{\"@type\":\"WebSite\",\"@id\":\"https:\/\/www.gaveanews.com\/#website\",\"url\":\"https:\/\/www.gaveanews.com\/\",\"name\":\"G\u00e1vea News\",\"description\":\"Veja todas as not\u00edcias sobre o Flamengo: Contrata\u00e7\u00f5es, categorias de base, resultados das partidas, tabela de classifica\u00e7\u00e3o, pr\u00f3ximos jogos!\",\"potentialAction\":[{\"@type\":\"SearchAction\",\"target\":{\"@type\":\"EntryPoint\",\"urlTemplate\":\"https:\/\/www.gaveanews.com\/?s={search_term_string}\"},\"query-input\":{\"@type\":\"PropertyValueSpecification\",\"valueRequired\":true,\"valueName\":\"search_term_string\"}}],\"inLanguage\":\"pt-BR\"},{\"@type\":\"Person\",\"@id\":\"https:\/\/www.gaveanews.com\/#\/schema\/person\/0eb3e3fe1754f0205218538adbe8f5ed\",\"name\":\"Rafaela Ladeira\",\"image\":{\"@type\":\"ImageObject\",\"inLanguage\":\"pt-BR\",\"@id\":\"https:\/\/www.gaveanews.com\/#\/schema\/person\/image\/\",\"url\":\"https:\/\/secure.gravatar.com\/avatar\/c31f513acffd85eacab5730cbdfdbbf59f21ba5aeada8cd890acea879fbb2455?s=96&d=mm&r=g\",\"contentUrl\":\"https:\/\/secure.gravatar.com\/avatar\/c31f513acffd85eacab5730cbdfdbbf59f21ba5aeada8cd890acea879fbb2455?s=96&d=mm&r=g\",\"caption\":\"Rafaela Ladeira\"}}]}<\/script>\n<!-- \/ Yoast SEO Premium plugin. -->","yoast_head_json":{"title":"Philippe Coutinho, Dimitri Payet, Pablo Vegetti, Jair, Lucas Piton, L\u00e9o Jardim, Tch\u00ea Tch\u00ea, Mauricio Lemos, Benjamin Garr\u00e9, Nuno Moreira, Adson, David: os jogadores do Vasco inscritos na Sul-Americana","robots":{"index":"index","follow":"follow","max-snippet":"max-snippet:-1","max-image-preview":"max-image-preview:large","max-video-preview":"max-video-preview:-1"},"canonical":"https:\/\/www.gaveanews.com\/index.php\/2025\/04\/02\/philippe-coutinho-dimitri-payet-pablo-vegetti-jair-lucas-piton-leo-jardim-tche-tche-mauricio-lemos-benjamin-garre-nuno-moreira-adson-david-os-jogadores-do-vasco-inscritos-na-sul-americana\/","og_locale":"pt_BR","og_type":"article","og_title":"Philippe Coutinho, Dimitri Payet, Pablo Vegetti, Jair, Lucas Piton, L\u00e9o Jardim, Tch\u00ea Tch\u00ea, Mauricio Lemos, Benjamin Garr\u00e9, Nuno Moreira, Adson, David: os jogadores do Vasco inscritos na Sul-Americana","og_description":"O Vasco da Gama inicia sua caminhada na Copa Sul-Americana nesta quarta-feira (2), \u00e0s 19h, contra o Melgar, no Peru. O clube busca conquistar um t\u00edtulo internacional in\u00e9dito e, para isso, aposta em um elenco equilibrado, com nomes experientes e jovens promessas das categorias de base.&nbsp; Al\u00e9m disso, a vit\u00f3ria sobre o Santos na \u00faltima [&hellip;]","og_url":"https:\/\/www.gaveanews.com\/index.php\/2025\/04\/02\/philippe-coutinho-dimitri-payet-pablo-vegetti-jair-lucas-piton-leo-jardim-tche-tche-mauricio-lemos-benjamin-garre-nuno-moreira-adson-david-os-jogadores-do-vasco-inscritos-na-sul-americana\/","og_site_name":"G\u00e1vea News","article_publisher":"https:\/\/facebook.com\/gaveaNews\/","article_published_time":"2025-04-02T15:40:00+00:00","og_image":[{"width":1080,"height":810,"url":"https:\/\/www.gaveanews.com\/wp-content\/uploads\/Philippe-Coutinho-em-acao-pelo-Vasco.webp","type":"image\/webp"}],"author":"Rafaela Ladeira","twitter_card":"summary_large_image","twitter_misc":{"Escrito por":"Rafaela Ladeira","Est. tempo de leitura":"3 minutos"},"schema":{"@context":"https:\/\/schema.org","@graph":[{"@type":"NewsArticle","@id":"https:\/\/www.gaveanews.com\/index.php\/2025\/04\/02\/philippe-coutinho-dimitri-payet-pablo-vegetti-jair-lucas-piton-leo-jardim-tche-tche-mauricio-lemos-benjamin-garre-nuno-moreira-adson-david-os-jogadores-do-vasco-inscritos-na-sul-americana\/#article","isPartOf":{"@id":"https:\/\/www.gaveanews.com\/index.php\/2025\/04\/02\/philippe-coutinho-dimitri-payet-pablo-vegetti-jair-lucas-piton-leo-jardim-tche-tche-mauricio-lemos-benjamin-garre-nuno-moreira-adson-david-os-jogadores-do-vasco-inscritos-na-sul-americana\/"},"author":{"name":"Rafaela Ladeira","@id":"https:\/\/www.gaveanews.com\/#\/schema\/person\/0eb3e3fe1754f0205218538adbe8f5ed"},"headline":"Philippe Coutinho, Dimitri Payet, Pablo Vegetti, Jair, Lucas Piton, L\u00e9o Jardim, Tch\u00ea Tch\u00ea, Mauricio Lemos, Benjamin Garr\u00e9, Nuno Moreira, Adson, David: os jogadores do Vasco inscritos na Sul-Americana","datePublished":"2025-04-02T15:40:00+00:00","mainEntityOfPage":{"@id":"https:\/\/www.gaveanews.com\/index.php\/2025\/04\/02\/philippe-coutinho-dimitri-payet-pablo-vegetti-jair-lucas-piton-leo-jardim-tche-tche-mauricio-lemos-benjamin-garre-nuno-moreira-adson-david-os-jogadores-do-vasco-inscritos-na-sul-americana\/"},"wordCount":495,"commentCount":0,"image":{"@id":"https:\/\/www.gaveanews.com\/index.php\/2025\/04\/02\/philippe-coutinho-dimitri-payet-pablo-vegetti-jair-lucas-piton-leo-jardim-tche-tche-mauricio-lemos-benjamin-garre-nuno-moreira-adson-david-os-jogadores-do-vasco-inscritos-na-sul-americana\/#primaryimage"},"thumbnailUrl":"https:\/\/www.gaveanews.com\/wp-content\/uploads\/Philippe-Coutinho-em-acao-pelo-Vasco.webp","articleSection":["Vasco"],"inLanguage":"pt-BR","potentialAction":[{"@type":"CommentAction","name":"Comment","target":["https:\/\/www.gaveanews.com\/index.php\/2025\/04\/02\/philippe-coutinho-dimitri-payet-pablo-vegetti-jair-lucas-piton-leo-jardim-tche-tche-mauricio-lemos-benjamin-garre-nuno-moreira-adson-david-os-jogadores-do-vasco-inscritos-na-sul-americana\/#respond"]}],"copyrightYear":"2025","copyrightHolder":{"@id":"https:\/\/www.gaveanews.com\/#organization"}},{"@type":"WebPage","@id":"https:\/\/www.gaveanews.com\/index.php\/2025\/04\/02\/philippe-coutinho-dimitri-payet-pablo-vegetti-jair-lucas-piton-leo-jardim-tche-tche-mauricio-lemos-benjamin-garre-nuno-moreira-adson-david-os-jogadores-do-vasco-inscritos-na-sul-americana\/","url":"https:\/\/www.gaveanews.com\/index.php\/2025\/04\/02\/philippe-coutinho-dimitri-payet-pablo-vegetti-jair-lucas-piton-leo-jardim-tche-tche-mauricio-lemos-benjamin-garre-nuno-moreira-adson-david-os-jogadores-do-vasco-inscritos-na-sul-americana\/","name":"Philippe Coutinho, Dimitri Payet, Pablo Vegetti, Jair, Lucas Piton, L\u00e9o Jardim, Tch\u00ea Tch\u00ea, Mauricio Lemos, Benjamin Garr\u00e9, Nuno Moreira, Adson, David: os jogadores do Vasco inscritos na Sul-Americana","isPartOf":{"@id":"https:\/\/www.gaveanews.com\/#website"},"primaryImageOfPage":{"@id":"https:\/\/www.gaveanews.com\/index.php\/2025\/04\/02\/philippe-coutinho-dimitri-payet-pablo-vegetti-jair-lucas-piton-leo-jardim-tche-tche-mauricio-lemos-benjamin-garre-nuno-moreira-adson-david-os-jogadores-do-vasco-inscritos-na-sul-americana\/#primaryimage"},"image":{"@id":"https:\/\/www.gaveanews.com\/index.php\/2025\/04\/02\/philippe-coutinho-dimitri-payet-pablo-vegetti-jair-lucas-piton-leo-jardim-tche-tche-mauricio-lemos-benjamin-garre-nuno-moreira-adson-david-os-jogadores-do-vasco-inscritos-na-sul-americana\/#primaryimage"},"thumbnailUrl":"https:\/\/www.gaveanews.com\/wp-content\/uploads\/Philippe-Coutinho-em-acao-pelo-Vasco.webp","datePublished":"2025-04-02T15:40:00+00:00","author":{"@id":"https:\/\/www.gaveanews.com\/#\/schema\/person\/0eb3e3fe1754f0205218538adbe8f5ed"},"breadcrumb":{"@id":"https:\/\/www.gaveanews.com\/index.php\/2025\/04\/02\/philippe-coutinho-dimitri-payet-pablo-vegetti-jair-lucas-piton-leo-jardim-tche-tche-mauricio-lemos-benjamin-garre-nuno-moreira-adson-david-os-jogadores-do-vasco-inscritos-na-sul-americana\/#breadcrumb"},"inLanguage":"pt-BR","potentialAction":[{"@type":"ReadAction","target":["https:\/\/www.gaveanews.com\/index.php\/2025\/04\/02\/philippe-coutinho-dimitri-payet-pablo-vegetti-jair-lucas-piton-leo-jardim-tche-tche-mauricio-lemos-benjamin-garre-nuno-moreira-adson-david-os-jogadores-do-vasco-inscritos-na-sul-americana\/"]}]},{"@type":"ImageObject","inLanguage":"pt-BR","@id":"https:\/\/www.gaveanews.com\/index.php\/2025\/04\/02\/philippe-coutinho-dimitri-payet-pablo-vegetti-jair-lucas-piton-leo-jardim-tche-tche-mauricio-lemos-benjamin-garre-nuno-moreira-adson-david-os-jogadores-do-vasco-inscritos-na-sul-americana\/#primaryimage","url":"https:\/\/www.gaveanews.com\/wp-content\/uploads\/Philippe-Coutinho-em-acao-pelo-Vasco.webp","contentUrl":"https:\/\/www.gaveanews.com\/wp-content\/uploads\/Philippe-Coutinho-em-acao-pelo-Vasco.webp","width":1080,"height":810,"caption":"Philippe Coutinho em a\u00e7\u00e3o pelo Vasco (Foto: Reprodu\u00e7\u00e3o\/Vasco)"},{"@type":"BreadcrumbList","@id":"https:\/\/www.gaveanews.com\/index.php\/2025\/04\/02\/philippe-coutinho-dimitri-payet-pablo-vegetti-jair-lucas-piton-leo-jardim-tche-tche-mauricio-lemos-benjamin-garre-nuno-moreira-adson-david-os-jogadores-do-vasco-inscritos-na-sul-americana\/#breadcrumb","itemListElement":[{"@type":"ListItem","position":1,"name":"Home","item":"https:\/\/www.gaveanews.com\/"},{"@type":"ListItem","position":2,"name":"Philippe Coutinho, Dimitri Payet, Pablo Vegetti, Jair, Lucas Piton, L\u00e9o Jardim, Tch\u00ea Tch\u00ea, Mauricio Lemos, Benjamin Garr\u00e9, Nuno Moreira, Adson, David: os jogadores do Vasco inscritos na Sul-Americana"}]},{"@type":"WebSite","@id":"https:\/\/www.gaveanews.com\/#website","url":"https:\/\/www.gaveanews.com\/","name":"G\u00e1vea News","description":"Veja todas as not\u00edcias sobre o Flamengo: Contrata\u00e7\u00f5es, categorias de base, resultados das partidas, tabela de classifica\u00e7\u00e3o, pr\u00f3ximos jogos!","potentialAction":[{"@type":"SearchAction","target":{"@type":"EntryPoint","urlTemplate":"https:\/\/www.gaveanews.com\/?s={search_term_string}"},"query-input":{"@type":"PropertyValueSpecification","valueRequired":true,"valueName":"search_term_string"}}],"inLanguage":"pt-BR"},{"@type":"Person","@id":"https:\/\/www.gaveanews.com\/#\/schema\/person\/0eb3e3fe1754f0205218538adbe8f5ed","name":"Rafaela Ladeira","image":{"@type":"ImageObject","inLanguage":"pt-BR","@id":"https:\/\/www.gaveanews.com\/#\/schema\/person\/image\/","url":"https:\/\/secure.gravatar.com\/avatar\/c31f513acffd85eacab5730cbdfdbbf59f21ba5aeada8cd890acea879fbb2455?s=96&d=mm&r=g","contentUrl":"https:\/\/secure.gravatar.com\/avatar\/c31f513acffd85eacab5730cbdfdbbf59f21ba5aeada8cd890acea879fbb2455?s=96&d=mm&r=g","caption":"Rafaela Ladeira"}}]}},"_links":{"self":[{"href":"https:\/\/www.gaveanews.com\/index.php\/wp-json\/wp\/v2\/posts\/247898","targetHints":{"allow":["GET"]}}],"collection":[{"href":"https:\/\/www.gaveanews.com\/index.php\/wp-json\/wp\/v2\/posts"}],"about":[{"href":"https:\/\/www.gaveanews.com\/index.php\/wp-json\/wp\/v2\/types\/post"}],"author":[{"embeddable":true,"href":"https:\/\/www.gaveanews.com\/index.php\/wp-json\/wp\/v2\/users\/25"}],"replies":[{"embeddable":true,"href":"https:\/\/www.gaveanews.com\/index.php\/wp-json\/wp\/v2\/comments?post=247898"}],"version-history":[{"count":1,"href":"https:\/\/www.gaveanews.com\/index.php\/wp-json\/wp\/v2\/posts\/247898\/revisions"}],"predecessor-version":[{"id":247899,"href":"https:\/\/www.gaveanews.com\/index.php\/wp-json\/wp\/v2\/posts\/247898\/revisions\/247899"}],"wp:featuredmedia":[{"embeddable":true,"href":"https:\/\/www.gaveanews.com\/index.php\/wp-json\/wp\/v2\/media\/151729"}],"wp:attachment":[{"href":"https:\/\/www.gaveanews.com\/index.php\/wp-json\/wp\/v2\/media?parent=247898"}],"wp:term":[{"taxonomy":"category","embeddable":true,"href":"https:\/\/www.gaveanews.com\/index.php\/wp-json\/wp\/v2\/categories?post=247898"},{"taxonomy":"post_tag","embeddable":true,"href":"https:\/\/www.gaveanews.com\/index.php\/wp-json\/wp\/v2\/tags?post=247898"}],"curies":[{"name":"wp","href":"https:\/\/api.w.org\/{rel}","templated":true}]}}