{"id":247925,"date":"2025-04-02T14:50:37","date_gmt":"2025-04-02T17:50:37","guid":{"rendered":"https:\/\/www.gaveanews.com\/?p=247925"},"modified":"2025-04-02T12:46:55","modified_gmt":"2025-04-02T15:46:55","slug":"union-santa-fe-x-cruzeiro-a-declaracao-de-romero","status":"publish","type":"post","link":"https:\/\/www.gaveanews.com\/index.php\/2025\/04\/02\/union-santa-fe-x-cruzeiro-a-declaracao-de-romero\/","title":{"rendered":"Uni\u00f3n Santa Fe x Cruzeiro: a declara\u00e7\u00e3o de Romero"},"content":{"rendered":"\n<p>O Cruzeiro iniciou sua trajet\u00f3ria na Copa Sul-Americana com um resultado negativo na noite desta \u00faltima ter\u00e7a-feira (1\u00ba). Atuando fora de casa, a equipe celeste perdeu por 1 a 0 para o Uni\u00f3n de Santa Fe, em partida realizada no Est\u00e1dio 15 de Abril, localizado em Santa F\u00e9, Argentina.<\/p>\n\n\n\n<p>Ap\u00f3s o apito final, o capit\u00e3o do time mineiro, Lucas Romero, compartilhou sua perspectiva sobre o confronto. O volante argentino analisou o desempenho da equipe durante os 90 minutos.<\/p>\n\n\n\n<p>Nesse sentido, Romero classificou a atua\u00e7\u00e3o cruzeirense como positiva, apesar da derrota. Al\u00e9m disso, ele apontou que o gol advers\u00e1rio surgiu a partir de um lance espec\u00edfico, um &#8220;detalhe&#8221;, segundo suas palavras.<\/p>\n\n\n\n<p>O jogador ressaltou a import\u00e2ncia da pontua\u00e7\u00e3o em torneios como a Sul-Americana. Ademais, ele mencionou que, na impossibilidade de somar tr\u00eas pontos, a equipe buscava ao menos o empate na estreia fora de seus dom\u00ednios.<\/p>\n\n\n\n<p>&#8220;Sabemos que \u00e9 uma competi\u00e7\u00e3o de pontos. Se n\u00e3o fosse conquistar tr\u00eas, quer\u00edamos conquistar um (ponto)&#8221;, explicou Romero, detalhando a estrat\u00e9gia para jogos como visitante na competi\u00e7\u00e3o.<\/p>\n\n\n\n<h2 class=\"wp-block-heading\" id=\"h-analise-do-desempenho-em-campo\">An\u00e1lise do desempenho em campo<\/h2>\n\n\n\n<p>O capit\u00e3o tamb\u00e9m comentou sobre as caracter\u00edsticas do jogo e do local. Ele descreveu o confronto como disputado e observou que o campo do Uni\u00f3n de Santa Fe aparentava ter dimens\u00f5es menores, o que influenciou a din\u00e2mica da partida.<\/p>\n\n\n\n<p>Ainda assim, Romero acredita que o Cruzeiro competiu em n\u00edvel de igualdade com os argentinos. Assim, o volante afirmou que ambos os times conseguiram criar oportunidades de marcar ao longo do jogo. &#8220;Acredito que competimos de igual na partida. Criamos situa\u00e7\u00f5es, e eles tamb\u00e9m&#8221;, declarou.<\/p>\n\n\n\n<p>Na sua vis\u00e3o, a defini\u00e7\u00e3o do placar ocorreu em um momento importante. &#8220;No fim, em um detalhe, uma bola parada, eles nos venceram&#8221;, concluiu Romero, atribuindo a derrota a uma jogada espec\u00edfica de bola parada.<\/p>\n\n\n\n<h2 class=\"wp-block-heading\" id=\"h-proximos-jogos-do-cruzeiro\">Pr\u00f3ximos jogos do Cruzeiro<\/h2>\n\n\n\n<p>Com o fim da partida na Argentina, o Cruzeiro agora volta suas aten\u00e7\u00f5es para o cen\u00e1rio nacional. O pr\u00f3ximo desafio da equipe ser\u00e1 pelo Campeonato Brasileiro S\u00e9rie A.<\/p>\n\n\n\n<p>O time celeste enfrentar\u00e1 o Internacional no pr\u00f3ximo domingo (6), \u00e0s 18h30 (hor\u00e1rio de Bras\u00edlia). A partida, v\u00e1lida pela segunda rodada do Brasileir\u00e3o, acontecer\u00e1 no Est\u00e1dio Beira-Rio, em Porto Alegre. <\/p>\n\n\n\n<p>Pela Copa Sul-Americana, o Cruzeiro jogar\u00e1 novamente apenas em 9 de abril, uma quarta-feira, contra o Mushuc Runa, do Equador, \u00e0s 21h30 (de Bras\u00edlia), no Mineir\u00e3o, contudo, sem a presen\u00e7a da torcida devido a uma puni\u00e7\u00e3o da Conmebol.<\/p>\n","protected":false},"excerpt":{"rendered":"<p>O Cruzeiro iniciou sua trajet\u00f3ria na Copa Sul-Americana com um resultado negativo na noite desta \u00faltima ter\u00e7a-feira (1\u00ba). Atuando fora de casa, a equipe celeste perdeu por 1 a 0 para o Uni\u00f3n de Santa Fe, em partida realizada no Est\u00e1dio 15 de Abril, localizado em Santa F\u00e9, Argentina. Ap\u00f3s o apito final, o capit\u00e3o [&hellip;]<\/p>\n","protected":false},"author":28,"featured_media":170359,"comment_status":"open","ping_status":"closed","sticky":false,"template":"","format":"standard","meta":{"footnotes":""},"categories":[143],"tags":[],"class_list":["post-247925","post","type-post","status-publish","format-standard","has-post-thumbnail","hentry","category-cruzeiro"],"yoast_head":"<!-- This site is optimized with the Yoast SEO Premium plugin v24.2 (Yoast SEO v26.9) - https:\/\/yoast.com\/product\/yoast-seo-premium-wordpress\/ -->\n<title>Uni\u00f3n Santa Fe x Cruzeiro: a declara\u00e7\u00e3o de Romero<\/title>\n<meta name=\"robots\" content=\"index, follow, max-snippet:-1, max-image-preview:large, max-video-preview:-1\" \/>\n<link rel=\"canonical\" href=\"https:\/\/www.gaveanews.com\/index.php\/2025\/04\/02\/union-santa-fe-x-cruzeiro-a-declaracao-de-romero\/\" \/>\n<meta property=\"og:locale\" content=\"pt_BR\" \/>\n<meta property=\"og:type\" content=\"article\" \/>\n<meta property=\"og:title\" content=\"Uni\u00f3n Santa Fe x Cruzeiro: a declara\u00e7\u00e3o de Romero\" \/>\n<meta property=\"og:description\" content=\"O Cruzeiro iniciou sua trajet\u00f3ria na Copa Sul-Americana com um resultado negativo na noite desta \u00faltima ter\u00e7a-feira (1\u00ba). Atuando fora de casa, a equipe celeste perdeu por 1 a 0 para o Uni\u00f3n de Santa Fe, em partida realizada no Est\u00e1dio 15 de Abril, localizado em Santa F\u00e9, Argentina. Ap\u00f3s o apito final, o capit\u00e3o [&hellip;]\" \/>\n<meta property=\"og:url\" content=\"https:\/\/www.gaveanews.com\/index.php\/2025\/04\/02\/union-santa-fe-x-cruzeiro-a-declaracao-de-romero\/\" \/>\n<meta property=\"og:site_name\" content=\"G\u00e1vea News\" \/>\n<meta property=\"article:publisher\" content=\"https:\/\/facebook.com\/gaveaNews\/\" \/>\n<meta property=\"article:published_time\" content=\"2025-04-02T17:50:37+00:00\" \/>\n<meta property=\"og:image\" content=\"https:\/\/www.gaveanews.com\/wp-content\/uploads\/Lucas-Romero-pelo-Cruzeiro.webp\" \/>\n\t<meta property=\"og:image:width\" content=\"665\" \/>\n\t<meta property=\"og:image:height\" content=\"500\" \/>\n\t<meta property=\"og:image:type\" content=\"image\/jpeg\" \/>\n<meta name=\"author\" content=\"Hudson Pereira\" \/>\n<meta name=\"twitter:card\" content=\"summary_large_image\" \/>\n<meta name=\"twitter:label1\" content=\"Escrito por\" \/>\n\t<meta name=\"twitter:data1\" content=\"Hudson Pereira\" \/>\n\t<meta name=\"twitter:label2\" content=\"Est. tempo de leitura\" \/>\n\t<meta name=\"twitter:data2\" content=\"3 minutos\" \/>\n<script type=\"application\/ld+json\" class=\"yoast-schema-graph\">{\"@context\":\"https:\/\/schema.org\",\"@graph\":[{\"@type\":\"NewsArticle\",\"@id\":\"https:\/\/www.gaveanews.com\/index.php\/2025\/04\/02\/union-santa-fe-x-cruzeiro-a-declaracao-de-romero\/#article\",\"isPartOf\":{\"@id\":\"https:\/\/www.gaveanews.com\/index.php\/2025\/04\/02\/union-santa-fe-x-cruzeiro-a-declaracao-de-romero\/\"},\"author\":{\"name\":\"Hudson Pereira\",\"@id\":\"https:\/\/www.gaveanews.com\/#\/schema\/person\/bd08f00534b403119b92741a6d469ef0\"},\"headline\":\"Uni\u00f3n Santa Fe x Cruzeiro: a declara\u00e7\u00e3o de Romero\",\"datePublished\":\"2025-04-02T17:50:37+00:00\",\"mainEntityOfPage\":{\"@id\":\"https:\/\/www.gaveanews.com\/index.php\/2025\/04\/02\/union-santa-fe-x-cruzeiro-a-declaracao-de-romero\/\"},\"wordCount\":447,\"commentCount\":0,\"image\":{\"@id\":\"https:\/\/www.gaveanews.com\/index.php\/2025\/04\/02\/union-santa-fe-x-cruzeiro-a-declaracao-de-romero\/#primaryimage\"},\"thumbnailUrl\":\"https:\/\/www.gaveanews.com\/wp-content\/uploads\/Lucas-Romero-pelo-Cruzeiro.webp\",\"articleSection\":[\"Cruzeiro\"],\"inLanguage\":\"pt-BR\",\"potentialAction\":[{\"@type\":\"CommentAction\",\"name\":\"Comment\",\"target\":[\"https:\/\/www.gaveanews.com\/index.php\/2025\/04\/02\/union-santa-fe-x-cruzeiro-a-declaracao-de-romero\/#respond\"]}],\"copyrightYear\":\"2025\",\"copyrightHolder\":{\"@id\":\"https:\/\/www.gaveanews.com\/#organization\"}},{\"@type\":\"WebPage\",\"@id\":\"https:\/\/www.gaveanews.com\/index.php\/2025\/04\/02\/union-santa-fe-x-cruzeiro-a-declaracao-de-romero\/\",\"url\":\"https:\/\/www.gaveanews.com\/index.php\/2025\/04\/02\/union-santa-fe-x-cruzeiro-a-declaracao-de-romero\/\",\"name\":\"Uni\u00f3n Santa Fe x Cruzeiro: a declara\u00e7\u00e3o de Romero\",\"isPartOf\":{\"@id\":\"https:\/\/www.gaveanews.com\/#website\"},\"primaryImageOfPage\":{\"@id\":\"https:\/\/www.gaveanews.com\/index.php\/2025\/04\/02\/union-santa-fe-x-cruzeiro-a-declaracao-de-romero\/#primaryimage\"},\"image\":{\"@id\":\"https:\/\/www.gaveanews.com\/index.php\/2025\/04\/02\/union-santa-fe-x-cruzeiro-a-declaracao-de-romero\/#primaryimage\"},\"thumbnailUrl\":\"https:\/\/www.gaveanews.com\/wp-content\/uploads\/Lucas-Romero-pelo-Cruzeiro.webp\",\"datePublished\":\"2025-04-02T17:50:37+00:00\",\"author\":{\"@id\":\"https:\/\/www.gaveanews.com\/#\/schema\/person\/bd08f00534b403119b92741a6d469ef0\"},\"breadcrumb\":{\"@id\":\"https:\/\/www.gaveanews.com\/index.php\/2025\/04\/02\/union-santa-fe-x-cruzeiro-a-declaracao-de-romero\/#breadcrumb\"},\"inLanguage\":\"pt-BR\",\"potentialAction\":[{\"@type\":\"ReadAction\",\"target\":[\"https:\/\/www.gaveanews.com\/index.php\/2025\/04\/02\/union-santa-fe-x-cruzeiro-a-declaracao-de-romero\/\"]}]},{\"@type\":\"ImageObject\",\"inLanguage\":\"pt-BR\",\"@id\":\"https:\/\/www.gaveanews.com\/index.php\/2025\/04\/02\/union-santa-fe-x-cruzeiro-a-declaracao-de-romero\/#primaryimage\",\"url\":\"https:\/\/www.gaveanews.com\/wp-content\/uploads\/Lucas-Romero-pelo-Cruzeiro.webp\",\"contentUrl\":\"https:\/\/www.gaveanews.com\/wp-content\/uploads\/Lucas-Romero-pelo-Cruzeiro.webp\",\"width\":665,\"height\":500,\"caption\":\"Lucas Romero pelo Cruzeiro (Foto: Bruno Haddad\/Cruzeiro)\"},{\"@type\":\"BreadcrumbList\",\"@id\":\"https:\/\/www.gaveanews.com\/index.php\/2025\/04\/02\/union-santa-fe-x-cruzeiro-a-declaracao-de-romero\/#breadcrumb\",\"itemListElement\":[{\"@type\":\"ListItem\",\"position\":1,\"name\":\"Home\",\"item\":\"https:\/\/www.gaveanews.com\/\"},{\"@type\":\"ListItem\",\"position\":2,\"name\":\"Uni\u00f3n Santa Fe x Cruzeiro: a declara\u00e7\u00e3o de Romero\"}]},{\"@type\":\"WebSite\",\"@id\":\"https:\/\/www.gaveanews.com\/#website\",\"url\":\"https:\/\/www.gaveanews.com\/\",\"name\":\"G\u00e1vea News\",\"description\":\"Veja todas as not\u00edcias sobre o Flamengo: Contrata\u00e7\u00f5es, categorias de base, resultados das partidas, tabela de classifica\u00e7\u00e3o, pr\u00f3ximos jogos!\",\"potentialAction\":[{\"@type\":\"SearchAction\",\"target\":{\"@type\":\"EntryPoint\",\"urlTemplate\":\"https:\/\/www.gaveanews.com\/?s={search_term_string}\"},\"query-input\":{\"@type\":\"PropertyValueSpecification\",\"valueRequired\":true,\"valueName\":\"search_term_string\"}}],\"inLanguage\":\"pt-BR\"},{\"@type\":\"Person\",\"@id\":\"https:\/\/www.gaveanews.com\/#\/schema\/person\/bd08f00534b403119b92741a6d469ef0\",\"name\":\"Hudson Pereira\",\"image\":{\"@type\":\"ImageObject\",\"inLanguage\":\"pt-BR\",\"@id\":\"https:\/\/www.gaveanews.com\/#\/schema\/person\/image\/\",\"url\":\"https:\/\/secure.gravatar.com\/avatar\/ecc491b489e454e510efffc9b23c1052ce5fb4f2e05555768ba65819cd55f03e?s=96&d=mm&r=g\",\"contentUrl\":\"https:\/\/secure.gravatar.com\/avatar\/ecc491b489e454e510efffc9b23c1052ce5fb4f2e05555768ba65819cd55f03e?s=96&d=mm&r=g\",\"caption\":\"Hudson Pereira\"}}]}<\/script>\n<!-- \/ Yoast SEO Premium plugin. -->","yoast_head_json":{"title":"Uni\u00f3n Santa Fe x Cruzeiro: a declara\u00e7\u00e3o de Romero","robots":{"index":"index","follow":"follow","max-snippet":"max-snippet:-1","max-image-preview":"max-image-preview:large","max-video-preview":"max-video-preview:-1"},"canonical":"https:\/\/www.gaveanews.com\/index.php\/2025\/04\/02\/union-santa-fe-x-cruzeiro-a-declaracao-de-romero\/","og_locale":"pt_BR","og_type":"article","og_title":"Uni\u00f3n Santa Fe x Cruzeiro: a declara\u00e7\u00e3o de Romero","og_description":"O Cruzeiro iniciou sua trajet\u00f3ria na Copa Sul-Americana com um resultado negativo na noite desta \u00faltima ter\u00e7a-feira (1\u00ba). Atuando fora de casa, a equipe celeste perdeu por 1 a 0 para o Uni\u00f3n de Santa Fe, em partida realizada no Est\u00e1dio 15 de Abril, localizado em Santa F\u00e9, Argentina. Ap\u00f3s o apito final, o capit\u00e3o [&hellip;]","og_url":"https:\/\/www.gaveanews.com\/index.php\/2025\/04\/02\/union-santa-fe-x-cruzeiro-a-declaracao-de-romero\/","og_site_name":"G\u00e1vea News","article_publisher":"https:\/\/facebook.com\/gaveaNews\/","article_published_time":"2025-04-02T17:50:37+00:00","og_image":[{"width":665,"height":500,"url":"https:\/\/www.gaveanews.com\/wp-content\/uploads\/Lucas-Romero-pelo-Cruzeiro.webp","type":"image\/jpeg"}],"author":"Hudson Pereira","twitter_card":"summary_large_image","twitter_misc":{"Escrito por":"Hudson Pereira","Est. tempo de leitura":"3 minutos"},"schema":{"@context":"https:\/\/schema.org","@graph":[{"@type":"NewsArticle","@id":"https:\/\/www.gaveanews.com\/index.php\/2025\/04\/02\/union-santa-fe-x-cruzeiro-a-declaracao-de-romero\/#article","isPartOf":{"@id":"https:\/\/www.gaveanews.com\/index.php\/2025\/04\/02\/union-santa-fe-x-cruzeiro-a-declaracao-de-romero\/"},"author":{"name":"Hudson Pereira","@id":"https:\/\/www.gaveanews.com\/#\/schema\/person\/bd08f00534b403119b92741a6d469ef0"},"headline":"Uni\u00f3n Santa Fe x Cruzeiro: a declara\u00e7\u00e3o de Romero","datePublished":"2025-04-02T17:50:37+00:00","mainEntityOfPage":{"@id":"https:\/\/www.gaveanews.com\/index.php\/2025\/04\/02\/union-santa-fe-x-cruzeiro-a-declaracao-de-romero\/"},"wordCount":447,"commentCount":0,"image":{"@id":"https:\/\/www.gaveanews.com\/index.php\/2025\/04\/02\/union-santa-fe-x-cruzeiro-a-declaracao-de-romero\/#primaryimage"},"thumbnailUrl":"https:\/\/www.gaveanews.com\/wp-content\/uploads\/Lucas-Romero-pelo-Cruzeiro.webp","articleSection":["Cruzeiro"],"inLanguage":"pt-BR","potentialAction":[{"@type":"CommentAction","name":"Comment","target":["https:\/\/www.gaveanews.com\/index.php\/2025\/04\/02\/union-santa-fe-x-cruzeiro-a-declaracao-de-romero\/#respond"]}],"copyrightYear":"2025","copyrightHolder":{"@id":"https:\/\/www.gaveanews.com\/#organization"}},{"@type":"WebPage","@id":"https:\/\/www.gaveanews.com\/index.php\/2025\/04\/02\/union-santa-fe-x-cruzeiro-a-declaracao-de-romero\/","url":"https:\/\/www.gaveanews.com\/index.php\/2025\/04\/02\/union-santa-fe-x-cruzeiro-a-declaracao-de-romero\/","name":"Uni\u00f3n Santa Fe x Cruzeiro: a declara\u00e7\u00e3o de Romero","isPartOf":{"@id":"https:\/\/www.gaveanews.com\/#website"},"primaryImageOfPage":{"@id":"https:\/\/www.gaveanews.com\/index.php\/2025\/04\/02\/union-santa-fe-x-cruzeiro-a-declaracao-de-romero\/#primaryimage"},"image":{"@id":"https:\/\/www.gaveanews.com\/index.php\/2025\/04\/02\/union-santa-fe-x-cruzeiro-a-declaracao-de-romero\/#primaryimage"},"thumbnailUrl":"https:\/\/www.gaveanews.com\/wp-content\/uploads\/Lucas-Romero-pelo-Cruzeiro.webp","datePublished":"2025-04-02T17:50:37+00:00","author":{"@id":"https:\/\/www.gaveanews.com\/#\/schema\/person\/bd08f00534b403119b92741a6d469ef0"},"breadcrumb":{"@id":"https:\/\/www.gaveanews.com\/index.php\/2025\/04\/02\/union-santa-fe-x-cruzeiro-a-declaracao-de-romero\/#breadcrumb"},"inLanguage":"pt-BR","potentialAction":[{"@type":"ReadAction","target":["https:\/\/www.gaveanews.com\/index.php\/2025\/04\/02\/union-santa-fe-x-cruzeiro-a-declaracao-de-romero\/"]}]},{"@type":"ImageObject","inLanguage":"pt-BR","@id":"https:\/\/www.gaveanews.com\/index.php\/2025\/04\/02\/union-santa-fe-x-cruzeiro-a-declaracao-de-romero\/#primaryimage","url":"https:\/\/www.gaveanews.com\/wp-content\/uploads\/Lucas-Romero-pelo-Cruzeiro.webp","contentUrl":"https:\/\/www.gaveanews.com\/wp-content\/uploads\/Lucas-Romero-pelo-Cruzeiro.webp","width":665,"height":500,"caption":"Lucas Romero pelo Cruzeiro (Foto: Bruno Haddad\/Cruzeiro)"},{"@type":"BreadcrumbList","@id":"https:\/\/www.gaveanews.com\/index.php\/2025\/04\/02\/union-santa-fe-x-cruzeiro-a-declaracao-de-romero\/#breadcrumb","itemListElement":[{"@type":"ListItem","position":1,"name":"Home","item":"https:\/\/www.gaveanews.com\/"},{"@type":"ListItem","position":2,"name":"Uni\u00f3n Santa Fe x Cruzeiro: a declara\u00e7\u00e3o de Romero"}]},{"@type":"WebSite","@id":"https:\/\/www.gaveanews.com\/#website","url":"https:\/\/www.gaveanews.com\/","name":"G\u00e1vea News","description":"Veja todas as not\u00edcias sobre o Flamengo: Contrata\u00e7\u00f5es, categorias de base, resultados das partidas, tabela de classifica\u00e7\u00e3o, pr\u00f3ximos jogos!","potentialAction":[{"@type":"SearchAction","target":{"@type":"EntryPoint","urlTemplate":"https:\/\/www.gaveanews.com\/?s={search_term_string}"},"query-input":{"@type":"PropertyValueSpecification","valueRequired":true,"valueName":"search_term_string"}}],"inLanguage":"pt-BR"},{"@type":"Person","@id":"https:\/\/www.gaveanews.com\/#\/schema\/person\/bd08f00534b403119b92741a6d469ef0","name":"Hudson Pereira","image":{"@type":"ImageObject","inLanguage":"pt-BR","@id":"https:\/\/www.gaveanews.com\/#\/schema\/person\/image\/","url":"https:\/\/secure.gravatar.com\/avatar\/ecc491b489e454e510efffc9b23c1052ce5fb4f2e05555768ba65819cd55f03e?s=96&d=mm&r=g","contentUrl":"https:\/\/secure.gravatar.com\/avatar\/ecc491b489e454e510efffc9b23c1052ce5fb4f2e05555768ba65819cd55f03e?s=96&d=mm&r=g","caption":"Hudson Pereira"}}]}},"_links":{"self":[{"href":"https:\/\/www.gaveanews.com\/index.php\/wp-json\/wp\/v2\/posts\/247925","targetHints":{"allow":["GET"]}}],"collection":[{"href":"https:\/\/www.gaveanews.com\/index.php\/wp-json\/wp\/v2\/posts"}],"about":[{"href":"https:\/\/www.gaveanews.com\/index.php\/wp-json\/wp\/v2\/types\/post"}],"author":[{"embeddable":true,"href":"https:\/\/www.gaveanews.com\/index.php\/wp-json\/wp\/v2\/users\/28"}],"replies":[{"embeddable":true,"href":"https:\/\/www.gaveanews.com\/index.php\/wp-json\/wp\/v2\/comments?post=247925"}],"version-history":[{"count":3,"href":"https:\/\/www.gaveanews.com\/index.php\/wp-json\/wp\/v2\/posts\/247925\/revisions"}],"predecessor-version":[{"id":247940,"href":"https:\/\/www.gaveanews.com\/index.php\/wp-json\/wp\/v2\/posts\/247925\/revisions\/247940"}],"wp:featuredmedia":[{"embeddable":true,"href":"https:\/\/www.gaveanews.com\/index.php\/wp-json\/wp\/v2\/media\/170359"}],"wp:attachment":[{"href":"https:\/\/www.gaveanews.com\/index.php\/wp-json\/wp\/v2\/media?parent=247925"}],"wp:term":[{"taxonomy":"category","embeddable":true,"href":"https:\/\/www.gaveanews.com\/index.php\/wp-json\/wp\/v2\/categories?post=247925"},{"taxonomy":"post_tag","embeddable":true,"href":"https:\/\/www.gaveanews.com\/index.php\/wp-json\/wp\/v2\/tags?post=247925"}],"curies":[{"name":"wp","href":"https:\/\/api.w.org\/{rel}","templated":true}]}}