{"id":247945,"date":"2025-04-02T14:05:00","date_gmt":"2025-04-02T17:05:00","guid":{"rendered":"https:\/\/www.gaveanews.com\/?p=247945"},"modified":"2025-04-02T12:37:05","modified_gmt":"2025-04-02T15:37:05","slug":"torcida-do-botafogo-aprova-chegada-de-mais-um-reforco","status":"publish","type":"post","link":"https:\/\/www.gaveanews.com\/index.php\/2025\/04\/02\/torcida-do-botafogo-aprova-chegada-de-mais-um-reforco\/","title":{"rendered":"Torcida do Botafogo aprova chegada de mais um refor\u00e7o"},"content":{"rendered":"\n<p>A rela\u00e7\u00e3o entre Cauly e o Botafogo voltou \u00e0 tona recentemente, mas por um motivo que vai al\u00e9m das quatro linhas. Apesar de defender atualmente o Bahia, o meia-atacante de 29 anos ganhou os holofotes ap\u00f3s imagens antigas ressurgirem nas redes sociais. As fotos mostram o jogador ainda crian\u00e7a, vestindo a camisa do Botafogo e at\u00e9 comemorando anivers\u00e1rio com decora\u00e7\u00e3o do clube carioca.<\/p>\n\n\n\n<p>A revela\u00e7\u00e3o movimentou os bastidores e foi comentada at\u00e9 por John Textor. O empres\u00e1rio norte-americano, propriet\u00e1rio do Botafogo, aproveitou a descoberta para relembrar um epis\u00f3dio de 2023. Na ocasi\u00e3o, o Bahia venceu o Palmeiras por 1 a 0, resultado que favoreceu diretamente o time alvinegro na briga pela lideran\u00e7a do Campeonato Brasileiro. \u201cBotafogo quando crian\u00e7a, e ainda um Escolhido depois de tantos anos. Obrigado, Cauly!\u201d, publicou Textor na \u00e9poca, provocando o advers\u00e1rio paulista.<\/p>\n\n\n\n<figure class=\"wp-block-image size-full\"><img loading=\"lazy\" decoding=\"async\" width=\"768\" height=\"511\" src=\"http:\/\/www.gaveanews.com\/wp-content\/uploads\/Cauly-apresentado-pelo-Bahia.webp\" alt=\"\" class=\"wp-image-169712\" srcset=\"https:\/\/www.gaveanews.com\/wp-content\/uploads\/Cauly-apresentado-pelo-Bahia.webp 768w, https:\/\/www.gaveanews.com\/wp-content\/uploads\/Cauly-apresentado-pelo-Bahia-300x200.webp 300w, https:\/\/www.gaveanews.com\/wp-content\/uploads\/Cauly-apresentado-pelo-Bahia-631x420.webp 631w, https:\/\/www.gaveanews.com\/wp-content\/uploads\/Cauly-apresentado-pelo-Bahia-640x426.webp 640w, https:\/\/www.gaveanews.com\/wp-content\/uploads\/Cauly-apresentado-pelo-Bahia-681x453.webp 681w, https:\/\/www.gaveanews.com\/wp-content\/uploads\/Cauly-apresentado-pelo-Bahia-100x67.webp 100w\" sizes=\"auto, (max-width: 768px) 100vw, 768px\" \/><figcaption class=\"wp-element-caption\">Cauly apresentado pelo Bahia (Foto: Felipe Oliveira\/EC Bahia)<\/figcaption><\/figure>\n\n\n\n<p>Contudo, a provoca\u00e7\u00e3o acabou perdendo for\u00e7a diante do desfecho da competi\u00e7\u00e3o. Afinal, mesmo com trope\u00e7os ao longo da campanha, o Palmeiras reagiu de forma contundente e conquistou o bicampeonato brasileiro, ultrapassando o Botafogo na reta final da temporada. Assim, o coment\u00e1rio de Textor tornou-se, posteriormente, motivo de ironia entre os torcedores palmeirenses.<\/p>\n\n\n\n<p>Anteriormente, o nome de Cauly chegou a ser discutido internamente pelo Palmeiras. A diretoria alviverde considerava o atleta uma op\u00e7\u00e3o para refor\u00e7ar o setor de cria\u00e7\u00e3o no in\u00edcio de 2024. Entretanto, as tratativas com o Bahia n\u00e3o avan\u00e7aram, j\u00e1 que o clube nordestino estipulou um valor elevado para liberar o jogador. Por isso, a negocia\u00e7\u00e3o foi descartada.<\/p>\n\n\n\n<p>O Palmeiras, ent\u00e3o, voltou-se ao mercado e acabou acertando a contrata\u00e7\u00e3o de Maur\u00edcio. O ex-jogador do Internacional passou a integrar o elenco comandado por Abel Ferreira, ocupando justamente a fun\u00e7\u00e3o que seria destinada a Cauly, caso o neg\u00f3cio tivesse se concretizado. O movimento foi parte do planejamento do clube para a temporada.<\/p>\n\n\n\n<p>Enquanto isso, Cauly permanece no Bahia, mas vive momento de instabilidade. Apesar de ainda figurar entre os titulares do t\u00e9cnico Rog\u00e9rio Ceni, o meia vem sendo criticado por parte da torcida. O rendimento abaixo do esperado tem gerado questionamentos, principalmente ap\u00f3s uma temporada anterior de bom desempenho.<\/p>\n","protected":false},"excerpt":{"rendered":"<p>A rela\u00e7\u00e3o entre Cauly e o Botafogo voltou \u00e0 tona recentemente, mas por um motivo que vai al\u00e9m das quatro linhas. Apesar de defender atualmente o Bahia, o meia-atacante de 29 anos ganhou os holofotes ap\u00f3s imagens antigas ressurgirem nas redes sociais. As fotos mostram o jogador ainda crian\u00e7a, vestindo a camisa do Botafogo e [&hellip;]<\/p>\n","protected":false},"author":27,"featured_media":158965,"comment_status":"open","ping_status":"closed","sticky":false,"template":"","format":"standard","meta":{"footnotes":""},"categories":[137,138],"tags":[],"class_list":["post-247945","post","type-post","status-publish","format-standard","has-post-thumbnail","hentry","category-bahia","category-botafogo"],"yoast_head":"<!-- This site is optimized with the Yoast SEO Premium plugin v24.2 (Yoast SEO v26.9) - https:\/\/yoast.com\/product\/yoast-seo-premium-wordpress\/ -->\n<title>Torcida do Botafogo aprova chegada de mais um refor\u00e7o<\/title>\n<meta name=\"robots\" content=\"index, follow, max-snippet:-1, max-image-preview:large, max-video-preview:-1\" \/>\n<link rel=\"canonical\" href=\"https:\/\/www.gaveanews.com\/index.php\/2025\/04\/02\/torcida-do-botafogo-aprova-chegada-de-mais-um-reforco\/\" \/>\n<meta property=\"og:locale\" content=\"pt_BR\" \/>\n<meta property=\"og:type\" content=\"article\" \/>\n<meta property=\"og:title\" content=\"Torcida do Botafogo aprova chegada de mais um refor\u00e7o\" \/>\n<meta property=\"og:description\" content=\"A rela\u00e7\u00e3o entre Cauly e o Botafogo voltou \u00e0 tona recentemente, mas por um motivo que vai al\u00e9m das quatro linhas. Apesar de defender atualmente o Bahia, o meia-atacante de 29 anos ganhou os holofotes ap\u00f3s imagens antigas ressurgirem nas redes sociais. As fotos mostram o jogador ainda crian\u00e7a, vestindo a camisa do Botafogo e [&hellip;]\" \/>\n<meta property=\"og:url\" content=\"https:\/\/www.gaveanews.com\/index.php\/2025\/04\/02\/torcida-do-botafogo-aprova-chegada-de-mais-um-reforco\/\" \/>\n<meta property=\"og:site_name\" content=\"G\u00e1vea News\" \/>\n<meta property=\"article:publisher\" content=\"https:\/\/facebook.com\/gaveaNews\/\" \/>\n<meta property=\"article:published_time\" content=\"2025-04-02T17:05:00+00:00\" \/>\n<meta property=\"og:image\" content=\"https:\/\/www.gaveanews.com\/wp-content\/uploads\/53924402764_6b4493792f_o-e1723743312178.webp\" \/>\n\t<meta property=\"og:image:width\" content=\"1220\" \/>\n\t<meta property=\"og:image:height\" content=\"674\" \/>\n\t<meta property=\"og:image:type\" content=\"image\/webp\" \/>\n<meta name=\"author\" content=\"Matheus Felipe\" \/>\n<meta name=\"twitter:card\" content=\"summary_large_image\" \/>\n<meta name=\"twitter:label1\" content=\"Escrito por\" \/>\n\t<meta name=\"twitter:data1\" content=\"Matheus Felipe\" \/>\n\t<meta name=\"twitter:label2\" content=\"Est. tempo de leitura\" \/>\n\t<meta name=\"twitter:data2\" content=\"3 minutos\" \/>\n<script type=\"application\/ld+json\" class=\"yoast-schema-graph\">{\"@context\":\"https:\/\/schema.org\",\"@graph\":[{\"@type\":\"NewsArticle\",\"@id\":\"https:\/\/www.gaveanews.com\/index.php\/2025\/04\/02\/torcida-do-botafogo-aprova-chegada-de-mais-um-reforco\/#article\",\"isPartOf\":{\"@id\":\"https:\/\/www.gaveanews.com\/index.php\/2025\/04\/02\/torcida-do-botafogo-aprova-chegada-de-mais-um-reforco\/\"},\"author\":{\"name\":\"Matheus Felipe\",\"@id\":\"https:\/\/www.gaveanews.com\/#\/schema\/person\/8207cd4627f56151707418bfc835b2fb\"},\"headline\":\"Torcida do Botafogo aprova chegada de mais um refor\u00e7o\",\"datePublished\":\"2025-04-02T17:05:00+00:00\",\"mainEntityOfPage\":{\"@id\":\"https:\/\/www.gaveanews.com\/index.php\/2025\/04\/02\/torcida-do-botafogo-aprova-chegada-de-mais-um-reforco\/\"},\"wordCount\":391,\"commentCount\":0,\"image\":{\"@id\":\"https:\/\/www.gaveanews.com\/index.php\/2025\/04\/02\/torcida-do-botafogo-aprova-chegada-de-mais-um-reforco\/#primaryimage\"},\"thumbnailUrl\":\"https:\/\/www.gaveanews.com\/wp-content\/uploads\/53924402764_6b4493792f_o-e1723743312178.webp\",\"articleSection\":[\"Bahia\",\"Botafogo\"],\"inLanguage\":\"pt-BR\",\"potentialAction\":[{\"@type\":\"CommentAction\",\"name\":\"Comment\",\"target\":[\"https:\/\/www.gaveanews.com\/index.php\/2025\/04\/02\/torcida-do-botafogo-aprova-chegada-de-mais-um-reforco\/#respond\"]}],\"copyrightYear\":\"2025\",\"copyrightHolder\":{\"@id\":\"https:\/\/www.gaveanews.com\/#organization\"}},{\"@type\":\"WebPage\",\"@id\":\"https:\/\/www.gaveanews.com\/index.php\/2025\/04\/02\/torcida-do-botafogo-aprova-chegada-de-mais-um-reforco\/\",\"url\":\"https:\/\/www.gaveanews.com\/index.php\/2025\/04\/02\/torcida-do-botafogo-aprova-chegada-de-mais-um-reforco\/\",\"name\":\"Torcida do Botafogo aprova chegada de mais um refor\u00e7o\",\"isPartOf\":{\"@id\":\"https:\/\/www.gaveanews.com\/#website\"},\"primaryImageOfPage\":{\"@id\":\"https:\/\/www.gaveanews.com\/index.php\/2025\/04\/02\/torcida-do-botafogo-aprova-chegada-de-mais-um-reforco\/#primaryimage\"},\"image\":{\"@id\":\"https:\/\/www.gaveanews.com\/index.php\/2025\/04\/02\/torcida-do-botafogo-aprova-chegada-de-mais-um-reforco\/#primaryimage\"},\"thumbnailUrl\":\"https:\/\/www.gaveanews.com\/wp-content\/uploads\/53924402764_6b4493792f_o-e1723743312178.webp\",\"datePublished\":\"2025-04-02T17:05:00+00:00\",\"author\":{\"@id\":\"https:\/\/www.gaveanews.com\/#\/schema\/person\/8207cd4627f56151707418bfc835b2fb\"},\"breadcrumb\":{\"@id\":\"https:\/\/www.gaveanews.com\/index.php\/2025\/04\/02\/torcida-do-botafogo-aprova-chegada-de-mais-um-reforco\/#breadcrumb\"},\"inLanguage\":\"pt-BR\",\"potentialAction\":[{\"@type\":\"ReadAction\",\"target\":[\"https:\/\/www.gaveanews.com\/index.php\/2025\/04\/02\/torcida-do-botafogo-aprova-chegada-de-mais-um-reforco\/\"]}]},{\"@type\":\"ImageObject\",\"inLanguage\":\"pt-BR\",\"@id\":\"https:\/\/www.gaveanews.com\/index.php\/2025\/04\/02\/torcida-do-botafogo-aprova-chegada-de-mais-um-reforco\/#primaryimage\",\"url\":\"https:\/\/www.gaveanews.com\/wp-content\/uploads\/53924402764_6b4493792f_o-e1723743312178.webp\",\"contentUrl\":\"https:\/\/www.gaveanews.com\/wp-content\/uploads\/53924402764_6b4493792f_o-e1723743312178.webp\",\"width\":1220,\"height\":674,\"caption\":\"Torcida do Botafogo no jogo contra o Palmeiras pela Libertadores - Foto: Botafogo\/Flickr\"},{\"@type\":\"BreadcrumbList\",\"@id\":\"https:\/\/www.gaveanews.com\/index.php\/2025\/04\/02\/torcida-do-botafogo-aprova-chegada-de-mais-um-reforco\/#breadcrumb\",\"itemListElement\":[{\"@type\":\"ListItem\",\"position\":1,\"name\":\"Home\",\"item\":\"https:\/\/www.gaveanews.com\/\"},{\"@type\":\"ListItem\",\"position\":2,\"name\":\"Torcida do Botafogo aprova chegada de mais um refor\u00e7o\"}]},{\"@type\":\"WebSite\",\"@id\":\"https:\/\/www.gaveanews.com\/#website\",\"url\":\"https:\/\/www.gaveanews.com\/\",\"name\":\"G\u00e1vea News\",\"description\":\"Veja todas as not\u00edcias sobre o Flamengo: Contrata\u00e7\u00f5es, categorias de base, resultados das partidas, tabela de classifica\u00e7\u00e3o, pr\u00f3ximos jogos!\",\"potentialAction\":[{\"@type\":\"SearchAction\",\"target\":{\"@type\":\"EntryPoint\",\"urlTemplate\":\"https:\/\/www.gaveanews.com\/?s={search_term_string}\"},\"query-input\":{\"@type\":\"PropertyValueSpecification\",\"valueRequired\":true,\"valueName\":\"search_term_string\"}}],\"inLanguage\":\"pt-BR\"},{\"@type\":\"Person\",\"@id\":\"https:\/\/www.gaveanews.com\/#\/schema\/person\/8207cd4627f56151707418bfc835b2fb\",\"name\":\"Matheus Felipe\",\"image\":{\"@type\":\"ImageObject\",\"inLanguage\":\"pt-BR\",\"@id\":\"https:\/\/www.gaveanews.com\/#\/schema\/person\/image\/\",\"url\":\"https:\/\/secure.gravatar.com\/avatar\/a452ffbed9130f726358b298bb3a99ce4bd3c5338411f8440e87e14d74c7c087?s=96&d=mm&r=g\",\"contentUrl\":\"https:\/\/secure.gravatar.com\/avatar\/a452ffbed9130f726358b298bb3a99ce4bd3c5338411f8440e87e14d74c7c087?s=96&d=mm&r=g\",\"caption\":\"Matheus Felipe\"}}]}<\/script>\n<!-- \/ Yoast SEO Premium plugin. -->","yoast_head_json":{"title":"Torcida do Botafogo aprova chegada de mais um refor\u00e7o","robots":{"index":"index","follow":"follow","max-snippet":"max-snippet:-1","max-image-preview":"max-image-preview:large","max-video-preview":"max-video-preview:-1"},"canonical":"https:\/\/www.gaveanews.com\/index.php\/2025\/04\/02\/torcida-do-botafogo-aprova-chegada-de-mais-um-reforco\/","og_locale":"pt_BR","og_type":"article","og_title":"Torcida do Botafogo aprova chegada de mais um refor\u00e7o","og_description":"A rela\u00e7\u00e3o entre Cauly e o Botafogo voltou \u00e0 tona recentemente, mas por um motivo que vai al\u00e9m das quatro linhas. Apesar de defender atualmente o Bahia, o meia-atacante de 29 anos ganhou os holofotes ap\u00f3s imagens antigas ressurgirem nas redes sociais. As fotos mostram o jogador ainda crian\u00e7a, vestindo a camisa do Botafogo e [&hellip;]","og_url":"https:\/\/www.gaveanews.com\/index.php\/2025\/04\/02\/torcida-do-botafogo-aprova-chegada-de-mais-um-reforco\/","og_site_name":"G\u00e1vea News","article_publisher":"https:\/\/facebook.com\/gaveaNews\/","article_published_time":"2025-04-02T17:05:00+00:00","og_image":[{"width":1220,"height":674,"url":"https:\/\/www.gaveanews.com\/wp-content\/uploads\/53924402764_6b4493792f_o-e1723743312178.webp","type":"image\/webp"}],"author":"Matheus Felipe","twitter_card":"summary_large_image","twitter_misc":{"Escrito por":"Matheus Felipe","Est. tempo de leitura":"3 minutos"},"schema":{"@context":"https:\/\/schema.org","@graph":[{"@type":"NewsArticle","@id":"https:\/\/www.gaveanews.com\/index.php\/2025\/04\/02\/torcida-do-botafogo-aprova-chegada-de-mais-um-reforco\/#article","isPartOf":{"@id":"https:\/\/www.gaveanews.com\/index.php\/2025\/04\/02\/torcida-do-botafogo-aprova-chegada-de-mais-um-reforco\/"},"author":{"name":"Matheus Felipe","@id":"https:\/\/www.gaveanews.com\/#\/schema\/person\/8207cd4627f56151707418bfc835b2fb"},"headline":"Torcida do Botafogo aprova chegada de mais um refor\u00e7o","datePublished":"2025-04-02T17:05:00+00:00","mainEntityOfPage":{"@id":"https:\/\/www.gaveanews.com\/index.php\/2025\/04\/02\/torcida-do-botafogo-aprova-chegada-de-mais-um-reforco\/"},"wordCount":391,"commentCount":0,"image":{"@id":"https:\/\/www.gaveanews.com\/index.php\/2025\/04\/02\/torcida-do-botafogo-aprova-chegada-de-mais-um-reforco\/#primaryimage"},"thumbnailUrl":"https:\/\/www.gaveanews.com\/wp-content\/uploads\/53924402764_6b4493792f_o-e1723743312178.webp","articleSection":["Bahia","Botafogo"],"inLanguage":"pt-BR","potentialAction":[{"@type":"CommentAction","name":"Comment","target":["https:\/\/www.gaveanews.com\/index.php\/2025\/04\/02\/torcida-do-botafogo-aprova-chegada-de-mais-um-reforco\/#respond"]}],"copyrightYear":"2025","copyrightHolder":{"@id":"https:\/\/www.gaveanews.com\/#organization"}},{"@type":"WebPage","@id":"https:\/\/www.gaveanews.com\/index.php\/2025\/04\/02\/torcida-do-botafogo-aprova-chegada-de-mais-um-reforco\/","url":"https:\/\/www.gaveanews.com\/index.php\/2025\/04\/02\/torcida-do-botafogo-aprova-chegada-de-mais-um-reforco\/","name":"Torcida do Botafogo aprova chegada de mais um refor\u00e7o","isPartOf":{"@id":"https:\/\/www.gaveanews.com\/#website"},"primaryImageOfPage":{"@id":"https:\/\/www.gaveanews.com\/index.php\/2025\/04\/02\/torcida-do-botafogo-aprova-chegada-de-mais-um-reforco\/#primaryimage"},"image":{"@id":"https:\/\/www.gaveanews.com\/index.php\/2025\/04\/02\/torcida-do-botafogo-aprova-chegada-de-mais-um-reforco\/#primaryimage"},"thumbnailUrl":"https:\/\/www.gaveanews.com\/wp-content\/uploads\/53924402764_6b4493792f_o-e1723743312178.webp","datePublished":"2025-04-02T17:05:00+00:00","author":{"@id":"https:\/\/www.gaveanews.com\/#\/schema\/person\/8207cd4627f56151707418bfc835b2fb"},"breadcrumb":{"@id":"https:\/\/www.gaveanews.com\/index.php\/2025\/04\/02\/torcida-do-botafogo-aprova-chegada-de-mais-um-reforco\/#breadcrumb"},"inLanguage":"pt-BR","potentialAction":[{"@type":"ReadAction","target":["https:\/\/www.gaveanews.com\/index.php\/2025\/04\/02\/torcida-do-botafogo-aprova-chegada-de-mais-um-reforco\/"]}]},{"@type":"ImageObject","inLanguage":"pt-BR","@id":"https:\/\/www.gaveanews.com\/index.php\/2025\/04\/02\/torcida-do-botafogo-aprova-chegada-de-mais-um-reforco\/#primaryimage","url":"https:\/\/www.gaveanews.com\/wp-content\/uploads\/53924402764_6b4493792f_o-e1723743312178.webp","contentUrl":"https:\/\/www.gaveanews.com\/wp-content\/uploads\/53924402764_6b4493792f_o-e1723743312178.webp","width":1220,"height":674,"caption":"Torcida do Botafogo no jogo contra o Palmeiras pela Libertadores - Foto: Botafogo\/Flickr"},{"@type":"BreadcrumbList","@id":"https:\/\/www.gaveanews.com\/index.php\/2025\/04\/02\/torcida-do-botafogo-aprova-chegada-de-mais-um-reforco\/#breadcrumb","itemListElement":[{"@type":"ListItem","position":1,"name":"Home","item":"https:\/\/www.gaveanews.com\/"},{"@type":"ListItem","position":2,"name":"Torcida do Botafogo aprova chegada de mais um refor\u00e7o"}]},{"@type":"WebSite","@id":"https:\/\/www.gaveanews.com\/#website","url":"https:\/\/www.gaveanews.com\/","name":"G\u00e1vea News","description":"Veja todas as not\u00edcias sobre o Flamengo: Contrata\u00e7\u00f5es, categorias de base, resultados das partidas, tabela de classifica\u00e7\u00e3o, pr\u00f3ximos jogos!","potentialAction":[{"@type":"SearchAction","target":{"@type":"EntryPoint","urlTemplate":"https:\/\/www.gaveanews.com\/?s={search_term_string}"},"query-input":{"@type":"PropertyValueSpecification","valueRequired":true,"valueName":"search_term_string"}}],"inLanguage":"pt-BR"},{"@type":"Person","@id":"https:\/\/www.gaveanews.com\/#\/schema\/person\/8207cd4627f56151707418bfc835b2fb","name":"Matheus Felipe","image":{"@type":"ImageObject","inLanguage":"pt-BR","@id":"https:\/\/www.gaveanews.com\/#\/schema\/person\/image\/","url":"https:\/\/secure.gravatar.com\/avatar\/a452ffbed9130f726358b298bb3a99ce4bd3c5338411f8440e87e14d74c7c087?s=96&d=mm&r=g","contentUrl":"https:\/\/secure.gravatar.com\/avatar\/a452ffbed9130f726358b298bb3a99ce4bd3c5338411f8440e87e14d74c7c087?s=96&d=mm&r=g","caption":"Matheus Felipe"}}]}},"_links":{"self":[{"href":"https:\/\/www.gaveanews.com\/index.php\/wp-json\/wp\/v2\/posts\/247945","targetHints":{"allow":["GET"]}}],"collection":[{"href":"https:\/\/www.gaveanews.com\/index.php\/wp-json\/wp\/v2\/posts"}],"about":[{"href":"https:\/\/www.gaveanews.com\/index.php\/wp-json\/wp\/v2\/types\/post"}],"author":[{"embeddable":true,"href":"https:\/\/www.gaveanews.com\/index.php\/wp-json\/wp\/v2\/users\/27"}],"replies":[{"embeddable":true,"href":"https:\/\/www.gaveanews.com\/index.php\/wp-json\/wp\/v2\/comments?post=247945"}],"version-history":[{"count":1,"href":"https:\/\/www.gaveanews.com\/index.php\/wp-json\/wp\/v2\/posts\/247945\/revisions"}],"predecessor-version":[{"id":247949,"href":"https:\/\/www.gaveanews.com\/index.php\/wp-json\/wp\/v2\/posts\/247945\/revisions\/247949"}],"wp:featuredmedia":[{"embeddable":true,"href":"https:\/\/www.gaveanews.com\/index.php\/wp-json\/wp\/v2\/media\/158965"}],"wp:attachment":[{"href":"https:\/\/www.gaveanews.com\/index.php\/wp-json\/wp\/v2\/media?parent=247945"}],"wp:term":[{"taxonomy":"category","embeddable":true,"href":"https:\/\/www.gaveanews.com\/index.php\/wp-json\/wp\/v2\/categories?post=247945"},{"taxonomy":"post_tag","embeddable":true,"href":"https:\/\/www.gaveanews.com\/index.php\/wp-json\/wp\/v2\/tags?post=247945"}],"curies":[{"name":"wp","href":"https:\/\/api.w.org\/{rel}","templated":true}]}}