{"id":247946,"date":"2025-04-02T14:10:00","date_gmt":"2025-04-02T17:10:00","guid":{"rendered":"https:\/\/www.gaveanews.com\/?p=247946"},"modified":"2025-04-02T12:35:40","modified_gmt":"2025-04-02T15:35:40","slug":"veja-quanto-o-vasco-pode-faturar-com-titulo-da-sul-americana","status":"publish","type":"post","link":"https:\/\/www.gaveanews.com\/index.php\/2025\/04\/02\/veja-quanto-o-vasco-pode-faturar-com-titulo-da-sul-americana\/","title":{"rendered":"Veja quanto o Vasco pode faturar com t\u00edtulo da Sul-Americana"},"content":{"rendered":"\n<p>O Vasco inicia nesta quarta-feira (2) sua caminhada na Copa Sul-Americana, um torneio que se tornou prioridade para o clube em 2025. A equipe encara o Melgar, no Peru, \u00e0s 19h (hor\u00e1rio de Bras\u00edlia), buscando um bom come\u00e7o para avan\u00e7ar de fase e sonhar com um t\u00edtulo in\u00e9dito.&nbsp;<\/p>\n\n\n\n<p>Al\u00e9m disso, a competi\u00e7\u00e3o pode render uma premia\u00e7\u00e3o milion\u00e1ria ao clube carioca, o que aumenta ainda mais a import\u00e2ncia do torneio.<\/p>\n\n\n\n<h2 class=\"wp-block-heading\" id=\"h-valores-em-jogo-premiacao-milionaria-atrai-o-vasco\">Valores em jogo: premia\u00e7\u00e3o milion\u00e1ria atrai o Vasco<\/h2>\n\n\n\n<figure class=\"wp-block-image size-full\"><img loading=\"lazy\" decoding=\"async\" width=\"1024\" height=\"562\" src=\"http:\/\/www.gaveanews.com\/wp-content\/uploads\/Pedrinho-presidente-do-Vasco.webp\" alt=\"\" class=\"wp-image-146559\" srcset=\"https:\/\/www.gaveanews.com\/wp-content\/uploads\/Pedrinho-presidente-do-Vasco.webp 1024w, https:\/\/www.gaveanews.com\/wp-content\/uploads\/Pedrinho-presidente-do-Vasco-300x165.webp 300w, https:\/\/www.gaveanews.com\/wp-content\/uploads\/Pedrinho-presidente-do-Vasco-768x422.webp 768w, https:\/\/www.gaveanews.com\/wp-content\/uploads\/Pedrinho-presidente-do-Vasco-765x420.webp 765w, https:\/\/www.gaveanews.com\/wp-content\/uploads\/Pedrinho-presidente-do-Vasco-640x350.webp 640w, https:\/\/www.gaveanews.com\/wp-content\/uploads\/Pedrinho-presidente-do-Vasco-681x374.webp 681w, https:\/\/www.gaveanews.com\/wp-content\/uploads\/Pedrinho-presidente-do-Vasco-1022x562.webp 1022w, https:\/\/www.gaveanews.com\/wp-content\/uploads\/Pedrinho-presidente-do-Vasco-100x55.webp 100w\" sizes=\"auto, (max-width: 1024px) 100vw, 1024px\" \/><figcaption class=\"wp-element-caption\">Pedrinho, presidente do Vasco (Foto: Reprodu\u00e7\u00e3o\/Vasco TV)<\/figcaption><\/figure>\n\n\n\n<p>O campe\u00e3o da Sul-Americana pode arrecadar mais de US$ 10 milh\u00f5es (aproximadamente R$ 50 milh\u00f5es), um valor expressivo para qualquer equipe. Isso porque a Conmebol distribui pr\u00eamios por cada fase superada, al\u00e9m de recompensas extras por vit\u00f3rias na fase de grupos. Sendo assim, o Vasco tem uma motiva\u00e7\u00e3o financeira extra para brigar pelo t\u00edtulo.<\/p>\n\n\n\n<p>Confira os valores pagos por fase na competi\u00e7\u00e3o:<\/p>\n\n\n\n<ul class=\"wp-block-list\">\n<li>Fase de grupos: US$ 900 mil (R$ 4,5 milh\u00f5es) + US$ 115 mil por vit\u00f3ria (R$ 575 mil)<br><\/li>\n\n\n\n<li>Playoff: US$ 500 mil (R$ 2,5 milh\u00f5es)<br><\/li>\n\n\n\n<li>Oitavas de final: US$ 600 mil (R$ 3 milh\u00f5es)<br><\/li>\n\n\n\n<li>Quartas de final: US$ 700 mil (R$ 3,5 milh\u00f5es)<br><\/li>\n\n\n\n<li>Semifinal: US$ 800 mil (R$ 4 milh\u00f5es)<br><\/li>\n\n\n\n<li>Vice-campe\u00e3o: US$ 2 milh\u00f5es (R$ 10 milh\u00f5es)<br><\/li>\n\n\n\n<li>Campe\u00e3o: US$ 6 milh\u00f5es (R$ 30 milh\u00f5es)<br><\/li>\n<\/ul>\n\n\n\n<p>Portanto, al\u00e9m da busca pela ta\u00e7a, a premia\u00e7\u00e3o pode representar um importante refor\u00e7o financeiro para o clube.<\/p>\n\n\n\n<h2 class=\"wp-block-heading\" id=\"h-a-forca-do-vasco-e-a-expectativa-pelo-titulo\">A for\u00e7a do Vasco e a expectativa pelo t\u00edtulo<\/h2>\n\n\n\n<p>O Gigante da Colina volta a disputar um torneio continental ap\u00f3s quatro temporadas e conta com um elenco refor\u00e7ado para buscar o t\u00edtulo. Isso porque a diretoria investiu pesado na \u00faltima janela de transfer\u00eancias, montando um time competitivo.<\/p>\n\n\n\n<p>Al\u00e9m disso, o Vasco tem um trunfo importante: S\u00e3o Janu\u00e1rio. O est\u00e1dio tem sido uma fortaleza para o time nas \u00faltimas temporadas, e o apoio da torcida ser\u00e1 fundamental na campanha da Sul-Americana.<\/p>\n\n\n\n<p>Cabe ressaltar que o Vasco estreia em casa contra o Puerto Cabello, no dia 9 de abril, \u00e0s 21h30, pela segunda rodada. Dessa maneira, a equipe precisa somar pontos desde o in\u00edcio para encaminhar a classifica\u00e7\u00e3o no Grupo G.<\/p>\n\n\n\n<p>Com isso, a expectativa \u00e9 grande. Se o Vasco conseguir embalar, pode transformar a Sul-Americana em uma temporada hist\u00f3rica dentro e fora de campo.<\/p>\n","protected":false},"excerpt":{"rendered":"<p>O Vasco inicia nesta quarta-feira (2) sua caminhada na Copa Sul-Americana, um torneio que se tornou prioridade para o clube em 2025. A equipe encara o Melgar, no Peru, \u00e0s 19h (hor\u00e1rio de Bras\u00edlia), buscando um bom come\u00e7o para avan\u00e7ar de fase e sonhar com um t\u00edtulo in\u00e9dito.&nbsp; Al\u00e9m disso, a competi\u00e7\u00e3o pode render uma [&hellip;]<\/p>\n","protected":false},"author":25,"featured_media":147443,"comment_status":"open","ping_status":"closed","sticky":false,"template":"","format":"standard","meta":{"footnotes":""},"categories":[152],"tags":[],"class_list":["post-247946","post","type-post","status-publish","format-standard","has-post-thumbnail","hentry","category-vasco"],"yoast_head":"<!-- This site is optimized with the Yoast SEO Premium plugin v24.2 (Yoast SEO v26.9) - https:\/\/yoast.com\/product\/yoast-seo-premium-wordpress\/ -->\n<title>Veja quanto o Vasco pode faturar com t\u00edtulo da Sul-Americana<\/title>\n<meta name=\"robots\" content=\"index, follow, max-snippet:-1, max-image-preview:large, max-video-preview:-1\" \/>\n<link rel=\"canonical\" href=\"https:\/\/www.gaveanews.com\/index.php\/2025\/04\/02\/veja-quanto-o-vasco-pode-faturar-com-titulo-da-sul-americana\/\" \/>\n<meta property=\"og:locale\" content=\"pt_BR\" \/>\n<meta property=\"og:type\" content=\"article\" \/>\n<meta property=\"og:title\" content=\"Veja quanto o Vasco pode faturar com t\u00edtulo da Sul-Americana\" \/>\n<meta property=\"og:description\" content=\"O Vasco inicia nesta quarta-feira (2) sua caminhada na Copa Sul-Americana, um torneio que se tornou prioridade para o clube em 2025. A equipe encara o Melgar, no Peru, \u00e0s 19h (hor\u00e1rio de Bras\u00edlia), buscando um bom come\u00e7o para avan\u00e7ar de fase e sonhar com um t\u00edtulo in\u00e9dito.&nbsp; Al\u00e9m disso, a competi\u00e7\u00e3o pode render uma [&hellip;]\" \/>\n<meta property=\"og:url\" content=\"https:\/\/www.gaveanews.com\/index.php\/2025\/04\/02\/veja-quanto-o-vasco-pode-faturar-com-titulo-da-sul-americana\/\" \/>\n<meta property=\"og:site_name\" content=\"G\u00e1vea News\" \/>\n<meta property=\"article:publisher\" content=\"https:\/\/facebook.com\/gaveaNews\/\" \/>\n<meta property=\"article:published_time\" content=\"2025-04-02T17:10:00+00:00\" \/>\n<meta property=\"og:image\" content=\"https:\/\/www.gaveanews.com\/wp-content\/uploads\/Camisa-do-Vasco-da-Gama.webp\" \/>\n\t<meta property=\"og:image:width\" content=\"1440\" \/>\n\t<meta property=\"og:image:height\" content=\"960\" \/>\n\t<meta property=\"og:image:type\" content=\"image\/jpeg\" \/>\n<meta name=\"author\" content=\"Rafaela Ladeira\" \/>\n<meta name=\"twitter:card\" content=\"summary_large_image\" \/>\n<meta name=\"twitter:label1\" content=\"Escrito por\" \/>\n\t<meta name=\"twitter:data1\" content=\"Rafaela Ladeira\" \/>\n\t<meta name=\"twitter:label2\" content=\"Est. tempo de leitura\" \/>\n\t<meta name=\"twitter:data2\" content=\"3 minutos\" \/>\n<script type=\"application\/ld+json\" class=\"yoast-schema-graph\">{\"@context\":\"https:\/\/schema.org\",\"@graph\":[{\"@type\":\"NewsArticle\",\"@id\":\"https:\/\/www.gaveanews.com\/index.php\/2025\/04\/02\/veja-quanto-o-vasco-pode-faturar-com-titulo-da-sul-americana\/#article\",\"isPartOf\":{\"@id\":\"https:\/\/www.gaveanews.com\/index.php\/2025\/04\/02\/veja-quanto-o-vasco-pode-faturar-com-titulo-da-sul-americana\/\"},\"author\":{\"name\":\"Rafaela Ladeira\",\"@id\":\"https:\/\/www.gaveanews.com\/#\/schema\/person\/0eb3e3fe1754f0205218538adbe8f5ed\"},\"headline\":\"Veja quanto o Vasco pode faturar com t\u00edtulo da Sul-Americana\",\"datePublished\":\"2025-04-02T17:10:00+00:00\",\"mainEntityOfPage\":{\"@id\":\"https:\/\/www.gaveanews.com\/index.php\/2025\/04\/02\/veja-quanto-o-vasco-pode-faturar-com-titulo-da-sul-americana\/\"},\"wordCount\":412,\"commentCount\":0,\"image\":{\"@id\":\"https:\/\/www.gaveanews.com\/index.php\/2025\/04\/02\/veja-quanto-o-vasco-pode-faturar-com-titulo-da-sul-americana\/#primaryimage\"},\"thumbnailUrl\":\"https:\/\/www.gaveanews.com\/wp-content\/uploads\/Camisa-do-Vasco-da-Gama.webp\",\"articleSection\":[\"Vasco\"],\"inLanguage\":\"pt-BR\",\"potentialAction\":[{\"@type\":\"CommentAction\",\"name\":\"Comment\",\"target\":[\"https:\/\/www.gaveanews.com\/index.php\/2025\/04\/02\/veja-quanto-o-vasco-pode-faturar-com-titulo-da-sul-americana\/#respond\"]}],\"copyrightYear\":\"2025\",\"copyrightHolder\":{\"@id\":\"https:\/\/www.gaveanews.com\/#organization\"}},{\"@type\":\"WebPage\",\"@id\":\"https:\/\/www.gaveanews.com\/index.php\/2025\/04\/02\/veja-quanto-o-vasco-pode-faturar-com-titulo-da-sul-americana\/\",\"url\":\"https:\/\/www.gaveanews.com\/index.php\/2025\/04\/02\/veja-quanto-o-vasco-pode-faturar-com-titulo-da-sul-americana\/\",\"name\":\"Veja quanto o Vasco pode faturar com t\u00edtulo da Sul-Americana\",\"isPartOf\":{\"@id\":\"https:\/\/www.gaveanews.com\/#website\"},\"primaryImageOfPage\":{\"@id\":\"https:\/\/www.gaveanews.com\/index.php\/2025\/04\/02\/veja-quanto-o-vasco-pode-faturar-com-titulo-da-sul-americana\/#primaryimage\"},\"image\":{\"@id\":\"https:\/\/www.gaveanews.com\/index.php\/2025\/04\/02\/veja-quanto-o-vasco-pode-faturar-com-titulo-da-sul-americana\/#primaryimage\"},\"thumbnailUrl\":\"https:\/\/www.gaveanews.com\/wp-content\/uploads\/Camisa-do-Vasco-da-Gama.webp\",\"datePublished\":\"2025-04-02T17:10:00+00:00\",\"author\":{\"@id\":\"https:\/\/www.gaveanews.com\/#\/schema\/person\/0eb3e3fe1754f0205218538adbe8f5ed\"},\"breadcrumb\":{\"@id\":\"https:\/\/www.gaveanews.com\/index.php\/2025\/04\/02\/veja-quanto-o-vasco-pode-faturar-com-titulo-da-sul-americana\/#breadcrumb\"},\"inLanguage\":\"pt-BR\",\"potentialAction\":[{\"@type\":\"ReadAction\",\"target\":[\"https:\/\/www.gaveanews.com\/index.php\/2025\/04\/02\/veja-quanto-o-vasco-pode-faturar-com-titulo-da-sul-americana\/\"]}]},{\"@type\":\"ImageObject\",\"inLanguage\":\"pt-BR\",\"@id\":\"https:\/\/www.gaveanews.com\/index.php\/2025\/04\/02\/veja-quanto-o-vasco-pode-faturar-com-titulo-da-sul-americana\/#primaryimage\",\"url\":\"https:\/\/www.gaveanews.com\/wp-content\/uploads\/Camisa-do-Vasco-da-Gama.webp\",\"contentUrl\":\"https:\/\/www.gaveanews.com\/wp-content\/uploads\/Camisa-do-Vasco-da-Gama.webp\",\"width\":1440,\"height\":960,\"caption\":\"Camisa do Vasco da Gama (Foto: Reprodu\u00e7\u00e3o\/Instagram)\"},{\"@type\":\"BreadcrumbList\",\"@id\":\"https:\/\/www.gaveanews.com\/index.php\/2025\/04\/02\/veja-quanto-o-vasco-pode-faturar-com-titulo-da-sul-americana\/#breadcrumb\",\"itemListElement\":[{\"@type\":\"ListItem\",\"position\":1,\"name\":\"Home\",\"item\":\"https:\/\/www.gaveanews.com\/\"},{\"@type\":\"ListItem\",\"position\":2,\"name\":\"Veja quanto o Vasco pode faturar com t\u00edtulo da Sul-Americana\"}]},{\"@type\":\"WebSite\",\"@id\":\"https:\/\/www.gaveanews.com\/#website\",\"url\":\"https:\/\/www.gaveanews.com\/\",\"name\":\"G\u00e1vea News\",\"description\":\"Veja todas as not\u00edcias sobre o Flamengo: Contrata\u00e7\u00f5es, categorias de base, resultados das partidas, tabela de classifica\u00e7\u00e3o, pr\u00f3ximos jogos!\",\"potentialAction\":[{\"@type\":\"SearchAction\",\"target\":{\"@type\":\"EntryPoint\",\"urlTemplate\":\"https:\/\/www.gaveanews.com\/?s={search_term_string}\"},\"query-input\":{\"@type\":\"PropertyValueSpecification\",\"valueRequired\":true,\"valueName\":\"search_term_string\"}}],\"inLanguage\":\"pt-BR\"},{\"@type\":\"Person\",\"@id\":\"https:\/\/www.gaveanews.com\/#\/schema\/person\/0eb3e3fe1754f0205218538adbe8f5ed\",\"name\":\"Rafaela Ladeira\",\"image\":{\"@type\":\"ImageObject\",\"inLanguage\":\"pt-BR\",\"@id\":\"https:\/\/www.gaveanews.com\/#\/schema\/person\/image\/\",\"url\":\"https:\/\/secure.gravatar.com\/avatar\/c31f513acffd85eacab5730cbdfdbbf59f21ba5aeada8cd890acea879fbb2455?s=96&d=mm&r=g\",\"contentUrl\":\"https:\/\/secure.gravatar.com\/avatar\/c31f513acffd85eacab5730cbdfdbbf59f21ba5aeada8cd890acea879fbb2455?s=96&d=mm&r=g\",\"caption\":\"Rafaela Ladeira\"}}]}<\/script>\n<!-- \/ Yoast SEO Premium plugin. -->","yoast_head_json":{"title":"Veja quanto o Vasco pode faturar com t\u00edtulo da Sul-Americana","robots":{"index":"index","follow":"follow","max-snippet":"max-snippet:-1","max-image-preview":"max-image-preview:large","max-video-preview":"max-video-preview:-1"},"canonical":"https:\/\/www.gaveanews.com\/index.php\/2025\/04\/02\/veja-quanto-o-vasco-pode-faturar-com-titulo-da-sul-americana\/","og_locale":"pt_BR","og_type":"article","og_title":"Veja quanto o Vasco pode faturar com t\u00edtulo da Sul-Americana","og_description":"O Vasco inicia nesta quarta-feira (2) sua caminhada na Copa Sul-Americana, um torneio que se tornou prioridade para o clube em 2025. A equipe encara o Melgar, no Peru, \u00e0s 19h (hor\u00e1rio de Bras\u00edlia), buscando um bom come\u00e7o para avan\u00e7ar de fase e sonhar com um t\u00edtulo in\u00e9dito.&nbsp; Al\u00e9m disso, a competi\u00e7\u00e3o pode render uma [&hellip;]","og_url":"https:\/\/www.gaveanews.com\/index.php\/2025\/04\/02\/veja-quanto-o-vasco-pode-faturar-com-titulo-da-sul-americana\/","og_site_name":"G\u00e1vea News","article_publisher":"https:\/\/facebook.com\/gaveaNews\/","article_published_time":"2025-04-02T17:10:00+00:00","og_image":[{"width":1440,"height":960,"url":"https:\/\/www.gaveanews.com\/wp-content\/uploads\/Camisa-do-Vasco-da-Gama.webp","type":"image\/jpeg"}],"author":"Rafaela Ladeira","twitter_card":"summary_large_image","twitter_misc":{"Escrito por":"Rafaela Ladeira","Est. tempo de leitura":"3 minutos"},"schema":{"@context":"https:\/\/schema.org","@graph":[{"@type":"NewsArticle","@id":"https:\/\/www.gaveanews.com\/index.php\/2025\/04\/02\/veja-quanto-o-vasco-pode-faturar-com-titulo-da-sul-americana\/#article","isPartOf":{"@id":"https:\/\/www.gaveanews.com\/index.php\/2025\/04\/02\/veja-quanto-o-vasco-pode-faturar-com-titulo-da-sul-americana\/"},"author":{"name":"Rafaela Ladeira","@id":"https:\/\/www.gaveanews.com\/#\/schema\/person\/0eb3e3fe1754f0205218538adbe8f5ed"},"headline":"Veja quanto o Vasco pode faturar com t\u00edtulo da Sul-Americana","datePublished":"2025-04-02T17:10:00+00:00","mainEntityOfPage":{"@id":"https:\/\/www.gaveanews.com\/index.php\/2025\/04\/02\/veja-quanto-o-vasco-pode-faturar-com-titulo-da-sul-americana\/"},"wordCount":412,"commentCount":0,"image":{"@id":"https:\/\/www.gaveanews.com\/index.php\/2025\/04\/02\/veja-quanto-o-vasco-pode-faturar-com-titulo-da-sul-americana\/#primaryimage"},"thumbnailUrl":"https:\/\/www.gaveanews.com\/wp-content\/uploads\/Camisa-do-Vasco-da-Gama.webp","articleSection":["Vasco"],"inLanguage":"pt-BR","potentialAction":[{"@type":"CommentAction","name":"Comment","target":["https:\/\/www.gaveanews.com\/index.php\/2025\/04\/02\/veja-quanto-o-vasco-pode-faturar-com-titulo-da-sul-americana\/#respond"]}],"copyrightYear":"2025","copyrightHolder":{"@id":"https:\/\/www.gaveanews.com\/#organization"}},{"@type":"WebPage","@id":"https:\/\/www.gaveanews.com\/index.php\/2025\/04\/02\/veja-quanto-o-vasco-pode-faturar-com-titulo-da-sul-americana\/","url":"https:\/\/www.gaveanews.com\/index.php\/2025\/04\/02\/veja-quanto-o-vasco-pode-faturar-com-titulo-da-sul-americana\/","name":"Veja quanto o Vasco pode faturar com t\u00edtulo da Sul-Americana","isPartOf":{"@id":"https:\/\/www.gaveanews.com\/#website"},"primaryImageOfPage":{"@id":"https:\/\/www.gaveanews.com\/index.php\/2025\/04\/02\/veja-quanto-o-vasco-pode-faturar-com-titulo-da-sul-americana\/#primaryimage"},"image":{"@id":"https:\/\/www.gaveanews.com\/index.php\/2025\/04\/02\/veja-quanto-o-vasco-pode-faturar-com-titulo-da-sul-americana\/#primaryimage"},"thumbnailUrl":"https:\/\/www.gaveanews.com\/wp-content\/uploads\/Camisa-do-Vasco-da-Gama.webp","datePublished":"2025-04-02T17:10:00+00:00","author":{"@id":"https:\/\/www.gaveanews.com\/#\/schema\/person\/0eb3e3fe1754f0205218538adbe8f5ed"},"breadcrumb":{"@id":"https:\/\/www.gaveanews.com\/index.php\/2025\/04\/02\/veja-quanto-o-vasco-pode-faturar-com-titulo-da-sul-americana\/#breadcrumb"},"inLanguage":"pt-BR","potentialAction":[{"@type":"ReadAction","target":["https:\/\/www.gaveanews.com\/index.php\/2025\/04\/02\/veja-quanto-o-vasco-pode-faturar-com-titulo-da-sul-americana\/"]}]},{"@type":"ImageObject","inLanguage":"pt-BR","@id":"https:\/\/www.gaveanews.com\/index.php\/2025\/04\/02\/veja-quanto-o-vasco-pode-faturar-com-titulo-da-sul-americana\/#primaryimage","url":"https:\/\/www.gaveanews.com\/wp-content\/uploads\/Camisa-do-Vasco-da-Gama.webp","contentUrl":"https:\/\/www.gaveanews.com\/wp-content\/uploads\/Camisa-do-Vasco-da-Gama.webp","width":1440,"height":960,"caption":"Camisa do Vasco da Gama (Foto: Reprodu\u00e7\u00e3o\/Instagram)"},{"@type":"BreadcrumbList","@id":"https:\/\/www.gaveanews.com\/index.php\/2025\/04\/02\/veja-quanto-o-vasco-pode-faturar-com-titulo-da-sul-americana\/#breadcrumb","itemListElement":[{"@type":"ListItem","position":1,"name":"Home","item":"https:\/\/www.gaveanews.com\/"},{"@type":"ListItem","position":2,"name":"Veja quanto o Vasco pode faturar com t\u00edtulo da Sul-Americana"}]},{"@type":"WebSite","@id":"https:\/\/www.gaveanews.com\/#website","url":"https:\/\/www.gaveanews.com\/","name":"G\u00e1vea News","description":"Veja todas as not\u00edcias sobre o Flamengo: Contrata\u00e7\u00f5es, categorias de base, resultados das partidas, tabela de classifica\u00e7\u00e3o, pr\u00f3ximos jogos!","potentialAction":[{"@type":"SearchAction","target":{"@type":"EntryPoint","urlTemplate":"https:\/\/www.gaveanews.com\/?s={search_term_string}"},"query-input":{"@type":"PropertyValueSpecification","valueRequired":true,"valueName":"search_term_string"}}],"inLanguage":"pt-BR"},{"@type":"Person","@id":"https:\/\/www.gaveanews.com\/#\/schema\/person\/0eb3e3fe1754f0205218538adbe8f5ed","name":"Rafaela Ladeira","image":{"@type":"ImageObject","inLanguage":"pt-BR","@id":"https:\/\/www.gaveanews.com\/#\/schema\/person\/image\/","url":"https:\/\/secure.gravatar.com\/avatar\/c31f513acffd85eacab5730cbdfdbbf59f21ba5aeada8cd890acea879fbb2455?s=96&d=mm&r=g","contentUrl":"https:\/\/secure.gravatar.com\/avatar\/c31f513acffd85eacab5730cbdfdbbf59f21ba5aeada8cd890acea879fbb2455?s=96&d=mm&r=g","caption":"Rafaela Ladeira"}}]}},"_links":{"self":[{"href":"https:\/\/www.gaveanews.com\/index.php\/wp-json\/wp\/v2\/posts\/247946","targetHints":{"allow":["GET"]}}],"collection":[{"href":"https:\/\/www.gaveanews.com\/index.php\/wp-json\/wp\/v2\/posts"}],"about":[{"href":"https:\/\/www.gaveanews.com\/index.php\/wp-json\/wp\/v2\/types\/post"}],"author":[{"embeddable":true,"href":"https:\/\/www.gaveanews.com\/index.php\/wp-json\/wp\/v2\/users\/25"}],"replies":[{"embeddable":true,"href":"https:\/\/www.gaveanews.com\/index.php\/wp-json\/wp\/v2\/comments?post=247946"}],"version-history":[{"count":1,"href":"https:\/\/www.gaveanews.com\/index.php\/wp-json\/wp\/v2\/posts\/247946\/revisions"}],"predecessor-version":[{"id":247947,"href":"https:\/\/www.gaveanews.com\/index.php\/wp-json\/wp\/v2\/posts\/247946\/revisions\/247947"}],"wp:featuredmedia":[{"embeddable":true,"href":"https:\/\/www.gaveanews.com\/index.php\/wp-json\/wp\/v2\/media\/147443"}],"wp:attachment":[{"href":"https:\/\/www.gaveanews.com\/index.php\/wp-json\/wp\/v2\/media?parent=247946"}],"wp:term":[{"taxonomy":"category","embeddable":true,"href":"https:\/\/www.gaveanews.com\/index.php\/wp-json\/wp\/v2\/categories?post=247946"},{"taxonomy":"post_tag","embeddable":true,"href":"https:\/\/www.gaveanews.com\/index.php\/wp-json\/wp\/v2\/tags?post=247946"}],"curies":[{"name":"wp","href":"https:\/\/api.w.org\/{rel}","templated":true}]}}