{"id":247960,"date":"2025-04-02T15:05:00","date_gmt":"2025-04-02T18:05:00","guid":{"rendered":"https:\/\/www.gaveanews.com\/?p=247960"},"modified":"2025-04-02T12:51:48","modified_gmt":"2025-04-02T15:51:48","slug":"jornalista-crava-demissao-de-treinador-na-proxima-rodada-do-brasileirao","status":"publish","type":"post","link":"https:\/\/www.gaveanews.com\/index.php\/2025\/04\/02\/jornalista-crava-demissao-de-treinador-na-proxima-rodada-do-brasileirao\/","title":{"rendered":"Jornalista crava demiss\u00e3o de treinador na pr\u00f3xima rodada do Brasileir\u00e3o"},"content":{"rendered":"\n<p>A press\u00e3o no futebol brasileiro n\u00e3o d\u00e1 tr\u00e9gua, e um treinador j\u00e1 pode estar com os dias contados logo na segunda rodada do Campeonato Brasileiro.&nbsp;<\/p>\n\n\n\n<p>De acordo com o jornalista F\u00e1bio Sormani, Pedro Caixinha ser\u00e1 demitido do Santos caso n\u00e3o ven\u00e7a o Bahia no pr\u00f3ximo domingo, na Vila Belmiro. A informa\u00e7\u00e3o foi divulgada no programa \u201cOpini\u00e3o Placar\u201d, refor\u00e7ando o clima tenso no clube.<\/p>\n\n\n\n<h2 class=\"wp-block-heading\" id=\"h-futuro-de-caixinha-no-santos-depende-de-um-unico-jogo\">Futuro de Caixinha no Santos depende de um \u00fanico jogo<\/h2>\n\n\n\n<figure class=\"wp-block-image size-full\"><img loading=\"lazy\" decoding=\"async\" width=\"725\" height=\"526\" src=\"http:\/\/www.gaveanews.com\/wp-content\/uploads\/Pedro-Caixinha-tecnico-do-Santos.webp\" alt=\"\" class=\"wp-image-227144\"\/><figcaption class=\"wp-element-caption\">Pedro Caixinha, t\u00e9cnico do Santos (Foto: Divulga\u00e7\u00e3o\/Santos)<\/figcaption><\/figure>\n\n\n\n<p>A estreia do Santos no Brasileir\u00e3o foi desanimadora. O Peixe abriu o placar contra o Vasco, mas sofreu a virada e saiu derrotado de S\u00e3o Janu\u00e1rio. Sendo assim, a partida contra o Bahia se tornou um divisor de \u00e1guas para Pedro Caixinha.&nbsp;<\/p>\n\n\n\n<p>\u201cO que me passaram \u00e9 o seguinte: se n\u00e3o vencer o Bahia no domingo, na Vila Belmiro, \u00e9 rua\u201d, cravou Sormani.<\/p>\n\n\n\n<p>Al\u00e9m disso, a falta de confian\u00e7a no trabalho do treinador vem crescendo internamente. Isso porque a equipe tem apresentado fragilidades defensivas e dificuldades para se impor nos jogos. Dessa maneira, a diretoria j\u00e1 estuda alternativas no mercado.<\/p>\n\n\n\n<h2 class=\"wp-block-heading\" id=\"h-dorival-sampaoli-ou-tite-quem-pode-assumir-o-santos\">Dorival, Sampaoli ou Tite? Quem pode assumir o Santos<\/h2>\n\n\n\n<p>A poss\u00edvel demiss\u00e3o de Caixinha abre espa\u00e7o para especula\u00e7\u00f5es sobre seu substituto. Vale destacar que o nome de Dorival J\u00fanior, multicampe\u00e3o pelo Flamengo e com passagens vitoriosas pelo pr\u00f3prio Santos, \u00e9 o favorito da torcida.&nbsp;<\/p>\n\n\n\n<p>No entanto, segundo Sormani, outra ala do clube cogita Jorge Sampaoli, apesar do seu hist\u00f3rico de desentendimentos.&nbsp;<\/p>\n\n\n\n<p>\u201cO Sampaoli conseguiu arrumar uma treta com o Messi numa Copa do Mundo. Ele n\u00e3o vai arrumar um atrito com o Neymar?\u201d, comentou.<\/p>\n\n\n\n<p>Por outro lado, Tite tamb\u00e9m surge como uma op\u00e7\u00e3o vi\u00e1vel. Por isso, Sormani acredita que o ex-treinador da Sele\u00e7\u00e3o Brasileira pode ser o escolhido, principalmente por sua capacidade de organizar sistemas defensivos.&nbsp;<\/p>\n\n\n\n<p>\u201cO Santos tem um problema defensivo grave e o Tite \u00e9 especialista nisso. Ele resolveria esse problema\u201d, analisou o jornalista.<\/p>\n\n\n\n<h2 class=\"wp-block-heading\" id=\"h-proximos-dias-serao-decisivos-na-vila-belmiro\">Pr\u00f3ximos dias ser\u00e3o decisivos na Vila Belmiro<\/h2>\n\n\n\n<p>Com isso, o duelo contra o Bahia se tornou fundamental n\u00e3o apenas para o Santos, mas para o futuro de Pedro Caixinha. Caso n\u00e3o consiga um bom resultado, a mudan\u00e7a no comando t\u00e9cnico pode ser quest\u00e3o de tempo.<\/p>\n","protected":false},"excerpt":{"rendered":"<p>A press\u00e3o no futebol brasileiro n\u00e3o d\u00e1 tr\u00e9gua, e um treinador j\u00e1 pode estar com os dias contados logo na segunda rodada do Campeonato Brasileiro.&nbsp; De acordo com o jornalista F\u00e1bio Sormani, Pedro Caixinha ser\u00e1 demitido do Santos caso n\u00e3o ven\u00e7a o Bahia no pr\u00f3ximo domingo, na Vila Belmiro. A informa\u00e7\u00e3o foi divulgada no programa [&hellip;]<\/p>\n","protected":false},"author":25,"featured_media":165059,"comment_status":"open","ping_status":"closed","sticky":false,"template":"","format":"standard","meta":{"footnotes":""},"categories":[139],"tags":[],"class_list":["post-247960","post","type-post","status-publish","format-standard","has-post-thumbnail","hentry","category-santos"],"yoast_head":"<!-- This site is optimized with the Yoast SEO Premium plugin v24.2 (Yoast SEO v26.9) - https:\/\/yoast.com\/product\/yoast-seo-premium-wordpress\/ -->\n<title>Jornalista crava demiss\u00e3o de treinador na pr\u00f3xima rodada do Brasileir\u00e3o<\/title>\n<meta name=\"robots\" content=\"index, follow, max-snippet:-1, max-image-preview:large, max-video-preview:-1\" \/>\n<link rel=\"canonical\" href=\"https:\/\/www.gaveanews.com\/index.php\/2025\/04\/02\/jornalista-crava-demissao-de-treinador-na-proxima-rodada-do-brasileirao\/\" \/>\n<meta property=\"og:locale\" content=\"pt_BR\" \/>\n<meta property=\"og:type\" content=\"article\" \/>\n<meta property=\"og:title\" content=\"Jornalista crava demiss\u00e3o de treinador na pr\u00f3xima rodada do Brasileir\u00e3o\" \/>\n<meta property=\"og:description\" content=\"A press\u00e3o no futebol brasileiro n\u00e3o d\u00e1 tr\u00e9gua, e um treinador j\u00e1 pode estar com os dias contados logo na segunda rodada do Campeonato Brasileiro.&nbsp; De acordo com o jornalista F\u00e1bio Sormani, Pedro Caixinha ser\u00e1 demitido do Santos caso n\u00e3o ven\u00e7a o Bahia no pr\u00f3ximo domingo, na Vila Belmiro. A informa\u00e7\u00e3o foi divulgada no programa [&hellip;]\" \/>\n<meta property=\"og:url\" content=\"https:\/\/www.gaveanews.com\/index.php\/2025\/04\/02\/jornalista-crava-demissao-de-treinador-na-proxima-rodada-do-brasileirao\/\" \/>\n<meta property=\"og:site_name\" content=\"G\u00e1vea News\" \/>\n<meta property=\"article:publisher\" content=\"https:\/\/facebook.com\/gaveaNews\/\" \/>\n<meta property=\"article:published_time\" content=\"2025-04-02T18:05:00+00:00\" \/>\n<meta property=\"og:image\" content=\"https:\/\/www.gaveanews.com\/wp-content\/uploads\/Jogador-de-futebol-com-o-pe-na-bola-scaled.webp\" \/>\n\t<meta property=\"og:image:width\" content=\"2560\" \/>\n\t<meta property=\"og:image:height\" content=\"1708\" \/>\n\t<meta property=\"og:image:type\" content=\"image\/webp\" \/>\n<meta name=\"author\" content=\"Rafaela Ladeira\" \/>\n<meta name=\"twitter:card\" content=\"summary_large_image\" \/>\n<meta name=\"twitter:label1\" content=\"Escrito por\" \/>\n\t<meta name=\"twitter:data1\" content=\"Rafaela Ladeira\" \/>\n\t<meta name=\"twitter:label2\" content=\"Est. tempo de leitura\" \/>\n\t<meta name=\"twitter:data2\" content=\"3 minutos\" \/>\n<script type=\"application\/ld+json\" class=\"yoast-schema-graph\">{\"@context\":\"https:\/\/schema.org\",\"@graph\":[{\"@type\":\"NewsArticle\",\"@id\":\"https:\/\/www.gaveanews.com\/index.php\/2025\/04\/02\/jornalista-crava-demissao-de-treinador-na-proxima-rodada-do-brasileirao\/#article\",\"isPartOf\":{\"@id\":\"https:\/\/www.gaveanews.com\/index.php\/2025\/04\/02\/jornalista-crava-demissao-de-treinador-na-proxima-rodada-do-brasileirao\/\"},\"author\":{\"name\":\"Rafaela Ladeira\",\"@id\":\"https:\/\/www.gaveanews.com\/#\/schema\/person\/0eb3e3fe1754f0205218538adbe8f5ed\"},\"headline\":\"Jornalista crava demiss\u00e3o de treinador na pr\u00f3xima rodada do Brasileir\u00e3o\",\"datePublished\":\"2025-04-02T18:05:00+00:00\",\"mainEntityOfPage\":{\"@id\":\"https:\/\/www.gaveanews.com\/index.php\/2025\/04\/02\/jornalista-crava-demissao-de-treinador-na-proxima-rodada-do-brasileirao\/\"},\"wordCount\":414,\"commentCount\":0,\"image\":{\"@id\":\"https:\/\/www.gaveanews.com\/index.php\/2025\/04\/02\/jornalista-crava-demissao-de-treinador-na-proxima-rodada-do-brasileirao\/#primaryimage\"},\"thumbnailUrl\":\"https:\/\/www.gaveanews.com\/wp-content\/uploads\/Jogador-de-futebol-com-o-pe-na-bola-scaled.webp\",\"articleSection\":[\"Santos\"],\"inLanguage\":\"pt-BR\",\"potentialAction\":[{\"@type\":\"CommentAction\",\"name\":\"Comment\",\"target\":[\"https:\/\/www.gaveanews.com\/index.php\/2025\/04\/02\/jornalista-crava-demissao-de-treinador-na-proxima-rodada-do-brasileirao\/#respond\"]}],\"copyrightYear\":\"2025\",\"copyrightHolder\":{\"@id\":\"https:\/\/www.gaveanews.com\/#organization\"}},{\"@type\":\"WebPage\",\"@id\":\"https:\/\/www.gaveanews.com\/index.php\/2025\/04\/02\/jornalista-crava-demissao-de-treinador-na-proxima-rodada-do-brasileirao\/\",\"url\":\"https:\/\/www.gaveanews.com\/index.php\/2025\/04\/02\/jornalista-crava-demissao-de-treinador-na-proxima-rodada-do-brasileirao\/\",\"name\":\"Jornalista crava demiss\u00e3o de treinador na pr\u00f3xima rodada do Brasileir\u00e3o\",\"isPartOf\":{\"@id\":\"https:\/\/www.gaveanews.com\/#website\"},\"primaryImageOfPage\":{\"@id\":\"https:\/\/www.gaveanews.com\/index.php\/2025\/04\/02\/jornalista-crava-demissao-de-treinador-na-proxima-rodada-do-brasileirao\/#primaryimage\"},\"image\":{\"@id\":\"https:\/\/www.gaveanews.com\/index.php\/2025\/04\/02\/jornalista-crava-demissao-de-treinador-na-proxima-rodada-do-brasileirao\/#primaryimage\"},\"thumbnailUrl\":\"https:\/\/www.gaveanews.com\/wp-content\/uploads\/Jogador-de-futebol-com-o-pe-na-bola-scaled.webp\",\"datePublished\":\"2025-04-02T18:05:00+00:00\",\"author\":{\"@id\":\"https:\/\/www.gaveanews.com\/#\/schema\/person\/0eb3e3fe1754f0205218538adbe8f5ed\"},\"breadcrumb\":{\"@id\":\"https:\/\/www.gaveanews.com\/index.php\/2025\/04\/02\/jornalista-crava-demissao-de-treinador-na-proxima-rodada-do-brasileirao\/#breadcrumb\"},\"inLanguage\":\"pt-BR\",\"potentialAction\":[{\"@type\":\"ReadAction\",\"target\":[\"https:\/\/www.gaveanews.com\/index.php\/2025\/04\/02\/jornalista-crava-demissao-de-treinador-na-proxima-rodada-do-brasileirao\/\"]}]},{\"@type\":\"ImageObject\",\"inLanguage\":\"pt-BR\",\"@id\":\"https:\/\/www.gaveanews.com\/index.php\/2025\/04\/02\/jornalista-crava-demissao-de-treinador-na-proxima-rodada-do-brasileirao\/#primaryimage\",\"url\":\"https:\/\/www.gaveanews.com\/wp-content\/uploads\/Jogador-de-futebol-com-o-pe-na-bola-scaled.webp\",\"contentUrl\":\"https:\/\/www.gaveanews.com\/wp-content\/uploads\/Jogador-de-futebol-com-o-pe-na-bola-scaled.webp\",\"width\":2560,\"height\":1708,\"caption\":\"Jogador de futebol com o p\u00e9 na bola (Foto: Pexels)\"},{\"@type\":\"BreadcrumbList\",\"@id\":\"https:\/\/www.gaveanews.com\/index.php\/2025\/04\/02\/jornalista-crava-demissao-de-treinador-na-proxima-rodada-do-brasileirao\/#breadcrumb\",\"itemListElement\":[{\"@type\":\"ListItem\",\"position\":1,\"name\":\"Home\",\"item\":\"https:\/\/www.gaveanews.com\/\"},{\"@type\":\"ListItem\",\"position\":2,\"name\":\"Jornalista crava demiss\u00e3o de treinador na pr\u00f3xima rodada do Brasileir\u00e3o\"}]},{\"@type\":\"WebSite\",\"@id\":\"https:\/\/www.gaveanews.com\/#website\",\"url\":\"https:\/\/www.gaveanews.com\/\",\"name\":\"G\u00e1vea News\",\"description\":\"Veja todas as not\u00edcias sobre o Flamengo: Contrata\u00e7\u00f5es, categorias de base, resultados das partidas, tabela de classifica\u00e7\u00e3o, pr\u00f3ximos jogos!\",\"potentialAction\":[{\"@type\":\"SearchAction\",\"target\":{\"@type\":\"EntryPoint\",\"urlTemplate\":\"https:\/\/www.gaveanews.com\/?s={search_term_string}\"},\"query-input\":{\"@type\":\"PropertyValueSpecification\",\"valueRequired\":true,\"valueName\":\"search_term_string\"}}],\"inLanguage\":\"pt-BR\"},{\"@type\":\"Person\",\"@id\":\"https:\/\/www.gaveanews.com\/#\/schema\/person\/0eb3e3fe1754f0205218538adbe8f5ed\",\"name\":\"Rafaela Ladeira\",\"image\":{\"@type\":\"ImageObject\",\"inLanguage\":\"pt-BR\",\"@id\":\"https:\/\/www.gaveanews.com\/#\/schema\/person\/image\/\",\"url\":\"https:\/\/secure.gravatar.com\/avatar\/c31f513acffd85eacab5730cbdfdbbf59f21ba5aeada8cd890acea879fbb2455?s=96&d=mm&r=g\",\"contentUrl\":\"https:\/\/secure.gravatar.com\/avatar\/c31f513acffd85eacab5730cbdfdbbf59f21ba5aeada8cd890acea879fbb2455?s=96&d=mm&r=g\",\"caption\":\"Rafaela Ladeira\"}}]}<\/script>\n<!-- \/ Yoast SEO Premium plugin. -->","yoast_head_json":{"title":"Jornalista crava demiss\u00e3o de treinador na pr\u00f3xima rodada do Brasileir\u00e3o","robots":{"index":"index","follow":"follow","max-snippet":"max-snippet:-1","max-image-preview":"max-image-preview:large","max-video-preview":"max-video-preview:-1"},"canonical":"https:\/\/www.gaveanews.com\/index.php\/2025\/04\/02\/jornalista-crava-demissao-de-treinador-na-proxima-rodada-do-brasileirao\/","og_locale":"pt_BR","og_type":"article","og_title":"Jornalista crava demiss\u00e3o de treinador na pr\u00f3xima rodada do Brasileir\u00e3o","og_description":"A press\u00e3o no futebol brasileiro n\u00e3o d\u00e1 tr\u00e9gua, e um treinador j\u00e1 pode estar com os dias contados logo na segunda rodada do Campeonato Brasileiro.&nbsp; De acordo com o jornalista F\u00e1bio Sormani, Pedro Caixinha ser\u00e1 demitido do Santos caso n\u00e3o ven\u00e7a o Bahia no pr\u00f3ximo domingo, na Vila Belmiro. A informa\u00e7\u00e3o foi divulgada no programa [&hellip;]","og_url":"https:\/\/www.gaveanews.com\/index.php\/2025\/04\/02\/jornalista-crava-demissao-de-treinador-na-proxima-rodada-do-brasileirao\/","og_site_name":"G\u00e1vea News","article_publisher":"https:\/\/facebook.com\/gaveaNews\/","article_published_time":"2025-04-02T18:05:00+00:00","og_image":[{"width":2560,"height":1708,"url":"https:\/\/www.gaveanews.com\/wp-content\/uploads\/Jogador-de-futebol-com-o-pe-na-bola-scaled.webp","type":"image\/webp"}],"author":"Rafaela Ladeira","twitter_card":"summary_large_image","twitter_misc":{"Escrito por":"Rafaela Ladeira","Est. tempo de leitura":"3 minutos"},"schema":{"@context":"https:\/\/schema.org","@graph":[{"@type":"NewsArticle","@id":"https:\/\/www.gaveanews.com\/index.php\/2025\/04\/02\/jornalista-crava-demissao-de-treinador-na-proxima-rodada-do-brasileirao\/#article","isPartOf":{"@id":"https:\/\/www.gaveanews.com\/index.php\/2025\/04\/02\/jornalista-crava-demissao-de-treinador-na-proxima-rodada-do-brasileirao\/"},"author":{"name":"Rafaela Ladeira","@id":"https:\/\/www.gaveanews.com\/#\/schema\/person\/0eb3e3fe1754f0205218538adbe8f5ed"},"headline":"Jornalista crava demiss\u00e3o de treinador na pr\u00f3xima rodada do Brasileir\u00e3o","datePublished":"2025-04-02T18:05:00+00:00","mainEntityOfPage":{"@id":"https:\/\/www.gaveanews.com\/index.php\/2025\/04\/02\/jornalista-crava-demissao-de-treinador-na-proxima-rodada-do-brasileirao\/"},"wordCount":414,"commentCount":0,"image":{"@id":"https:\/\/www.gaveanews.com\/index.php\/2025\/04\/02\/jornalista-crava-demissao-de-treinador-na-proxima-rodada-do-brasileirao\/#primaryimage"},"thumbnailUrl":"https:\/\/www.gaveanews.com\/wp-content\/uploads\/Jogador-de-futebol-com-o-pe-na-bola-scaled.webp","articleSection":["Santos"],"inLanguage":"pt-BR","potentialAction":[{"@type":"CommentAction","name":"Comment","target":["https:\/\/www.gaveanews.com\/index.php\/2025\/04\/02\/jornalista-crava-demissao-de-treinador-na-proxima-rodada-do-brasileirao\/#respond"]}],"copyrightYear":"2025","copyrightHolder":{"@id":"https:\/\/www.gaveanews.com\/#organization"}},{"@type":"WebPage","@id":"https:\/\/www.gaveanews.com\/index.php\/2025\/04\/02\/jornalista-crava-demissao-de-treinador-na-proxima-rodada-do-brasileirao\/","url":"https:\/\/www.gaveanews.com\/index.php\/2025\/04\/02\/jornalista-crava-demissao-de-treinador-na-proxima-rodada-do-brasileirao\/","name":"Jornalista crava demiss\u00e3o de treinador na pr\u00f3xima rodada do Brasileir\u00e3o","isPartOf":{"@id":"https:\/\/www.gaveanews.com\/#website"},"primaryImageOfPage":{"@id":"https:\/\/www.gaveanews.com\/index.php\/2025\/04\/02\/jornalista-crava-demissao-de-treinador-na-proxima-rodada-do-brasileirao\/#primaryimage"},"image":{"@id":"https:\/\/www.gaveanews.com\/index.php\/2025\/04\/02\/jornalista-crava-demissao-de-treinador-na-proxima-rodada-do-brasileirao\/#primaryimage"},"thumbnailUrl":"https:\/\/www.gaveanews.com\/wp-content\/uploads\/Jogador-de-futebol-com-o-pe-na-bola-scaled.webp","datePublished":"2025-04-02T18:05:00+00:00","author":{"@id":"https:\/\/www.gaveanews.com\/#\/schema\/person\/0eb3e3fe1754f0205218538adbe8f5ed"},"breadcrumb":{"@id":"https:\/\/www.gaveanews.com\/index.php\/2025\/04\/02\/jornalista-crava-demissao-de-treinador-na-proxima-rodada-do-brasileirao\/#breadcrumb"},"inLanguage":"pt-BR","potentialAction":[{"@type":"ReadAction","target":["https:\/\/www.gaveanews.com\/index.php\/2025\/04\/02\/jornalista-crava-demissao-de-treinador-na-proxima-rodada-do-brasileirao\/"]}]},{"@type":"ImageObject","inLanguage":"pt-BR","@id":"https:\/\/www.gaveanews.com\/index.php\/2025\/04\/02\/jornalista-crava-demissao-de-treinador-na-proxima-rodada-do-brasileirao\/#primaryimage","url":"https:\/\/www.gaveanews.com\/wp-content\/uploads\/Jogador-de-futebol-com-o-pe-na-bola-scaled.webp","contentUrl":"https:\/\/www.gaveanews.com\/wp-content\/uploads\/Jogador-de-futebol-com-o-pe-na-bola-scaled.webp","width":2560,"height":1708,"caption":"Jogador de futebol com o p\u00e9 na bola (Foto: Pexels)"},{"@type":"BreadcrumbList","@id":"https:\/\/www.gaveanews.com\/index.php\/2025\/04\/02\/jornalista-crava-demissao-de-treinador-na-proxima-rodada-do-brasileirao\/#breadcrumb","itemListElement":[{"@type":"ListItem","position":1,"name":"Home","item":"https:\/\/www.gaveanews.com\/"},{"@type":"ListItem","position":2,"name":"Jornalista crava demiss\u00e3o de treinador na pr\u00f3xima rodada do Brasileir\u00e3o"}]},{"@type":"WebSite","@id":"https:\/\/www.gaveanews.com\/#website","url":"https:\/\/www.gaveanews.com\/","name":"G\u00e1vea News","description":"Veja todas as not\u00edcias sobre o Flamengo: Contrata\u00e7\u00f5es, categorias de base, resultados das partidas, tabela de classifica\u00e7\u00e3o, pr\u00f3ximos jogos!","potentialAction":[{"@type":"SearchAction","target":{"@type":"EntryPoint","urlTemplate":"https:\/\/www.gaveanews.com\/?s={search_term_string}"},"query-input":{"@type":"PropertyValueSpecification","valueRequired":true,"valueName":"search_term_string"}}],"inLanguage":"pt-BR"},{"@type":"Person","@id":"https:\/\/www.gaveanews.com\/#\/schema\/person\/0eb3e3fe1754f0205218538adbe8f5ed","name":"Rafaela Ladeira","image":{"@type":"ImageObject","inLanguage":"pt-BR","@id":"https:\/\/www.gaveanews.com\/#\/schema\/person\/image\/","url":"https:\/\/secure.gravatar.com\/avatar\/c31f513acffd85eacab5730cbdfdbbf59f21ba5aeada8cd890acea879fbb2455?s=96&d=mm&r=g","contentUrl":"https:\/\/secure.gravatar.com\/avatar\/c31f513acffd85eacab5730cbdfdbbf59f21ba5aeada8cd890acea879fbb2455?s=96&d=mm&r=g","caption":"Rafaela Ladeira"}}]}},"_links":{"self":[{"href":"https:\/\/www.gaveanews.com\/index.php\/wp-json\/wp\/v2\/posts\/247960","targetHints":{"allow":["GET"]}}],"collection":[{"href":"https:\/\/www.gaveanews.com\/index.php\/wp-json\/wp\/v2\/posts"}],"about":[{"href":"https:\/\/www.gaveanews.com\/index.php\/wp-json\/wp\/v2\/types\/post"}],"author":[{"embeddable":true,"href":"https:\/\/www.gaveanews.com\/index.php\/wp-json\/wp\/v2\/users\/25"}],"replies":[{"embeddable":true,"href":"https:\/\/www.gaveanews.com\/index.php\/wp-json\/wp\/v2\/comments?post=247960"}],"version-history":[{"count":1,"href":"https:\/\/www.gaveanews.com\/index.php\/wp-json\/wp\/v2\/posts\/247960\/revisions"}],"predecessor-version":[{"id":247961,"href":"https:\/\/www.gaveanews.com\/index.php\/wp-json\/wp\/v2\/posts\/247960\/revisions\/247961"}],"wp:featuredmedia":[{"embeddable":true,"href":"https:\/\/www.gaveanews.com\/index.php\/wp-json\/wp\/v2\/media\/165059"}],"wp:attachment":[{"href":"https:\/\/www.gaveanews.com\/index.php\/wp-json\/wp\/v2\/media?parent=247960"}],"wp:term":[{"taxonomy":"category","embeddable":true,"href":"https:\/\/www.gaveanews.com\/index.php\/wp-json\/wp\/v2\/categories?post=247960"},{"taxonomy":"post_tag","embeddable":true,"href":"https:\/\/www.gaveanews.com\/index.php\/wp-json\/wp\/v2\/tags?post=247960"}],"curies":[{"name":"wp","href":"https:\/\/api.w.org\/{rel}","templated":true}]}}