{"id":247963,"date":"2025-04-02T15:20:00","date_gmt":"2025-04-02T18:20:00","guid":{"rendered":"https:\/\/www.gaveanews.com\/?p=247963"},"modified":"2025-04-02T12:59:57","modified_gmt":"2025-04-02T15:59:57","slug":"raphael-veiga-se-irrita-com-criticas-da-torcida-do-palmeiras","status":"publish","type":"post","link":"https:\/\/www.gaveanews.com\/index.php\/2025\/04\/02\/raphael-veiga-se-irrita-com-criticas-da-torcida-do-palmeiras\/","title":{"rendered":"Raphael Veiga se irrita com cr\u00edticas da torcida do Palmeiras"},"content":{"rendered":"\n<p>Raphael Veiga vive um dos momentos mais delicados desde que chegou ao Palmeiras. Apesar de ser um dos nomes mais importantes da era Abel Ferreira, o meia tem enfrentado duras cr\u00edticas por parte da torcida, principalmente ap\u00f3s uma sequ\u00eancia de atua\u00e7\u00f5es abaixo do esperado. O desgaste, ali\u00e1s, n\u00e3o se restringe ao campo. Nos bastidores, o atleta estaria incomodado com a forma como tem sido tratado nas arquibancadas e nas redes sociais.<\/p>\n\n\n\n<p>O in\u00edcio de temporada do Verd\u00e3o, por sua vez, tem sido marcado por instabilidade. A equipe alviverde foi vice-campe\u00e3 do Paulist\u00e3o e, embora tenha refor\u00e7ado o elenco com nomes como V\u00edtor Roque e Lucas Evangelista, ainda n\u00e3o conseguiu engrenar dentro das quatro linhas. Contra o S\u00e3o Paulo, por exemplo, o time se classificou com dificuldade para a final e contou com um p\u00eanalti pol\u00eamico, convertido por Veiga, para garantir vaga diante do Corinthians.<\/p>\n\n\n\n<figure class=\"wp-block-image size-full\"><img loading=\"lazy\" decoding=\"async\" width=\"640\" height=\"360\" src=\"http:\/\/www.gaveanews.com\/wp-content\/uploads\/torcida-do-palmeiras.webp\" alt=\"\" class=\"wp-image-155979\" srcset=\"https:\/\/www.gaveanews.com\/wp-content\/uploads\/torcida-do-palmeiras.webp 640w, https:\/\/www.gaveanews.com\/wp-content\/uploads\/torcida-do-palmeiras-300x169.webp 300w, https:\/\/www.gaveanews.com\/wp-content\/uploads\/torcida-do-palmeiras-100x56.webp 100w\" sizes=\"auto, (max-width: 640px) 100vw, 640px\" \/><figcaption class=\"wp-element-caption\">torcida do palmeiras (Foto: Cesar Greco\/Palmeiras)<\/figcaption><\/figure>\n\n\n\n<p>Mesmo assim, o desempenho de Raphael Veiga tem sido constantemente questionado. O meia perdeu um p\u00eanalti decisivo na final contra o Corinthians, o que, para muitos torcedores, foi determinante na perda do t\u00edtulo. \u201cDesde o in\u00edcio de 2024, ele n\u00e3o faz uma boa partida\u201d, dizem alguns palmeirenses. Diante desse cen\u00e1rio, muitos consideram que o ciclo do camisa 23 no clube chegou ao fim.<\/p>\n\n\n\n<p>Internamente, o jogador tem manifestado insatisfa\u00e7\u00e3o com as cobran\u00e7as que vem recebendo. Conforme apura\u00e7\u00e3o, Veiga acredita que tem uma hist\u00f3ria s\u00f3lida com o clube, marcada por entregas em momentos decisivos e por recusas a propostas para continuar no elenco. \u201cNunca me escondi em uma final\u201d, teria afirmado o atleta, segundo fontes pr\u00f3ximas. A avalia\u00e7\u00e3o dele \u00e9 de que merece mais reconhecimento por sua trajet\u00f3ria no time.<\/p>\n\n\n\n<p>O t\u00e9cnico Abel Ferreira tamb\u00e9m n\u00e3o passa ileso pelas cr\u00edticas. Parte da torcida entende que o portugu\u00eas perdeu o controle do vesti\u00e1rio e n\u00e3o tem conseguido extrair o melhor do elenco. Al\u00e9m disso, sua postura em entrevistas e declara\u00e7\u00f5es p\u00fablicas tem sido vista como arrogante por alguns torcedores, o que aumentou a tens\u00e3o no ambiente alviverde.<\/p>\n\n\n\n<p>A perman\u00eancia de Raphael Veiga no Palmeiras, portanto, passou a ser colocada em d\u00favida. Embora tenha contrato at\u00e9 2027, seu empres\u00e1rio, Andr\u00e9 Cury, indicou que clubes europeus devem formalizar propostas na pr\u00f3xima janela de transfer\u00eancias. O Milan, inclusive, j\u00e1 demonstrou interesse e sinalizou com uma oferta. A diretoria do Palmeiras, entretanto, promete ser firme e s\u00f3 pretende liberar o atleta em caso de proposta de pelo menos R$ 150 milh\u00f5es.<\/p>\n","protected":false},"excerpt":{"rendered":"<p>Raphael Veiga vive um dos momentos mais delicados desde que chegou ao Palmeiras. Apesar de ser um dos nomes mais importantes da era Abel Ferreira, o meia tem enfrentado duras cr\u00edticas por parte da torcida, principalmente ap\u00f3s uma sequ\u00eancia de atua\u00e7\u00f5es abaixo do esperado. O desgaste, ali\u00e1s, n\u00e3o se restringe ao campo. Nos bastidores, o [&hellip;]<\/p>\n","protected":false},"author":33,"featured_media":70428,"comment_status":"open","ping_status":"closed","sticky":false,"template":"","format":"standard","meta":{"footnotes":""},"categories":[150],"tags":[],"class_list":["post-247963","post","type-post","status-publish","format-standard","has-post-thumbnail","hentry","category-palmeiras"],"yoast_head":"<!-- This site is optimized with the Yoast SEO Premium plugin v24.2 (Yoast SEO v26.9) - https:\/\/yoast.com\/product\/yoast-seo-premium-wordpress\/ -->\n<title>Raphael Veiga se irrita com cr\u00edticas da torcida do Palmeiras<\/title>\n<meta name=\"robots\" content=\"index, follow, max-snippet:-1, max-image-preview:large, max-video-preview:-1\" \/>\n<link rel=\"canonical\" href=\"https:\/\/www.gaveanews.com\/index.php\/2025\/04\/02\/raphael-veiga-se-irrita-com-criticas-da-torcida-do-palmeiras\/\" \/>\n<meta property=\"og:locale\" content=\"pt_BR\" \/>\n<meta property=\"og:type\" content=\"article\" \/>\n<meta property=\"og:title\" content=\"Raphael Veiga se irrita com cr\u00edticas da torcida do Palmeiras\" \/>\n<meta property=\"og:description\" content=\"Raphael Veiga vive um dos momentos mais delicados desde que chegou ao Palmeiras. Apesar de ser um dos nomes mais importantes da era Abel Ferreira, o meia tem enfrentado duras cr\u00edticas por parte da torcida, principalmente ap\u00f3s uma sequ\u00eancia de atua\u00e7\u00f5es abaixo do esperado. O desgaste, ali\u00e1s, n\u00e3o se restringe ao campo. Nos bastidores, o [&hellip;]\" \/>\n<meta property=\"og:url\" content=\"https:\/\/www.gaveanews.com\/index.php\/2025\/04\/02\/raphael-veiga-se-irrita-com-criticas-da-torcida-do-palmeiras\/\" \/>\n<meta property=\"og:site_name\" content=\"G\u00e1vea News\" \/>\n<meta property=\"article:publisher\" content=\"https:\/\/facebook.com\/gaveaNews\/\" \/>\n<meta property=\"article:published_time\" content=\"2025-04-02T18:20:00+00:00\" \/>\n<meta property=\"og:image\" content=\"https:\/\/www.gaveanews.com\/wp-content\/uploads\/Raphael-Veiga-comemora-gol-marcado-pelo-Palmeiras.webp\" \/>\n\t<meta property=\"og:image:width\" content=\"1008\" \/>\n\t<meta property=\"og:image:height\" content=\"567\" \/>\n\t<meta property=\"og:image:type\" content=\"image\/jpeg\" \/>\n<meta name=\"author\" content=\"Brenda Cezillo\" \/>\n<meta name=\"twitter:card\" content=\"summary_large_image\" \/>\n<meta name=\"twitter:label1\" content=\"Escrito por\" \/>\n\t<meta name=\"twitter:data1\" content=\"Brenda Cezillo\" \/>\n\t<meta name=\"twitter:label2\" content=\"Est. tempo de leitura\" \/>\n\t<meta name=\"twitter:data2\" content=\"3 minutos\" \/>\n<script type=\"application\/ld+json\" class=\"yoast-schema-graph\">{\"@context\":\"https:\/\/schema.org\",\"@graph\":[{\"@type\":\"NewsArticle\",\"@id\":\"https:\/\/www.gaveanews.com\/index.php\/2025\/04\/02\/raphael-veiga-se-irrita-com-criticas-da-torcida-do-palmeiras\/#article\",\"isPartOf\":{\"@id\":\"https:\/\/www.gaveanews.com\/index.php\/2025\/04\/02\/raphael-veiga-se-irrita-com-criticas-da-torcida-do-palmeiras\/\"},\"author\":{\"name\":\"Brenda Cezillo\",\"@id\":\"https:\/\/www.gaveanews.com\/#\/schema\/person\/c79759ca337c40791ae8d08e2923d403\"},\"headline\":\"Raphael Veiga se irrita com cr\u00edticas da torcida do Palmeiras\",\"datePublished\":\"2025-04-02T18:20:00+00:00\",\"mainEntityOfPage\":{\"@id\":\"https:\/\/www.gaveanews.com\/index.php\/2025\/04\/02\/raphael-veiga-se-irrita-com-criticas-da-torcida-do-palmeiras\/\"},\"wordCount\":457,\"commentCount\":0,\"image\":{\"@id\":\"https:\/\/www.gaveanews.com\/index.php\/2025\/04\/02\/raphael-veiga-se-irrita-com-criticas-da-torcida-do-palmeiras\/#primaryimage\"},\"thumbnailUrl\":\"https:\/\/www.gaveanews.com\/wp-content\/uploads\/Raphael-Veiga-comemora-gol-marcado-pelo-Palmeiras.webp\",\"articleSection\":[\"Palmeiras\"],\"inLanguage\":\"pt-BR\",\"potentialAction\":[{\"@type\":\"CommentAction\",\"name\":\"Comment\",\"target\":[\"https:\/\/www.gaveanews.com\/index.php\/2025\/04\/02\/raphael-veiga-se-irrita-com-criticas-da-torcida-do-palmeiras\/#respond\"]}],\"copyrightYear\":\"2025\",\"copyrightHolder\":{\"@id\":\"https:\/\/www.gaveanews.com\/#organization\"}},{\"@type\":\"WebPage\",\"@id\":\"https:\/\/www.gaveanews.com\/index.php\/2025\/04\/02\/raphael-veiga-se-irrita-com-criticas-da-torcida-do-palmeiras\/\",\"url\":\"https:\/\/www.gaveanews.com\/index.php\/2025\/04\/02\/raphael-veiga-se-irrita-com-criticas-da-torcida-do-palmeiras\/\",\"name\":\"Raphael Veiga se irrita com cr\u00edticas da torcida do Palmeiras\",\"isPartOf\":{\"@id\":\"https:\/\/www.gaveanews.com\/#website\"},\"primaryImageOfPage\":{\"@id\":\"https:\/\/www.gaveanews.com\/index.php\/2025\/04\/02\/raphael-veiga-se-irrita-com-criticas-da-torcida-do-palmeiras\/#primaryimage\"},\"image\":{\"@id\":\"https:\/\/www.gaveanews.com\/index.php\/2025\/04\/02\/raphael-veiga-se-irrita-com-criticas-da-torcida-do-palmeiras\/#primaryimage\"},\"thumbnailUrl\":\"https:\/\/www.gaveanews.com\/wp-content\/uploads\/Raphael-Veiga-comemora-gol-marcado-pelo-Palmeiras.webp\",\"datePublished\":\"2025-04-02T18:20:00+00:00\",\"author\":{\"@id\":\"https:\/\/www.gaveanews.com\/#\/schema\/person\/c79759ca337c40791ae8d08e2923d403\"},\"breadcrumb\":{\"@id\":\"https:\/\/www.gaveanews.com\/index.php\/2025\/04\/02\/raphael-veiga-se-irrita-com-criticas-da-torcida-do-palmeiras\/#breadcrumb\"},\"inLanguage\":\"pt-BR\",\"potentialAction\":[{\"@type\":\"ReadAction\",\"target\":[\"https:\/\/www.gaveanews.com\/index.php\/2025\/04\/02\/raphael-veiga-se-irrita-com-criticas-da-torcida-do-palmeiras\/\"]}]},{\"@type\":\"ImageObject\",\"inLanguage\":\"pt-BR\",\"@id\":\"https:\/\/www.gaveanews.com\/index.php\/2025\/04\/02\/raphael-veiga-se-irrita-com-criticas-da-torcida-do-palmeiras\/#primaryimage\",\"url\":\"https:\/\/www.gaveanews.com\/wp-content\/uploads\/Raphael-Veiga-comemora-gol-marcado-pelo-Palmeiras.webp\",\"contentUrl\":\"https:\/\/www.gaveanews.com\/wp-content\/uploads\/Raphael-Veiga-comemora-gol-marcado-pelo-Palmeiras.webp\",\"width\":1008,\"height\":567},{\"@type\":\"BreadcrumbList\",\"@id\":\"https:\/\/www.gaveanews.com\/index.php\/2025\/04\/02\/raphael-veiga-se-irrita-com-criticas-da-torcida-do-palmeiras\/#breadcrumb\",\"itemListElement\":[{\"@type\":\"ListItem\",\"position\":1,\"name\":\"Home\",\"item\":\"https:\/\/www.gaveanews.com\/\"},{\"@type\":\"ListItem\",\"position\":2,\"name\":\"Raphael Veiga se irrita com cr\u00edticas da torcida do Palmeiras\"}]},{\"@type\":\"WebSite\",\"@id\":\"https:\/\/www.gaveanews.com\/#website\",\"url\":\"https:\/\/www.gaveanews.com\/\",\"name\":\"G\u00e1vea News\",\"description\":\"Veja todas as not\u00edcias sobre o Flamengo: Contrata\u00e7\u00f5es, categorias de base, resultados das partidas, tabela de classifica\u00e7\u00e3o, pr\u00f3ximos jogos!\",\"potentialAction\":[{\"@type\":\"SearchAction\",\"target\":{\"@type\":\"EntryPoint\",\"urlTemplate\":\"https:\/\/www.gaveanews.com\/?s={search_term_string}\"},\"query-input\":{\"@type\":\"PropertyValueSpecification\",\"valueRequired\":true,\"valueName\":\"search_term_string\"}}],\"inLanguage\":\"pt-BR\"},{\"@type\":\"Person\",\"@id\":\"https:\/\/www.gaveanews.com\/#\/schema\/person\/c79759ca337c40791ae8d08e2923d403\",\"name\":\"Brenda Cezillo\",\"image\":{\"@type\":\"ImageObject\",\"inLanguage\":\"pt-BR\",\"@id\":\"https:\/\/www.gaveanews.com\/#\/schema\/person\/image\/\",\"url\":\"https:\/\/secure.gravatar.com\/avatar\/1738d75cee7317f9c29ae61dd67620c5883d80a92e42a6fff88ae5d527af217a?s=96&d=mm&r=g\",\"contentUrl\":\"https:\/\/secure.gravatar.com\/avatar\/1738d75cee7317f9c29ae61dd67620c5883d80a92e42a6fff88ae5d527af217a?s=96&d=mm&r=g\",\"caption\":\"Brenda Cezillo\"}}]}<\/script>\n<!-- \/ Yoast SEO Premium plugin. -->","yoast_head_json":{"title":"Raphael Veiga se irrita com cr\u00edticas da torcida do Palmeiras","robots":{"index":"index","follow":"follow","max-snippet":"max-snippet:-1","max-image-preview":"max-image-preview:large","max-video-preview":"max-video-preview:-1"},"canonical":"https:\/\/www.gaveanews.com\/index.php\/2025\/04\/02\/raphael-veiga-se-irrita-com-criticas-da-torcida-do-palmeiras\/","og_locale":"pt_BR","og_type":"article","og_title":"Raphael Veiga se irrita com cr\u00edticas da torcida do Palmeiras","og_description":"Raphael Veiga vive um dos momentos mais delicados desde que chegou ao Palmeiras. Apesar de ser um dos nomes mais importantes da era Abel Ferreira, o meia tem enfrentado duras cr\u00edticas por parte da torcida, principalmente ap\u00f3s uma sequ\u00eancia de atua\u00e7\u00f5es abaixo do esperado. O desgaste, ali\u00e1s, n\u00e3o se restringe ao campo. Nos bastidores, o [&hellip;]","og_url":"https:\/\/www.gaveanews.com\/index.php\/2025\/04\/02\/raphael-veiga-se-irrita-com-criticas-da-torcida-do-palmeiras\/","og_site_name":"G\u00e1vea News","article_publisher":"https:\/\/facebook.com\/gaveaNews\/","article_published_time":"2025-04-02T18:20:00+00:00","og_image":[{"width":1008,"height":567,"url":"https:\/\/www.gaveanews.com\/wp-content\/uploads\/Raphael-Veiga-comemora-gol-marcado-pelo-Palmeiras.webp","type":"image\/jpeg"}],"author":"Brenda Cezillo","twitter_card":"summary_large_image","twitter_misc":{"Escrito por":"Brenda Cezillo","Est. tempo de leitura":"3 minutos"},"schema":{"@context":"https:\/\/schema.org","@graph":[{"@type":"NewsArticle","@id":"https:\/\/www.gaveanews.com\/index.php\/2025\/04\/02\/raphael-veiga-se-irrita-com-criticas-da-torcida-do-palmeiras\/#article","isPartOf":{"@id":"https:\/\/www.gaveanews.com\/index.php\/2025\/04\/02\/raphael-veiga-se-irrita-com-criticas-da-torcida-do-palmeiras\/"},"author":{"name":"Brenda Cezillo","@id":"https:\/\/www.gaveanews.com\/#\/schema\/person\/c79759ca337c40791ae8d08e2923d403"},"headline":"Raphael Veiga se irrita com cr\u00edticas da torcida do Palmeiras","datePublished":"2025-04-02T18:20:00+00:00","mainEntityOfPage":{"@id":"https:\/\/www.gaveanews.com\/index.php\/2025\/04\/02\/raphael-veiga-se-irrita-com-criticas-da-torcida-do-palmeiras\/"},"wordCount":457,"commentCount":0,"image":{"@id":"https:\/\/www.gaveanews.com\/index.php\/2025\/04\/02\/raphael-veiga-se-irrita-com-criticas-da-torcida-do-palmeiras\/#primaryimage"},"thumbnailUrl":"https:\/\/www.gaveanews.com\/wp-content\/uploads\/Raphael-Veiga-comemora-gol-marcado-pelo-Palmeiras.webp","articleSection":["Palmeiras"],"inLanguage":"pt-BR","potentialAction":[{"@type":"CommentAction","name":"Comment","target":["https:\/\/www.gaveanews.com\/index.php\/2025\/04\/02\/raphael-veiga-se-irrita-com-criticas-da-torcida-do-palmeiras\/#respond"]}],"copyrightYear":"2025","copyrightHolder":{"@id":"https:\/\/www.gaveanews.com\/#organization"}},{"@type":"WebPage","@id":"https:\/\/www.gaveanews.com\/index.php\/2025\/04\/02\/raphael-veiga-se-irrita-com-criticas-da-torcida-do-palmeiras\/","url":"https:\/\/www.gaveanews.com\/index.php\/2025\/04\/02\/raphael-veiga-se-irrita-com-criticas-da-torcida-do-palmeiras\/","name":"Raphael Veiga se irrita com cr\u00edticas da torcida do Palmeiras","isPartOf":{"@id":"https:\/\/www.gaveanews.com\/#website"},"primaryImageOfPage":{"@id":"https:\/\/www.gaveanews.com\/index.php\/2025\/04\/02\/raphael-veiga-se-irrita-com-criticas-da-torcida-do-palmeiras\/#primaryimage"},"image":{"@id":"https:\/\/www.gaveanews.com\/index.php\/2025\/04\/02\/raphael-veiga-se-irrita-com-criticas-da-torcida-do-palmeiras\/#primaryimage"},"thumbnailUrl":"https:\/\/www.gaveanews.com\/wp-content\/uploads\/Raphael-Veiga-comemora-gol-marcado-pelo-Palmeiras.webp","datePublished":"2025-04-02T18:20:00+00:00","author":{"@id":"https:\/\/www.gaveanews.com\/#\/schema\/person\/c79759ca337c40791ae8d08e2923d403"},"breadcrumb":{"@id":"https:\/\/www.gaveanews.com\/index.php\/2025\/04\/02\/raphael-veiga-se-irrita-com-criticas-da-torcida-do-palmeiras\/#breadcrumb"},"inLanguage":"pt-BR","potentialAction":[{"@type":"ReadAction","target":["https:\/\/www.gaveanews.com\/index.php\/2025\/04\/02\/raphael-veiga-se-irrita-com-criticas-da-torcida-do-palmeiras\/"]}]},{"@type":"ImageObject","inLanguage":"pt-BR","@id":"https:\/\/www.gaveanews.com\/index.php\/2025\/04\/02\/raphael-veiga-se-irrita-com-criticas-da-torcida-do-palmeiras\/#primaryimage","url":"https:\/\/www.gaveanews.com\/wp-content\/uploads\/Raphael-Veiga-comemora-gol-marcado-pelo-Palmeiras.webp","contentUrl":"https:\/\/www.gaveanews.com\/wp-content\/uploads\/Raphael-Veiga-comemora-gol-marcado-pelo-Palmeiras.webp","width":1008,"height":567},{"@type":"BreadcrumbList","@id":"https:\/\/www.gaveanews.com\/index.php\/2025\/04\/02\/raphael-veiga-se-irrita-com-criticas-da-torcida-do-palmeiras\/#breadcrumb","itemListElement":[{"@type":"ListItem","position":1,"name":"Home","item":"https:\/\/www.gaveanews.com\/"},{"@type":"ListItem","position":2,"name":"Raphael Veiga se irrita com cr\u00edticas da torcida do Palmeiras"}]},{"@type":"WebSite","@id":"https:\/\/www.gaveanews.com\/#website","url":"https:\/\/www.gaveanews.com\/","name":"G\u00e1vea News","description":"Veja todas as not\u00edcias sobre o Flamengo: Contrata\u00e7\u00f5es, categorias de base, resultados das partidas, tabela de classifica\u00e7\u00e3o, pr\u00f3ximos jogos!","potentialAction":[{"@type":"SearchAction","target":{"@type":"EntryPoint","urlTemplate":"https:\/\/www.gaveanews.com\/?s={search_term_string}"},"query-input":{"@type":"PropertyValueSpecification","valueRequired":true,"valueName":"search_term_string"}}],"inLanguage":"pt-BR"},{"@type":"Person","@id":"https:\/\/www.gaveanews.com\/#\/schema\/person\/c79759ca337c40791ae8d08e2923d403","name":"Brenda Cezillo","image":{"@type":"ImageObject","inLanguage":"pt-BR","@id":"https:\/\/www.gaveanews.com\/#\/schema\/person\/image\/","url":"https:\/\/secure.gravatar.com\/avatar\/1738d75cee7317f9c29ae61dd67620c5883d80a92e42a6fff88ae5d527af217a?s=96&d=mm&r=g","contentUrl":"https:\/\/secure.gravatar.com\/avatar\/1738d75cee7317f9c29ae61dd67620c5883d80a92e42a6fff88ae5d527af217a?s=96&d=mm&r=g","caption":"Brenda Cezillo"}}]}},"_links":{"self":[{"href":"https:\/\/www.gaveanews.com\/index.php\/wp-json\/wp\/v2\/posts\/247963","targetHints":{"allow":["GET"]}}],"collection":[{"href":"https:\/\/www.gaveanews.com\/index.php\/wp-json\/wp\/v2\/posts"}],"about":[{"href":"https:\/\/www.gaveanews.com\/index.php\/wp-json\/wp\/v2\/types\/post"}],"author":[{"embeddable":true,"href":"https:\/\/www.gaveanews.com\/index.php\/wp-json\/wp\/v2\/users\/33"}],"replies":[{"embeddable":true,"href":"https:\/\/www.gaveanews.com\/index.php\/wp-json\/wp\/v2\/comments?post=247963"}],"version-history":[{"count":1,"href":"https:\/\/www.gaveanews.com\/index.php\/wp-json\/wp\/v2\/posts\/247963\/revisions"}],"predecessor-version":[{"id":247969,"href":"https:\/\/www.gaveanews.com\/index.php\/wp-json\/wp\/v2\/posts\/247963\/revisions\/247969"}],"wp:featuredmedia":[{"embeddable":true,"href":"https:\/\/www.gaveanews.com\/index.php\/wp-json\/wp\/v2\/media\/70428"}],"wp:attachment":[{"href":"https:\/\/www.gaveanews.com\/index.php\/wp-json\/wp\/v2\/media?parent=247963"}],"wp:term":[{"taxonomy":"category","embeddable":true,"href":"https:\/\/www.gaveanews.com\/index.php\/wp-json\/wp\/v2\/categories?post=247963"},{"taxonomy":"post_tag","embeddable":true,"href":"https:\/\/www.gaveanews.com\/index.php\/wp-json\/wp\/v2\/tags?post=247963"}],"curies":[{"name":"wp","href":"https:\/\/api.w.org\/{rel}","templated":true}]}}