{"id":247966,"date":"2025-04-02T12:58:50","date_gmt":"2025-04-02T15:58:50","guid":{"rendered":"https:\/\/www.gaveanews.com\/?p=247966"},"modified":"2025-04-02T12:58:53","modified_gmt":"2025-04-02T15:58:53","slug":"flamengo-emite-nota-oficial-sobre-wesley-2","status":"publish","type":"post","link":"https:\/\/www.gaveanews.com\/index.php\/2025\/04\/02\/flamengo-emite-nota-oficial-sobre-wesley-2\/","title":{"rendered":"Flamengo emite nota oficial sobre Wesley"},"content":{"rendered":"\n<p>O Flamengo ter\u00e1 um desfalque importante para o pr\u00f3ximo compromisso. O clube informou que o lateral-direito Wesley n\u00e3o viajar\u00e1 para a Venezuela, onde a equipe disputar\u00e1 sua pr\u00f3xima partida.&nbsp;<\/p>\n\n\n\n<p>A decis\u00e3o foi tomada pelo Departamento M\u00e9dico, que constatou sinais de desgaste f\u00edsico e mialgia no jogador ap\u00f3s a Data FIFA de mar\u00e7o. Sendo assim, o atleta permanecer\u00e1 no Rio de Janeiro para recupera\u00e7\u00e3o.<\/p>\n\n\n\n<h2 class=\"wp-block-heading\" id=\"h-problema-fisico-impede-wesley-de-atuar\">Problema f\u00edsico impede Wesley de atuar<\/h2>\n\n\n\n<figure class=\"wp-block-image size-full\"><img loading=\"lazy\" decoding=\"async\" width=\"512\" height=\"341\" src=\"http:\/\/www.gaveanews.com\/wp-content\/uploads\/Wesley-durante-jogo-contra-o-Bolivar-pela-Libertadores-no-Maracana.webp\" alt=\"\" class=\"wp-image-158934\" srcset=\"https:\/\/www.gaveanews.com\/wp-content\/uploads\/Wesley-durante-jogo-contra-o-Bolivar-pela-Libertadores-no-Maracana.webp 512w, https:\/\/www.gaveanews.com\/wp-content\/uploads\/Wesley-durante-jogo-contra-o-Bolivar-pela-Libertadores-no-Maracana-300x200.webp 300w, https:\/\/www.gaveanews.com\/wp-content\/uploads\/Wesley-durante-jogo-contra-o-Bolivar-pela-Libertadores-no-Maracana-100x67.webp 100w\" sizes=\"auto, (max-width: 512px) 100vw, 512px\" \/><figcaption class=\"wp-element-caption\">Wesley durante jogo contra o Bol\u00edvar, pela Libertadores, no Maracan\u00e3 (Foto: Gilvan de Souza\/Flamengo)<\/figcaption><\/figure>\n\n\n\n<p>Wesley vinha sendo uma pe\u00e7a importante no elenco, mas a sequ\u00eancia intensa de jogos e treinos cobrou seu pre\u00e7o. A Data FIFA muitas vezes imp\u00f5e uma carga f\u00edsica elevada aos jogadores, porque eles enfrentam mudan\u00e7as de fuso hor\u00e1rio, treinos diferenciados e partidas de alta intensidade.&nbsp;<\/p>\n\n\n\n<p>Dessa maneira, o Flamengo optou por preservar o lateral e evitar um problema f\u00edsico mais grave.<\/p>\n\n\n\n<p>A decis\u00e3o do Departamento M\u00e9dico refor\u00e7a a preocupa\u00e7\u00e3o com o desgaste dos jogadores em um calend\u00e1rio t\u00e3o apertado.&nbsp;<\/p>\n\n\n\n<p>\u201cApresenta sinais de desgaste f\u00edsico e mialgia ap\u00f3s a Data FIFA de mar\u00e7o. Departamento M\u00e9dico do clube o considerou sem condi\u00e7\u00f5es de jogo para esta quinta-feira (3) e, portanto, n\u00e3o viaja para a Venezuela.\u201d, informou o clube em nota oficial.<\/p>\n\n\n\n<h2 class=\"wp-block-heading\" id=\"h-quem-pode-substituir-wesley\">Quem pode substituir Wesley?<\/h2>\n\n\n\n<p>Com isso, o t\u00e9cnico do Flamengo precisar\u00e1 encontrar uma alternativa para o setor. Vale destacar que o elenco conta com op\u00e7\u00f5es para suprir a aus\u00eancia do lateral.&nbsp;<\/p>\n\n\n\n<p>Dependendo da estrat\u00e9gia escolhida, o uruguaio Varela pode ser o substituto de Wesley, a equipe pode modificar sua forma\u00e7\u00e3o para equilibrar o sistema defensivo.<\/p>\n\n\n\n<p>Por isso, a expectativa agora gira em torno da escala\u00e7\u00e3o para o pr\u00f3ximo duelo. O Flamengo ainda n\u00e3o confirmou oficialmente quem assumir\u00e1 a vaga de Wesley, mas a&nbsp; tend\u00eancia \u00e9 que seja Varela.<\/p>\n\n\n\n<h2 class=\"wp-block-heading\" id=\"h-proximos-passos-do-lateral\">Pr\u00f3ximos passos do lateral<\/h2>\n\n\n\n<p>O Flamengo segue monitorando de perto a recupera\u00e7\u00e3o do jogador. Isso porque o clube quer evitar um retorno precoce e, consequentemente, agravar o quadro de Wesley.&nbsp;<\/p>\n\n\n\n<p>Dessa forma, o lateral permanecer\u00e1 sob cuidados da equipe m\u00e9dica at\u00e9 estar 100% recuperado e apto para voltar a atuar.<\/p>\n","protected":false},"excerpt":{"rendered":"<p>O Flamengo ter\u00e1 um desfalque importante para o pr\u00f3ximo compromisso. O clube informou que o lateral-direito Wesley n\u00e3o viajar\u00e1 para a Venezuela, onde a equipe disputar\u00e1 sua pr\u00f3xima partida.&nbsp; A decis\u00e3o foi tomada pelo Departamento M\u00e9dico, que constatou sinais de desgaste f\u00edsico e mialgia no jogador ap\u00f3s a Data FIFA de mar\u00e7o. Sendo assim, o [&hellip;]<\/p>\n","protected":false},"author":25,"featured_media":148165,"comment_status":"open","ping_status":"closed","sticky":false,"template":"","format":"standard","meta":{"footnotes":""},"categories":[1],"tags":[],"class_list":["post-247966","post","type-post","status-publish","format-standard","has-post-thumbnail","hentry","category-flamengo"],"yoast_head":"<!-- This site is optimized with the Yoast SEO Premium plugin v24.2 (Yoast SEO v26.9) - https:\/\/yoast.com\/product\/yoast-seo-premium-wordpress\/ -->\n<title>Flamengo emite nota oficial sobre Wesley<\/title>\n<meta name=\"robots\" content=\"index, follow, max-snippet:-1, max-image-preview:large, max-video-preview:-1\" \/>\n<link rel=\"canonical\" href=\"https:\/\/www.gaveanews.com\/index.php\/2025\/04\/02\/flamengo-emite-nota-oficial-sobre-wesley-2\/\" \/>\n<meta property=\"og:locale\" content=\"pt_BR\" \/>\n<meta property=\"og:type\" content=\"article\" \/>\n<meta property=\"og:title\" content=\"Flamengo emite nota oficial sobre Wesley\" \/>\n<meta property=\"og:description\" content=\"O Flamengo ter\u00e1 um desfalque importante para o pr\u00f3ximo compromisso. O clube informou que o lateral-direito Wesley n\u00e3o viajar\u00e1 para a Venezuela, onde a equipe disputar\u00e1 sua pr\u00f3xima partida.&nbsp; A decis\u00e3o foi tomada pelo Departamento M\u00e9dico, que constatou sinais de desgaste f\u00edsico e mialgia no jogador ap\u00f3s a Data FIFA de mar\u00e7o. Sendo assim, o [&hellip;]\" \/>\n<meta property=\"og:url\" content=\"https:\/\/www.gaveanews.com\/index.php\/2025\/04\/02\/flamengo-emite-nota-oficial-sobre-wesley-2\/\" \/>\n<meta property=\"og:site_name\" content=\"G\u00e1vea News\" \/>\n<meta property=\"article:publisher\" content=\"https:\/\/facebook.com\/gaveaNews\/\" \/>\n<meta property=\"article:published_time\" content=\"2025-04-02T15:58:50+00:00\" \/>\n<meta property=\"article:modified_time\" content=\"2025-04-02T15:58:53+00:00\" \/>\n<meta property=\"og:image\" content=\"http:\/\/www.gaveanews.com\/wp-content\/uploads\/wesley-flamengo.webp\" \/>\n\t<meta property=\"og:image:width\" content=\"900\" \/>\n\t<meta property=\"og:image:height\" content=\"600\" \/>\n\t<meta property=\"og:image:type\" content=\"image\/jpeg\" \/>\n<meta name=\"author\" content=\"Rafaela Ladeira\" \/>\n<meta name=\"twitter:card\" content=\"summary_large_image\" \/>\n<meta name=\"twitter:label1\" content=\"Escrito por\" \/>\n\t<meta name=\"twitter:data1\" content=\"Rafaela Ladeira\" \/>\n\t<meta name=\"twitter:label2\" content=\"Est. tempo de leitura\" \/>\n\t<meta name=\"twitter:data2\" content=\"3 minutos\" \/>\n<script type=\"application\/ld+json\" class=\"yoast-schema-graph\">{\"@context\":\"https:\/\/schema.org\",\"@graph\":[{\"@type\":\"NewsArticle\",\"@id\":\"https:\/\/www.gaveanews.com\/index.php\/2025\/04\/02\/flamengo-emite-nota-oficial-sobre-wesley-2\/#article\",\"isPartOf\":{\"@id\":\"https:\/\/www.gaveanews.com\/index.php\/2025\/04\/02\/flamengo-emite-nota-oficial-sobre-wesley-2\/\"},\"author\":{\"name\":\"Rafaela Ladeira\",\"@id\":\"https:\/\/www.gaveanews.com\/#\/schema\/person\/0eb3e3fe1754f0205218538adbe8f5ed\"},\"headline\":\"Flamengo emite nota oficial sobre Wesley\",\"datePublished\":\"2025-04-02T15:58:50+00:00\",\"dateModified\":\"2025-04-02T15:58:53+00:00\",\"mainEntityOfPage\":{\"@id\":\"https:\/\/www.gaveanews.com\/index.php\/2025\/04\/02\/flamengo-emite-nota-oficial-sobre-wesley-2\/\"},\"wordCount\":393,\"commentCount\":0,\"image\":{\"@id\":\"https:\/\/www.gaveanews.com\/index.php\/2025\/04\/02\/flamengo-emite-nota-oficial-sobre-wesley-2\/#primaryimage\"},\"thumbnailUrl\":\"https:\/\/www.gaveanews.com\/wp-content\/uploads\/wesley-flamengo.webp\",\"articleSection\":[\"Flamengo\"],\"inLanguage\":\"pt-BR\",\"potentialAction\":[{\"@type\":\"CommentAction\",\"name\":\"Comment\",\"target\":[\"https:\/\/www.gaveanews.com\/index.php\/2025\/04\/02\/flamengo-emite-nota-oficial-sobre-wesley-2\/#respond\"]}],\"copyrightYear\":\"2025\",\"copyrightHolder\":{\"@id\":\"https:\/\/www.gaveanews.com\/#organization\"}},{\"@type\":\"WebPage\",\"@id\":\"https:\/\/www.gaveanews.com\/index.php\/2025\/04\/02\/flamengo-emite-nota-oficial-sobre-wesley-2\/\",\"url\":\"https:\/\/www.gaveanews.com\/index.php\/2025\/04\/02\/flamengo-emite-nota-oficial-sobre-wesley-2\/\",\"name\":\"Flamengo emite nota oficial sobre Wesley\",\"isPartOf\":{\"@id\":\"https:\/\/www.gaveanews.com\/#website\"},\"primaryImageOfPage\":{\"@id\":\"https:\/\/www.gaveanews.com\/index.php\/2025\/04\/02\/flamengo-emite-nota-oficial-sobre-wesley-2\/#primaryimage\"},\"image\":{\"@id\":\"https:\/\/www.gaveanews.com\/index.php\/2025\/04\/02\/flamengo-emite-nota-oficial-sobre-wesley-2\/#primaryimage\"},\"thumbnailUrl\":\"https:\/\/www.gaveanews.com\/wp-content\/uploads\/wesley-flamengo.webp\",\"datePublished\":\"2025-04-02T15:58:50+00:00\",\"dateModified\":\"2025-04-02T15:58:53+00:00\",\"author\":{\"@id\":\"https:\/\/www.gaveanews.com\/#\/schema\/person\/0eb3e3fe1754f0205218538adbe8f5ed\"},\"breadcrumb\":{\"@id\":\"https:\/\/www.gaveanews.com\/index.php\/2025\/04\/02\/flamengo-emite-nota-oficial-sobre-wesley-2\/#breadcrumb\"},\"inLanguage\":\"pt-BR\",\"potentialAction\":[{\"@type\":\"ReadAction\",\"target\":[\"https:\/\/www.gaveanews.com\/index.php\/2025\/04\/02\/flamengo-emite-nota-oficial-sobre-wesley-2\/\"]}]},{\"@type\":\"ImageObject\",\"inLanguage\":\"pt-BR\",\"@id\":\"https:\/\/www.gaveanews.com\/index.php\/2025\/04\/02\/flamengo-emite-nota-oficial-sobre-wesley-2\/#primaryimage\",\"url\":\"https:\/\/www.gaveanews.com\/wp-content\/uploads\/wesley-flamengo.webp\",\"contentUrl\":\"https:\/\/www.gaveanews.com\/wp-content\/uploads\/wesley-flamengo.webp\",\"width\":900,\"height\":600,\"caption\":\"Wesley em a\u00e7\u00e3o pelo Flamengo contra o Athletico-PR (Foto: Gilvan de Souza\/Flamengo)\"},{\"@type\":\"BreadcrumbList\",\"@id\":\"https:\/\/www.gaveanews.com\/index.php\/2025\/04\/02\/flamengo-emite-nota-oficial-sobre-wesley-2\/#breadcrumb\",\"itemListElement\":[{\"@type\":\"ListItem\",\"position\":1,\"name\":\"Home\",\"item\":\"https:\/\/www.gaveanews.com\/\"},{\"@type\":\"ListItem\",\"position\":2,\"name\":\"Flamengo emite nota oficial sobre Wesley\"}]},{\"@type\":\"WebSite\",\"@id\":\"https:\/\/www.gaveanews.com\/#website\",\"url\":\"https:\/\/www.gaveanews.com\/\",\"name\":\"G\u00e1vea News\",\"description\":\"Veja todas as not\u00edcias sobre o Flamengo: Contrata\u00e7\u00f5es, categorias de base, resultados das partidas, tabela de classifica\u00e7\u00e3o, pr\u00f3ximos jogos!\",\"potentialAction\":[{\"@type\":\"SearchAction\",\"target\":{\"@type\":\"EntryPoint\",\"urlTemplate\":\"https:\/\/www.gaveanews.com\/?s={search_term_string}\"},\"query-input\":{\"@type\":\"PropertyValueSpecification\",\"valueRequired\":true,\"valueName\":\"search_term_string\"}}],\"inLanguage\":\"pt-BR\"},{\"@type\":\"Person\",\"@id\":\"https:\/\/www.gaveanews.com\/#\/schema\/person\/0eb3e3fe1754f0205218538adbe8f5ed\",\"name\":\"Rafaela Ladeira\",\"image\":{\"@type\":\"ImageObject\",\"inLanguage\":\"pt-BR\",\"@id\":\"https:\/\/www.gaveanews.com\/#\/schema\/person\/image\/\",\"url\":\"https:\/\/secure.gravatar.com\/avatar\/c31f513acffd85eacab5730cbdfdbbf59f21ba5aeada8cd890acea879fbb2455?s=96&d=mm&r=g\",\"contentUrl\":\"https:\/\/secure.gravatar.com\/avatar\/c31f513acffd85eacab5730cbdfdbbf59f21ba5aeada8cd890acea879fbb2455?s=96&d=mm&r=g\",\"caption\":\"Rafaela Ladeira\"}}]}<\/script>\n<!-- \/ Yoast SEO Premium plugin. -->","yoast_head_json":{"title":"Flamengo emite nota oficial sobre Wesley","robots":{"index":"index","follow":"follow","max-snippet":"max-snippet:-1","max-image-preview":"max-image-preview:large","max-video-preview":"max-video-preview:-1"},"canonical":"https:\/\/www.gaveanews.com\/index.php\/2025\/04\/02\/flamengo-emite-nota-oficial-sobre-wesley-2\/","og_locale":"pt_BR","og_type":"article","og_title":"Flamengo emite nota oficial sobre Wesley","og_description":"O Flamengo ter\u00e1 um desfalque importante para o pr\u00f3ximo compromisso. O clube informou que o lateral-direito Wesley n\u00e3o viajar\u00e1 para a Venezuela, onde a equipe disputar\u00e1 sua pr\u00f3xima partida.&nbsp; A decis\u00e3o foi tomada pelo Departamento M\u00e9dico, que constatou sinais de desgaste f\u00edsico e mialgia no jogador ap\u00f3s a Data FIFA de mar\u00e7o. Sendo assim, o [&hellip;]","og_url":"https:\/\/www.gaveanews.com\/index.php\/2025\/04\/02\/flamengo-emite-nota-oficial-sobre-wesley-2\/","og_site_name":"G\u00e1vea News","article_publisher":"https:\/\/facebook.com\/gaveaNews\/","article_published_time":"2025-04-02T15:58:50+00:00","article_modified_time":"2025-04-02T15:58:53+00:00","og_image":[{"width":900,"height":600,"url":"http:\/\/www.gaveanews.com\/wp-content\/uploads\/wesley-flamengo.webp","type":"image\/jpeg"}],"author":"Rafaela Ladeira","twitter_card":"summary_large_image","twitter_misc":{"Escrito por":"Rafaela Ladeira","Est. tempo de leitura":"3 minutos"},"schema":{"@context":"https:\/\/schema.org","@graph":[{"@type":"NewsArticle","@id":"https:\/\/www.gaveanews.com\/index.php\/2025\/04\/02\/flamengo-emite-nota-oficial-sobre-wesley-2\/#article","isPartOf":{"@id":"https:\/\/www.gaveanews.com\/index.php\/2025\/04\/02\/flamengo-emite-nota-oficial-sobre-wesley-2\/"},"author":{"name":"Rafaela Ladeira","@id":"https:\/\/www.gaveanews.com\/#\/schema\/person\/0eb3e3fe1754f0205218538adbe8f5ed"},"headline":"Flamengo emite nota oficial sobre Wesley","datePublished":"2025-04-02T15:58:50+00:00","dateModified":"2025-04-02T15:58:53+00:00","mainEntityOfPage":{"@id":"https:\/\/www.gaveanews.com\/index.php\/2025\/04\/02\/flamengo-emite-nota-oficial-sobre-wesley-2\/"},"wordCount":393,"commentCount":0,"image":{"@id":"https:\/\/www.gaveanews.com\/index.php\/2025\/04\/02\/flamengo-emite-nota-oficial-sobre-wesley-2\/#primaryimage"},"thumbnailUrl":"https:\/\/www.gaveanews.com\/wp-content\/uploads\/wesley-flamengo.webp","articleSection":["Flamengo"],"inLanguage":"pt-BR","potentialAction":[{"@type":"CommentAction","name":"Comment","target":["https:\/\/www.gaveanews.com\/index.php\/2025\/04\/02\/flamengo-emite-nota-oficial-sobre-wesley-2\/#respond"]}],"copyrightYear":"2025","copyrightHolder":{"@id":"https:\/\/www.gaveanews.com\/#organization"}},{"@type":"WebPage","@id":"https:\/\/www.gaveanews.com\/index.php\/2025\/04\/02\/flamengo-emite-nota-oficial-sobre-wesley-2\/","url":"https:\/\/www.gaveanews.com\/index.php\/2025\/04\/02\/flamengo-emite-nota-oficial-sobre-wesley-2\/","name":"Flamengo emite nota oficial sobre Wesley","isPartOf":{"@id":"https:\/\/www.gaveanews.com\/#website"},"primaryImageOfPage":{"@id":"https:\/\/www.gaveanews.com\/index.php\/2025\/04\/02\/flamengo-emite-nota-oficial-sobre-wesley-2\/#primaryimage"},"image":{"@id":"https:\/\/www.gaveanews.com\/index.php\/2025\/04\/02\/flamengo-emite-nota-oficial-sobre-wesley-2\/#primaryimage"},"thumbnailUrl":"https:\/\/www.gaveanews.com\/wp-content\/uploads\/wesley-flamengo.webp","datePublished":"2025-04-02T15:58:50+00:00","dateModified":"2025-04-02T15:58:53+00:00","author":{"@id":"https:\/\/www.gaveanews.com\/#\/schema\/person\/0eb3e3fe1754f0205218538adbe8f5ed"},"breadcrumb":{"@id":"https:\/\/www.gaveanews.com\/index.php\/2025\/04\/02\/flamengo-emite-nota-oficial-sobre-wesley-2\/#breadcrumb"},"inLanguage":"pt-BR","potentialAction":[{"@type":"ReadAction","target":["https:\/\/www.gaveanews.com\/index.php\/2025\/04\/02\/flamengo-emite-nota-oficial-sobre-wesley-2\/"]}]},{"@type":"ImageObject","inLanguage":"pt-BR","@id":"https:\/\/www.gaveanews.com\/index.php\/2025\/04\/02\/flamengo-emite-nota-oficial-sobre-wesley-2\/#primaryimage","url":"https:\/\/www.gaveanews.com\/wp-content\/uploads\/wesley-flamengo.webp","contentUrl":"https:\/\/www.gaveanews.com\/wp-content\/uploads\/wesley-flamengo.webp","width":900,"height":600,"caption":"Wesley em a\u00e7\u00e3o pelo Flamengo contra o Athletico-PR (Foto: Gilvan de Souza\/Flamengo)"},{"@type":"BreadcrumbList","@id":"https:\/\/www.gaveanews.com\/index.php\/2025\/04\/02\/flamengo-emite-nota-oficial-sobre-wesley-2\/#breadcrumb","itemListElement":[{"@type":"ListItem","position":1,"name":"Home","item":"https:\/\/www.gaveanews.com\/"},{"@type":"ListItem","position":2,"name":"Flamengo emite nota oficial sobre Wesley"}]},{"@type":"WebSite","@id":"https:\/\/www.gaveanews.com\/#website","url":"https:\/\/www.gaveanews.com\/","name":"G\u00e1vea News","description":"Veja todas as not\u00edcias sobre o Flamengo: Contrata\u00e7\u00f5es, categorias de base, resultados das partidas, tabela de classifica\u00e7\u00e3o, pr\u00f3ximos jogos!","potentialAction":[{"@type":"SearchAction","target":{"@type":"EntryPoint","urlTemplate":"https:\/\/www.gaveanews.com\/?s={search_term_string}"},"query-input":{"@type":"PropertyValueSpecification","valueRequired":true,"valueName":"search_term_string"}}],"inLanguage":"pt-BR"},{"@type":"Person","@id":"https:\/\/www.gaveanews.com\/#\/schema\/person\/0eb3e3fe1754f0205218538adbe8f5ed","name":"Rafaela Ladeira","image":{"@type":"ImageObject","inLanguage":"pt-BR","@id":"https:\/\/www.gaveanews.com\/#\/schema\/person\/image\/","url":"https:\/\/secure.gravatar.com\/avatar\/c31f513acffd85eacab5730cbdfdbbf59f21ba5aeada8cd890acea879fbb2455?s=96&d=mm&r=g","contentUrl":"https:\/\/secure.gravatar.com\/avatar\/c31f513acffd85eacab5730cbdfdbbf59f21ba5aeada8cd890acea879fbb2455?s=96&d=mm&r=g","caption":"Rafaela Ladeira"}}]}},"_links":{"self":[{"href":"https:\/\/www.gaveanews.com\/index.php\/wp-json\/wp\/v2\/posts\/247966","targetHints":{"allow":["GET"]}}],"collection":[{"href":"https:\/\/www.gaveanews.com\/index.php\/wp-json\/wp\/v2\/posts"}],"about":[{"href":"https:\/\/www.gaveanews.com\/index.php\/wp-json\/wp\/v2\/types\/post"}],"author":[{"embeddable":true,"href":"https:\/\/www.gaveanews.com\/index.php\/wp-json\/wp\/v2\/users\/25"}],"replies":[{"embeddable":true,"href":"https:\/\/www.gaveanews.com\/index.php\/wp-json\/wp\/v2\/comments?post=247966"}],"version-history":[{"count":1,"href":"https:\/\/www.gaveanews.com\/index.php\/wp-json\/wp\/v2\/posts\/247966\/revisions"}],"predecessor-version":[{"id":247967,"href":"https:\/\/www.gaveanews.com\/index.php\/wp-json\/wp\/v2\/posts\/247966\/revisions\/247967"}],"wp:featuredmedia":[{"embeddable":true,"href":"https:\/\/www.gaveanews.com\/index.php\/wp-json\/wp\/v2\/media\/148165"}],"wp:attachment":[{"href":"https:\/\/www.gaveanews.com\/index.php\/wp-json\/wp\/v2\/media?parent=247966"}],"wp:term":[{"taxonomy":"category","embeddable":true,"href":"https:\/\/www.gaveanews.com\/index.php\/wp-json\/wp\/v2\/categories?post=247966"},{"taxonomy":"post_tag","embeddable":true,"href":"https:\/\/www.gaveanews.com\/index.php\/wp-json\/wp\/v2\/tags?post=247966"}],"curies":[{"name":"wp","href":"https:\/\/api.w.org\/{rel}","templated":true}]}}