{"id":247971,"date":"2025-04-02T15:25:00","date_gmt":"2025-04-02T18:25:00","guid":{"rendered":"https:\/\/www.gaveanews.com\/?p=247971"},"modified":"2025-04-02T13:04:33","modified_gmt":"2025-04-02T16:04:33","slug":"trabalho-de-abel-ferreira-comeca-a-ser-questionado-no-palmeiras","status":"publish","type":"post","link":"https:\/\/www.gaveanews.com\/index.php\/2025\/04\/02\/trabalho-de-abel-ferreira-comeca-a-ser-questionado-no-palmeiras\/","title":{"rendered":"Trabalho de Abel Ferreira come\u00e7a a ser questionado no Palmeiras"},"content":{"rendered":"\n<p>A fase do Palmeiras est\u00e1 longe de ser tranquila. Ap\u00f3s a dolorosa perda do Campeonato Paulista para o maior rival e uma estreia preocupante no Brasileir\u00e3o, a equipe de Abel Ferreira v\u00ea crescer uma onda de insatisfa\u00e7\u00e3o.&nbsp;<\/p>\n\n\n\n<p>Vale destacar que o desempenho t\u00e9cnico abaixo do esperado tem sido alvo de cr\u00edticas, tanto da torcida quanto internamente no clube.<\/p>\n\n\n\n<h2 class=\"wp-block-heading\" id=\"h-falta-de-gols-preocupa-a-comissao-tecnica\">Falta de gols preocupa a comiss\u00e3o t\u00e9cnica<\/h2>\n\n\n\n<figure class=\"wp-block-image size-large\"><img loading=\"lazy\" decoding=\"async\" width=\"1024\" height=\"576\" src=\"http:\/\/www.gaveanews.com\/wp-content\/uploads\/Abel-Ferreira-e-fotografado-passando-instrucoes-durante-um-jogo-do-Palmeiras-1024x576.webp\" alt=\"\" class=\"wp-image-157845\" srcset=\"https:\/\/www.gaveanews.com\/wp-content\/uploads\/Abel-Ferreira-e-fotografado-passando-instrucoes-durante-um-jogo-do-Palmeiras-1024x576.webp 1024w, https:\/\/www.gaveanews.com\/wp-content\/uploads\/Abel-Ferreira-e-fotografado-passando-instrucoes-durante-um-jogo-do-Palmeiras-300x169.webp 300w, https:\/\/www.gaveanews.com\/wp-content\/uploads\/Abel-Ferreira-e-fotografado-passando-instrucoes-durante-um-jogo-do-Palmeiras-768x432.webp 768w, https:\/\/www.gaveanews.com\/wp-content\/uploads\/Abel-Ferreira-e-fotografado-passando-instrucoes-durante-um-jogo-do-Palmeiras-746x420.webp 746w, https:\/\/www.gaveanews.com\/wp-content\/uploads\/Abel-Ferreira-e-fotografado-passando-instrucoes-durante-um-jogo-do-Palmeiras-1493x840.webp 1493w, https:\/\/www.gaveanews.com\/wp-content\/uploads\/Abel-Ferreira-e-fotografado-passando-instrucoes-durante-um-jogo-do-Palmeiras-640x360.webp 640w, https:\/\/www.gaveanews.com\/wp-content\/uploads\/Abel-Ferreira-e-fotografado-passando-instrucoes-durante-um-jogo-do-Palmeiras-1280x720.webp 1280w, https:\/\/www.gaveanews.com\/wp-content\/uploads\/Abel-Ferreira-e-fotografado-passando-instrucoes-durante-um-jogo-do-Palmeiras-681x383.webp 681w, https:\/\/www.gaveanews.com\/wp-content\/uploads\/Abel-Ferreira-e-fotografado-passando-instrucoes-durante-um-jogo-do-Palmeiras-1362x766.webp 1362w, https:\/\/www.gaveanews.com\/wp-content\/uploads\/Abel-Ferreira-e-fotografado-passando-instrucoes-durante-um-jogo-do-Palmeiras-100x56.webp 100w, https:\/\/www.gaveanews.com\/wp-content\/uploads\/Abel-Ferreira-e-fotografado-passando-instrucoes-durante-um-jogo-do-Palmeiras.webp 1500w\" sizes=\"auto, (max-width: 1024px) 100vw, 1024px\" \/><figcaption class=\"wp-element-caption\">Abel Ferreira \u00e9 fotografado passando instru\u00e7\u00f5es durante um jogo do Palmeiras (Foto: Cesar Greco\/Palmeiras)<\/figcaption><\/figure>\n\n\n\n<p>O Palmeiras enfrenta dificuldades ofensivas evidentes. Para se ter uma ideia, a equipe n\u00e3o marca gols com bola rolando desde a goleada sobre o S\u00e3o Bernardo, nas quartas de final do Paulist\u00e3o.&nbsp;<\/p>\n\n\n\n<p>Desde ent\u00e3o, balan\u00e7ou as redes apenas com um p\u00eanalti convertido por Raphael Veiga contra o S\u00e3o Paulo. Sendo assim, o ataque vem preocupando a torcida e a comiss\u00e3o t\u00e9cnica, que j\u00e1 reconhece a necessidade urgente de mudan\u00e7as.<\/p>\n\n\n\n<p>Dessa maneira, a irrita\u00e7\u00e3o nos bastidores \u00e9 evidente. Isso porque Abel e seus auxiliares n\u00e3o conseguem entregar nos jogos o mesmo desempenho apresentado nos treinamentos. Por isso, o portugu\u00eas e sua comiss\u00e3o v\u00eam buscando alternativas para fazer o time reagir rapidamente.<\/p>\n\n\n\n<h2 class=\"wp-block-heading\" id=\"h-libertadores-pode-ser-o-divisor-de-aguas\">Libertadores pode ser o divisor de \u00e1guas<\/h2>\n\n\n\n<p>Com um calend\u00e1rio cada vez mais exigente, o Verd\u00e3o n\u00e3o tem tempo para lamenta\u00e7\u00f5es. Na pr\u00f3xima quinta-feira (3), estreia na fase de grupos da Libertadores contra o Sporting Cristal, no Peru. Vale destacar que, al\u00e9m do torneio continental, o time ter\u00e1 pela frente compromissos pelo Brasileir\u00e3o e pela Copa do Brasil, o que exige uma recupera\u00e7\u00e3o imediata.<\/p>\n\n\n\n<p>Cabe ressaltar que, em junho, o Palmeiras ainda disputar\u00e1 o Super Mundial de Clubes da FIFA nos Estados Unidos. Portanto, se n\u00e3o houver uma reviravolta, a press\u00e3o pode se tornar insustent\u00e1vel.<\/p>\n\n\n\n<h2 class=\"wp-block-heading\" id=\"h-abel-ferreira-ja-nao-e-unanimidade\">Abel Ferreira j\u00e1 n\u00e3o \u00e9 unanimidade<\/h2>\n\n\n\n<p>Pela primeira vez desde sua chegada, em 2020, Abel Ferreira come\u00e7a a enfrentar questionamentos internos. Isso porque, enquanto a torcida cobra melhor desempenho, parte da diretoria j\u00e1 se incomoda com a falta de repert\u00f3rio t\u00e1tico do treinador.<\/p>\n\n\n\n<p>Com isso, o portugu\u00eas precisa encontrar rapidamente solu\u00e7\u00f5es para reverter a situa\u00e7\u00e3o. Afinal, se os resultados n\u00e3o melhorarem, o clima no clube pode se tornar ainda mais conturbado.<\/p>\n","protected":false},"excerpt":{"rendered":"<p>A fase do Palmeiras est\u00e1 longe de ser tranquila. Ap\u00f3s a dolorosa perda do Campeonato Paulista para o maior rival e uma estreia preocupante no Brasileir\u00e3o, a equipe de Abel Ferreira v\u00ea crescer uma onda de insatisfa\u00e7\u00e3o.&nbsp; Vale destacar que o desempenho t\u00e9cnico abaixo do esperado tem sido alvo de cr\u00edticas, tanto da torcida quanto [&hellip;]<\/p>\n","protected":false},"author":25,"featured_media":142773,"comment_status":"open","ping_status":"closed","sticky":false,"template":"","format":"standard","meta":{"footnotes":""},"categories":[150],"tags":[],"class_list":["post-247971","post","type-post","status-publish","format-standard","has-post-thumbnail","hentry","category-palmeiras"],"yoast_head":"<!-- This site is optimized with the Yoast SEO Premium plugin v24.2 (Yoast SEO v26.9) - https:\/\/yoast.com\/product\/yoast-seo-premium-wordpress\/ -->\n<title>Trabalho de Abel Ferreira come\u00e7a a ser questionado no Palmeiras<\/title>\n<meta name=\"robots\" content=\"index, follow, max-snippet:-1, max-image-preview:large, max-video-preview:-1\" \/>\n<link rel=\"canonical\" href=\"https:\/\/www.gaveanews.com\/index.php\/2025\/04\/02\/trabalho-de-abel-ferreira-comeca-a-ser-questionado-no-palmeiras\/\" \/>\n<meta property=\"og:locale\" content=\"pt_BR\" \/>\n<meta property=\"og:type\" content=\"article\" \/>\n<meta property=\"og:title\" content=\"Trabalho de Abel Ferreira come\u00e7a a ser questionado no Palmeiras\" \/>\n<meta property=\"og:description\" content=\"A fase do Palmeiras est\u00e1 longe de ser tranquila. Ap\u00f3s a dolorosa perda do Campeonato Paulista para o maior rival e uma estreia preocupante no Brasileir\u00e3o, a equipe de Abel Ferreira v\u00ea crescer uma onda de insatisfa\u00e7\u00e3o.&nbsp; Vale destacar que o desempenho t\u00e9cnico abaixo do esperado tem sido alvo de cr\u00edticas, tanto da torcida quanto [&hellip;]\" \/>\n<meta property=\"og:url\" content=\"https:\/\/www.gaveanews.com\/index.php\/2025\/04\/02\/trabalho-de-abel-ferreira-comeca-a-ser-questionado-no-palmeiras\/\" \/>\n<meta property=\"og:site_name\" content=\"G\u00e1vea News\" \/>\n<meta property=\"article:publisher\" content=\"https:\/\/facebook.com\/gaveaNews\/\" \/>\n<meta property=\"article:published_time\" content=\"2025-04-02T18:25:00+00:00\" \/>\n<meta name=\"author\" content=\"Rafaela Ladeira\" \/>\n<meta name=\"twitter:card\" content=\"summary_large_image\" \/>\n<meta name=\"twitter:label1\" content=\"Escrito por\" \/>\n\t<meta name=\"twitter:data1\" content=\"Rafaela Ladeira\" \/>\n\t<meta name=\"twitter:label2\" content=\"Est. tempo de leitura\" \/>\n\t<meta name=\"twitter:data2\" content=\"3 minutos\" \/>\n<script type=\"application\/ld+json\" class=\"yoast-schema-graph\">{\"@context\":\"https:\/\/schema.org\",\"@graph\":[{\"@type\":\"NewsArticle\",\"@id\":\"https:\/\/www.gaveanews.com\/index.php\/2025\/04\/02\/trabalho-de-abel-ferreira-comeca-a-ser-questionado-no-palmeiras\/#article\",\"isPartOf\":{\"@id\":\"https:\/\/www.gaveanews.com\/index.php\/2025\/04\/02\/trabalho-de-abel-ferreira-comeca-a-ser-questionado-no-palmeiras\/\"},\"author\":{\"name\":\"Rafaela Ladeira\",\"@id\":\"https:\/\/www.gaveanews.com\/#\/schema\/person\/0eb3e3fe1754f0205218538adbe8f5ed\"},\"headline\":\"Trabalho de Abel Ferreira come\u00e7a a ser questionado no Palmeiras\",\"datePublished\":\"2025-04-02T18:25:00+00:00\",\"mainEntityOfPage\":{\"@id\":\"https:\/\/www.gaveanews.com\/index.php\/2025\/04\/02\/trabalho-de-abel-ferreira-comeca-a-ser-questionado-no-palmeiras\/\"},\"wordCount\":406,\"commentCount\":0,\"image\":{\"@id\":\"https:\/\/www.gaveanews.com\/index.php\/2025\/04\/02\/trabalho-de-abel-ferreira-comeca-a-ser-questionado-no-palmeiras\/#primaryimage\"},\"thumbnailUrl\":\"https:\/\/www.gaveanews.com\/wp-content\/uploads\/rib2564.avif\",\"articleSection\":[\"Palmeiras\"],\"inLanguage\":\"pt-BR\",\"potentialAction\":[{\"@type\":\"CommentAction\",\"name\":\"Comment\",\"target\":[\"https:\/\/www.gaveanews.com\/index.php\/2025\/04\/02\/trabalho-de-abel-ferreira-comeca-a-ser-questionado-no-palmeiras\/#respond\"]}],\"copyrightYear\":\"2025\",\"copyrightHolder\":{\"@id\":\"https:\/\/www.gaveanews.com\/#organization\"}},{\"@type\":\"WebPage\",\"@id\":\"https:\/\/www.gaveanews.com\/index.php\/2025\/04\/02\/trabalho-de-abel-ferreira-comeca-a-ser-questionado-no-palmeiras\/\",\"url\":\"https:\/\/www.gaveanews.com\/index.php\/2025\/04\/02\/trabalho-de-abel-ferreira-comeca-a-ser-questionado-no-palmeiras\/\",\"name\":\"Trabalho de Abel Ferreira come\u00e7a a ser questionado no Palmeiras\",\"isPartOf\":{\"@id\":\"https:\/\/www.gaveanews.com\/#website\"},\"primaryImageOfPage\":{\"@id\":\"https:\/\/www.gaveanews.com\/index.php\/2025\/04\/02\/trabalho-de-abel-ferreira-comeca-a-ser-questionado-no-palmeiras\/#primaryimage\"},\"image\":{\"@id\":\"https:\/\/www.gaveanews.com\/index.php\/2025\/04\/02\/trabalho-de-abel-ferreira-comeca-a-ser-questionado-no-palmeiras\/#primaryimage\"},\"thumbnailUrl\":\"https:\/\/www.gaveanews.com\/wp-content\/uploads\/rib2564.avif\",\"datePublished\":\"2025-04-02T18:25:00+00:00\",\"author\":{\"@id\":\"https:\/\/www.gaveanews.com\/#\/schema\/person\/0eb3e3fe1754f0205218538adbe8f5ed\"},\"breadcrumb\":{\"@id\":\"https:\/\/www.gaveanews.com\/index.php\/2025\/04\/02\/trabalho-de-abel-ferreira-comeca-a-ser-questionado-no-palmeiras\/#breadcrumb\"},\"inLanguage\":\"pt-BR\",\"potentialAction\":[{\"@type\":\"ReadAction\",\"target\":[\"https:\/\/www.gaveanews.com\/index.php\/2025\/04\/02\/trabalho-de-abel-ferreira-comeca-a-ser-questionado-no-palmeiras\/\"]}]},{\"@type\":\"ImageObject\",\"inLanguage\":\"pt-BR\",\"@id\":\"https:\/\/www.gaveanews.com\/index.php\/2025\/04\/02\/trabalho-de-abel-ferreira-comeca-a-ser-questionado-no-palmeiras\/#primaryimage\",\"url\":\"https:\/\/www.gaveanews.com\/wp-content\/uploads\/rib2564.avif\",\"contentUrl\":\"https:\/\/www.gaveanews.com\/wp-content\/uploads\/rib2564.avif\",\"width\":984,\"height\":677,\"caption\":\"Abel Ferreira em Palmeiras x Athletico \u2014 Foto: Marcos Ribolli\"},{\"@type\":\"BreadcrumbList\",\"@id\":\"https:\/\/www.gaveanews.com\/index.php\/2025\/04\/02\/trabalho-de-abel-ferreira-comeca-a-ser-questionado-no-palmeiras\/#breadcrumb\",\"itemListElement\":[{\"@type\":\"ListItem\",\"position\":1,\"name\":\"Home\",\"item\":\"https:\/\/www.gaveanews.com\/\"},{\"@type\":\"ListItem\",\"position\":2,\"name\":\"Trabalho de Abel Ferreira come\u00e7a a ser questionado no Palmeiras\"}]},{\"@type\":\"WebSite\",\"@id\":\"https:\/\/www.gaveanews.com\/#website\",\"url\":\"https:\/\/www.gaveanews.com\/\",\"name\":\"G\u00e1vea News\",\"description\":\"Veja todas as not\u00edcias sobre o Flamengo: Contrata\u00e7\u00f5es, categorias de base, resultados das partidas, tabela de classifica\u00e7\u00e3o, pr\u00f3ximos jogos!\",\"potentialAction\":[{\"@type\":\"SearchAction\",\"target\":{\"@type\":\"EntryPoint\",\"urlTemplate\":\"https:\/\/www.gaveanews.com\/?s={search_term_string}\"},\"query-input\":{\"@type\":\"PropertyValueSpecification\",\"valueRequired\":true,\"valueName\":\"search_term_string\"}}],\"inLanguage\":\"pt-BR\"},{\"@type\":\"Person\",\"@id\":\"https:\/\/www.gaveanews.com\/#\/schema\/person\/0eb3e3fe1754f0205218538adbe8f5ed\",\"name\":\"Rafaela Ladeira\",\"image\":{\"@type\":\"ImageObject\",\"inLanguage\":\"pt-BR\",\"@id\":\"https:\/\/www.gaveanews.com\/#\/schema\/person\/image\/\",\"url\":\"https:\/\/secure.gravatar.com\/avatar\/c31f513acffd85eacab5730cbdfdbbf59f21ba5aeada8cd890acea879fbb2455?s=96&d=mm&r=g\",\"contentUrl\":\"https:\/\/secure.gravatar.com\/avatar\/c31f513acffd85eacab5730cbdfdbbf59f21ba5aeada8cd890acea879fbb2455?s=96&d=mm&r=g\",\"caption\":\"Rafaela Ladeira\"}}]}<\/script>\n<!-- \/ Yoast SEO Premium plugin. -->","yoast_head_json":{"title":"Trabalho de Abel Ferreira come\u00e7a a ser questionado no Palmeiras","robots":{"index":"index","follow":"follow","max-snippet":"max-snippet:-1","max-image-preview":"max-image-preview:large","max-video-preview":"max-video-preview:-1"},"canonical":"https:\/\/www.gaveanews.com\/index.php\/2025\/04\/02\/trabalho-de-abel-ferreira-comeca-a-ser-questionado-no-palmeiras\/","og_locale":"pt_BR","og_type":"article","og_title":"Trabalho de Abel Ferreira come\u00e7a a ser questionado no Palmeiras","og_description":"A fase do Palmeiras est\u00e1 longe de ser tranquila. Ap\u00f3s a dolorosa perda do Campeonato Paulista para o maior rival e uma estreia preocupante no Brasileir\u00e3o, a equipe de Abel Ferreira v\u00ea crescer uma onda de insatisfa\u00e7\u00e3o.&nbsp; Vale destacar que o desempenho t\u00e9cnico abaixo do esperado tem sido alvo de cr\u00edticas, tanto da torcida quanto [&hellip;]","og_url":"https:\/\/www.gaveanews.com\/index.php\/2025\/04\/02\/trabalho-de-abel-ferreira-comeca-a-ser-questionado-no-palmeiras\/","og_site_name":"G\u00e1vea News","article_publisher":"https:\/\/facebook.com\/gaveaNews\/","article_published_time":"2025-04-02T18:25:00+00:00","author":"Rafaela Ladeira","twitter_card":"summary_large_image","twitter_misc":{"Escrito por":"Rafaela Ladeira","Est. tempo de leitura":"3 minutos"},"schema":{"@context":"https:\/\/schema.org","@graph":[{"@type":"NewsArticle","@id":"https:\/\/www.gaveanews.com\/index.php\/2025\/04\/02\/trabalho-de-abel-ferreira-comeca-a-ser-questionado-no-palmeiras\/#article","isPartOf":{"@id":"https:\/\/www.gaveanews.com\/index.php\/2025\/04\/02\/trabalho-de-abel-ferreira-comeca-a-ser-questionado-no-palmeiras\/"},"author":{"name":"Rafaela Ladeira","@id":"https:\/\/www.gaveanews.com\/#\/schema\/person\/0eb3e3fe1754f0205218538adbe8f5ed"},"headline":"Trabalho de Abel Ferreira come\u00e7a a ser questionado no Palmeiras","datePublished":"2025-04-02T18:25:00+00:00","mainEntityOfPage":{"@id":"https:\/\/www.gaveanews.com\/index.php\/2025\/04\/02\/trabalho-de-abel-ferreira-comeca-a-ser-questionado-no-palmeiras\/"},"wordCount":406,"commentCount":0,"image":{"@id":"https:\/\/www.gaveanews.com\/index.php\/2025\/04\/02\/trabalho-de-abel-ferreira-comeca-a-ser-questionado-no-palmeiras\/#primaryimage"},"thumbnailUrl":"https:\/\/www.gaveanews.com\/wp-content\/uploads\/rib2564.avif","articleSection":["Palmeiras"],"inLanguage":"pt-BR","potentialAction":[{"@type":"CommentAction","name":"Comment","target":["https:\/\/www.gaveanews.com\/index.php\/2025\/04\/02\/trabalho-de-abel-ferreira-comeca-a-ser-questionado-no-palmeiras\/#respond"]}],"copyrightYear":"2025","copyrightHolder":{"@id":"https:\/\/www.gaveanews.com\/#organization"}},{"@type":"WebPage","@id":"https:\/\/www.gaveanews.com\/index.php\/2025\/04\/02\/trabalho-de-abel-ferreira-comeca-a-ser-questionado-no-palmeiras\/","url":"https:\/\/www.gaveanews.com\/index.php\/2025\/04\/02\/trabalho-de-abel-ferreira-comeca-a-ser-questionado-no-palmeiras\/","name":"Trabalho de Abel Ferreira come\u00e7a a ser questionado no Palmeiras","isPartOf":{"@id":"https:\/\/www.gaveanews.com\/#website"},"primaryImageOfPage":{"@id":"https:\/\/www.gaveanews.com\/index.php\/2025\/04\/02\/trabalho-de-abel-ferreira-comeca-a-ser-questionado-no-palmeiras\/#primaryimage"},"image":{"@id":"https:\/\/www.gaveanews.com\/index.php\/2025\/04\/02\/trabalho-de-abel-ferreira-comeca-a-ser-questionado-no-palmeiras\/#primaryimage"},"thumbnailUrl":"https:\/\/www.gaveanews.com\/wp-content\/uploads\/rib2564.avif","datePublished":"2025-04-02T18:25:00+00:00","author":{"@id":"https:\/\/www.gaveanews.com\/#\/schema\/person\/0eb3e3fe1754f0205218538adbe8f5ed"},"breadcrumb":{"@id":"https:\/\/www.gaveanews.com\/index.php\/2025\/04\/02\/trabalho-de-abel-ferreira-comeca-a-ser-questionado-no-palmeiras\/#breadcrumb"},"inLanguage":"pt-BR","potentialAction":[{"@type":"ReadAction","target":["https:\/\/www.gaveanews.com\/index.php\/2025\/04\/02\/trabalho-de-abel-ferreira-comeca-a-ser-questionado-no-palmeiras\/"]}]},{"@type":"ImageObject","inLanguage":"pt-BR","@id":"https:\/\/www.gaveanews.com\/index.php\/2025\/04\/02\/trabalho-de-abel-ferreira-comeca-a-ser-questionado-no-palmeiras\/#primaryimage","url":"https:\/\/www.gaveanews.com\/wp-content\/uploads\/rib2564.avif","contentUrl":"https:\/\/www.gaveanews.com\/wp-content\/uploads\/rib2564.avif","width":984,"height":677,"caption":"Abel Ferreira em Palmeiras x Athletico \u2014 Foto: Marcos Ribolli"},{"@type":"BreadcrumbList","@id":"https:\/\/www.gaveanews.com\/index.php\/2025\/04\/02\/trabalho-de-abel-ferreira-comeca-a-ser-questionado-no-palmeiras\/#breadcrumb","itemListElement":[{"@type":"ListItem","position":1,"name":"Home","item":"https:\/\/www.gaveanews.com\/"},{"@type":"ListItem","position":2,"name":"Trabalho de Abel Ferreira come\u00e7a a ser questionado no Palmeiras"}]},{"@type":"WebSite","@id":"https:\/\/www.gaveanews.com\/#website","url":"https:\/\/www.gaveanews.com\/","name":"G\u00e1vea News","description":"Veja todas as not\u00edcias sobre o Flamengo: Contrata\u00e7\u00f5es, categorias de base, resultados das partidas, tabela de classifica\u00e7\u00e3o, pr\u00f3ximos jogos!","potentialAction":[{"@type":"SearchAction","target":{"@type":"EntryPoint","urlTemplate":"https:\/\/www.gaveanews.com\/?s={search_term_string}"},"query-input":{"@type":"PropertyValueSpecification","valueRequired":true,"valueName":"search_term_string"}}],"inLanguage":"pt-BR"},{"@type":"Person","@id":"https:\/\/www.gaveanews.com\/#\/schema\/person\/0eb3e3fe1754f0205218538adbe8f5ed","name":"Rafaela Ladeira","image":{"@type":"ImageObject","inLanguage":"pt-BR","@id":"https:\/\/www.gaveanews.com\/#\/schema\/person\/image\/","url":"https:\/\/secure.gravatar.com\/avatar\/c31f513acffd85eacab5730cbdfdbbf59f21ba5aeada8cd890acea879fbb2455?s=96&d=mm&r=g","contentUrl":"https:\/\/secure.gravatar.com\/avatar\/c31f513acffd85eacab5730cbdfdbbf59f21ba5aeada8cd890acea879fbb2455?s=96&d=mm&r=g","caption":"Rafaela Ladeira"}}]}},"_links":{"self":[{"href":"https:\/\/www.gaveanews.com\/index.php\/wp-json\/wp\/v2\/posts\/247971","targetHints":{"allow":["GET"]}}],"collection":[{"href":"https:\/\/www.gaveanews.com\/index.php\/wp-json\/wp\/v2\/posts"}],"about":[{"href":"https:\/\/www.gaveanews.com\/index.php\/wp-json\/wp\/v2\/types\/post"}],"author":[{"embeddable":true,"href":"https:\/\/www.gaveanews.com\/index.php\/wp-json\/wp\/v2\/users\/25"}],"replies":[{"embeddable":true,"href":"https:\/\/www.gaveanews.com\/index.php\/wp-json\/wp\/v2\/comments?post=247971"}],"version-history":[{"count":1,"href":"https:\/\/www.gaveanews.com\/index.php\/wp-json\/wp\/v2\/posts\/247971\/revisions"}],"predecessor-version":[{"id":247972,"href":"https:\/\/www.gaveanews.com\/index.php\/wp-json\/wp\/v2\/posts\/247971\/revisions\/247972"}],"wp:featuredmedia":[{"embeddable":true,"href":"https:\/\/www.gaveanews.com\/index.php\/wp-json\/wp\/v2\/media\/142773"}],"wp:attachment":[{"href":"https:\/\/www.gaveanews.com\/index.php\/wp-json\/wp\/v2\/media?parent=247971"}],"wp:term":[{"taxonomy":"category","embeddable":true,"href":"https:\/\/www.gaveanews.com\/index.php\/wp-json\/wp\/v2\/categories?post=247971"},{"taxonomy":"post_tag","embeddable":true,"href":"https:\/\/www.gaveanews.com\/index.php\/wp-json\/wp\/v2\/tags?post=247971"}],"curies":[{"name":"wp","href":"https:\/\/api.w.org\/{rel}","templated":true}]}}