{"id":247975,"date":"2025-04-02T15:40:00","date_gmt":"2025-04-02T18:40:00","guid":{"rendered":"https:\/\/www.gaveanews.com\/?p=247975"},"modified":"2025-04-02T13:13:52","modified_gmt":"2025-04-02T16:13:52","slug":"gremio-define-futuro-de-cristaldo-e-informa-marcelo-teixeira-do-santos","status":"publish","type":"post","link":"https:\/\/www.gaveanews.com\/index.php\/2025\/04\/02\/gremio-define-futuro-de-cristaldo-e-informa-marcelo-teixeira-do-santos\/","title":{"rendered":"Gr\u00eamio define futuro de Cristaldo e informa Marcelo Teixeira, do Santos"},"content":{"rendered":"\n<p>O Santos segue trabalhando para refor\u00e7ar o elenco em 2025. Ap\u00f3s oficializar o retorno de Neymar, a diretoria busca outras pe\u00e7as que possam elevar o n\u00edvel da equipe ao longo da temporada. A principal meta \u00e9 equilibrar o grupo, garantindo competitividade em todos os setores do campo.<\/p>\n\n\n\n<p>Um dos nomes que despertaram interesse foi o do meio-campista Cristaldo, atualmente no Gr\u00eamio. A diretoria santista considerava o jogador como uma op\u00e7\u00e3o valiosa para dar mais profundidade ao setor de cria\u00e7\u00e3o. Contudo, esbarrou na resist\u00eancia do clube ga\u00facho, que n\u00e3o se mostrou disposto a abrir negocia\u00e7\u00f5es.<\/p>\n\n\n\n<figure class=\"wp-block-image size-full\"><img loading=\"lazy\" decoding=\"async\" width=\"740\" height=\"416\" src=\"http:\/\/www.gaveanews.com\/wp-content\/uploads\/image-2024-06-22T183004.202.webp\" alt=\"\" class=\"wp-image-148899\" srcset=\"https:\/\/www.gaveanews.com\/wp-content\/uploads\/image-2024-06-22T183004.202.webp 740w, https:\/\/www.gaveanews.com\/wp-content\/uploads\/image-2024-06-22T183004.202-300x169.webp 300w, https:\/\/www.gaveanews.com\/wp-content\/uploads\/image-2024-06-22T183004.202-640x360.webp 640w, https:\/\/www.gaveanews.com\/wp-content\/uploads\/image-2024-06-22T183004.202-681x383.webp 681w, https:\/\/www.gaveanews.com\/wp-content\/uploads\/image-2024-06-22T183004.202-100x56.webp 100w\" sizes=\"auto, (max-width: 740px) 100vw, 740px\" \/><figcaption class=\"wp-element-caption\">Marcelo Teixeira-  Foto: Raul Baretta\/ Santos FC<\/figcaption><\/figure>\n\n\n\n<p>Marcelo Teixeira, presidente do Santos, foi informado oficialmente da posi\u00e7\u00e3o gremista. Conforme apurado, o Gr\u00eamio n\u00e3o deseja liberar Cristaldo por entender que o jogador \u00e9 uma pe\u00e7a estrat\u00e9gica dentro do elenco. &#8220;Ele \u00e9 visto como fundamental para a sequ\u00eancia do nosso planejamento&#8221;, foi o que dirigentes do clube ga\u00facho teriam repassado ao presidente santista.<\/p>\n\n\n\n<p>Ali\u00e1s, h\u00e1 ainda outro fator que pesa na recusa: o Gr\u00eamio n\u00e3o tem interesse em refor\u00e7ar um concorrente direto no cen\u00e1rio nacional. A decis\u00e3o \u00e9 encarada com naturalidade pelos dirigentes do Santos, que, embora sigam atentos a oportunidades, compreendem os limites das negocia\u00e7\u00f5es entre grandes clubes do pa\u00eds.<\/p>\n\n\n\n<p>Ainda assim, o nome de Cristaldo n\u00e3o foi descartado por completo. O Alvinegro Praiano segue observando os desdobramentos da situa\u00e7\u00e3o, mas tamb\u00e9m j\u00e1 iniciou contatos com outros atletas que possam cumprir fun\u00e7\u00e3o semelhante. &#8220;Estamos atentos ao mercado, com cautela e responsabilidade&#8221;, destacou um dirigente santista em condi\u00e7\u00e3o de anonimato.<\/p>\n\n\n\n<p>Enquanto isso, o time segue em prepara\u00e7\u00e3o para os compromissos do Campeonato Brasileiro, buscando corrigir as falhas identificadas na elimina\u00e7\u00e3o do Campeonato Paulista. Afinal, a meta \u00e9 construir um elenco competitivo, capaz de entregar regularidade e boas atua\u00e7\u00f5es ao longo da temporada.<\/p>\n\n\n\n<p>Apesar das dificuldades enfrentadas na tentativa por Cristaldo, o Santos mant\u00e9m sua postura ativa no mercado de transfer\u00eancias. O clube entende que refor\u00e7ar o setor de meio-campo \u00e9 uma das prioridades do planejamento atual, principalmente diante da exigente maratona de jogos prevista para o segundo semestre. Assim sendo, novas reuni\u00f5es devem ocorrer nos pr\u00f3ximos dias a fim de definir os pr\u00f3ximos passos da diretoria alvinegra.<\/p>\n","protected":false},"excerpt":{"rendered":"<p>O Santos segue trabalhando para refor\u00e7ar o elenco em 2025. Ap\u00f3s oficializar o retorno de Neymar, a diretoria busca outras pe\u00e7as que possam elevar o n\u00edvel da equipe ao longo da temporada. A principal meta \u00e9 equilibrar o grupo, garantindo competitividade em todos os setores do campo. Um dos nomes que despertaram interesse foi o [&hellip;]<\/p>\n","protected":false},"author":33,"featured_media":169834,"comment_status":"open","ping_status":"closed","sticky":false,"template":"","format":"standard","meta":{"footnotes":""},"categories":[147,139],"tags":[],"class_list":["post-247975","post","type-post","status-publish","format-standard","has-post-thumbnail","hentry","category-gremio","category-santos"],"yoast_head":"<!-- This site is optimized with the Yoast SEO Premium plugin v24.2 (Yoast SEO v26.9) - https:\/\/yoast.com\/product\/yoast-seo-premium-wordpress\/ -->\n<title>Gr\u00eamio define futuro de Cristaldo e informa Marcelo Teixeira, do Santos<\/title>\n<meta name=\"robots\" content=\"index, follow, max-snippet:-1, max-image-preview:large, max-video-preview:-1\" \/>\n<link rel=\"canonical\" href=\"https:\/\/www.gaveanews.com\/index.php\/2025\/04\/02\/gremio-define-futuro-de-cristaldo-e-informa-marcelo-teixeira-do-santos\/\" \/>\n<meta property=\"og:locale\" content=\"pt_BR\" \/>\n<meta property=\"og:type\" content=\"article\" \/>\n<meta property=\"og:title\" content=\"Gr\u00eamio define futuro de Cristaldo e informa Marcelo Teixeira, do Santos\" \/>\n<meta property=\"og:description\" content=\"O Santos segue trabalhando para refor\u00e7ar o elenco em 2025. Ap\u00f3s oficializar o retorno de Neymar, a diretoria busca outras pe\u00e7as que possam elevar o n\u00edvel da equipe ao longo da temporada. A principal meta \u00e9 equilibrar o grupo, garantindo competitividade em todos os setores do campo. Um dos nomes que despertaram interesse foi o [&hellip;]\" \/>\n<meta property=\"og:url\" content=\"https:\/\/www.gaveanews.com\/index.php\/2025\/04\/02\/gremio-define-futuro-de-cristaldo-e-informa-marcelo-teixeira-do-santos\/\" \/>\n<meta property=\"og:site_name\" content=\"G\u00e1vea News\" \/>\n<meta property=\"article:publisher\" content=\"https:\/\/facebook.com\/gaveaNews\/\" \/>\n<meta property=\"article:published_time\" content=\"2025-04-02T18:40:00+00:00\" \/>\n<meta property=\"og:image\" content=\"https:\/\/www.gaveanews.com\/wp-content\/uploads\/Cristaldo-pelo-Gremio.webp\" \/>\n\t<meta property=\"og:image:width\" content=\"984\" \/>\n\t<meta property=\"og:image:height\" content=\"657\" \/>\n\t<meta property=\"og:image:type\" content=\"image\/jpeg\" \/>\n<meta name=\"author\" content=\"Brenda Cezillo\" \/>\n<meta name=\"twitter:card\" content=\"summary_large_image\" \/>\n<meta name=\"twitter:label1\" content=\"Escrito por\" \/>\n\t<meta name=\"twitter:data1\" content=\"Brenda Cezillo\" \/>\n\t<meta name=\"twitter:label2\" content=\"Est. tempo de leitura\" \/>\n\t<meta name=\"twitter:data2\" content=\"3 minutos\" \/>\n<script type=\"application\/ld+json\" class=\"yoast-schema-graph\">{\"@context\":\"https:\/\/schema.org\",\"@graph\":[{\"@type\":\"NewsArticle\",\"@id\":\"https:\/\/www.gaveanews.com\/index.php\/2025\/04\/02\/gremio-define-futuro-de-cristaldo-e-informa-marcelo-teixeira-do-santos\/#article\",\"isPartOf\":{\"@id\":\"https:\/\/www.gaveanews.com\/index.php\/2025\/04\/02\/gremio-define-futuro-de-cristaldo-e-informa-marcelo-teixeira-do-santos\/\"},\"author\":{\"name\":\"Brenda Cezillo\",\"@id\":\"https:\/\/www.gaveanews.com\/#\/schema\/person\/c79759ca337c40791ae8d08e2923d403\"},\"headline\":\"Gr\u00eamio define futuro de Cristaldo e informa Marcelo Teixeira, do Santos\",\"datePublished\":\"2025-04-02T18:40:00+00:00\",\"mainEntityOfPage\":{\"@id\":\"https:\/\/www.gaveanews.com\/index.php\/2025\/04\/02\/gremio-define-futuro-de-cristaldo-e-informa-marcelo-teixeira-do-santos\/\"},\"wordCount\":404,\"commentCount\":0,\"image\":{\"@id\":\"https:\/\/www.gaveanews.com\/index.php\/2025\/04\/02\/gremio-define-futuro-de-cristaldo-e-informa-marcelo-teixeira-do-santos\/#primaryimage\"},\"thumbnailUrl\":\"https:\/\/www.gaveanews.com\/wp-content\/uploads\/Cristaldo-pelo-Gremio.webp\",\"articleSection\":[\"Gr\u00eamio\",\"Santos\"],\"inLanguage\":\"pt-BR\",\"potentialAction\":[{\"@type\":\"CommentAction\",\"name\":\"Comment\",\"target\":[\"https:\/\/www.gaveanews.com\/index.php\/2025\/04\/02\/gremio-define-futuro-de-cristaldo-e-informa-marcelo-teixeira-do-santos\/#respond\"]}],\"copyrightYear\":\"2025\",\"copyrightHolder\":{\"@id\":\"https:\/\/www.gaveanews.com\/#organization\"}},{\"@type\":\"WebPage\",\"@id\":\"https:\/\/www.gaveanews.com\/index.php\/2025\/04\/02\/gremio-define-futuro-de-cristaldo-e-informa-marcelo-teixeira-do-santos\/\",\"url\":\"https:\/\/www.gaveanews.com\/index.php\/2025\/04\/02\/gremio-define-futuro-de-cristaldo-e-informa-marcelo-teixeira-do-santos\/\",\"name\":\"Gr\u00eamio define futuro de Cristaldo e informa Marcelo Teixeira, do Santos\",\"isPartOf\":{\"@id\":\"https:\/\/www.gaveanews.com\/#website\"},\"primaryImageOfPage\":{\"@id\":\"https:\/\/www.gaveanews.com\/index.php\/2025\/04\/02\/gremio-define-futuro-de-cristaldo-e-informa-marcelo-teixeira-do-santos\/#primaryimage\"},\"image\":{\"@id\":\"https:\/\/www.gaveanews.com\/index.php\/2025\/04\/02\/gremio-define-futuro-de-cristaldo-e-informa-marcelo-teixeira-do-santos\/#primaryimage\"},\"thumbnailUrl\":\"https:\/\/www.gaveanews.com\/wp-content\/uploads\/Cristaldo-pelo-Gremio.webp\",\"datePublished\":\"2025-04-02T18:40:00+00:00\",\"author\":{\"@id\":\"https:\/\/www.gaveanews.com\/#\/schema\/person\/c79759ca337c40791ae8d08e2923d403\"},\"breadcrumb\":{\"@id\":\"https:\/\/www.gaveanews.com\/index.php\/2025\/04\/02\/gremio-define-futuro-de-cristaldo-e-informa-marcelo-teixeira-do-santos\/#breadcrumb\"},\"inLanguage\":\"pt-BR\",\"potentialAction\":[{\"@type\":\"ReadAction\",\"target\":[\"https:\/\/www.gaveanews.com\/index.php\/2025\/04\/02\/gremio-define-futuro-de-cristaldo-e-informa-marcelo-teixeira-do-santos\/\"]}]},{\"@type\":\"ImageObject\",\"inLanguage\":\"pt-BR\",\"@id\":\"https:\/\/www.gaveanews.com\/index.php\/2025\/04\/02\/gremio-define-futuro-de-cristaldo-e-informa-marcelo-teixeira-do-santos\/#primaryimage\",\"url\":\"https:\/\/www.gaveanews.com\/wp-content\/uploads\/Cristaldo-pelo-Gremio.webp\",\"contentUrl\":\"https:\/\/www.gaveanews.com\/wp-content\/uploads\/Cristaldo-pelo-Gremio.webp\",\"width\":984,\"height\":657,\"caption\":\"Cristaldo pelo Gr\u00eamio (Foto: Lucas Uebel\/Gr\u00eamio)\"},{\"@type\":\"BreadcrumbList\",\"@id\":\"https:\/\/www.gaveanews.com\/index.php\/2025\/04\/02\/gremio-define-futuro-de-cristaldo-e-informa-marcelo-teixeira-do-santos\/#breadcrumb\",\"itemListElement\":[{\"@type\":\"ListItem\",\"position\":1,\"name\":\"Home\",\"item\":\"https:\/\/www.gaveanews.com\/\"},{\"@type\":\"ListItem\",\"position\":2,\"name\":\"Gr\u00eamio define futuro de Cristaldo e informa Marcelo Teixeira, do Santos\"}]},{\"@type\":\"WebSite\",\"@id\":\"https:\/\/www.gaveanews.com\/#website\",\"url\":\"https:\/\/www.gaveanews.com\/\",\"name\":\"G\u00e1vea News\",\"description\":\"Veja todas as not\u00edcias sobre o Flamengo: Contrata\u00e7\u00f5es, categorias de base, resultados das partidas, tabela de classifica\u00e7\u00e3o, pr\u00f3ximos jogos!\",\"potentialAction\":[{\"@type\":\"SearchAction\",\"target\":{\"@type\":\"EntryPoint\",\"urlTemplate\":\"https:\/\/www.gaveanews.com\/?s={search_term_string}\"},\"query-input\":{\"@type\":\"PropertyValueSpecification\",\"valueRequired\":true,\"valueName\":\"search_term_string\"}}],\"inLanguage\":\"pt-BR\"},{\"@type\":\"Person\",\"@id\":\"https:\/\/www.gaveanews.com\/#\/schema\/person\/c79759ca337c40791ae8d08e2923d403\",\"name\":\"Brenda Cezillo\",\"image\":{\"@type\":\"ImageObject\",\"inLanguage\":\"pt-BR\",\"@id\":\"https:\/\/www.gaveanews.com\/#\/schema\/person\/image\/\",\"url\":\"https:\/\/secure.gravatar.com\/avatar\/1738d75cee7317f9c29ae61dd67620c5883d80a92e42a6fff88ae5d527af217a?s=96&d=mm&r=g\",\"contentUrl\":\"https:\/\/secure.gravatar.com\/avatar\/1738d75cee7317f9c29ae61dd67620c5883d80a92e42a6fff88ae5d527af217a?s=96&d=mm&r=g\",\"caption\":\"Brenda Cezillo\"}}]}<\/script>\n<!-- \/ Yoast SEO Premium plugin. -->","yoast_head_json":{"title":"Gr\u00eamio define futuro de Cristaldo e informa Marcelo Teixeira, do Santos","robots":{"index":"index","follow":"follow","max-snippet":"max-snippet:-1","max-image-preview":"max-image-preview:large","max-video-preview":"max-video-preview:-1"},"canonical":"https:\/\/www.gaveanews.com\/index.php\/2025\/04\/02\/gremio-define-futuro-de-cristaldo-e-informa-marcelo-teixeira-do-santos\/","og_locale":"pt_BR","og_type":"article","og_title":"Gr\u00eamio define futuro de Cristaldo e informa Marcelo Teixeira, do Santos","og_description":"O Santos segue trabalhando para refor\u00e7ar o elenco em 2025. Ap\u00f3s oficializar o retorno de Neymar, a diretoria busca outras pe\u00e7as que possam elevar o n\u00edvel da equipe ao longo da temporada. A principal meta \u00e9 equilibrar o grupo, garantindo competitividade em todos os setores do campo. Um dos nomes que despertaram interesse foi o [&hellip;]","og_url":"https:\/\/www.gaveanews.com\/index.php\/2025\/04\/02\/gremio-define-futuro-de-cristaldo-e-informa-marcelo-teixeira-do-santos\/","og_site_name":"G\u00e1vea News","article_publisher":"https:\/\/facebook.com\/gaveaNews\/","article_published_time":"2025-04-02T18:40:00+00:00","og_image":[{"width":984,"height":657,"url":"https:\/\/www.gaveanews.com\/wp-content\/uploads\/Cristaldo-pelo-Gremio.webp","type":"image\/jpeg"}],"author":"Brenda Cezillo","twitter_card":"summary_large_image","twitter_misc":{"Escrito por":"Brenda Cezillo","Est. tempo de leitura":"3 minutos"},"schema":{"@context":"https:\/\/schema.org","@graph":[{"@type":"NewsArticle","@id":"https:\/\/www.gaveanews.com\/index.php\/2025\/04\/02\/gremio-define-futuro-de-cristaldo-e-informa-marcelo-teixeira-do-santos\/#article","isPartOf":{"@id":"https:\/\/www.gaveanews.com\/index.php\/2025\/04\/02\/gremio-define-futuro-de-cristaldo-e-informa-marcelo-teixeira-do-santos\/"},"author":{"name":"Brenda Cezillo","@id":"https:\/\/www.gaveanews.com\/#\/schema\/person\/c79759ca337c40791ae8d08e2923d403"},"headline":"Gr\u00eamio define futuro de Cristaldo e informa Marcelo Teixeira, do Santos","datePublished":"2025-04-02T18:40:00+00:00","mainEntityOfPage":{"@id":"https:\/\/www.gaveanews.com\/index.php\/2025\/04\/02\/gremio-define-futuro-de-cristaldo-e-informa-marcelo-teixeira-do-santos\/"},"wordCount":404,"commentCount":0,"image":{"@id":"https:\/\/www.gaveanews.com\/index.php\/2025\/04\/02\/gremio-define-futuro-de-cristaldo-e-informa-marcelo-teixeira-do-santos\/#primaryimage"},"thumbnailUrl":"https:\/\/www.gaveanews.com\/wp-content\/uploads\/Cristaldo-pelo-Gremio.webp","articleSection":["Gr\u00eamio","Santos"],"inLanguage":"pt-BR","potentialAction":[{"@type":"CommentAction","name":"Comment","target":["https:\/\/www.gaveanews.com\/index.php\/2025\/04\/02\/gremio-define-futuro-de-cristaldo-e-informa-marcelo-teixeira-do-santos\/#respond"]}],"copyrightYear":"2025","copyrightHolder":{"@id":"https:\/\/www.gaveanews.com\/#organization"}},{"@type":"WebPage","@id":"https:\/\/www.gaveanews.com\/index.php\/2025\/04\/02\/gremio-define-futuro-de-cristaldo-e-informa-marcelo-teixeira-do-santos\/","url":"https:\/\/www.gaveanews.com\/index.php\/2025\/04\/02\/gremio-define-futuro-de-cristaldo-e-informa-marcelo-teixeira-do-santos\/","name":"Gr\u00eamio define futuro de Cristaldo e informa Marcelo Teixeira, do Santos","isPartOf":{"@id":"https:\/\/www.gaveanews.com\/#website"},"primaryImageOfPage":{"@id":"https:\/\/www.gaveanews.com\/index.php\/2025\/04\/02\/gremio-define-futuro-de-cristaldo-e-informa-marcelo-teixeira-do-santos\/#primaryimage"},"image":{"@id":"https:\/\/www.gaveanews.com\/index.php\/2025\/04\/02\/gremio-define-futuro-de-cristaldo-e-informa-marcelo-teixeira-do-santos\/#primaryimage"},"thumbnailUrl":"https:\/\/www.gaveanews.com\/wp-content\/uploads\/Cristaldo-pelo-Gremio.webp","datePublished":"2025-04-02T18:40:00+00:00","author":{"@id":"https:\/\/www.gaveanews.com\/#\/schema\/person\/c79759ca337c40791ae8d08e2923d403"},"breadcrumb":{"@id":"https:\/\/www.gaveanews.com\/index.php\/2025\/04\/02\/gremio-define-futuro-de-cristaldo-e-informa-marcelo-teixeira-do-santos\/#breadcrumb"},"inLanguage":"pt-BR","potentialAction":[{"@type":"ReadAction","target":["https:\/\/www.gaveanews.com\/index.php\/2025\/04\/02\/gremio-define-futuro-de-cristaldo-e-informa-marcelo-teixeira-do-santos\/"]}]},{"@type":"ImageObject","inLanguage":"pt-BR","@id":"https:\/\/www.gaveanews.com\/index.php\/2025\/04\/02\/gremio-define-futuro-de-cristaldo-e-informa-marcelo-teixeira-do-santos\/#primaryimage","url":"https:\/\/www.gaveanews.com\/wp-content\/uploads\/Cristaldo-pelo-Gremio.webp","contentUrl":"https:\/\/www.gaveanews.com\/wp-content\/uploads\/Cristaldo-pelo-Gremio.webp","width":984,"height":657,"caption":"Cristaldo pelo Gr\u00eamio (Foto: Lucas Uebel\/Gr\u00eamio)"},{"@type":"BreadcrumbList","@id":"https:\/\/www.gaveanews.com\/index.php\/2025\/04\/02\/gremio-define-futuro-de-cristaldo-e-informa-marcelo-teixeira-do-santos\/#breadcrumb","itemListElement":[{"@type":"ListItem","position":1,"name":"Home","item":"https:\/\/www.gaveanews.com\/"},{"@type":"ListItem","position":2,"name":"Gr\u00eamio define futuro de Cristaldo e informa Marcelo Teixeira, do Santos"}]},{"@type":"WebSite","@id":"https:\/\/www.gaveanews.com\/#website","url":"https:\/\/www.gaveanews.com\/","name":"G\u00e1vea News","description":"Veja todas as not\u00edcias sobre o Flamengo: Contrata\u00e7\u00f5es, categorias de base, resultados das partidas, tabela de classifica\u00e7\u00e3o, pr\u00f3ximos jogos!","potentialAction":[{"@type":"SearchAction","target":{"@type":"EntryPoint","urlTemplate":"https:\/\/www.gaveanews.com\/?s={search_term_string}"},"query-input":{"@type":"PropertyValueSpecification","valueRequired":true,"valueName":"search_term_string"}}],"inLanguage":"pt-BR"},{"@type":"Person","@id":"https:\/\/www.gaveanews.com\/#\/schema\/person\/c79759ca337c40791ae8d08e2923d403","name":"Brenda Cezillo","image":{"@type":"ImageObject","inLanguage":"pt-BR","@id":"https:\/\/www.gaveanews.com\/#\/schema\/person\/image\/","url":"https:\/\/secure.gravatar.com\/avatar\/1738d75cee7317f9c29ae61dd67620c5883d80a92e42a6fff88ae5d527af217a?s=96&d=mm&r=g","contentUrl":"https:\/\/secure.gravatar.com\/avatar\/1738d75cee7317f9c29ae61dd67620c5883d80a92e42a6fff88ae5d527af217a?s=96&d=mm&r=g","caption":"Brenda Cezillo"}}]}},"_links":{"self":[{"href":"https:\/\/www.gaveanews.com\/index.php\/wp-json\/wp\/v2\/posts\/247975","targetHints":{"allow":["GET"]}}],"collection":[{"href":"https:\/\/www.gaveanews.com\/index.php\/wp-json\/wp\/v2\/posts"}],"about":[{"href":"https:\/\/www.gaveanews.com\/index.php\/wp-json\/wp\/v2\/types\/post"}],"author":[{"embeddable":true,"href":"https:\/\/www.gaveanews.com\/index.php\/wp-json\/wp\/v2\/users\/33"}],"replies":[{"embeddable":true,"href":"https:\/\/www.gaveanews.com\/index.php\/wp-json\/wp\/v2\/comments?post=247975"}],"version-history":[{"count":1,"href":"https:\/\/www.gaveanews.com\/index.php\/wp-json\/wp\/v2\/posts\/247975\/revisions"}],"predecessor-version":[{"id":247978,"href":"https:\/\/www.gaveanews.com\/index.php\/wp-json\/wp\/v2\/posts\/247975\/revisions\/247978"}],"wp:featuredmedia":[{"embeddable":true,"href":"https:\/\/www.gaveanews.com\/index.php\/wp-json\/wp\/v2\/media\/169834"}],"wp:attachment":[{"href":"https:\/\/www.gaveanews.com\/index.php\/wp-json\/wp\/v2\/media?parent=247975"}],"wp:term":[{"taxonomy":"category","embeddable":true,"href":"https:\/\/www.gaveanews.com\/index.php\/wp-json\/wp\/v2\/categories?post=247975"},{"taxonomy":"post_tag","embeddable":true,"href":"https:\/\/www.gaveanews.com\/index.php\/wp-json\/wp\/v2\/tags?post=247975"}],"curies":[{"name":"wp","href":"https:\/\/api.w.org\/{rel}","templated":true}]}}