{"id":247979,"date":"2025-04-02T10:00:37","date_gmt":"2025-04-02T13:00:37","guid":{"rendered":"https:\/\/www.gaveanews.com\/?p=247979"},"modified":"2025-04-03T09:53:15","modified_gmt":"2025-04-03T12:53:15","slug":"bruno-henrique-de-la-cruz-cebolinha-leo-pereira-erick-pulgar-luiz-araujo-ayrton-lucas-juninho-allan-rossi-varela-everton-araujo-flamengo-divulga-relacionados-para-libertadores","status":"publish","type":"post","link":"https:\/\/www.gaveanews.com\/index.php\/2025\/04\/02\/bruno-henrique-de-la-cruz-cebolinha-leo-pereira-erick-pulgar-luiz-araujo-ayrton-lucas-juninho-allan-rossi-varela-everton-araujo-flamengo-divulga-relacionados-para-libertadores\/","title":{"rendered":"Bruno Henrique, De La Cruz, Cebolinha, L\u00e9o Pereira, Erick Pulgar, Luiz Ara\u00fajo, Ayrton Lucas, Juninho, Allan, Rossi, Varela, Everton Ara\u00fajo: Flamengo divulga relacionados para Libertadores"},"content":{"rendered":"\n<p>O Flamengo vai estrear na Libertadores 2025 nesta quinta-feira (3) e teve baixas de \u00faltima hora. A delega\u00e7\u00e3o rubro-negra embarcou rumo \u00e0 Venezuela, local da partida contra o Deportivo T\u00e1chira, com os desfalques j\u00e1 conhecidos, mas tamb\u00e9m sem o lateral Wesley, o meia Gerson e o atacante Gonzalo Plata.<\/p>\n\n\n\n<p>Pouco antes do embarque, o Flamengo divulgou a lista de relacionados junto com um boletim m\u00e9dico explicando as aus\u00eancias. Al\u00e9m do zagueiro Danilo e Arrascaeta, que se recuperam de les\u00e3o, o clube comunicou os motivos de n\u00e3o ter o trio Wesley, Plata e Gerson contra o Deportivo T\u00e1chira. Veja abaixo:<\/p>\n\n\n\n<p><strong>GONZALO PLATA<\/strong> &#8211; Ap\u00f3s a Data FIFA, o jogador apresentou sinais de fadiga generalizada, agora associado a um quadro de faringite e febre. Por estes motivos, foi vetado da viagem para a Venezuela pelo Departamento M\u00e9dico.<\/p>\n\n\n\n<p><strong>WESLEY<\/strong> &#8211; Apresenta sinais de desgaste f\u00edsico e mialgia ap\u00f3s a Data FIFA de mar\u00e7o. Departamento M\u00e9dico do clube o considerou sem condi\u00e7\u00f5es de jogo para esta quinta-feira (3) e, portanto, n\u00e3o viaja para a Venezuela. <\/p>\n\n\n\n<p><strong>GERSON, DE ARRASCAETA e DANILO<\/strong> &#8211; Trio segue planejamento estabelecido de recupera\u00e7\u00e3o e far\u00e1 trabalhos di\u00e1rios no CT George Helal.<\/p>\n\n\n\n<h2 class=\"wp-block-heading\" id=\"h-confira-a-lista-de-relacionados-do-flamengo-para-estreia-na-libertadores\"><strong>CONFIRA A LISTA DE RELACIONADOS DO FLAMENGO PARA ESTREIA NA LIBERTADORES:<\/strong><\/h2>\n\n\n\n<figure class=\"wp-block-embed is-type-rich is-provider-twitter wp-block-embed-twitter\"><div class=\"wp-block-embed__wrapper\">\n<blockquote class=\"twitter-tweet\" data-width=\"550\" data-dnt=\"true\"><p lang=\"pt\" dir=\"ltr\">Com esse plantel o Meng\u00e3o vai em busca dos tr\u00eas pontos na Venezuela!<a href=\"https:\/\/twitter.com\/hashtag\/VamosFlamengo?src=hash&amp;ref_src=twsrc%5Etfw\">#VamosFlamengo<\/a> <a href=\"https:\/\/t.co\/7abUlwiv02\">pic.twitter.com\/7abUlwiv02<\/a><\/p>&mdash; Flamengo (@Flamengo) <a href=\"https:\/\/twitter.com\/Flamengo\/status\/1907439813558472705?ref_src=twsrc%5Etfw\">April 2, 2025<\/a><\/blockquote><script async src=\"https:\/\/platform.twitter.com\/widgets.js\" charset=\"utf-8\"><\/script>\n<\/div><\/figure>\n\n\n\n<p>Com os desfalques, o t\u00e9cnico Filipe Lu\u00eds pode manter a escala\u00e7\u00e3o que mandou a campo contra o Internacional, tendo que substituir somente Wesley. Assim, a prov\u00e1vel escala\u00e7\u00e3o do Flamengo contra o Deportivo T\u00e1chira tem: <strong>Rossi, Varela, L\u00e9o Ortiz, L\u00e9o Pereira e Alex Sandro; Pulgar, De La Cruz, Luiz Ara\u00fajo, Bruno Henrique e Michael; Juninho.<\/strong><\/p>\n\n\n\n<p>A partida entre Deportivo T\u00e1chira x Flamengo est\u00e1 marcada para 21h30 (de Bras\u00edlia). Os outros dois times no Grupo C da Libertadores s\u00e3o Central C\u00f3rdoba, da Argentina, e LDU, do Equador. As equipes se enfrentam tamb\u00e9m nesta quinta-feira, \u00e0s 19h (de Bras\u00edlia).<\/p>\n","protected":false},"excerpt":{"rendered":"<p>O Flamengo vai estrear na Libertadores 2025 nesta quinta-feira (3) e teve baixas de \u00faltima hora. A delega\u00e7\u00e3o rubro-negra embarcou rumo \u00e0 Venezuela, local da partida contra o Deportivo T\u00e1chira, com os desfalques j\u00e1 conhecidos, mas tamb\u00e9m sem o lateral Wesley, o meia Gerson e o atacante Gonzalo Plata. Pouco antes do embarque, o Flamengo [&hellip;]<\/p>\n","protected":false},"author":32,"featured_media":227470,"comment_status":"open","ping_status":"closed","sticky":false,"template":"","format":"standard","meta":{"footnotes":""},"categories":[1],"tags":[],"class_list":["post-247979","post","type-post","status-publish","format-standard","has-post-thumbnail","hentry","category-flamengo"],"yoast_head":"<!-- This site is optimized with the Yoast SEO Premium plugin v24.2 (Yoast SEO v26.9) - https:\/\/yoast.com\/product\/yoast-seo-premium-wordpress\/ -->\n<title>Bruno Henrique, De La Cruz, Cebolinha, L\u00e9o Pereira, Erick Pulgar, Luiz Ara\u00fajo, Ayrton Lucas, Juninho, Allan, Rossi, Varela, Everton Ara\u00fajo: Flamengo divulga relacionados para Libertadores<\/title>\n<meta name=\"robots\" content=\"index, follow, max-snippet:-1, max-image-preview:large, max-video-preview:-1\" \/>\n<link rel=\"canonical\" href=\"https:\/\/www.gaveanews.com\/index.php\/2025\/04\/02\/bruno-henrique-de-la-cruz-cebolinha-leo-pereira-erick-pulgar-luiz-araujo-ayrton-lucas-juninho-allan-rossi-varela-everton-araujo-flamengo-divulga-relacionados-para-libertadores\/\" \/>\n<meta property=\"og:locale\" content=\"pt_BR\" \/>\n<meta property=\"og:type\" content=\"article\" \/>\n<meta property=\"og:title\" content=\"Bruno Henrique, De La Cruz, Cebolinha, L\u00e9o Pereira, Erick Pulgar, Luiz Ara\u00fajo, Ayrton Lucas, Juninho, Allan, Rossi, Varela, Everton Ara\u00fajo: Flamengo divulga relacionados para Libertadores\" \/>\n<meta property=\"og:description\" content=\"O Flamengo vai estrear na Libertadores 2025 nesta quinta-feira (3) e teve baixas de \u00faltima hora. A delega\u00e7\u00e3o rubro-negra embarcou rumo \u00e0 Venezuela, local da partida contra o Deportivo T\u00e1chira, com os desfalques j\u00e1 conhecidos, mas tamb\u00e9m sem o lateral Wesley, o meia Gerson e o atacante Gonzalo Plata. Pouco antes do embarque, o Flamengo [&hellip;]\" \/>\n<meta property=\"og:url\" content=\"https:\/\/www.gaveanews.com\/index.php\/2025\/04\/02\/bruno-henrique-de-la-cruz-cebolinha-leo-pereira-erick-pulgar-luiz-araujo-ayrton-lucas-juninho-allan-rossi-varela-everton-araujo-flamengo-divulga-relacionados-para-libertadores\/\" \/>\n<meta property=\"og:site_name\" content=\"G\u00e1vea News\" \/>\n<meta property=\"article:publisher\" content=\"https:\/\/facebook.com\/gaveaNews\/\" \/>\n<meta property=\"article:published_time\" content=\"2025-04-02T13:00:37+00:00\" \/>\n<meta property=\"article:modified_time\" content=\"2025-04-03T12:53:15+00:00\" \/>\n<meta property=\"og:image\" content=\"http:\/\/www.gaveanews.com\/wp-content\/uploads\/Juninho-pelo-Flamengo.webp\" \/>\n\t<meta property=\"og:image:width\" content=\"757\" \/>\n\t<meta property=\"og:image:height\" content=\"538\" \/>\n\t<meta property=\"og:image:type\" content=\"image\/jpeg\" \/>\n<meta name=\"author\" content=\"Matheus Leal\" \/>\n<meta name=\"twitter:card\" content=\"summary_large_image\" \/>\n<meta name=\"twitter:label1\" content=\"Escrito por\" \/>\n\t<meta name=\"twitter:data1\" content=\"Matheus Leal\" \/>\n\t<meta name=\"twitter:label2\" content=\"Est. tempo de leitura\" \/>\n\t<meta name=\"twitter:data2\" content=\"2 minutos\" \/>\n<script type=\"application\/ld+json\" class=\"yoast-schema-graph\">{\"@context\":\"https:\/\/schema.org\",\"@graph\":[{\"@type\":\"NewsArticle\",\"@id\":\"https:\/\/www.gaveanews.com\/index.php\/2025\/04\/02\/bruno-henrique-de-la-cruz-cebolinha-leo-pereira-erick-pulgar-luiz-araujo-ayrton-lucas-juninho-allan-rossi-varela-everton-araujo-flamengo-divulga-relacionados-para-libertadores\/#article\",\"isPartOf\":{\"@id\":\"https:\/\/www.gaveanews.com\/index.php\/2025\/04\/02\/bruno-henrique-de-la-cruz-cebolinha-leo-pereira-erick-pulgar-luiz-araujo-ayrton-lucas-juninho-allan-rossi-varela-everton-araujo-flamengo-divulga-relacionados-para-libertadores\/\"},\"author\":{\"name\":\"Matheus Leal\",\"@id\":\"https:\/\/www.gaveanews.com\/#\/schema\/person\/49ac99b6823a2b8d5087a6ce3aaaa128\"},\"headline\":\"Bruno Henrique, De La Cruz, Cebolinha, L\u00e9o Pereira, Erick Pulgar, Luiz Ara\u00fajo, Ayrton Lucas, Juninho, Allan, Rossi, Varela, Everton Ara\u00fajo: Flamengo divulga relacionados para Libertadores\",\"datePublished\":\"2025-04-02T13:00:37+00:00\",\"dateModified\":\"2025-04-03T12:53:15+00:00\",\"mainEntityOfPage\":{\"@id\":\"https:\/\/www.gaveanews.com\/index.php\/2025\/04\/02\/bruno-henrique-de-la-cruz-cebolinha-leo-pereira-erick-pulgar-luiz-araujo-ayrton-lucas-juninho-allan-rossi-varela-everton-araujo-flamengo-divulga-relacionados-para-libertadores\/\"},\"wordCount\":361,\"commentCount\":0,\"image\":{\"@id\":\"https:\/\/www.gaveanews.com\/index.php\/2025\/04\/02\/bruno-henrique-de-la-cruz-cebolinha-leo-pereira-erick-pulgar-luiz-araujo-ayrton-lucas-juninho-allan-rossi-varela-everton-araujo-flamengo-divulga-relacionados-para-libertadores\/#primaryimage\"},\"thumbnailUrl\":\"https:\/\/www.gaveanews.com\/wp-content\/uploads\/Juninho-pelo-Flamengo.webp\",\"articleSection\":[\"Flamengo\"],\"inLanguage\":\"pt-BR\",\"potentialAction\":[{\"@type\":\"CommentAction\",\"name\":\"Comment\",\"target\":[\"https:\/\/www.gaveanews.com\/index.php\/2025\/04\/02\/bruno-henrique-de-la-cruz-cebolinha-leo-pereira-erick-pulgar-luiz-araujo-ayrton-lucas-juninho-allan-rossi-varela-everton-araujo-flamengo-divulga-relacionados-para-libertadores\/#respond\"]}],\"copyrightYear\":\"2025\",\"copyrightHolder\":{\"@id\":\"https:\/\/www.gaveanews.com\/#organization\"}},{\"@type\":\"WebPage\",\"@id\":\"https:\/\/www.gaveanews.com\/index.php\/2025\/04\/02\/bruno-henrique-de-la-cruz-cebolinha-leo-pereira-erick-pulgar-luiz-araujo-ayrton-lucas-juninho-allan-rossi-varela-everton-araujo-flamengo-divulga-relacionados-para-libertadores\/\",\"url\":\"https:\/\/www.gaveanews.com\/index.php\/2025\/04\/02\/bruno-henrique-de-la-cruz-cebolinha-leo-pereira-erick-pulgar-luiz-araujo-ayrton-lucas-juninho-allan-rossi-varela-everton-araujo-flamengo-divulga-relacionados-para-libertadores\/\",\"name\":\"Bruno Henrique, De La Cruz, Cebolinha, L\u00e9o Pereira, Erick Pulgar, Luiz Ara\u00fajo, Ayrton Lucas, Juninho, Allan, Rossi, Varela, Everton Ara\u00fajo: Flamengo divulga relacionados para Libertadores\",\"isPartOf\":{\"@id\":\"https:\/\/www.gaveanews.com\/#website\"},\"primaryImageOfPage\":{\"@id\":\"https:\/\/www.gaveanews.com\/index.php\/2025\/04\/02\/bruno-henrique-de-la-cruz-cebolinha-leo-pereira-erick-pulgar-luiz-araujo-ayrton-lucas-juninho-allan-rossi-varela-everton-araujo-flamengo-divulga-relacionados-para-libertadores\/#primaryimage\"},\"image\":{\"@id\":\"https:\/\/www.gaveanews.com\/index.php\/2025\/04\/02\/bruno-henrique-de-la-cruz-cebolinha-leo-pereira-erick-pulgar-luiz-araujo-ayrton-lucas-juninho-allan-rossi-varela-everton-araujo-flamengo-divulga-relacionados-para-libertadores\/#primaryimage\"},\"thumbnailUrl\":\"https:\/\/www.gaveanews.com\/wp-content\/uploads\/Juninho-pelo-Flamengo.webp\",\"datePublished\":\"2025-04-02T13:00:37+00:00\",\"dateModified\":\"2025-04-03T12:53:15+00:00\",\"author\":{\"@id\":\"https:\/\/www.gaveanews.com\/#\/schema\/person\/49ac99b6823a2b8d5087a6ce3aaaa128\"},\"breadcrumb\":{\"@id\":\"https:\/\/www.gaveanews.com\/index.php\/2025\/04\/02\/bruno-henrique-de-la-cruz-cebolinha-leo-pereira-erick-pulgar-luiz-araujo-ayrton-lucas-juninho-allan-rossi-varela-everton-araujo-flamengo-divulga-relacionados-para-libertadores\/#breadcrumb\"},\"inLanguage\":\"pt-BR\",\"potentialAction\":[{\"@type\":\"ReadAction\",\"target\":[\"https:\/\/www.gaveanews.com\/index.php\/2025\/04\/02\/bruno-henrique-de-la-cruz-cebolinha-leo-pereira-erick-pulgar-luiz-araujo-ayrton-lucas-juninho-allan-rossi-varela-everton-araujo-flamengo-divulga-relacionados-para-libertadores\/\"]}]},{\"@type\":\"ImageObject\",\"inLanguage\":\"pt-BR\",\"@id\":\"https:\/\/www.gaveanews.com\/index.php\/2025\/04\/02\/bruno-henrique-de-la-cruz-cebolinha-leo-pereira-erick-pulgar-luiz-araujo-ayrton-lucas-juninho-allan-rossi-varela-everton-araujo-flamengo-divulga-relacionados-para-libertadores\/#primaryimage\",\"url\":\"https:\/\/www.gaveanews.com\/wp-content\/uploads\/Juninho-pelo-Flamengo.webp\",\"contentUrl\":\"https:\/\/www.gaveanews.com\/wp-content\/uploads\/Juninho-pelo-Flamengo.webp\",\"width\":757,\"height\":538,\"caption\":\"Juninho pelo Flamengo (Foto: Divulga\u00e7\u00e3o\/Flamengo)\"},{\"@type\":\"BreadcrumbList\",\"@id\":\"https:\/\/www.gaveanews.com\/index.php\/2025\/04\/02\/bruno-henrique-de-la-cruz-cebolinha-leo-pereira-erick-pulgar-luiz-araujo-ayrton-lucas-juninho-allan-rossi-varela-everton-araujo-flamengo-divulga-relacionados-para-libertadores\/#breadcrumb\",\"itemListElement\":[{\"@type\":\"ListItem\",\"position\":1,\"name\":\"Home\",\"item\":\"https:\/\/www.gaveanews.com\/\"},{\"@type\":\"ListItem\",\"position\":2,\"name\":\"Bruno Henrique, De La Cruz, Cebolinha, L\u00e9o Pereira, Erick Pulgar, Luiz Ara\u00fajo, Ayrton Lucas, Juninho, Allan, Rossi, Varela, Everton Ara\u00fajo: Flamengo divulga relacionados para Libertadores\"}]},{\"@type\":\"WebSite\",\"@id\":\"https:\/\/www.gaveanews.com\/#website\",\"url\":\"https:\/\/www.gaveanews.com\/\",\"name\":\"G\u00e1vea News\",\"description\":\"Veja todas as not\u00edcias sobre o Flamengo: Contrata\u00e7\u00f5es, categorias de base, resultados das partidas, tabela de classifica\u00e7\u00e3o, pr\u00f3ximos jogos!\",\"potentialAction\":[{\"@type\":\"SearchAction\",\"target\":{\"@type\":\"EntryPoint\",\"urlTemplate\":\"https:\/\/www.gaveanews.com\/?s={search_term_string}\"},\"query-input\":{\"@type\":\"PropertyValueSpecification\",\"valueRequired\":true,\"valueName\":\"search_term_string\"}}],\"inLanguage\":\"pt-BR\"},{\"@type\":\"Person\",\"@id\":\"https:\/\/www.gaveanews.com\/#\/schema\/person\/49ac99b6823a2b8d5087a6ce3aaaa128\",\"name\":\"Matheus Leal\",\"image\":{\"@type\":\"ImageObject\",\"inLanguage\":\"pt-BR\",\"@id\":\"https:\/\/www.gaveanews.com\/#\/schema\/person\/image\/\",\"url\":\"https:\/\/secure.gravatar.com\/avatar\/21c52300d1234416f9c886f6dadd7452d8b035ac505314a51e4f56731e90c481?s=96&d=mm&r=g\",\"contentUrl\":\"https:\/\/secure.gravatar.com\/avatar\/21c52300d1234416f9c886f6dadd7452d8b035ac505314a51e4f56731e90c481?s=96&d=mm&r=g\",\"caption\":\"Matheus Leal\"}}]}<\/script>\n<!-- \/ Yoast SEO Premium plugin. -->","yoast_head_json":{"title":"Bruno Henrique, De La Cruz, Cebolinha, L\u00e9o Pereira, Erick Pulgar, Luiz Ara\u00fajo, Ayrton Lucas, Juninho, Allan, Rossi, Varela, Everton Ara\u00fajo: Flamengo divulga relacionados para Libertadores","robots":{"index":"index","follow":"follow","max-snippet":"max-snippet:-1","max-image-preview":"max-image-preview:large","max-video-preview":"max-video-preview:-1"},"canonical":"https:\/\/www.gaveanews.com\/index.php\/2025\/04\/02\/bruno-henrique-de-la-cruz-cebolinha-leo-pereira-erick-pulgar-luiz-araujo-ayrton-lucas-juninho-allan-rossi-varela-everton-araujo-flamengo-divulga-relacionados-para-libertadores\/","og_locale":"pt_BR","og_type":"article","og_title":"Bruno Henrique, De La Cruz, Cebolinha, L\u00e9o Pereira, Erick Pulgar, Luiz Ara\u00fajo, Ayrton Lucas, Juninho, Allan, Rossi, Varela, Everton Ara\u00fajo: Flamengo divulga relacionados para Libertadores","og_description":"O Flamengo vai estrear na Libertadores 2025 nesta quinta-feira (3) e teve baixas de \u00faltima hora. A delega\u00e7\u00e3o rubro-negra embarcou rumo \u00e0 Venezuela, local da partida contra o Deportivo T\u00e1chira, com os desfalques j\u00e1 conhecidos, mas tamb\u00e9m sem o lateral Wesley, o meia Gerson e o atacante Gonzalo Plata. Pouco antes do embarque, o Flamengo [&hellip;]","og_url":"https:\/\/www.gaveanews.com\/index.php\/2025\/04\/02\/bruno-henrique-de-la-cruz-cebolinha-leo-pereira-erick-pulgar-luiz-araujo-ayrton-lucas-juninho-allan-rossi-varela-everton-araujo-flamengo-divulga-relacionados-para-libertadores\/","og_site_name":"G\u00e1vea News","article_publisher":"https:\/\/facebook.com\/gaveaNews\/","article_published_time":"2025-04-02T13:00:37+00:00","article_modified_time":"2025-04-03T12:53:15+00:00","og_image":[{"width":757,"height":538,"url":"http:\/\/www.gaveanews.com\/wp-content\/uploads\/Juninho-pelo-Flamengo.webp","type":"image\/jpeg"}],"author":"Matheus Leal","twitter_card":"summary_large_image","twitter_misc":{"Escrito por":"Matheus Leal","Est. tempo de leitura":"2 minutos"},"schema":{"@context":"https:\/\/schema.org","@graph":[{"@type":"NewsArticle","@id":"https:\/\/www.gaveanews.com\/index.php\/2025\/04\/02\/bruno-henrique-de-la-cruz-cebolinha-leo-pereira-erick-pulgar-luiz-araujo-ayrton-lucas-juninho-allan-rossi-varela-everton-araujo-flamengo-divulga-relacionados-para-libertadores\/#article","isPartOf":{"@id":"https:\/\/www.gaveanews.com\/index.php\/2025\/04\/02\/bruno-henrique-de-la-cruz-cebolinha-leo-pereira-erick-pulgar-luiz-araujo-ayrton-lucas-juninho-allan-rossi-varela-everton-araujo-flamengo-divulga-relacionados-para-libertadores\/"},"author":{"name":"Matheus Leal","@id":"https:\/\/www.gaveanews.com\/#\/schema\/person\/49ac99b6823a2b8d5087a6ce3aaaa128"},"headline":"Bruno Henrique, De La Cruz, Cebolinha, L\u00e9o Pereira, Erick Pulgar, Luiz Ara\u00fajo, Ayrton Lucas, Juninho, Allan, Rossi, Varela, Everton Ara\u00fajo: Flamengo divulga relacionados para Libertadores","datePublished":"2025-04-02T13:00:37+00:00","dateModified":"2025-04-03T12:53:15+00:00","mainEntityOfPage":{"@id":"https:\/\/www.gaveanews.com\/index.php\/2025\/04\/02\/bruno-henrique-de-la-cruz-cebolinha-leo-pereira-erick-pulgar-luiz-araujo-ayrton-lucas-juninho-allan-rossi-varela-everton-araujo-flamengo-divulga-relacionados-para-libertadores\/"},"wordCount":361,"commentCount":0,"image":{"@id":"https:\/\/www.gaveanews.com\/index.php\/2025\/04\/02\/bruno-henrique-de-la-cruz-cebolinha-leo-pereira-erick-pulgar-luiz-araujo-ayrton-lucas-juninho-allan-rossi-varela-everton-araujo-flamengo-divulga-relacionados-para-libertadores\/#primaryimage"},"thumbnailUrl":"https:\/\/www.gaveanews.com\/wp-content\/uploads\/Juninho-pelo-Flamengo.webp","articleSection":["Flamengo"],"inLanguage":"pt-BR","potentialAction":[{"@type":"CommentAction","name":"Comment","target":["https:\/\/www.gaveanews.com\/index.php\/2025\/04\/02\/bruno-henrique-de-la-cruz-cebolinha-leo-pereira-erick-pulgar-luiz-araujo-ayrton-lucas-juninho-allan-rossi-varela-everton-araujo-flamengo-divulga-relacionados-para-libertadores\/#respond"]}],"copyrightYear":"2025","copyrightHolder":{"@id":"https:\/\/www.gaveanews.com\/#organization"}},{"@type":"WebPage","@id":"https:\/\/www.gaveanews.com\/index.php\/2025\/04\/02\/bruno-henrique-de-la-cruz-cebolinha-leo-pereira-erick-pulgar-luiz-araujo-ayrton-lucas-juninho-allan-rossi-varela-everton-araujo-flamengo-divulga-relacionados-para-libertadores\/","url":"https:\/\/www.gaveanews.com\/index.php\/2025\/04\/02\/bruno-henrique-de-la-cruz-cebolinha-leo-pereira-erick-pulgar-luiz-araujo-ayrton-lucas-juninho-allan-rossi-varela-everton-araujo-flamengo-divulga-relacionados-para-libertadores\/","name":"Bruno Henrique, De La Cruz, Cebolinha, L\u00e9o Pereira, Erick Pulgar, Luiz Ara\u00fajo, Ayrton Lucas, Juninho, Allan, Rossi, Varela, Everton Ara\u00fajo: Flamengo divulga relacionados para Libertadores","isPartOf":{"@id":"https:\/\/www.gaveanews.com\/#website"},"primaryImageOfPage":{"@id":"https:\/\/www.gaveanews.com\/index.php\/2025\/04\/02\/bruno-henrique-de-la-cruz-cebolinha-leo-pereira-erick-pulgar-luiz-araujo-ayrton-lucas-juninho-allan-rossi-varela-everton-araujo-flamengo-divulga-relacionados-para-libertadores\/#primaryimage"},"image":{"@id":"https:\/\/www.gaveanews.com\/index.php\/2025\/04\/02\/bruno-henrique-de-la-cruz-cebolinha-leo-pereira-erick-pulgar-luiz-araujo-ayrton-lucas-juninho-allan-rossi-varela-everton-araujo-flamengo-divulga-relacionados-para-libertadores\/#primaryimage"},"thumbnailUrl":"https:\/\/www.gaveanews.com\/wp-content\/uploads\/Juninho-pelo-Flamengo.webp","datePublished":"2025-04-02T13:00:37+00:00","dateModified":"2025-04-03T12:53:15+00:00","author":{"@id":"https:\/\/www.gaveanews.com\/#\/schema\/person\/49ac99b6823a2b8d5087a6ce3aaaa128"},"breadcrumb":{"@id":"https:\/\/www.gaveanews.com\/index.php\/2025\/04\/02\/bruno-henrique-de-la-cruz-cebolinha-leo-pereira-erick-pulgar-luiz-araujo-ayrton-lucas-juninho-allan-rossi-varela-everton-araujo-flamengo-divulga-relacionados-para-libertadores\/#breadcrumb"},"inLanguage":"pt-BR","potentialAction":[{"@type":"ReadAction","target":["https:\/\/www.gaveanews.com\/index.php\/2025\/04\/02\/bruno-henrique-de-la-cruz-cebolinha-leo-pereira-erick-pulgar-luiz-araujo-ayrton-lucas-juninho-allan-rossi-varela-everton-araujo-flamengo-divulga-relacionados-para-libertadores\/"]}]},{"@type":"ImageObject","inLanguage":"pt-BR","@id":"https:\/\/www.gaveanews.com\/index.php\/2025\/04\/02\/bruno-henrique-de-la-cruz-cebolinha-leo-pereira-erick-pulgar-luiz-araujo-ayrton-lucas-juninho-allan-rossi-varela-everton-araujo-flamengo-divulga-relacionados-para-libertadores\/#primaryimage","url":"https:\/\/www.gaveanews.com\/wp-content\/uploads\/Juninho-pelo-Flamengo.webp","contentUrl":"https:\/\/www.gaveanews.com\/wp-content\/uploads\/Juninho-pelo-Flamengo.webp","width":757,"height":538,"caption":"Juninho pelo Flamengo (Foto: Divulga\u00e7\u00e3o\/Flamengo)"},{"@type":"BreadcrumbList","@id":"https:\/\/www.gaveanews.com\/index.php\/2025\/04\/02\/bruno-henrique-de-la-cruz-cebolinha-leo-pereira-erick-pulgar-luiz-araujo-ayrton-lucas-juninho-allan-rossi-varela-everton-araujo-flamengo-divulga-relacionados-para-libertadores\/#breadcrumb","itemListElement":[{"@type":"ListItem","position":1,"name":"Home","item":"https:\/\/www.gaveanews.com\/"},{"@type":"ListItem","position":2,"name":"Bruno Henrique, De La Cruz, Cebolinha, L\u00e9o Pereira, Erick Pulgar, Luiz Ara\u00fajo, Ayrton Lucas, Juninho, Allan, Rossi, Varela, Everton Ara\u00fajo: Flamengo divulga relacionados para Libertadores"}]},{"@type":"WebSite","@id":"https:\/\/www.gaveanews.com\/#website","url":"https:\/\/www.gaveanews.com\/","name":"G\u00e1vea News","description":"Veja todas as not\u00edcias sobre o Flamengo: Contrata\u00e7\u00f5es, categorias de base, resultados das partidas, tabela de classifica\u00e7\u00e3o, pr\u00f3ximos jogos!","potentialAction":[{"@type":"SearchAction","target":{"@type":"EntryPoint","urlTemplate":"https:\/\/www.gaveanews.com\/?s={search_term_string}"},"query-input":{"@type":"PropertyValueSpecification","valueRequired":true,"valueName":"search_term_string"}}],"inLanguage":"pt-BR"},{"@type":"Person","@id":"https:\/\/www.gaveanews.com\/#\/schema\/person\/49ac99b6823a2b8d5087a6ce3aaaa128","name":"Matheus Leal","image":{"@type":"ImageObject","inLanguage":"pt-BR","@id":"https:\/\/www.gaveanews.com\/#\/schema\/person\/image\/","url":"https:\/\/secure.gravatar.com\/avatar\/21c52300d1234416f9c886f6dadd7452d8b035ac505314a51e4f56731e90c481?s=96&d=mm&r=g","contentUrl":"https:\/\/secure.gravatar.com\/avatar\/21c52300d1234416f9c886f6dadd7452d8b035ac505314a51e4f56731e90c481?s=96&d=mm&r=g","caption":"Matheus Leal"}}]}},"_links":{"self":[{"href":"https:\/\/www.gaveanews.com\/index.php\/wp-json\/wp\/v2\/posts\/247979","targetHints":{"allow":["GET"]}}],"collection":[{"href":"https:\/\/www.gaveanews.com\/index.php\/wp-json\/wp\/v2\/posts"}],"about":[{"href":"https:\/\/www.gaveanews.com\/index.php\/wp-json\/wp\/v2\/types\/post"}],"author":[{"embeddable":true,"href":"https:\/\/www.gaveanews.com\/index.php\/wp-json\/wp\/v2\/users\/32"}],"replies":[{"embeddable":true,"href":"https:\/\/www.gaveanews.com\/index.php\/wp-json\/wp\/v2\/comments?post=247979"}],"version-history":[{"count":1,"href":"https:\/\/www.gaveanews.com\/index.php\/wp-json\/wp\/v2\/posts\/247979\/revisions"}],"predecessor-version":[{"id":247995,"href":"https:\/\/www.gaveanews.com\/index.php\/wp-json\/wp\/v2\/posts\/247979\/revisions\/247995"}],"wp:featuredmedia":[{"embeddable":true,"href":"https:\/\/www.gaveanews.com\/index.php\/wp-json\/wp\/v2\/media\/227470"}],"wp:attachment":[{"href":"https:\/\/www.gaveanews.com\/index.php\/wp-json\/wp\/v2\/media?parent=247979"}],"wp:term":[{"taxonomy":"category","embeddable":true,"href":"https:\/\/www.gaveanews.com\/index.php\/wp-json\/wp\/v2\/categories?post=247979"},{"taxonomy":"post_tag","embeddable":true,"href":"https:\/\/www.gaveanews.com\/index.php\/wp-json\/wp\/v2\/tags?post=247979"}],"curies":[{"name":"wp","href":"https:\/\/api.w.org\/{rel}","templated":true}]}}