{"id":247991,"date":"2025-04-02T15:55:00","date_gmt":"2025-04-02T18:55:00","guid":{"rendered":"https:\/\/www.gaveanews.com\/?p=247991"},"modified":"2025-04-02T14:34:43","modified_gmt":"2025-04-02T17:34:43","slug":"gerson-arrascaeta-wesley-danilo-gonzalo-plata-boletim-medico-do-flamengo","status":"publish","type":"post","link":"https:\/\/www.gaveanews.com\/index.php\/2025\/04\/02\/gerson-arrascaeta-wesley-danilo-gonzalo-plata-boletim-medico-do-flamengo\/","title":{"rendered":"Gerson, Arrascaeta, Wesley, Danilo, Gonzalo Plata: boletim m\u00e9dico do Flamengo"},"content":{"rendered":"\n<p>O Flamengo ter\u00e1 que superar uma s\u00e9rie de desfalques importantes na estreia da Copa Libertadores. Com problemas f\u00edsicos e m\u00e9dicos, cinco jogadores n\u00e3o embarcaram para a Venezuela, onde a equipe enfrenta o Deportivo T\u00e1chira nesta quinta-feira (3), \u00e0s 21h30 (de Bras\u00edlia).\u00a0<\/p>\n\n\n\n<p>Filipe Lu\u00eds precisar\u00e1 reorganizar o time sem pe\u00e7as fundamentais do elenco, o que aumenta o desafio na busca pelos primeiros tr\u00eas pontos na competi\u00e7\u00e3o.<\/p>\n\n\n\n<h2 class=\"wp-block-heading\" id=\"h-gonzalo-plata-e-wesley-vetados-pelo-departamento-medico\">Gonzalo Plata e Wesley vetados pelo Departamento M\u00e9dico<\/h2>\n\n\n\n<figure class=\"wp-block-image size-large\"><img loading=\"lazy\" decoding=\"async\" width=\"1024\" height=\"680\" src=\"http:\/\/www.gaveanews.com\/wp-content\/uploads\/Gonzalo-Plata-em-acao-com-a-camisa-do-Flameng-o-em-2024-1024x680.webp\" alt=\"\" class=\"wp-image-185890\" srcset=\"https:\/\/www.gaveanews.com\/wp-content\/uploads\/Gonzalo-Plata-em-acao-com-a-camisa-do-Flameng-o-em-2024-1024x680.webp 1024w, https:\/\/www.gaveanews.com\/wp-content\/uploads\/Gonzalo-Plata-em-acao-com-a-camisa-do-Flameng-o-em-2024-300x199.webp 300w, https:\/\/www.gaveanews.com\/wp-content\/uploads\/Gonzalo-Plata-em-acao-com-a-camisa-do-Flameng-o-em-2024-768x510.webp 768w, https:\/\/www.gaveanews.com\/wp-content\/uploads\/Gonzalo-Plata-em-acao-com-a-camisa-do-Flameng-o-em-2024-633x420.webp 633w, https:\/\/www.gaveanews.com\/wp-content\/uploads\/Gonzalo-Plata-em-acao-com-a-camisa-do-Flameng-o-em-2024-1265x840.webp 1265w, https:\/\/www.gaveanews.com\/wp-content\/uploads\/Gonzalo-Plata-em-acao-com-a-camisa-do-Flameng-o-em-2024-640x425.webp 640w, https:\/\/www.gaveanews.com\/wp-content\/uploads\/Gonzalo-Plata-em-acao-com-a-camisa-do-Flameng-o-em-2024-1280x850.webp 1280w, https:\/\/www.gaveanews.com\/wp-content\/uploads\/Gonzalo-Plata-em-acao-com-a-camisa-do-Flameng-o-em-2024-681x452.webp 681w, https:\/\/www.gaveanews.com\/wp-content\/uploads\/Gonzalo-Plata-em-acao-com-a-camisa-do-Flameng-o-em-2024-1362x904.webp 1362w, https:\/\/www.gaveanews.com\/wp-content\/uploads\/Gonzalo-Plata-em-acao-com-a-camisa-do-Flameng-o-em-2024-100x66.webp 100w, https:\/\/www.gaveanews.com\/wp-content\/uploads\/Gonzalo-Plata-em-acao-com-a-camisa-do-Flameng-o-em-2024.webp 1440w\" sizes=\"auto, (max-width: 1024px) 100vw, 1024px\" \/><figcaption class=\"wp-element-caption\">Gonzalo Plata em a\u00e7\u00e3o com a camisa do Flamengo em 2024 (Foto: Reprodu\u00e7\u00e3o\/Instagram)<\/figcaption><\/figure>\n\n\n\n<p>Ap\u00f3s a Data FIFA, Gonzalo Plata apresentou um quadro de fadiga generalizada, agora agravado por faringite e febre. Por isso, o Departamento M\u00e9dico do Flamengo vetou sua participa\u00e7\u00e3o na estreia da Libertadores.<\/p>\n\n\n\n<p>J\u00e1 Wesley retorna dos compromissos internacionais com problemas f\u00edsicos. O lateral-direito apresenta sinais de desgaste f\u00edsico e mialgia, sendo considerado sem condi\u00e7\u00f5es de jogo. Sendo assim, ele tamb\u00e9m foi cortado da delega\u00e7\u00e3o rubro-negra.<\/p>\n\n\n\n<p>Vale destacar que tanto Plata quanto Wesley estiveram em campo no \u00faltimo s\u00e1bado (30), no empate por 1 a 1 contra o Internacional, pelo Campeonato Brasileiro.<\/p>\n\n\n\n<h2 class=\"wp-block-heading\" id=\"h-gerson-arrascaeta-e-danilo-seguem-programacao\">Gerson, Arrascaeta e Danilo seguem programa\u00e7\u00e3o<\/h2>\n\n\n\n<figure class=\"wp-block-image size-full\"><img loading=\"lazy\" decoding=\"async\" width=\"622\" height=\"519\" src=\"http:\/\/www.gaveanews.com\/wp-content\/uploads\/Danilo-pelo-Flamengo.webp\" alt=\"\" class=\"wp-image-222093\"\/><figcaption class=\"wp-element-caption\">Danilo pelo Flamengo (Foto: Divulga\u00e7\u00e3o\/Flamengo)<\/figcaption><\/figure>\n\n\n\n<p>O boletim m\u00e9dico do Flamengo tamb\u00e9m confirmou que Gerson, Arrascaeta e Danilo seguem em recupera\u00e7\u00e3o e n\u00e3o viajaram para a estreia da Libertadores. O trio permanecer\u00e1 no CT George Helal, cumprindo o planejamento de recupera\u00e7\u00e3o com trabalhos di\u00e1rios.<\/p>\n\n\n\n<p>Dessa maneira, Filipe Lu\u00eds ter\u00e1 de lidar com desfalques de jogadores que poderiam ser titulares ou op\u00e7\u00f5es importantes para a rota\u00e7\u00e3o do elenco. Al\u00e9m disso, a aus\u00eancia desses atletas pode impactar a forma\u00e7\u00e3o t\u00e1tica da equipe.<\/p>\n\n\n\n<h2 class=\"wp-block-heading\" id=\"h-flamengo-precisara-superar-ausencias-na-libertadores\">Flamengo precisar\u00e1 superar aus\u00eancias na Libertadores<\/h2>\n\n\n\n<p>Com isso, o Flamengo entra em campo na Libertadores sem cinco jogadores que poderiam fazer a diferen\u00e7a. Cabe ressaltar que a equipe precisa de um bom resultado fora de casa para largar bem na competi\u00e7\u00e3o.<\/p>\n\n\n\n<p>Desse jeito, Filipe Lu\u00eds ter\u00e1 que encontrar solu\u00e7\u00f5es dentro do elenco para minimizar os impactos das aus\u00eancias e buscar a vit\u00f3ria contra o Deportivo T\u00e1chira.<\/p>\n","protected":false},"excerpt":{"rendered":"<p>O Flamengo ter\u00e1 que superar uma s\u00e9rie de desfalques importantes na estreia da Copa Libertadores. Com problemas f\u00edsicos e m\u00e9dicos, cinco jogadores n\u00e3o embarcaram para a Venezuela, onde a equipe enfrenta o Deportivo T\u00e1chira nesta quinta-feira (3), \u00e0s 21h30 (de Bras\u00edlia).\u00a0 Filipe Lu\u00eds precisar\u00e1 reorganizar o time sem pe\u00e7as fundamentais do elenco, o que aumenta [&hellip;]<\/p>\n","protected":false},"author":25,"featured_media":145523,"comment_status":"open","ping_status":"closed","sticky":false,"template":"","format":"standard","meta":{"footnotes":""},"categories":[1],"tags":[],"class_list":["post-247991","post","type-post","status-publish","format-standard","has-post-thumbnail","hentry","category-flamengo"],"yoast_head":"<!-- This site is optimized with the Yoast SEO Premium plugin v24.2 (Yoast SEO v26.9) - https:\/\/yoast.com\/product\/yoast-seo-premium-wordpress\/ -->\n<title>Gerson, Arrascaeta, Wesley, Danilo, Gonzalo Plata: boletim m\u00e9dico do Flamengo<\/title>\n<meta name=\"robots\" content=\"index, follow, max-snippet:-1, max-image-preview:large, max-video-preview:-1\" \/>\n<link rel=\"canonical\" href=\"https:\/\/www.gaveanews.com\/index.php\/2025\/04\/02\/gerson-arrascaeta-wesley-danilo-gonzalo-plata-boletim-medico-do-flamengo\/\" \/>\n<meta property=\"og:locale\" content=\"pt_BR\" \/>\n<meta property=\"og:type\" content=\"article\" \/>\n<meta property=\"og:title\" content=\"Gerson, Arrascaeta, Wesley, Danilo, Gonzalo Plata: boletim m\u00e9dico do Flamengo\" \/>\n<meta property=\"og:description\" content=\"O Flamengo ter\u00e1 que superar uma s\u00e9rie de desfalques importantes na estreia da Copa Libertadores. Com problemas f\u00edsicos e m\u00e9dicos, cinco jogadores n\u00e3o embarcaram para a Venezuela, onde a equipe enfrenta o Deportivo T\u00e1chira nesta quinta-feira (3), \u00e0s 21h30 (de Bras\u00edlia).\u00a0 Filipe Lu\u00eds precisar\u00e1 reorganizar o time sem pe\u00e7as fundamentais do elenco, o que aumenta [&hellip;]\" \/>\n<meta property=\"og:url\" content=\"https:\/\/www.gaveanews.com\/index.php\/2025\/04\/02\/gerson-arrascaeta-wesley-danilo-gonzalo-plata-boletim-medico-do-flamengo\/\" \/>\n<meta property=\"og:site_name\" content=\"G\u00e1vea News\" \/>\n<meta property=\"article:publisher\" content=\"https:\/\/facebook.com\/gaveaNews\/\" \/>\n<meta property=\"article:published_time\" content=\"2025-04-02T18:55:00+00:00\" \/>\n<meta property=\"og:image\" content=\"https:\/\/www.gaveanews.com\/wp-content\/uploads\/gerson-flamengo.webp\" \/>\n\t<meta property=\"og:image:width\" content=\"900\" \/>\n\t<meta property=\"og:image:height\" content=\"600\" \/>\n\t<meta property=\"og:image:type\" content=\"image\/jpeg\" \/>\n<meta name=\"author\" content=\"Rafaela Ladeira\" \/>\n<meta name=\"twitter:card\" content=\"summary_large_image\" \/>\n<meta name=\"twitter:label1\" content=\"Escrito por\" \/>\n\t<meta name=\"twitter:data1\" content=\"Rafaela Ladeira\" \/>\n\t<meta name=\"twitter:label2\" content=\"Est. tempo de leitura\" \/>\n\t<meta name=\"twitter:data2\" content=\"3 minutos\" \/>\n<script type=\"application\/ld+json\" class=\"yoast-schema-graph\">{\"@context\":\"https:\/\/schema.org\",\"@graph\":[{\"@type\":\"NewsArticle\",\"@id\":\"https:\/\/www.gaveanews.com\/index.php\/2025\/04\/02\/gerson-arrascaeta-wesley-danilo-gonzalo-plata-boletim-medico-do-flamengo\/#article\",\"isPartOf\":{\"@id\":\"https:\/\/www.gaveanews.com\/index.php\/2025\/04\/02\/gerson-arrascaeta-wesley-danilo-gonzalo-plata-boletim-medico-do-flamengo\/\"},\"author\":{\"name\":\"Rafaela Ladeira\",\"@id\":\"https:\/\/www.gaveanews.com\/#\/schema\/person\/0eb3e3fe1754f0205218538adbe8f5ed\"},\"headline\":\"Gerson, Arrascaeta, Wesley, Danilo, Gonzalo Plata: boletim m\u00e9dico do Flamengo\",\"datePublished\":\"2025-04-02T18:55:00+00:00\",\"mainEntityOfPage\":{\"@id\":\"https:\/\/www.gaveanews.com\/index.php\/2025\/04\/02\/gerson-arrascaeta-wesley-danilo-gonzalo-plata-boletim-medico-do-flamengo\/\"},\"wordCount\":381,\"commentCount\":0,\"image\":{\"@id\":\"https:\/\/www.gaveanews.com\/index.php\/2025\/04\/02\/gerson-arrascaeta-wesley-danilo-gonzalo-plata-boletim-medico-do-flamengo\/#primaryimage\"},\"thumbnailUrl\":\"https:\/\/www.gaveanews.com\/wp-content\/uploads\/gerson-flamengo.webp\",\"articleSection\":[\"Flamengo\"],\"inLanguage\":\"pt-BR\",\"potentialAction\":[{\"@type\":\"CommentAction\",\"name\":\"Comment\",\"target\":[\"https:\/\/www.gaveanews.com\/index.php\/2025\/04\/02\/gerson-arrascaeta-wesley-danilo-gonzalo-plata-boletim-medico-do-flamengo\/#respond\"]}],\"copyrightYear\":\"2025\",\"copyrightHolder\":{\"@id\":\"https:\/\/www.gaveanews.com\/#organization\"}},{\"@type\":\"WebPage\",\"@id\":\"https:\/\/www.gaveanews.com\/index.php\/2025\/04\/02\/gerson-arrascaeta-wesley-danilo-gonzalo-plata-boletim-medico-do-flamengo\/\",\"url\":\"https:\/\/www.gaveanews.com\/index.php\/2025\/04\/02\/gerson-arrascaeta-wesley-danilo-gonzalo-plata-boletim-medico-do-flamengo\/\",\"name\":\"Gerson, Arrascaeta, Wesley, Danilo, Gonzalo Plata: boletim m\u00e9dico do Flamengo\",\"isPartOf\":{\"@id\":\"https:\/\/www.gaveanews.com\/#website\"},\"primaryImageOfPage\":{\"@id\":\"https:\/\/www.gaveanews.com\/index.php\/2025\/04\/02\/gerson-arrascaeta-wesley-danilo-gonzalo-plata-boletim-medico-do-flamengo\/#primaryimage\"},\"image\":{\"@id\":\"https:\/\/www.gaveanews.com\/index.php\/2025\/04\/02\/gerson-arrascaeta-wesley-danilo-gonzalo-plata-boletim-medico-do-flamengo\/#primaryimage\"},\"thumbnailUrl\":\"https:\/\/www.gaveanews.com\/wp-content\/uploads\/gerson-flamengo.webp\",\"datePublished\":\"2025-04-02T18:55:00+00:00\",\"author\":{\"@id\":\"https:\/\/www.gaveanews.com\/#\/schema\/person\/0eb3e3fe1754f0205218538adbe8f5ed\"},\"breadcrumb\":{\"@id\":\"https:\/\/www.gaveanews.com\/index.php\/2025\/04\/02\/gerson-arrascaeta-wesley-danilo-gonzalo-plata-boletim-medico-do-flamengo\/#breadcrumb\"},\"inLanguage\":\"pt-BR\",\"potentialAction\":[{\"@type\":\"ReadAction\",\"target\":[\"https:\/\/www.gaveanews.com\/index.php\/2025\/04\/02\/gerson-arrascaeta-wesley-danilo-gonzalo-plata-boletim-medico-do-flamengo\/\"]}]},{\"@type\":\"ImageObject\",\"inLanguage\":\"pt-BR\",\"@id\":\"https:\/\/www.gaveanews.com\/index.php\/2025\/04\/02\/gerson-arrascaeta-wesley-danilo-gonzalo-plata-boletim-medico-do-flamengo\/#primaryimage\",\"url\":\"https:\/\/www.gaveanews.com\/wp-content\/uploads\/gerson-flamengo.webp\",\"contentUrl\":\"https:\/\/www.gaveanews.com\/wp-content\/uploads\/gerson-flamengo.webp\",\"width\":900,\"height\":600,\"caption\":\"Gerson em a\u00e7\u00e3o pelo Flamengo (Foto: Marcelo Cortes\/Flamengo)\"},{\"@type\":\"BreadcrumbList\",\"@id\":\"https:\/\/www.gaveanews.com\/index.php\/2025\/04\/02\/gerson-arrascaeta-wesley-danilo-gonzalo-plata-boletim-medico-do-flamengo\/#breadcrumb\",\"itemListElement\":[{\"@type\":\"ListItem\",\"position\":1,\"name\":\"Home\",\"item\":\"https:\/\/www.gaveanews.com\/\"},{\"@type\":\"ListItem\",\"position\":2,\"name\":\"Gerson, Arrascaeta, Wesley, Danilo, Gonzalo Plata: boletim m\u00e9dico do Flamengo\"}]},{\"@type\":\"WebSite\",\"@id\":\"https:\/\/www.gaveanews.com\/#website\",\"url\":\"https:\/\/www.gaveanews.com\/\",\"name\":\"G\u00e1vea News\",\"description\":\"Veja todas as not\u00edcias sobre o Flamengo: Contrata\u00e7\u00f5es, categorias de base, resultados das partidas, tabela de classifica\u00e7\u00e3o, pr\u00f3ximos jogos!\",\"potentialAction\":[{\"@type\":\"SearchAction\",\"target\":{\"@type\":\"EntryPoint\",\"urlTemplate\":\"https:\/\/www.gaveanews.com\/?s={search_term_string}\"},\"query-input\":{\"@type\":\"PropertyValueSpecification\",\"valueRequired\":true,\"valueName\":\"search_term_string\"}}],\"inLanguage\":\"pt-BR\"},{\"@type\":\"Person\",\"@id\":\"https:\/\/www.gaveanews.com\/#\/schema\/person\/0eb3e3fe1754f0205218538adbe8f5ed\",\"name\":\"Rafaela Ladeira\",\"image\":{\"@type\":\"ImageObject\",\"inLanguage\":\"pt-BR\",\"@id\":\"https:\/\/www.gaveanews.com\/#\/schema\/person\/image\/\",\"url\":\"https:\/\/secure.gravatar.com\/avatar\/c31f513acffd85eacab5730cbdfdbbf59f21ba5aeada8cd890acea879fbb2455?s=96&d=mm&r=g\",\"contentUrl\":\"https:\/\/secure.gravatar.com\/avatar\/c31f513acffd85eacab5730cbdfdbbf59f21ba5aeada8cd890acea879fbb2455?s=96&d=mm&r=g\",\"caption\":\"Rafaela Ladeira\"}}]}<\/script>\n<!-- \/ Yoast SEO Premium plugin. -->","yoast_head_json":{"title":"Gerson, Arrascaeta, Wesley, Danilo, Gonzalo Plata: boletim m\u00e9dico do Flamengo","robots":{"index":"index","follow":"follow","max-snippet":"max-snippet:-1","max-image-preview":"max-image-preview:large","max-video-preview":"max-video-preview:-1"},"canonical":"https:\/\/www.gaveanews.com\/index.php\/2025\/04\/02\/gerson-arrascaeta-wesley-danilo-gonzalo-plata-boletim-medico-do-flamengo\/","og_locale":"pt_BR","og_type":"article","og_title":"Gerson, Arrascaeta, Wesley, Danilo, Gonzalo Plata: boletim m\u00e9dico do Flamengo","og_description":"O Flamengo ter\u00e1 que superar uma s\u00e9rie de desfalques importantes na estreia da Copa Libertadores. Com problemas f\u00edsicos e m\u00e9dicos, cinco jogadores n\u00e3o embarcaram para a Venezuela, onde a equipe enfrenta o Deportivo T\u00e1chira nesta quinta-feira (3), \u00e0s 21h30 (de Bras\u00edlia).\u00a0 Filipe Lu\u00eds precisar\u00e1 reorganizar o time sem pe\u00e7as fundamentais do elenco, o que aumenta [&hellip;]","og_url":"https:\/\/www.gaveanews.com\/index.php\/2025\/04\/02\/gerson-arrascaeta-wesley-danilo-gonzalo-plata-boletim-medico-do-flamengo\/","og_site_name":"G\u00e1vea News","article_publisher":"https:\/\/facebook.com\/gaveaNews\/","article_published_time":"2025-04-02T18:55:00+00:00","og_image":[{"width":900,"height":600,"url":"https:\/\/www.gaveanews.com\/wp-content\/uploads\/gerson-flamengo.webp","type":"image\/jpeg"}],"author":"Rafaela Ladeira","twitter_card":"summary_large_image","twitter_misc":{"Escrito por":"Rafaela Ladeira","Est. tempo de leitura":"3 minutos"},"schema":{"@context":"https:\/\/schema.org","@graph":[{"@type":"NewsArticle","@id":"https:\/\/www.gaveanews.com\/index.php\/2025\/04\/02\/gerson-arrascaeta-wesley-danilo-gonzalo-plata-boletim-medico-do-flamengo\/#article","isPartOf":{"@id":"https:\/\/www.gaveanews.com\/index.php\/2025\/04\/02\/gerson-arrascaeta-wesley-danilo-gonzalo-plata-boletim-medico-do-flamengo\/"},"author":{"name":"Rafaela Ladeira","@id":"https:\/\/www.gaveanews.com\/#\/schema\/person\/0eb3e3fe1754f0205218538adbe8f5ed"},"headline":"Gerson, Arrascaeta, Wesley, Danilo, Gonzalo Plata: boletim m\u00e9dico do Flamengo","datePublished":"2025-04-02T18:55:00+00:00","mainEntityOfPage":{"@id":"https:\/\/www.gaveanews.com\/index.php\/2025\/04\/02\/gerson-arrascaeta-wesley-danilo-gonzalo-plata-boletim-medico-do-flamengo\/"},"wordCount":381,"commentCount":0,"image":{"@id":"https:\/\/www.gaveanews.com\/index.php\/2025\/04\/02\/gerson-arrascaeta-wesley-danilo-gonzalo-plata-boletim-medico-do-flamengo\/#primaryimage"},"thumbnailUrl":"https:\/\/www.gaveanews.com\/wp-content\/uploads\/gerson-flamengo.webp","articleSection":["Flamengo"],"inLanguage":"pt-BR","potentialAction":[{"@type":"CommentAction","name":"Comment","target":["https:\/\/www.gaveanews.com\/index.php\/2025\/04\/02\/gerson-arrascaeta-wesley-danilo-gonzalo-plata-boletim-medico-do-flamengo\/#respond"]}],"copyrightYear":"2025","copyrightHolder":{"@id":"https:\/\/www.gaveanews.com\/#organization"}},{"@type":"WebPage","@id":"https:\/\/www.gaveanews.com\/index.php\/2025\/04\/02\/gerson-arrascaeta-wesley-danilo-gonzalo-plata-boletim-medico-do-flamengo\/","url":"https:\/\/www.gaveanews.com\/index.php\/2025\/04\/02\/gerson-arrascaeta-wesley-danilo-gonzalo-plata-boletim-medico-do-flamengo\/","name":"Gerson, Arrascaeta, Wesley, Danilo, Gonzalo Plata: boletim m\u00e9dico do Flamengo","isPartOf":{"@id":"https:\/\/www.gaveanews.com\/#website"},"primaryImageOfPage":{"@id":"https:\/\/www.gaveanews.com\/index.php\/2025\/04\/02\/gerson-arrascaeta-wesley-danilo-gonzalo-plata-boletim-medico-do-flamengo\/#primaryimage"},"image":{"@id":"https:\/\/www.gaveanews.com\/index.php\/2025\/04\/02\/gerson-arrascaeta-wesley-danilo-gonzalo-plata-boletim-medico-do-flamengo\/#primaryimage"},"thumbnailUrl":"https:\/\/www.gaveanews.com\/wp-content\/uploads\/gerson-flamengo.webp","datePublished":"2025-04-02T18:55:00+00:00","author":{"@id":"https:\/\/www.gaveanews.com\/#\/schema\/person\/0eb3e3fe1754f0205218538adbe8f5ed"},"breadcrumb":{"@id":"https:\/\/www.gaveanews.com\/index.php\/2025\/04\/02\/gerson-arrascaeta-wesley-danilo-gonzalo-plata-boletim-medico-do-flamengo\/#breadcrumb"},"inLanguage":"pt-BR","potentialAction":[{"@type":"ReadAction","target":["https:\/\/www.gaveanews.com\/index.php\/2025\/04\/02\/gerson-arrascaeta-wesley-danilo-gonzalo-plata-boletim-medico-do-flamengo\/"]}]},{"@type":"ImageObject","inLanguage":"pt-BR","@id":"https:\/\/www.gaveanews.com\/index.php\/2025\/04\/02\/gerson-arrascaeta-wesley-danilo-gonzalo-plata-boletim-medico-do-flamengo\/#primaryimage","url":"https:\/\/www.gaveanews.com\/wp-content\/uploads\/gerson-flamengo.webp","contentUrl":"https:\/\/www.gaveanews.com\/wp-content\/uploads\/gerson-flamengo.webp","width":900,"height":600,"caption":"Gerson em a\u00e7\u00e3o pelo Flamengo (Foto: Marcelo Cortes\/Flamengo)"},{"@type":"BreadcrumbList","@id":"https:\/\/www.gaveanews.com\/index.php\/2025\/04\/02\/gerson-arrascaeta-wesley-danilo-gonzalo-plata-boletim-medico-do-flamengo\/#breadcrumb","itemListElement":[{"@type":"ListItem","position":1,"name":"Home","item":"https:\/\/www.gaveanews.com\/"},{"@type":"ListItem","position":2,"name":"Gerson, Arrascaeta, Wesley, Danilo, Gonzalo Plata: boletim m\u00e9dico do Flamengo"}]},{"@type":"WebSite","@id":"https:\/\/www.gaveanews.com\/#website","url":"https:\/\/www.gaveanews.com\/","name":"G\u00e1vea News","description":"Veja todas as not\u00edcias sobre o Flamengo: Contrata\u00e7\u00f5es, categorias de base, resultados das partidas, tabela de classifica\u00e7\u00e3o, pr\u00f3ximos jogos!","potentialAction":[{"@type":"SearchAction","target":{"@type":"EntryPoint","urlTemplate":"https:\/\/www.gaveanews.com\/?s={search_term_string}"},"query-input":{"@type":"PropertyValueSpecification","valueRequired":true,"valueName":"search_term_string"}}],"inLanguage":"pt-BR"},{"@type":"Person","@id":"https:\/\/www.gaveanews.com\/#\/schema\/person\/0eb3e3fe1754f0205218538adbe8f5ed","name":"Rafaela Ladeira","image":{"@type":"ImageObject","inLanguage":"pt-BR","@id":"https:\/\/www.gaveanews.com\/#\/schema\/person\/image\/","url":"https:\/\/secure.gravatar.com\/avatar\/c31f513acffd85eacab5730cbdfdbbf59f21ba5aeada8cd890acea879fbb2455?s=96&d=mm&r=g","contentUrl":"https:\/\/secure.gravatar.com\/avatar\/c31f513acffd85eacab5730cbdfdbbf59f21ba5aeada8cd890acea879fbb2455?s=96&d=mm&r=g","caption":"Rafaela Ladeira"}}]}},"_links":{"self":[{"href":"https:\/\/www.gaveanews.com\/index.php\/wp-json\/wp\/v2\/posts\/247991","targetHints":{"allow":["GET"]}}],"collection":[{"href":"https:\/\/www.gaveanews.com\/index.php\/wp-json\/wp\/v2\/posts"}],"about":[{"href":"https:\/\/www.gaveanews.com\/index.php\/wp-json\/wp\/v2\/types\/post"}],"author":[{"embeddable":true,"href":"https:\/\/www.gaveanews.com\/index.php\/wp-json\/wp\/v2\/users\/25"}],"replies":[{"embeddable":true,"href":"https:\/\/www.gaveanews.com\/index.php\/wp-json\/wp\/v2\/comments?post=247991"}],"version-history":[{"count":1,"href":"https:\/\/www.gaveanews.com\/index.php\/wp-json\/wp\/v2\/posts\/247991\/revisions"}],"predecessor-version":[{"id":247992,"href":"https:\/\/www.gaveanews.com\/index.php\/wp-json\/wp\/v2\/posts\/247991\/revisions\/247992"}],"wp:featuredmedia":[{"embeddable":true,"href":"https:\/\/www.gaveanews.com\/index.php\/wp-json\/wp\/v2\/media\/145523"}],"wp:attachment":[{"href":"https:\/\/www.gaveanews.com\/index.php\/wp-json\/wp\/v2\/media?parent=247991"}],"wp:term":[{"taxonomy":"category","embeddable":true,"href":"https:\/\/www.gaveanews.com\/index.php\/wp-json\/wp\/v2\/categories?post=247991"},{"taxonomy":"post_tag","embeddable":true,"href":"https:\/\/www.gaveanews.com\/index.php\/wp-json\/wp\/v2\/tags?post=247991"}],"curies":[{"name":"wp","href":"https:\/\/api.w.org\/{rel}","templated":true}]}}