{"id":247997,"date":"2025-04-02T16:05:00","date_gmt":"2025-04-02T19:05:00","guid":{"rendered":"https:\/\/www.gaveanews.com\/?p=247997"},"modified":"2025-04-02T15:23:08","modified_gmt":"2025-04-02T18:23:08","slug":"a-declaracao-de-flavio-prado-direcionada-a-vitor-roque-do-palmeiras-ele-nao-e-aquele-jogador","status":"publish","type":"post","link":"https:\/\/www.gaveanews.com\/index.php\/2025\/04\/02\/a-declaracao-de-flavio-prado-direcionada-a-vitor-roque-do-palmeiras-ele-nao-e-aquele-jogador\/","title":{"rendered":"A declara\u00e7\u00e3o de Flavio Prado direcionada a Vitor Roque, do Palmeiras: &#8220;Ele n\u00e3o \u00e9 aquele jogador&#8230;&#8221;"},"content":{"rendered":"\n<p>O Palmeiras investiu pesado para contar com Vitor Roque, tornando-o o atacante mais caro da hist\u00f3ria do Brasileir\u00e3o. No entanto, o jovem ainda n\u00e3o balan\u00e7ou as redes com a camisa alviverde, o que tem gerado questionamentos por parte da torcida.&nbsp;<\/p>\n\n\n\n<p>Diante desse cen\u00e1rio, o comentarista Flavio Prado pediu paci\u00eancia e destacou a necessidade de um time ajustado para que Roque possa demonstrar todo o seu potencial.<\/p>\n\n\n\n<h2 class=\"wp-block-heading\" id=\"h-ajuste-coletivo-e-fundamental-para-o-sucesso-do-camisa-9\">Ajuste coletivo \u00e9 fundamental para o sucesso do camisa 9<\/h2>\n\n\n\n<figure class=\"wp-block-image size-full\"><img loading=\"lazy\" decoding=\"async\" width=\"850\" height=\"585\" src=\"http:\/\/www.gaveanews.com\/wp-content\/uploads\/Vitor-Roque-pelo-Palmeiras.webp\" alt=\"\" class=\"wp-image-236329\"\/><figcaption class=\"wp-element-caption\">Vitor Roque pelo Palmeiras (Foto: Cesar Greco\/Palmeiras)<\/figcaption><\/figure>\n\n\n\n<p>De acordo com Flavio Prado, Vitor Roque n\u00e3o \u00e9 aquele jogador que resolve sozinho, pegando a bola no meio-campo e criando jogadas.&nbsp;<\/p>\n\n\n\n<p>\u201cA bola precisa chegar com qualidade para ele se sentir confiante\u201d, analisou o comentarista. Isso porque o atacante depende do funcionamento do time para desempenhar seu papel com efici\u00eancia.<\/p>\n\n\n\n<p>Sendo assim, o Palmeiras precisa encontrar um equil\u00edbrio t\u00e1tico que favore\u00e7a o centroavante. Al\u00e9m disso, a fase de adapta\u00e7\u00e3o ao novo clube e ao esquema de Abel Ferreira pode ser um fator que ainda impede o jogador de brilhar.<\/p>\n\n\n\n<h2 class=\"wp-block-heading\" id=\"h-paulinho-pode-ser-a-peca-chave-para-roque-engrenar\">Paulinho pode ser a pe\u00e7a-chave para Roque engrenar<\/h2>\n\n\n\n<p>Um dos pontos levantados por Prado foi a import\u00e2ncia de Paulinho na engrenagem ofensiva do Verd\u00e3o. Segundo o comentarista, o meia pode ser um parceiro essencial para potencializar o desempenho de Roque.&nbsp;<\/p>\n\n\n\n<p>\u201cEle pode fazer uma dupla interessante para que a bola chegue de forma mais qualificada ao Vitor Roque. Tomara que sua condi\u00e7\u00e3o f\u00edsica esteja ideal\u201d, pontuou.<\/p>\n\n\n\n<p>Vale destacar que o Palmeiras busca consolidar seu setor ofensivo ap\u00f3s mudan\u00e7as no elenco. Com isso, a adapta\u00e7\u00e3o de Roque pode ser acelerada caso ele encontre um entrosamento com os companheiros.<\/p>\n\n\n\n<h2 class=\"wp-block-heading\" id=\"h-comparacao-com-estevao-prado-evita-polemica\">Compara\u00e7\u00e3o com Est\u00eav\u00e3o? Prado evita pol\u00eamica<\/h2>\n\n\n\n<p>Apesar de reconhecer o potencial de Vitor Roque, Flavio Prado fez quest\u00e3o de evitar compara\u00e7\u00f5es diretas com Est\u00eav\u00e3o, uma das principais promessas do futebol brasileiro. Para ele, os dois possuem caracter\u00edsticas distintas e devem ser analisados separadamente.<\/p>\n\n\n\n<p>Cabe ressaltar que Roque ainda est\u00e1 em fase de adapta\u00e7\u00e3o, e a expectativa \u00e9 que, com o tempo, consiga apresentar o futebol que o fez ser contratado pelo Palmeiras. Dessa maneira, a torcida alviverde precisar\u00e1 ter paci\u00eancia para ver o camisa 9 em sua melhor forma.<\/p>\n","protected":false},"excerpt":{"rendered":"<p>O Palmeiras investiu pesado para contar com Vitor Roque, tornando-o o atacante mais caro da hist\u00f3ria do Brasileir\u00e3o. No entanto, o jovem ainda n\u00e3o balan\u00e7ou as redes com a camisa alviverde, o que tem gerado questionamentos por parte da torcida.&nbsp; Diante desse cen\u00e1rio, o comentarista Flavio Prado pediu paci\u00eancia e destacou a necessidade de um [&hellip;]<\/p>\n","protected":false},"author":25,"featured_media":102292,"comment_status":"open","ping_status":"closed","sticky":false,"template":"","format":"standard","meta":{"footnotes":""},"categories":[150],"tags":[],"class_list":["post-247997","post","type-post","status-publish","format-standard","has-post-thumbnail","hentry","category-palmeiras"],"yoast_head":"<!-- This site is optimized with the Yoast SEO Premium plugin v24.2 (Yoast SEO v26.9) - https:\/\/yoast.com\/product\/yoast-seo-premium-wordpress\/ -->\n<title>A declara\u00e7\u00e3o de Flavio Prado direcionada a Vitor Roque, do Palmeiras: &quot;Ele n\u00e3o \u00e9 aquele jogador...&quot;<\/title>\n<meta name=\"robots\" content=\"index, follow, max-snippet:-1, max-image-preview:large, max-video-preview:-1\" \/>\n<link rel=\"canonical\" href=\"https:\/\/www.gaveanews.com\/index.php\/2025\/04\/02\/a-declaracao-de-flavio-prado-direcionada-a-vitor-roque-do-palmeiras-ele-nao-e-aquele-jogador\/\" \/>\n<meta property=\"og:locale\" content=\"pt_BR\" \/>\n<meta property=\"og:type\" content=\"article\" \/>\n<meta property=\"og:title\" content=\"A declara\u00e7\u00e3o de Flavio Prado direcionada a Vitor Roque, do Palmeiras: &quot;Ele n\u00e3o \u00e9 aquele jogador...&quot;\" \/>\n<meta property=\"og:description\" content=\"O Palmeiras investiu pesado para contar com Vitor Roque, tornando-o o atacante mais caro da hist\u00f3ria do Brasileir\u00e3o. No entanto, o jovem ainda n\u00e3o balan\u00e7ou as redes com a camisa alviverde, o que tem gerado questionamentos por parte da torcida.&nbsp; Diante desse cen\u00e1rio, o comentarista Flavio Prado pediu paci\u00eancia e destacou a necessidade de um [&hellip;]\" \/>\n<meta property=\"og:url\" content=\"https:\/\/www.gaveanews.com\/index.php\/2025\/04\/02\/a-declaracao-de-flavio-prado-direcionada-a-vitor-roque-do-palmeiras-ele-nao-e-aquele-jogador\/\" \/>\n<meta property=\"og:site_name\" content=\"G\u00e1vea News\" \/>\n<meta property=\"article:publisher\" content=\"https:\/\/facebook.com\/gaveaNews\/\" \/>\n<meta property=\"article:published_time\" content=\"2025-04-02T19:05:00+00:00\" \/>\n<meta property=\"og:image\" content=\"https:\/\/www.gaveanews.com\/wp-content\/uploads\/Flavio-Prado.webp\" \/>\n\t<meta property=\"og:image:width\" content=\"999\" \/>\n\t<meta property=\"og:image:height\" content=\"548\" \/>\n\t<meta property=\"og:image:type\" content=\"image\/png\" \/>\n<meta name=\"author\" content=\"Rafaela Ladeira\" \/>\n<meta name=\"twitter:card\" content=\"summary_large_image\" \/>\n<meta name=\"twitter:label1\" content=\"Escrito por\" \/>\n\t<meta name=\"twitter:data1\" content=\"Rafaela Ladeira\" \/>\n\t<meta name=\"twitter:label2\" content=\"Est. tempo de leitura\" \/>\n\t<meta name=\"twitter:data2\" content=\"3 minutos\" \/>\n<script type=\"application\/ld+json\" class=\"yoast-schema-graph\">{\"@context\":\"https:\/\/schema.org\",\"@graph\":[{\"@type\":\"NewsArticle\",\"@id\":\"https:\/\/www.gaveanews.com\/index.php\/2025\/04\/02\/a-declaracao-de-flavio-prado-direcionada-a-vitor-roque-do-palmeiras-ele-nao-e-aquele-jogador\/#article\",\"isPartOf\":{\"@id\":\"https:\/\/www.gaveanews.com\/index.php\/2025\/04\/02\/a-declaracao-de-flavio-prado-direcionada-a-vitor-roque-do-palmeiras-ele-nao-e-aquele-jogador\/\"},\"author\":{\"name\":\"Rafaela Ladeira\",\"@id\":\"https:\/\/www.gaveanews.com\/#\/schema\/person\/0eb3e3fe1754f0205218538adbe8f5ed\"},\"headline\":\"A declara\u00e7\u00e3o de Flavio Prado direcionada a Vitor Roque, do Palmeiras: &#8220;Ele n\u00e3o \u00e9 aquele jogador&#8230;&#8221;\",\"datePublished\":\"2025-04-02T19:05:00+00:00\",\"mainEntityOfPage\":{\"@id\":\"https:\/\/www.gaveanews.com\/index.php\/2025\/04\/02\/a-declaracao-de-flavio-prado-direcionada-a-vitor-roque-do-palmeiras-ele-nao-e-aquele-jogador\/\"},\"wordCount\":407,\"commentCount\":0,\"image\":{\"@id\":\"https:\/\/www.gaveanews.com\/index.php\/2025\/04\/02\/a-declaracao-de-flavio-prado-direcionada-a-vitor-roque-do-palmeiras-ele-nao-e-aquele-jogador\/#primaryimage\"},\"thumbnailUrl\":\"https:\/\/www.gaveanews.com\/wp-content\/uploads\/Flavio-Prado.webp\",\"articleSection\":[\"Palmeiras\"],\"inLanguage\":\"pt-BR\",\"potentialAction\":[{\"@type\":\"CommentAction\",\"name\":\"Comment\",\"target\":[\"https:\/\/www.gaveanews.com\/index.php\/2025\/04\/02\/a-declaracao-de-flavio-prado-direcionada-a-vitor-roque-do-palmeiras-ele-nao-e-aquele-jogador\/#respond\"]}],\"copyrightYear\":\"2025\",\"copyrightHolder\":{\"@id\":\"https:\/\/www.gaveanews.com\/#organization\"}},{\"@type\":\"WebPage\",\"@id\":\"https:\/\/www.gaveanews.com\/index.php\/2025\/04\/02\/a-declaracao-de-flavio-prado-direcionada-a-vitor-roque-do-palmeiras-ele-nao-e-aquele-jogador\/\",\"url\":\"https:\/\/www.gaveanews.com\/index.php\/2025\/04\/02\/a-declaracao-de-flavio-prado-direcionada-a-vitor-roque-do-palmeiras-ele-nao-e-aquele-jogador\/\",\"name\":\"A declara\u00e7\u00e3o de Flavio Prado direcionada a Vitor Roque, do Palmeiras: \\\"Ele n\u00e3o \u00e9 aquele jogador...\\\"\",\"isPartOf\":{\"@id\":\"https:\/\/www.gaveanews.com\/#website\"},\"primaryImageOfPage\":{\"@id\":\"https:\/\/www.gaveanews.com\/index.php\/2025\/04\/02\/a-declaracao-de-flavio-prado-direcionada-a-vitor-roque-do-palmeiras-ele-nao-e-aquele-jogador\/#primaryimage\"},\"image\":{\"@id\":\"https:\/\/www.gaveanews.com\/index.php\/2025\/04\/02\/a-declaracao-de-flavio-prado-direcionada-a-vitor-roque-do-palmeiras-ele-nao-e-aquele-jogador\/#primaryimage\"},\"thumbnailUrl\":\"https:\/\/www.gaveanews.com\/wp-content\/uploads\/Flavio-Prado.webp\",\"datePublished\":\"2025-04-02T19:05:00+00:00\",\"author\":{\"@id\":\"https:\/\/www.gaveanews.com\/#\/schema\/person\/0eb3e3fe1754f0205218538adbe8f5ed\"},\"breadcrumb\":{\"@id\":\"https:\/\/www.gaveanews.com\/index.php\/2025\/04\/02\/a-declaracao-de-flavio-prado-direcionada-a-vitor-roque-do-palmeiras-ele-nao-e-aquele-jogador\/#breadcrumb\"},\"inLanguage\":\"pt-BR\",\"potentialAction\":[{\"@type\":\"ReadAction\",\"target\":[\"https:\/\/www.gaveanews.com\/index.php\/2025\/04\/02\/a-declaracao-de-flavio-prado-direcionada-a-vitor-roque-do-palmeiras-ele-nao-e-aquele-jogador\/\"]}]},{\"@type\":\"ImageObject\",\"inLanguage\":\"pt-BR\",\"@id\":\"https:\/\/www.gaveanews.com\/index.php\/2025\/04\/02\/a-declaracao-de-flavio-prado-direcionada-a-vitor-roque-do-palmeiras-ele-nao-e-aquele-jogador\/#primaryimage\",\"url\":\"https:\/\/www.gaveanews.com\/wp-content\/uploads\/Flavio-Prado.webp\",\"contentUrl\":\"https:\/\/www.gaveanews.com\/wp-content\/uploads\/Flavio-Prado.webp\",\"width\":999,\"height\":548,\"caption\":\"Flavio Prado - Foto: Reprodu\u00e7\u00e3o\"},{\"@type\":\"BreadcrumbList\",\"@id\":\"https:\/\/www.gaveanews.com\/index.php\/2025\/04\/02\/a-declaracao-de-flavio-prado-direcionada-a-vitor-roque-do-palmeiras-ele-nao-e-aquele-jogador\/#breadcrumb\",\"itemListElement\":[{\"@type\":\"ListItem\",\"position\":1,\"name\":\"Home\",\"item\":\"https:\/\/www.gaveanews.com\/\"},{\"@type\":\"ListItem\",\"position\":2,\"name\":\"A declara\u00e7\u00e3o de Flavio Prado direcionada a Vitor Roque, do Palmeiras: &#8220;Ele n\u00e3o \u00e9 aquele jogador&#8230;&#8221;\"}]},{\"@type\":\"WebSite\",\"@id\":\"https:\/\/www.gaveanews.com\/#website\",\"url\":\"https:\/\/www.gaveanews.com\/\",\"name\":\"G\u00e1vea News\",\"description\":\"Veja todas as not\u00edcias sobre o Flamengo: Contrata\u00e7\u00f5es, categorias de base, resultados das partidas, tabela de classifica\u00e7\u00e3o, pr\u00f3ximos jogos!\",\"potentialAction\":[{\"@type\":\"SearchAction\",\"target\":{\"@type\":\"EntryPoint\",\"urlTemplate\":\"https:\/\/www.gaveanews.com\/?s={search_term_string}\"},\"query-input\":{\"@type\":\"PropertyValueSpecification\",\"valueRequired\":true,\"valueName\":\"search_term_string\"}}],\"inLanguage\":\"pt-BR\"},{\"@type\":\"Person\",\"@id\":\"https:\/\/www.gaveanews.com\/#\/schema\/person\/0eb3e3fe1754f0205218538adbe8f5ed\",\"name\":\"Rafaela Ladeira\",\"image\":{\"@type\":\"ImageObject\",\"inLanguage\":\"pt-BR\",\"@id\":\"https:\/\/www.gaveanews.com\/#\/schema\/person\/image\/\",\"url\":\"https:\/\/secure.gravatar.com\/avatar\/c31f513acffd85eacab5730cbdfdbbf59f21ba5aeada8cd890acea879fbb2455?s=96&d=mm&r=g\",\"contentUrl\":\"https:\/\/secure.gravatar.com\/avatar\/c31f513acffd85eacab5730cbdfdbbf59f21ba5aeada8cd890acea879fbb2455?s=96&d=mm&r=g\",\"caption\":\"Rafaela Ladeira\"}}]}<\/script>\n<!-- \/ Yoast SEO Premium plugin. -->","yoast_head_json":{"title":"A declara\u00e7\u00e3o de Flavio Prado direcionada a Vitor Roque, do Palmeiras: \"Ele n\u00e3o \u00e9 aquele jogador...\"","robots":{"index":"index","follow":"follow","max-snippet":"max-snippet:-1","max-image-preview":"max-image-preview:large","max-video-preview":"max-video-preview:-1"},"canonical":"https:\/\/www.gaveanews.com\/index.php\/2025\/04\/02\/a-declaracao-de-flavio-prado-direcionada-a-vitor-roque-do-palmeiras-ele-nao-e-aquele-jogador\/","og_locale":"pt_BR","og_type":"article","og_title":"A declara\u00e7\u00e3o de Flavio Prado direcionada a Vitor Roque, do Palmeiras: \"Ele n\u00e3o \u00e9 aquele jogador...\"","og_description":"O Palmeiras investiu pesado para contar com Vitor Roque, tornando-o o atacante mais caro da hist\u00f3ria do Brasileir\u00e3o. No entanto, o jovem ainda n\u00e3o balan\u00e7ou as redes com a camisa alviverde, o que tem gerado questionamentos por parte da torcida.&nbsp; Diante desse cen\u00e1rio, o comentarista Flavio Prado pediu paci\u00eancia e destacou a necessidade de um [&hellip;]","og_url":"https:\/\/www.gaveanews.com\/index.php\/2025\/04\/02\/a-declaracao-de-flavio-prado-direcionada-a-vitor-roque-do-palmeiras-ele-nao-e-aquele-jogador\/","og_site_name":"G\u00e1vea News","article_publisher":"https:\/\/facebook.com\/gaveaNews\/","article_published_time":"2025-04-02T19:05:00+00:00","og_image":[{"width":999,"height":548,"url":"https:\/\/www.gaveanews.com\/wp-content\/uploads\/Flavio-Prado.webp","type":"image\/png"}],"author":"Rafaela Ladeira","twitter_card":"summary_large_image","twitter_misc":{"Escrito por":"Rafaela Ladeira","Est. tempo de leitura":"3 minutos"},"schema":{"@context":"https:\/\/schema.org","@graph":[{"@type":"NewsArticle","@id":"https:\/\/www.gaveanews.com\/index.php\/2025\/04\/02\/a-declaracao-de-flavio-prado-direcionada-a-vitor-roque-do-palmeiras-ele-nao-e-aquele-jogador\/#article","isPartOf":{"@id":"https:\/\/www.gaveanews.com\/index.php\/2025\/04\/02\/a-declaracao-de-flavio-prado-direcionada-a-vitor-roque-do-palmeiras-ele-nao-e-aquele-jogador\/"},"author":{"name":"Rafaela Ladeira","@id":"https:\/\/www.gaveanews.com\/#\/schema\/person\/0eb3e3fe1754f0205218538adbe8f5ed"},"headline":"A declara\u00e7\u00e3o de Flavio Prado direcionada a Vitor Roque, do Palmeiras: &#8220;Ele n\u00e3o \u00e9 aquele jogador&#8230;&#8221;","datePublished":"2025-04-02T19:05:00+00:00","mainEntityOfPage":{"@id":"https:\/\/www.gaveanews.com\/index.php\/2025\/04\/02\/a-declaracao-de-flavio-prado-direcionada-a-vitor-roque-do-palmeiras-ele-nao-e-aquele-jogador\/"},"wordCount":407,"commentCount":0,"image":{"@id":"https:\/\/www.gaveanews.com\/index.php\/2025\/04\/02\/a-declaracao-de-flavio-prado-direcionada-a-vitor-roque-do-palmeiras-ele-nao-e-aquele-jogador\/#primaryimage"},"thumbnailUrl":"https:\/\/www.gaveanews.com\/wp-content\/uploads\/Flavio-Prado.webp","articleSection":["Palmeiras"],"inLanguage":"pt-BR","potentialAction":[{"@type":"CommentAction","name":"Comment","target":["https:\/\/www.gaveanews.com\/index.php\/2025\/04\/02\/a-declaracao-de-flavio-prado-direcionada-a-vitor-roque-do-palmeiras-ele-nao-e-aquele-jogador\/#respond"]}],"copyrightYear":"2025","copyrightHolder":{"@id":"https:\/\/www.gaveanews.com\/#organization"}},{"@type":"WebPage","@id":"https:\/\/www.gaveanews.com\/index.php\/2025\/04\/02\/a-declaracao-de-flavio-prado-direcionada-a-vitor-roque-do-palmeiras-ele-nao-e-aquele-jogador\/","url":"https:\/\/www.gaveanews.com\/index.php\/2025\/04\/02\/a-declaracao-de-flavio-prado-direcionada-a-vitor-roque-do-palmeiras-ele-nao-e-aquele-jogador\/","name":"A declara\u00e7\u00e3o de Flavio Prado direcionada a Vitor Roque, do Palmeiras: \"Ele n\u00e3o \u00e9 aquele jogador...\"","isPartOf":{"@id":"https:\/\/www.gaveanews.com\/#website"},"primaryImageOfPage":{"@id":"https:\/\/www.gaveanews.com\/index.php\/2025\/04\/02\/a-declaracao-de-flavio-prado-direcionada-a-vitor-roque-do-palmeiras-ele-nao-e-aquele-jogador\/#primaryimage"},"image":{"@id":"https:\/\/www.gaveanews.com\/index.php\/2025\/04\/02\/a-declaracao-de-flavio-prado-direcionada-a-vitor-roque-do-palmeiras-ele-nao-e-aquele-jogador\/#primaryimage"},"thumbnailUrl":"https:\/\/www.gaveanews.com\/wp-content\/uploads\/Flavio-Prado.webp","datePublished":"2025-04-02T19:05:00+00:00","author":{"@id":"https:\/\/www.gaveanews.com\/#\/schema\/person\/0eb3e3fe1754f0205218538adbe8f5ed"},"breadcrumb":{"@id":"https:\/\/www.gaveanews.com\/index.php\/2025\/04\/02\/a-declaracao-de-flavio-prado-direcionada-a-vitor-roque-do-palmeiras-ele-nao-e-aquele-jogador\/#breadcrumb"},"inLanguage":"pt-BR","potentialAction":[{"@type":"ReadAction","target":["https:\/\/www.gaveanews.com\/index.php\/2025\/04\/02\/a-declaracao-de-flavio-prado-direcionada-a-vitor-roque-do-palmeiras-ele-nao-e-aquele-jogador\/"]}]},{"@type":"ImageObject","inLanguage":"pt-BR","@id":"https:\/\/www.gaveanews.com\/index.php\/2025\/04\/02\/a-declaracao-de-flavio-prado-direcionada-a-vitor-roque-do-palmeiras-ele-nao-e-aquele-jogador\/#primaryimage","url":"https:\/\/www.gaveanews.com\/wp-content\/uploads\/Flavio-Prado.webp","contentUrl":"https:\/\/www.gaveanews.com\/wp-content\/uploads\/Flavio-Prado.webp","width":999,"height":548,"caption":"Flavio Prado - Foto: Reprodu\u00e7\u00e3o"},{"@type":"BreadcrumbList","@id":"https:\/\/www.gaveanews.com\/index.php\/2025\/04\/02\/a-declaracao-de-flavio-prado-direcionada-a-vitor-roque-do-palmeiras-ele-nao-e-aquele-jogador\/#breadcrumb","itemListElement":[{"@type":"ListItem","position":1,"name":"Home","item":"https:\/\/www.gaveanews.com\/"},{"@type":"ListItem","position":2,"name":"A declara\u00e7\u00e3o de Flavio Prado direcionada a Vitor Roque, do Palmeiras: &#8220;Ele n\u00e3o \u00e9 aquele jogador&#8230;&#8221;"}]},{"@type":"WebSite","@id":"https:\/\/www.gaveanews.com\/#website","url":"https:\/\/www.gaveanews.com\/","name":"G\u00e1vea News","description":"Veja todas as not\u00edcias sobre o Flamengo: Contrata\u00e7\u00f5es, categorias de base, resultados das partidas, tabela de classifica\u00e7\u00e3o, pr\u00f3ximos jogos!","potentialAction":[{"@type":"SearchAction","target":{"@type":"EntryPoint","urlTemplate":"https:\/\/www.gaveanews.com\/?s={search_term_string}"},"query-input":{"@type":"PropertyValueSpecification","valueRequired":true,"valueName":"search_term_string"}}],"inLanguage":"pt-BR"},{"@type":"Person","@id":"https:\/\/www.gaveanews.com\/#\/schema\/person\/0eb3e3fe1754f0205218538adbe8f5ed","name":"Rafaela Ladeira","image":{"@type":"ImageObject","inLanguage":"pt-BR","@id":"https:\/\/www.gaveanews.com\/#\/schema\/person\/image\/","url":"https:\/\/secure.gravatar.com\/avatar\/c31f513acffd85eacab5730cbdfdbbf59f21ba5aeada8cd890acea879fbb2455?s=96&d=mm&r=g","contentUrl":"https:\/\/secure.gravatar.com\/avatar\/c31f513acffd85eacab5730cbdfdbbf59f21ba5aeada8cd890acea879fbb2455?s=96&d=mm&r=g","caption":"Rafaela Ladeira"}}]}},"_links":{"self":[{"href":"https:\/\/www.gaveanews.com\/index.php\/wp-json\/wp\/v2\/posts\/247997","targetHints":{"allow":["GET"]}}],"collection":[{"href":"https:\/\/www.gaveanews.com\/index.php\/wp-json\/wp\/v2\/posts"}],"about":[{"href":"https:\/\/www.gaveanews.com\/index.php\/wp-json\/wp\/v2\/types\/post"}],"author":[{"embeddable":true,"href":"https:\/\/www.gaveanews.com\/index.php\/wp-json\/wp\/v2\/users\/25"}],"replies":[{"embeddable":true,"href":"https:\/\/www.gaveanews.com\/index.php\/wp-json\/wp\/v2\/comments?post=247997"}],"version-history":[{"count":1,"href":"https:\/\/www.gaveanews.com\/index.php\/wp-json\/wp\/v2\/posts\/247997\/revisions"}],"predecessor-version":[{"id":247998,"href":"https:\/\/www.gaveanews.com\/index.php\/wp-json\/wp\/v2\/posts\/247997\/revisions\/247998"}],"wp:featuredmedia":[{"embeddable":true,"href":"https:\/\/www.gaveanews.com\/index.php\/wp-json\/wp\/v2\/media\/102292"}],"wp:attachment":[{"href":"https:\/\/www.gaveanews.com\/index.php\/wp-json\/wp\/v2\/media?parent=247997"}],"wp:term":[{"taxonomy":"category","embeddable":true,"href":"https:\/\/www.gaveanews.com\/index.php\/wp-json\/wp\/v2\/categories?post=247997"},{"taxonomy":"post_tag","embeddable":true,"href":"https:\/\/www.gaveanews.com\/index.php\/wp-json\/wp\/v2\/tags?post=247997"}],"curies":[{"name":"wp","href":"https:\/\/api.w.org\/{rel}","templated":true}]}}