{"id":248006,"date":"2025-04-02T16:35:00","date_gmt":"2025-04-02T19:35:00","guid":{"rendered":"https:\/\/www.gaveanews.com\/?p=248006"},"modified":"2025-04-02T15:48:25","modified_gmt":"2025-04-02T18:48:25","slug":"atualizacao-sobre-a-situacao-de-raphael-veiga-no-palmeiras","status":"publish","type":"post","link":"https:\/\/www.gaveanews.com\/index.php\/2025\/04\/02\/atualizacao-sobre-a-situacao-de-raphael-veiga-no-palmeiras\/","title":{"rendered":"Atualiza\u00e7\u00e3o sobre a situa\u00e7\u00e3o de Raphael Veiga no Palmeiras"},"content":{"rendered":"\n<p>O Palmeiras ter\u00e1 um desfalque de peso na estreia da Copa Libertadores. Raphael Veiga, um dos principais jogadores do elenco, est\u00e1 fora da partida contra o Sporting Cristal, no Peru. A aus\u00eancia do camisa 23 \u00e9 um baque para Abel Ferreira, que precisar\u00e1 encontrar solu\u00e7\u00f5es para manter o time competitivo.<\/p>\n\n\n\n<h2 class=\"wp-block-heading\" id=\"h-por-que-raphael-veiga-nao-viajou-para-o-peru\">Por que Raphael Veiga n\u00e3o viajou para o Peru?<\/h2>\n\n\n\n<blockquote class=\"twitter-tweet\"><p lang=\"pt\" dir=\"ltr\">Baixa! Raphael Veiga n\u00e3o viaja ao Peru e desfalca o Palmeiras contra o Sporting Cristal, amanh\u00e3, pela Libertadores.<br><br>O meia foi substitu\u00eddo contra o Botafogo ap\u00f3s uma entrada do zagueiro Alexander Barboza e foi visto no banco de reservas com gelo nas costas.<br><br>\ud83d\uddde <a href=\"https:\/\/twitter.com\/onossopalestra?ref_src=twsrc%5Etfw\">@onossopalestra<\/a>\u2026 <a href=\"https:\/\/t.co\/iQrnCfHGJl\">pic.twitter.com\/iQrnCfHGJl<\/a><\/p>&mdash; Planeta do Futebol \ud83c\udf0e (@futebol_info) <a href=\"https:\/\/twitter.com\/futebol_info\/status\/1907442046337433790?ref_src=twsrc%5Etfw\">April 2, 2025<\/a><\/blockquote> <script async src=\"https:\/\/platform.twitter.com\/widgets.js\" charset=\"utf-8\"><\/script>\n\n\n\n<p>O meia sofreu um trauma na lombar durante a estreia do Brasileir\u00e3o, contra o Botafogo, no \u00faltimo domingo. Ele chegou a ser substitu\u00eddo no segundo tempo e, ap\u00f3s a partida, relatou fortes dores. Por isso, a comiss\u00e3o t\u00e9cnica optou por deix\u00e1-lo em S\u00e3o Paulo para seguir com o tratamento.<\/p>\n\n\n\n<p>Cabe ressaltar que a decis\u00e3o tamb\u00e9m leva em conta o longo tempo de deslocamento at\u00e9 Lima, que poderia agravar o problema. Sendo assim, o Verd\u00e3o preferiu preservar o jogador para que ele tenha uma recupera\u00e7\u00e3o mais eficiente.<\/p>\n\n\n\n<h2 class=\"wp-block-heading\" id=\"h-felipe-anderson-pode-ganhar-nova-chance-no-time\">Felipe Anderson pode ganhar nova chance no time<\/h2>\n\n\n\n<p>Com a aus\u00eancia de Veiga, Abel Ferreira deve promover mudan\u00e7as no meio-campo. Felipe Anderson, que entrou bem na \u00faltima partida, surge como um forte candidato para ocupar a vaga. O ex-Lazio ainda busca a melhor forma, mas pode aproveitar essa oportunidade para se firmar na equipe.<\/p>\n\n\n\n<p>Al\u00e9m disso, a boa not\u00edcia para os torcedores palmeirenses \u00e9 o retorno de Gustavo G\u00f3mez. O zagueiro, pe\u00e7a fundamental no sistema defensivo, est\u00e1 recuperado de uma les\u00e3o no joelho e foi relacionado para a estreia na Libertadores.<\/p>\n\n\n\n<h2 class=\"wp-block-heading\" id=\"h-outros-desfalques-preocupam-abel-ferreira\">Outros desfalques preocupam Abel Ferreira<\/h2>\n\n\n\n<p>O Palmeiras n\u00e3o ter\u00e1 apenas Veiga como baixa. A lista de desfalques ainda inclui An\u00edbal Moreno, Marcos Rocha, Paulinho, Maur\u00edcio e Bruno Rodrigues. Vale destacar que Maur\u00edcio e Paulinho j\u00e1 treinam com o grupo e podem retornar em breve.<\/p>\n\n\n\n<p>Dessa maneira, Abel precisar\u00e1 administrar bem o elenco para superar essas aus\u00eancias. Com isso, o Verd\u00e3o estreia na Libertadores com desafios extras, mas mant\u00e9m o foco na busca por mais um t\u00edtulo continental.<\/p>\n","protected":false},"excerpt":{"rendered":"<p>O Palmeiras ter\u00e1 um desfalque de peso na estreia da Copa Libertadores. Raphael Veiga, um dos principais jogadores do elenco, est\u00e1 fora da partida contra o Sporting Cristal, no Peru. A aus\u00eancia do camisa 23 \u00e9 um baque para Abel Ferreira, que precisar\u00e1 encontrar solu\u00e7\u00f5es para manter o time competitivo. Por que Raphael Veiga n\u00e3o [&hellip;]<\/p>\n","protected":false},"author":24,"featured_media":70428,"comment_status":"open","ping_status":"closed","sticky":false,"template":"","format":"standard","meta":{"footnotes":""},"categories":[150],"tags":[],"class_list":["post-248006","post","type-post","status-publish","format-standard","has-post-thumbnail","hentry","category-palmeiras"],"yoast_head":"<!-- This site is optimized with the Yoast SEO Premium plugin v24.2 (Yoast SEO v26.9) - https:\/\/yoast.com\/product\/yoast-seo-premium-wordpress\/ -->\n<title>Atualiza\u00e7\u00e3o sobre a situa\u00e7\u00e3o de Raphael Veiga no Palmeiras<\/title>\n<meta name=\"robots\" content=\"index, follow, max-snippet:-1, max-image-preview:large, max-video-preview:-1\" \/>\n<link rel=\"canonical\" href=\"https:\/\/www.gaveanews.com\/index.php\/2025\/04\/02\/atualizacao-sobre-a-situacao-de-raphael-veiga-no-palmeiras\/\" \/>\n<meta property=\"og:locale\" content=\"pt_BR\" \/>\n<meta property=\"og:type\" content=\"article\" \/>\n<meta property=\"og:title\" content=\"Atualiza\u00e7\u00e3o sobre a situa\u00e7\u00e3o de Raphael Veiga no Palmeiras\" \/>\n<meta property=\"og:description\" content=\"O Palmeiras ter\u00e1 um desfalque de peso na estreia da Copa Libertadores. Raphael Veiga, um dos principais jogadores do elenco, est\u00e1 fora da partida contra o Sporting Cristal, no Peru. A aus\u00eancia do camisa 23 \u00e9 um baque para Abel Ferreira, que precisar\u00e1 encontrar solu\u00e7\u00f5es para manter o time competitivo. Por que Raphael Veiga n\u00e3o [&hellip;]\" \/>\n<meta property=\"og:url\" content=\"https:\/\/www.gaveanews.com\/index.php\/2025\/04\/02\/atualizacao-sobre-a-situacao-de-raphael-veiga-no-palmeiras\/\" \/>\n<meta property=\"og:site_name\" content=\"G\u00e1vea News\" \/>\n<meta property=\"article:publisher\" content=\"https:\/\/facebook.com\/gaveaNews\/\" \/>\n<meta property=\"article:published_time\" content=\"2025-04-02T19:35:00+00:00\" \/>\n<meta property=\"og:image\" content=\"https:\/\/www.gaveanews.com\/wp-content\/uploads\/Raphael-Veiga-comemora-gol-marcado-pelo-Palmeiras.webp\" \/>\n\t<meta property=\"og:image:width\" content=\"1008\" \/>\n\t<meta property=\"og:image:height\" content=\"567\" \/>\n\t<meta property=\"og:image:type\" content=\"image\/jpeg\" \/>\n<meta name=\"author\" content=\"Leandro Cardoso\" \/>\n<meta name=\"twitter:card\" content=\"summary_large_image\" \/>\n<meta name=\"twitter:label1\" content=\"Escrito por\" \/>\n\t<meta name=\"twitter:data1\" content=\"Leandro Cardoso\" \/>\n\t<meta name=\"twitter:label2\" content=\"Est. tempo de leitura\" \/>\n\t<meta name=\"twitter:data2\" content=\"2 minutos\" \/>\n<script type=\"application\/ld+json\" class=\"yoast-schema-graph\">{\"@context\":\"https:\/\/schema.org\",\"@graph\":[{\"@type\":\"NewsArticle\",\"@id\":\"https:\/\/www.gaveanews.com\/index.php\/2025\/04\/02\/atualizacao-sobre-a-situacao-de-raphael-veiga-no-palmeiras\/#article\",\"isPartOf\":{\"@id\":\"https:\/\/www.gaveanews.com\/index.php\/2025\/04\/02\/atualizacao-sobre-a-situacao-de-raphael-veiga-no-palmeiras\/\"},\"author\":{\"name\":\"Leandro Cardoso\",\"@id\":\"https:\/\/www.gaveanews.com\/#\/schema\/person\/2424ec6409bc3f068411fc5e4e9b6168\"},\"headline\":\"Atualiza\u00e7\u00e3o sobre a situa\u00e7\u00e3o de Raphael Veiga no Palmeiras\",\"datePublished\":\"2025-04-02T19:35:00+00:00\",\"mainEntityOfPage\":{\"@id\":\"https:\/\/www.gaveanews.com\/index.php\/2025\/04\/02\/atualizacao-sobre-a-situacao-de-raphael-veiga-no-palmeiras\/\"},\"wordCount\":408,\"commentCount\":0,\"image\":{\"@id\":\"https:\/\/www.gaveanews.com\/index.php\/2025\/04\/02\/atualizacao-sobre-a-situacao-de-raphael-veiga-no-palmeiras\/#primaryimage\"},\"thumbnailUrl\":\"https:\/\/www.gaveanews.com\/wp-content\/uploads\/Raphael-Veiga-comemora-gol-marcado-pelo-Palmeiras.webp\",\"articleSection\":[\"Palmeiras\"],\"inLanguage\":\"pt-BR\",\"potentialAction\":[{\"@type\":\"CommentAction\",\"name\":\"Comment\",\"target\":[\"https:\/\/www.gaveanews.com\/index.php\/2025\/04\/02\/atualizacao-sobre-a-situacao-de-raphael-veiga-no-palmeiras\/#respond\"]}],\"copyrightYear\":\"2025\",\"copyrightHolder\":{\"@id\":\"https:\/\/www.gaveanews.com\/#organization\"}},{\"@type\":\"WebPage\",\"@id\":\"https:\/\/www.gaveanews.com\/index.php\/2025\/04\/02\/atualizacao-sobre-a-situacao-de-raphael-veiga-no-palmeiras\/\",\"url\":\"https:\/\/www.gaveanews.com\/index.php\/2025\/04\/02\/atualizacao-sobre-a-situacao-de-raphael-veiga-no-palmeiras\/\",\"name\":\"Atualiza\u00e7\u00e3o sobre a situa\u00e7\u00e3o de Raphael Veiga no Palmeiras\",\"isPartOf\":{\"@id\":\"https:\/\/www.gaveanews.com\/#website\"},\"primaryImageOfPage\":{\"@id\":\"https:\/\/www.gaveanews.com\/index.php\/2025\/04\/02\/atualizacao-sobre-a-situacao-de-raphael-veiga-no-palmeiras\/#primaryimage\"},\"image\":{\"@id\":\"https:\/\/www.gaveanews.com\/index.php\/2025\/04\/02\/atualizacao-sobre-a-situacao-de-raphael-veiga-no-palmeiras\/#primaryimage\"},\"thumbnailUrl\":\"https:\/\/www.gaveanews.com\/wp-content\/uploads\/Raphael-Veiga-comemora-gol-marcado-pelo-Palmeiras.webp\",\"datePublished\":\"2025-04-02T19:35:00+00:00\",\"author\":{\"@id\":\"https:\/\/www.gaveanews.com\/#\/schema\/person\/2424ec6409bc3f068411fc5e4e9b6168\"},\"breadcrumb\":{\"@id\":\"https:\/\/www.gaveanews.com\/index.php\/2025\/04\/02\/atualizacao-sobre-a-situacao-de-raphael-veiga-no-palmeiras\/#breadcrumb\"},\"inLanguage\":\"pt-BR\",\"potentialAction\":[{\"@type\":\"ReadAction\",\"target\":[\"https:\/\/www.gaveanews.com\/index.php\/2025\/04\/02\/atualizacao-sobre-a-situacao-de-raphael-veiga-no-palmeiras\/\"]}]},{\"@type\":\"ImageObject\",\"inLanguage\":\"pt-BR\",\"@id\":\"https:\/\/www.gaveanews.com\/index.php\/2025\/04\/02\/atualizacao-sobre-a-situacao-de-raphael-veiga-no-palmeiras\/#primaryimage\",\"url\":\"https:\/\/www.gaveanews.com\/wp-content\/uploads\/Raphael-Veiga-comemora-gol-marcado-pelo-Palmeiras.webp\",\"contentUrl\":\"https:\/\/www.gaveanews.com\/wp-content\/uploads\/Raphael-Veiga-comemora-gol-marcado-pelo-Palmeiras.webp\",\"width\":1008,\"height\":567},{\"@type\":\"BreadcrumbList\",\"@id\":\"https:\/\/www.gaveanews.com\/index.php\/2025\/04\/02\/atualizacao-sobre-a-situacao-de-raphael-veiga-no-palmeiras\/#breadcrumb\",\"itemListElement\":[{\"@type\":\"ListItem\",\"position\":1,\"name\":\"Home\",\"item\":\"https:\/\/www.gaveanews.com\/\"},{\"@type\":\"ListItem\",\"position\":2,\"name\":\"Atualiza\u00e7\u00e3o sobre a situa\u00e7\u00e3o de Raphael Veiga no Palmeiras\"}]},{\"@type\":\"WebSite\",\"@id\":\"https:\/\/www.gaveanews.com\/#website\",\"url\":\"https:\/\/www.gaveanews.com\/\",\"name\":\"G\u00e1vea News\",\"description\":\"Veja todas as not\u00edcias sobre o Flamengo: Contrata\u00e7\u00f5es, categorias de base, resultados das partidas, tabela de classifica\u00e7\u00e3o, pr\u00f3ximos jogos!\",\"potentialAction\":[{\"@type\":\"SearchAction\",\"target\":{\"@type\":\"EntryPoint\",\"urlTemplate\":\"https:\/\/www.gaveanews.com\/?s={search_term_string}\"},\"query-input\":{\"@type\":\"PropertyValueSpecification\",\"valueRequired\":true,\"valueName\":\"search_term_string\"}}],\"inLanguage\":\"pt-BR\"},{\"@type\":\"Person\",\"@id\":\"https:\/\/www.gaveanews.com\/#\/schema\/person\/2424ec6409bc3f068411fc5e4e9b6168\",\"name\":\"Leandro Cardoso\",\"image\":{\"@type\":\"ImageObject\",\"inLanguage\":\"pt-BR\",\"@id\":\"https:\/\/www.gaveanews.com\/#\/schema\/person\/image\/\",\"url\":\"https:\/\/secure.gravatar.com\/avatar\/8ca179f9b55eefe9f376f5493ef25475bfa59fbc28ce937f6076ce20e523098f?s=96&d=mm&r=g\",\"contentUrl\":\"https:\/\/secure.gravatar.com\/avatar\/8ca179f9b55eefe9f376f5493ef25475bfa59fbc28ce937f6076ce20e523098f?s=96&d=mm&r=g\",\"caption\":\"Leandro Cardoso\"}}]}<\/script>\n<!-- \/ Yoast SEO Premium plugin. -->","yoast_head_json":{"title":"Atualiza\u00e7\u00e3o sobre a situa\u00e7\u00e3o de Raphael Veiga no Palmeiras","robots":{"index":"index","follow":"follow","max-snippet":"max-snippet:-1","max-image-preview":"max-image-preview:large","max-video-preview":"max-video-preview:-1"},"canonical":"https:\/\/www.gaveanews.com\/index.php\/2025\/04\/02\/atualizacao-sobre-a-situacao-de-raphael-veiga-no-palmeiras\/","og_locale":"pt_BR","og_type":"article","og_title":"Atualiza\u00e7\u00e3o sobre a situa\u00e7\u00e3o de Raphael Veiga no Palmeiras","og_description":"O Palmeiras ter\u00e1 um desfalque de peso na estreia da Copa Libertadores. Raphael Veiga, um dos principais jogadores do elenco, est\u00e1 fora da partida contra o Sporting Cristal, no Peru. A aus\u00eancia do camisa 23 \u00e9 um baque para Abel Ferreira, que precisar\u00e1 encontrar solu\u00e7\u00f5es para manter o time competitivo. Por que Raphael Veiga n\u00e3o [&hellip;]","og_url":"https:\/\/www.gaveanews.com\/index.php\/2025\/04\/02\/atualizacao-sobre-a-situacao-de-raphael-veiga-no-palmeiras\/","og_site_name":"G\u00e1vea News","article_publisher":"https:\/\/facebook.com\/gaveaNews\/","article_published_time":"2025-04-02T19:35:00+00:00","og_image":[{"width":1008,"height":567,"url":"https:\/\/www.gaveanews.com\/wp-content\/uploads\/Raphael-Veiga-comemora-gol-marcado-pelo-Palmeiras.webp","type":"image\/jpeg"}],"author":"Leandro Cardoso","twitter_card":"summary_large_image","twitter_misc":{"Escrito por":"Leandro Cardoso","Est. tempo de leitura":"2 minutos"},"schema":{"@context":"https:\/\/schema.org","@graph":[{"@type":"NewsArticle","@id":"https:\/\/www.gaveanews.com\/index.php\/2025\/04\/02\/atualizacao-sobre-a-situacao-de-raphael-veiga-no-palmeiras\/#article","isPartOf":{"@id":"https:\/\/www.gaveanews.com\/index.php\/2025\/04\/02\/atualizacao-sobre-a-situacao-de-raphael-veiga-no-palmeiras\/"},"author":{"name":"Leandro Cardoso","@id":"https:\/\/www.gaveanews.com\/#\/schema\/person\/2424ec6409bc3f068411fc5e4e9b6168"},"headline":"Atualiza\u00e7\u00e3o sobre a situa\u00e7\u00e3o de Raphael Veiga no Palmeiras","datePublished":"2025-04-02T19:35:00+00:00","mainEntityOfPage":{"@id":"https:\/\/www.gaveanews.com\/index.php\/2025\/04\/02\/atualizacao-sobre-a-situacao-de-raphael-veiga-no-palmeiras\/"},"wordCount":408,"commentCount":0,"image":{"@id":"https:\/\/www.gaveanews.com\/index.php\/2025\/04\/02\/atualizacao-sobre-a-situacao-de-raphael-veiga-no-palmeiras\/#primaryimage"},"thumbnailUrl":"https:\/\/www.gaveanews.com\/wp-content\/uploads\/Raphael-Veiga-comemora-gol-marcado-pelo-Palmeiras.webp","articleSection":["Palmeiras"],"inLanguage":"pt-BR","potentialAction":[{"@type":"CommentAction","name":"Comment","target":["https:\/\/www.gaveanews.com\/index.php\/2025\/04\/02\/atualizacao-sobre-a-situacao-de-raphael-veiga-no-palmeiras\/#respond"]}],"copyrightYear":"2025","copyrightHolder":{"@id":"https:\/\/www.gaveanews.com\/#organization"}},{"@type":"WebPage","@id":"https:\/\/www.gaveanews.com\/index.php\/2025\/04\/02\/atualizacao-sobre-a-situacao-de-raphael-veiga-no-palmeiras\/","url":"https:\/\/www.gaveanews.com\/index.php\/2025\/04\/02\/atualizacao-sobre-a-situacao-de-raphael-veiga-no-palmeiras\/","name":"Atualiza\u00e7\u00e3o sobre a situa\u00e7\u00e3o de Raphael Veiga no Palmeiras","isPartOf":{"@id":"https:\/\/www.gaveanews.com\/#website"},"primaryImageOfPage":{"@id":"https:\/\/www.gaveanews.com\/index.php\/2025\/04\/02\/atualizacao-sobre-a-situacao-de-raphael-veiga-no-palmeiras\/#primaryimage"},"image":{"@id":"https:\/\/www.gaveanews.com\/index.php\/2025\/04\/02\/atualizacao-sobre-a-situacao-de-raphael-veiga-no-palmeiras\/#primaryimage"},"thumbnailUrl":"https:\/\/www.gaveanews.com\/wp-content\/uploads\/Raphael-Veiga-comemora-gol-marcado-pelo-Palmeiras.webp","datePublished":"2025-04-02T19:35:00+00:00","author":{"@id":"https:\/\/www.gaveanews.com\/#\/schema\/person\/2424ec6409bc3f068411fc5e4e9b6168"},"breadcrumb":{"@id":"https:\/\/www.gaveanews.com\/index.php\/2025\/04\/02\/atualizacao-sobre-a-situacao-de-raphael-veiga-no-palmeiras\/#breadcrumb"},"inLanguage":"pt-BR","potentialAction":[{"@type":"ReadAction","target":["https:\/\/www.gaveanews.com\/index.php\/2025\/04\/02\/atualizacao-sobre-a-situacao-de-raphael-veiga-no-palmeiras\/"]}]},{"@type":"ImageObject","inLanguage":"pt-BR","@id":"https:\/\/www.gaveanews.com\/index.php\/2025\/04\/02\/atualizacao-sobre-a-situacao-de-raphael-veiga-no-palmeiras\/#primaryimage","url":"https:\/\/www.gaveanews.com\/wp-content\/uploads\/Raphael-Veiga-comemora-gol-marcado-pelo-Palmeiras.webp","contentUrl":"https:\/\/www.gaveanews.com\/wp-content\/uploads\/Raphael-Veiga-comemora-gol-marcado-pelo-Palmeiras.webp","width":1008,"height":567},{"@type":"BreadcrumbList","@id":"https:\/\/www.gaveanews.com\/index.php\/2025\/04\/02\/atualizacao-sobre-a-situacao-de-raphael-veiga-no-palmeiras\/#breadcrumb","itemListElement":[{"@type":"ListItem","position":1,"name":"Home","item":"https:\/\/www.gaveanews.com\/"},{"@type":"ListItem","position":2,"name":"Atualiza\u00e7\u00e3o sobre a situa\u00e7\u00e3o de Raphael Veiga no Palmeiras"}]},{"@type":"WebSite","@id":"https:\/\/www.gaveanews.com\/#website","url":"https:\/\/www.gaveanews.com\/","name":"G\u00e1vea News","description":"Veja todas as not\u00edcias sobre o Flamengo: Contrata\u00e7\u00f5es, categorias de base, resultados das partidas, tabela de classifica\u00e7\u00e3o, pr\u00f3ximos jogos!","potentialAction":[{"@type":"SearchAction","target":{"@type":"EntryPoint","urlTemplate":"https:\/\/www.gaveanews.com\/?s={search_term_string}"},"query-input":{"@type":"PropertyValueSpecification","valueRequired":true,"valueName":"search_term_string"}}],"inLanguage":"pt-BR"},{"@type":"Person","@id":"https:\/\/www.gaveanews.com\/#\/schema\/person\/2424ec6409bc3f068411fc5e4e9b6168","name":"Leandro Cardoso","image":{"@type":"ImageObject","inLanguage":"pt-BR","@id":"https:\/\/www.gaveanews.com\/#\/schema\/person\/image\/","url":"https:\/\/secure.gravatar.com\/avatar\/8ca179f9b55eefe9f376f5493ef25475bfa59fbc28ce937f6076ce20e523098f?s=96&d=mm&r=g","contentUrl":"https:\/\/secure.gravatar.com\/avatar\/8ca179f9b55eefe9f376f5493ef25475bfa59fbc28ce937f6076ce20e523098f?s=96&d=mm&r=g","caption":"Leandro Cardoso"}}]}},"_links":{"self":[{"href":"https:\/\/www.gaveanews.com\/index.php\/wp-json\/wp\/v2\/posts\/248006","targetHints":{"allow":["GET"]}}],"collection":[{"href":"https:\/\/www.gaveanews.com\/index.php\/wp-json\/wp\/v2\/posts"}],"about":[{"href":"https:\/\/www.gaveanews.com\/index.php\/wp-json\/wp\/v2\/types\/post"}],"author":[{"embeddable":true,"href":"https:\/\/www.gaveanews.com\/index.php\/wp-json\/wp\/v2\/users\/24"}],"replies":[{"embeddable":true,"href":"https:\/\/www.gaveanews.com\/index.php\/wp-json\/wp\/v2\/comments?post=248006"}],"version-history":[{"count":2,"href":"https:\/\/www.gaveanews.com\/index.php\/wp-json\/wp\/v2\/posts\/248006\/revisions"}],"predecessor-version":[{"id":248010,"href":"https:\/\/www.gaveanews.com\/index.php\/wp-json\/wp\/v2\/posts\/248006\/revisions\/248010"}],"wp:featuredmedia":[{"embeddable":true,"href":"https:\/\/www.gaveanews.com\/index.php\/wp-json\/wp\/v2\/media\/70428"}],"wp:attachment":[{"href":"https:\/\/www.gaveanews.com\/index.php\/wp-json\/wp\/v2\/media?parent=248006"}],"wp:term":[{"taxonomy":"category","embeddable":true,"href":"https:\/\/www.gaveanews.com\/index.php\/wp-json\/wp\/v2\/categories?post=248006"},{"taxonomy":"post_tag","embeddable":true,"href":"https:\/\/www.gaveanews.com\/index.php\/wp-json\/wp\/v2\/tags?post=248006"}],"curies":[{"name":"wp","href":"https:\/\/api.w.org\/{rel}","templated":true}]}}