{"id":248007,"date":"2025-04-02T16:30:00","date_gmt":"2025-04-02T19:30:00","guid":{"rendered":"https:\/\/www.gaveanews.com\/?p=248007"},"modified":"2025-04-02T15:47:13","modified_gmt":"2025-04-02T18:47:13","slug":"pedro-caixinha-sofre-pressao-para-alterar-o-time-titular-do-santos","status":"publish","type":"post","link":"https:\/\/www.gaveanews.com\/index.php\/2025\/04\/02\/pedro-caixinha-sofre-pressao-para-alterar-o-time-titular-do-santos\/","title":{"rendered":"Pedro Caixinha sofre press\u00e3o para alterar o time titular do Santos"},"content":{"rendered":"\n<p>O ambiente no Santos est\u00e1 cada vez mais tenso ap\u00f3s a derrota para o Vasco na estreia do Brasileir\u00e3o 2025. A press\u00e3o sobre Pedro Caixinha cresceu, e o treinador j\u00e1 n\u00e3o conta com o mesmo prest\u00edgio entre os dirigentes.&nbsp;<\/p>\n\n\n\n<p>Dessa forma, o nome de Tite surge nos bastidores como poss\u00edvel substituto, caso o desempenho da equipe n\u00e3o melhore rapidamente. Al\u00e9m disso, mudan\u00e7as no time titular s\u00e3o exigidas para o pr\u00f3ximo jogo contra o Bahia.<\/p>\n\n\n\n<h2 class=\"wp-block-heading\" id=\"h-soteldo-de-volta-e-expectativa-por-mudancas\">Soteldo de volta e expectativa por mudan\u00e7as<\/h2>\n\n\n\n<figure class=\"wp-block-image size-full\"><img loading=\"lazy\" decoding=\"async\" width=\"602\" height=\"552\" src=\"http:\/\/www.gaveanews.com\/wp-content\/uploads\/Soteldo-pelo-Santos.webp\" alt=\"\" class=\"wp-image-217773\" srcset=\"https:\/\/www.gaveanews.com\/wp-content\/uploads\/Soteldo-pelo-Santos.webp 602w, https:\/\/www.gaveanews.com\/wp-content\/uploads\/Soteldo-pelo-Santos-300x275.webp 300w, https:\/\/www.gaveanews.com\/wp-content\/uploads\/Soteldo-pelo-Santos-458x420.webp 458w, https:\/\/www.gaveanews.com\/wp-content\/uploads\/Soteldo-pelo-Santos-100x92.webp 100w\" sizes=\"auto, (max-width: 602px) 100vw, 602px\" \/><figcaption class=\"wp-element-caption\">Soteldo pelo Santos (Foto: Instagram\/Soteldo)<\/figcaption><\/figure>\n\n\n\n<p>Na reapresenta\u00e7\u00e3o do elenco nesta ter\u00e7a-feira (1), Yeferson Soteldo foi a grande novidade. O venezuelano est\u00e1 recuperado de dores no adutor e pode assumir a titularidade na vaga de Guilherme. A decis\u00e3o conta com o respaldo da diretoria, que entende que o meia-atacante caiu de rendimento.<\/p>\n\n\n\n<p>\u201cPor conta da moral de Pedro Caixinha estar baixa, alguns dirigentes pressionam o treinador para fazer algumas mudan\u00e7as na equipe. Soteldo est\u00e1 recuperado e todos entendem que ele deve ganhar uma oportunidade no time titular\u201d, afirmou o jornalista Vagner Frederico.<\/p>\n\n\n\n<p>Dessa maneira, o Peixe pode ter novidades para enfrentar o Bahia, principalmente no setor ofensivo. Al\u00e9m disso, outro nome que ganhou for\u00e7a foi o de Barreal, que entrou bem nos \u00faltimos jogos e tem a prefer\u00eancia dos dirigentes para permanecer no time.<\/p>\n\n\n\n<h2 class=\"wp-block-heading\" id=\"h-neymar-segue-fora-e-retorno-e-projetado-para-o-dia-13\">Neymar segue fora e retorno \u00e9 projetado para o dia 13<\/h2>\n\n\n\n<p>Outro problema para o Santos \u00e9 a aus\u00eancia de Neymar. O camisa 10 ainda n\u00e3o est\u00e1 recuperado de um edema na coxa e n\u00e3o enfrentar\u00e1 o Bahia no fim de semana. Isso porque o departamento m\u00e9dico n\u00e3o quer acelerar o retorno do craque, que s\u00f3 deve estar \u00e0 disposi\u00e7\u00e3o contra o Fluminense, no dia 13 de abril.<\/p>\n\n\n\n<p>A aus\u00eancia prolongada de Neymar tem gerado debates na m\u00eddia, e o pr\u00f3prio jogador rebateu cr\u00edticas de Craque Neto.&nbsp;<\/p>\n\n\n\n<p>Vale destacar que a cobran\u00e7a da torcida e at\u00e9 da diretoria est\u00e1 cada vez maior, o que aumenta a tens\u00e3o no clube.<\/p>\n\n\n\n<h2 class=\"wp-block-heading\" id=\"h-pressao-maxima-sobre-caixinha\">Press\u00e3o m\u00e1xima sobre Caixinha<\/h2>\n\n\n\n<p>A situa\u00e7\u00e3o de Pedro Caixinha n\u00e3o \u00e9 das melhores. A diretoria j\u00e1 demonstrou insatisfa\u00e7\u00e3o com o desempenho do time e quer ver resultados imediatos. Por isso, o duelo contra o Bahia pode ser decisivo para o futuro do treinador.&nbsp;<\/p>\n\n\n\n<p>Cabe ressaltar que uma nova derrota pode deixar sua perman\u00eancia no cargo ainda mais amea\u00e7ada.<\/p>\n\n\n\n<p>Com isso, o Santos vive dias de indefini\u00e7\u00e3o, e a torcida aguarda para ver como a equipe reagir\u00e1 dentro de campo.<\/p>\n","protected":false},"excerpt":{"rendered":"<p>O ambiente no Santos est\u00e1 cada vez mais tenso ap\u00f3s a derrota para o Vasco na estreia do Brasileir\u00e3o 2025. A press\u00e3o sobre Pedro Caixinha cresceu, e o treinador j\u00e1 n\u00e3o conta com o mesmo prest\u00edgio entre os dirigentes.&nbsp; Dessa forma, o nome de Tite surge nos bastidores como poss\u00edvel substituto, caso o desempenho da [&hellip;]<\/p>\n","protected":false},"author":25,"featured_media":227144,"comment_status":"open","ping_status":"closed","sticky":false,"template":"","format":"standard","meta":{"footnotes":""},"categories":[139],"tags":[],"class_list":["post-248007","post","type-post","status-publish","format-standard","has-post-thumbnail","hentry","category-santos"],"yoast_head":"<!-- This site is optimized with the Yoast SEO Premium plugin v24.2 (Yoast SEO v26.9) - https:\/\/yoast.com\/product\/yoast-seo-premium-wordpress\/ -->\n<title>Pedro Caixinha sofre press\u00e3o para alterar o time titular do Santos<\/title>\n<meta name=\"robots\" content=\"index, follow, max-snippet:-1, max-image-preview:large, max-video-preview:-1\" \/>\n<link rel=\"canonical\" href=\"https:\/\/www.gaveanews.com\/index.php\/2025\/04\/02\/pedro-caixinha-sofre-pressao-para-alterar-o-time-titular-do-santos\/\" \/>\n<meta property=\"og:locale\" content=\"pt_BR\" \/>\n<meta property=\"og:type\" content=\"article\" \/>\n<meta property=\"og:title\" content=\"Pedro Caixinha sofre press\u00e3o para alterar o time titular do Santos\" \/>\n<meta property=\"og:description\" content=\"O ambiente no Santos est\u00e1 cada vez mais tenso ap\u00f3s a derrota para o Vasco na estreia do Brasileir\u00e3o 2025. A press\u00e3o sobre Pedro Caixinha cresceu, e o treinador j\u00e1 n\u00e3o conta com o mesmo prest\u00edgio entre os dirigentes.&nbsp; Dessa forma, o nome de Tite surge nos bastidores como poss\u00edvel substituto, caso o desempenho da [&hellip;]\" \/>\n<meta property=\"og:url\" content=\"https:\/\/www.gaveanews.com\/index.php\/2025\/04\/02\/pedro-caixinha-sofre-pressao-para-alterar-o-time-titular-do-santos\/\" \/>\n<meta property=\"og:site_name\" content=\"G\u00e1vea News\" \/>\n<meta property=\"article:publisher\" content=\"https:\/\/facebook.com\/gaveaNews\/\" \/>\n<meta property=\"article:published_time\" content=\"2025-04-02T19:30:00+00:00\" \/>\n<meta property=\"og:image\" content=\"https:\/\/www.gaveanews.com\/wp-content\/uploads\/Pedro-Caixinha-tecnico-do-Santos.webp\" \/>\n\t<meta property=\"og:image:width\" content=\"725\" \/>\n\t<meta property=\"og:image:height\" content=\"526\" \/>\n\t<meta property=\"og:image:type\" content=\"image\/jpeg\" \/>\n<meta name=\"author\" content=\"Rafaela Ladeira\" \/>\n<meta name=\"twitter:card\" content=\"summary_large_image\" \/>\n<meta name=\"twitter:label1\" content=\"Escrito por\" \/>\n\t<meta name=\"twitter:data1\" content=\"Rafaela Ladeira\" \/>\n\t<meta name=\"twitter:label2\" content=\"Est. tempo de leitura\" \/>\n\t<meta name=\"twitter:data2\" content=\"3 minutos\" \/>\n<script type=\"application\/ld+json\" class=\"yoast-schema-graph\">{\"@context\":\"https:\/\/schema.org\",\"@graph\":[{\"@type\":\"NewsArticle\",\"@id\":\"https:\/\/www.gaveanews.com\/index.php\/2025\/04\/02\/pedro-caixinha-sofre-pressao-para-alterar-o-time-titular-do-santos\/#article\",\"isPartOf\":{\"@id\":\"https:\/\/www.gaveanews.com\/index.php\/2025\/04\/02\/pedro-caixinha-sofre-pressao-para-alterar-o-time-titular-do-santos\/\"},\"author\":{\"name\":\"Rafaela Ladeira\",\"@id\":\"https:\/\/www.gaveanews.com\/#\/schema\/person\/0eb3e3fe1754f0205218538adbe8f5ed\"},\"headline\":\"Pedro Caixinha sofre press\u00e3o para alterar o time titular do Santos\",\"datePublished\":\"2025-04-02T19:30:00+00:00\",\"mainEntityOfPage\":{\"@id\":\"https:\/\/www.gaveanews.com\/index.php\/2025\/04\/02\/pedro-caixinha-sofre-pressao-para-alterar-o-time-titular-do-santos\/\"},\"wordCount\":448,\"commentCount\":0,\"image\":{\"@id\":\"https:\/\/www.gaveanews.com\/index.php\/2025\/04\/02\/pedro-caixinha-sofre-pressao-para-alterar-o-time-titular-do-santos\/#primaryimage\"},\"thumbnailUrl\":\"https:\/\/www.gaveanews.com\/wp-content\/uploads\/Pedro-Caixinha-tecnico-do-Santos.webp\",\"articleSection\":[\"Santos\"],\"inLanguage\":\"pt-BR\",\"potentialAction\":[{\"@type\":\"CommentAction\",\"name\":\"Comment\",\"target\":[\"https:\/\/www.gaveanews.com\/index.php\/2025\/04\/02\/pedro-caixinha-sofre-pressao-para-alterar-o-time-titular-do-santos\/#respond\"]}],\"copyrightYear\":\"2025\",\"copyrightHolder\":{\"@id\":\"https:\/\/www.gaveanews.com\/#organization\"}},{\"@type\":\"WebPage\",\"@id\":\"https:\/\/www.gaveanews.com\/index.php\/2025\/04\/02\/pedro-caixinha-sofre-pressao-para-alterar-o-time-titular-do-santos\/\",\"url\":\"https:\/\/www.gaveanews.com\/index.php\/2025\/04\/02\/pedro-caixinha-sofre-pressao-para-alterar-o-time-titular-do-santos\/\",\"name\":\"Pedro Caixinha sofre press\u00e3o para alterar o time titular do Santos\",\"isPartOf\":{\"@id\":\"https:\/\/www.gaveanews.com\/#website\"},\"primaryImageOfPage\":{\"@id\":\"https:\/\/www.gaveanews.com\/index.php\/2025\/04\/02\/pedro-caixinha-sofre-pressao-para-alterar-o-time-titular-do-santos\/#primaryimage\"},\"image\":{\"@id\":\"https:\/\/www.gaveanews.com\/index.php\/2025\/04\/02\/pedro-caixinha-sofre-pressao-para-alterar-o-time-titular-do-santos\/#primaryimage\"},\"thumbnailUrl\":\"https:\/\/www.gaveanews.com\/wp-content\/uploads\/Pedro-Caixinha-tecnico-do-Santos.webp\",\"datePublished\":\"2025-04-02T19:30:00+00:00\",\"author\":{\"@id\":\"https:\/\/www.gaveanews.com\/#\/schema\/person\/0eb3e3fe1754f0205218538adbe8f5ed\"},\"breadcrumb\":{\"@id\":\"https:\/\/www.gaveanews.com\/index.php\/2025\/04\/02\/pedro-caixinha-sofre-pressao-para-alterar-o-time-titular-do-santos\/#breadcrumb\"},\"inLanguage\":\"pt-BR\",\"potentialAction\":[{\"@type\":\"ReadAction\",\"target\":[\"https:\/\/www.gaveanews.com\/index.php\/2025\/04\/02\/pedro-caixinha-sofre-pressao-para-alterar-o-time-titular-do-santos\/\"]}]},{\"@type\":\"ImageObject\",\"inLanguage\":\"pt-BR\",\"@id\":\"https:\/\/www.gaveanews.com\/index.php\/2025\/04\/02\/pedro-caixinha-sofre-pressao-para-alterar-o-time-titular-do-santos\/#primaryimage\",\"url\":\"https:\/\/www.gaveanews.com\/wp-content\/uploads\/Pedro-Caixinha-tecnico-do-Santos.webp\",\"contentUrl\":\"https:\/\/www.gaveanews.com\/wp-content\/uploads\/Pedro-Caixinha-tecnico-do-Santos.webp\",\"width\":725,\"height\":526,\"caption\":\"Pedro Caixinha, t\u00e9cnico do Santos (Foto: Divulga\u00e7\u00e3o\/Santos)\"},{\"@type\":\"BreadcrumbList\",\"@id\":\"https:\/\/www.gaveanews.com\/index.php\/2025\/04\/02\/pedro-caixinha-sofre-pressao-para-alterar-o-time-titular-do-santos\/#breadcrumb\",\"itemListElement\":[{\"@type\":\"ListItem\",\"position\":1,\"name\":\"Home\",\"item\":\"https:\/\/www.gaveanews.com\/\"},{\"@type\":\"ListItem\",\"position\":2,\"name\":\"Pedro Caixinha sofre press\u00e3o para alterar o time titular do Santos\"}]},{\"@type\":\"WebSite\",\"@id\":\"https:\/\/www.gaveanews.com\/#website\",\"url\":\"https:\/\/www.gaveanews.com\/\",\"name\":\"G\u00e1vea News\",\"description\":\"Veja todas as not\u00edcias sobre o Flamengo: Contrata\u00e7\u00f5es, categorias de base, resultados das partidas, tabela de classifica\u00e7\u00e3o, pr\u00f3ximos jogos!\",\"potentialAction\":[{\"@type\":\"SearchAction\",\"target\":{\"@type\":\"EntryPoint\",\"urlTemplate\":\"https:\/\/www.gaveanews.com\/?s={search_term_string}\"},\"query-input\":{\"@type\":\"PropertyValueSpecification\",\"valueRequired\":true,\"valueName\":\"search_term_string\"}}],\"inLanguage\":\"pt-BR\"},{\"@type\":\"Person\",\"@id\":\"https:\/\/www.gaveanews.com\/#\/schema\/person\/0eb3e3fe1754f0205218538adbe8f5ed\",\"name\":\"Rafaela Ladeira\",\"image\":{\"@type\":\"ImageObject\",\"inLanguage\":\"pt-BR\",\"@id\":\"https:\/\/www.gaveanews.com\/#\/schema\/person\/image\/\",\"url\":\"https:\/\/secure.gravatar.com\/avatar\/c31f513acffd85eacab5730cbdfdbbf59f21ba5aeada8cd890acea879fbb2455?s=96&d=mm&r=g\",\"contentUrl\":\"https:\/\/secure.gravatar.com\/avatar\/c31f513acffd85eacab5730cbdfdbbf59f21ba5aeada8cd890acea879fbb2455?s=96&d=mm&r=g\",\"caption\":\"Rafaela Ladeira\"}}]}<\/script>\n<!-- \/ Yoast SEO Premium plugin. -->","yoast_head_json":{"title":"Pedro Caixinha sofre press\u00e3o para alterar o time titular do Santos","robots":{"index":"index","follow":"follow","max-snippet":"max-snippet:-1","max-image-preview":"max-image-preview:large","max-video-preview":"max-video-preview:-1"},"canonical":"https:\/\/www.gaveanews.com\/index.php\/2025\/04\/02\/pedro-caixinha-sofre-pressao-para-alterar-o-time-titular-do-santos\/","og_locale":"pt_BR","og_type":"article","og_title":"Pedro Caixinha sofre press\u00e3o para alterar o time titular do Santos","og_description":"O ambiente no Santos est\u00e1 cada vez mais tenso ap\u00f3s a derrota para o Vasco na estreia do Brasileir\u00e3o 2025. A press\u00e3o sobre Pedro Caixinha cresceu, e o treinador j\u00e1 n\u00e3o conta com o mesmo prest\u00edgio entre os dirigentes.&nbsp; Dessa forma, o nome de Tite surge nos bastidores como poss\u00edvel substituto, caso o desempenho da [&hellip;]","og_url":"https:\/\/www.gaveanews.com\/index.php\/2025\/04\/02\/pedro-caixinha-sofre-pressao-para-alterar-o-time-titular-do-santos\/","og_site_name":"G\u00e1vea News","article_publisher":"https:\/\/facebook.com\/gaveaNews\/","article_published_time":"2025-04-02T19:30:00+00:00","og_image":[{"width":725,"height":526,"url":"https:\/\/www.gaveanews.com\/wp-content\/uploads\/Pedro-Caixinha-tecnico-do-Santos.webp","type":"image\/jpeg"}],"author":"Rafaela Ladeira","twitter_card":"summary_large_image","twitter_misc":{"Escrito por":"Rafaela Ladeira","Est. tempo de leitura":"3 minutos"},"schema":{"@context":"https:\/\/schema.org","@graph":[{"@type":"NewsArticle","@id":"https:\/\/www.gaveanews.com\/index.php\/2025\/04\/02\/pedro-caixinha-sofre-pressao-para-alterar-o-time-titular-do-santos\/#article","isPartOf":{"@id":"https:\/\/www.gaveanews.com\/index.php\/2025\/04\/02\/pedro-caixinha-sofre-pressao-para-alterar-o-time-titular-do-santos\/"},"author":{"name":"Rafaela Ladeira","@id":"https:\/\/www.gaveanews.com\/#\/schema\/person\/0eb3e3fe1754f0205218538adbe8f5ed"},"headline":"Pedro Caixinha sofre press\u00e3o para alterar o time titular do Santos","datePublished":"2025-04-02T19:30:00+00:00","mainEntityOfPage":{"@id":"https:\/\/www.gaveanews.com\/index.php\/2025\/04\/02\/pedro-caixinha-sofre-pressao-para-alterar-o-time-titular-do-santos\/"},"wordCount":448,"commentCount":0,"image":{"@id":"https:\/\/www.gaveanews.com\/index.php\/2025\/04\/02\/pedro-caixinha-sofre-pressao-para-alterar-o-time-titular-do-santos\/#primaryimage"},"thumbnailUrl":"https:\/\/www.gaveanews.com\/wp-content\/uploads\/Pedro-Caixinha-tecnico-do-Santos.webp","articleSection":["Santos"],"inLanguage":"pt-BR","potentialAction":[{"@type":"CommentAction","name":"Comment","target":["https:\/\/www.gaveanews.com\/index.php\/2025\/04\/02\/pedro-caixinha-sofre-pressao-para-alterar-o-time-titular-do-santos\/#respond"]}],"copyrightYear":"2025","copyrightHolder":{"@id":"https:\/\/www.gaveanews.com\/#organization"}},{"@type":"WebPage","@id":"https:\/\/www.gaveanews.com\/index.php\/2025\/04\/02\/pedro-caixinha-sofre-pressao-para-alterar-o-time-titular-do-santos\/","url":"https:\/\/www.gaveanews.com\/index.php\/2025\/04\/02\/pedro-caixinha-sofre-pressao-para-alterar-o-time-titular-do-santos\/","name":"Pedro Caixinha sofre press\u00e3o para alterar o time titular do Santos","isPartOf":{"@id":"https:\/\/www.gaveanews.com\/#website"},"primaryImageOfPage":{"@id":"https:\/\/www.gaveanews.com\/index.php\/2025\/04\/02\/pedro-caixinha-sofre-pressao-para-alterar-o-time-titular-do-santos\/#primaryimage"},"image":{"@id":"https:\/\/www.gaveanews.com\/index.php\/2025\/04\/02\/pedro-caixinha-sofre-pressao-para-alterar-o-time-titular-do-santos\/#primaryimage"},"thumbnailUrl":"https:\/\/www.gaveanews.com\/wp-content\/uploads\/Pedro-Caixinha-tecnico-do-Santos.webp","datePublished":"2025-04-02T19:30:00+00:00","author":{"@id":"https:\/\/www.gaveanews.com\/#\/schema\/person\/0eb3e3fe1754f0205218538adbe8f5ed"},"breadcrumb":{"@id":"https:\/\/www.gaveanews.com\/index.php\/2025\/04\/02\/pedro-caixinha-sofre-pressao-para-alterar-o-time-titular-do-santos\/#breadcrumb"},"inLanguage":"pt-BR","potentialAction":[{"@type":"ReadAction","target":["https:\/\/www.gaveanews.com\/index.php\/2025\/04\/02\/pedro-caixinha-sofre-pressao-para-alterar-o-time-titular-do-santos\/"]}]},{"@type":"ImageObject","inLanguage":"pt-BR","@id":"https:\/\/www.gaveanews.com\/index.php\/2025\/04\/02\/pedro-caixinha-sofre-pressao-para-alterar-o-time-titular-do-santos\/#primaryimage","url":"https:\/\/www.gaveanews.com\/wp-content\/uploads\/Pedro-Caixinha-tecnico-do-Santos.webp","contentUrl":"https:\/\/www.gaveanews.com\/wp-content\/uploads\/Pedro-Caixinha-tecnico-do-Santos.webp","width":725,"height":526,"caption":"Pedro Caixinha, t\u00e9cnico do Santos (Foto: Divulga\u00e7\u00e3o\/Santos)"},{"@type":"BreadcrumbList","@id":"https:\/\/www.gaveanews.com\/index.php\/2025\/04\/02\/pedro-caixinha-sofre-pressao-para-alterar-o-time-titular-do-santos\/#breadcrumb","itemListElement":[{"@type":"ListItem","position":1,"name":"Home","item":"https:\/\/www.gaveanews.com\/"},{"@type":"ListItem","position":2,"name":"Pedro Caixinha sofre press\u00e3o para alterar o time titular do Santos"}]},{"@type":"WebSite","@id":"https:\/\/www.gaveanews.com\/#website","url":"https:\/\/www.gaveanews.com\/","name":"G\u00e1vea News","description":"Veja todas as not\u00edcias sobre o Flamengo: Contrata\u00e7\u00f5es, categorias de base, resultados das partidas, tabela de classifica\u00e7\u00e3o, pr\u00f3ximos jogos!","potentialAction":[{"@type":"SearchAction","target":{"@type":"EntryPoint","urlTemplate":"https:\/\/www.gaveanews.com\/?s={search_term_string}"},"query-input":{"@type":"PropertyValueSpecification","valueRequired":true,"valueName":"search_term_string"}}],"inLanguage":"pt-BR"},{"@type":"Person","@id":"https:\/\/www.gaveanews.com\/#\/schema\/person\/0eb3e3fe1754f0205218538adbe8f5ed","name":"Rafaela Ladeira","image":{"@type":"ImageObject","inLanguage":"pt-BR","@id":"https:\/\/www.gaveanews.com\/#\/schema\/person\/image\/","url":"https:\/\/secure.gravatar.com\/avatar\/c31f513acffd85eacab5730cbdfdbbf59f21ba5aeada8cd890acea879fbb2455?s=96&d=mm&r=g","contentUrl":"https:\/\/secure.gravatar.com\/avatar\/c31f513acffd85eacab5730cbdfdbbf59f21ba5aeada8cd890acea879fbb2455?s=96&d=mm&r=g","caption":"Rafaela Ladeira"}}]}},"_links":{"self":[{"href":"https:\/\/www.gaveanews.com\/index.php\/wp-json\/wp\/v2\/posts\/248007","targetHints":{"allow":["GET"]}}],"collection":[{"href":"https:\/\/www.gaveanews.com\/index.php\/wp-json\/wp\/v2\/posts"}],"about":[{"href":"https:\/\/www.gaveanews.com\/index.php\/wp-json\/wp\/v2\/types\/post"}],"author":[{"embeddable":true,"href":"https:\/\/www.gaveanews.com\/index.php\/wp-json\/wp\/v2\/users\/25"}],"replies":[{"embeddable":true,"href":"https:\/\/www.gaveanews.com\/index.php\/wp-json\/wp\/v2\/comments?post=248007"}],"version-history":[{"count":1,"href":"https:\/\/www.gaveanews.com\/index.php\/wp-json\/wp\/v2\/posts\/248007\/revisions"}],"predecessor-version":[{"id":248008,"href":"https:\/\/www.gaveanews.com\/index.php\/wp-json\/wp\/v2\/posts\/248007\/revisions\/248008"}],"wp:featuredmedia":[{"embeddable":true,"href":"https:\/\/www.gaveanews.com\/index.php\/wp-json\/wp\/v2\/media\/227144"}],"wp:attachment":[{"href":"https:\/\/www.gaveanews.com\/index.php\/wp-json\/wp\/v2\/media?parent=248007"}],"wp:term":[{"taxonomy":"category","embeddable":true,"href":"https:\/\/www.gaveanews.com\/index.php\/wp-json\/wp\/v2\/categories?post=248007"},{"taxonomy":"post_tag","embeddable":true,"href":"https:\/\/www.gaveanews.com\/index.php\/wp-json\/wp\/v2\/tags?post=248007"}],"curies":[{"name":"wp","href":"https:\/\/api.w.org\/{rel}","templated":true}]}}