{"id":248011,"date":"2025-04-02T16:45:00","date_gmt":"2025-04-02T19:45:00","guid":{"rendered":"https:\/\/www.gaveanews.com\/?p=248011"},"modified":"2025-04-02T15:55:36","modified_gmt":"2025-04-02T18:55:36","slug":"atualizacao-sobre-a-chegada-do-atacante-moraes-ao-vasco","status":"publish","type":"post","link":"https:\/\/www.gaveanews.com\/index.php\/2025\/04\/02\/atualizacao-sobre-a-chegada-do-atacante-moraes-ao-vasco\/","title":{"rendered":"Atualiza\u00e7\u00e3o sobre a chegada do atacante Moraes ao Vasco"},"content":{"rendered":"\n<p>O Vasco da Gama segue atento ao mercado da bola e pode refor\u00e7ar seu setor ofensivo em breve. O clube sinalizou interesse na contrata\u00e7\u00e3o do atacante Moraes, destaque do Maring\u00e1, e j\u00e1 iniciou as primeiras movimenta\u00e7\u00f5es para tentar viabilizar o neg\u00f3cio. No entanto, a negocia\u00e7\u00e3o n\u00e3o ser\u00e1 simples e envolve uma pedida milion\u00e1ria por parte do clube paranaense.<\/p>\n\n\n\n<h2 class=\"wp-block-heading\" id=\"h-vasco-faz-sondagem-mas-ainda-nao-formalizou-proposta\">Vasco faz sondagem, mas ainda n\u00e3o formalizou proposta<\/h2>\n\n\n\n<blockquote class=\"twitter-tweet\"><p lang=\"pt\" dir=\"ltr\">Vasco faz contato por Moraes, artilheiro do Campeonato Paranaense pelo Maring\u00e1.<br><br>A sondagem do cruzmaltino foi a que mais animou o clube vice-campe\u00e3o paranaense, embora ainda n\u00e3o haja nada formal.<br><br>O Maring\u00e1 quer vender 50% dos direitos econ\u00f4micos do atleta de 24 anos por R$ 3\u2026 <a href=\"https:\/\/t.co\/ZCcz3vqI8x\">pic.twitter.com\/ZCcz3vqI8x<\/a><\/p>&mdash; NewsColina (@newscolina) <a href=\"https:\/\/twitter.com\/newscolina\/status\/1907445687211704695?ref_src=twsrc%5Etfw\">April 2, 2025<\/a><\/blockquote> <script async src=\"https:\/\/platform.twitter.com\/widgets.js\" charset=\"utf-8\"><\/script>\n\n\n\n<p>Segundo informa\u00e7\u00f5es do portal <em>Super Vasco<\/em>, o interesse do Gigante da Colina ainda est\u00e1 na fase inicial. O clube carioca realizou uma sondagem, mas sem apresentar uma proposta oficial. Vale destacar que outros clubes tamb\u00e9m demonstraram interesse no jogador, mas, at\u00e9 o momento, o contato mais atrativo para o Maring\u00e1 foi justamente o do Vasco.<\/p>\n\n\n\n<p>Al\u00e9m disso, cabe ressaltar que o Maring\u00e1 n\u00e3o pretende liberar Moraes facilmente. O clube deseja vender apenas 50% dos direitos econ\u00f4micos do atacante e estipulou um valor m\u00ednimo de R$ 3 milh\u00f5es para concretizar a negocia\u00e7\u00e3o. Dessa maneira, a equipe paranaense manteria os outros 50%, visando lucrar em uma futura venda.<\/p>\n\n\n\n<h2 class=\"wp-block-heading\" id=\"h-concorrencia-pode-dificultar-o-acordo\">Concorr\u00eancia pode dificultar o acordo<\/h2>\n\n\n\n<p>O Vasco n\u00e3o \u00e9 o \u00fanico interessado na contrata\u00e7\u00e3o de Moraes, o que pode complicar as tratativas. Isso porque, com mais clubes na disputa, o Maring\u00e1 tem margem para negociar e buscar a melhor oferta. Portanto, se o Cruzmaltino quiser garantir o refor\u00e7o, precisar\u00e1 agir r\u00e1pido e fazer uma proposta convincente.<\/p>\n\n\n\n<p>Por isso, a diretoria vasca\u00edna avalia os pr\u00f3ximos passos antes de oficializar uma investida. Com isso, a torcida segue atenta \u00e0s movimenta\u00e7\u00f5es do clube no mercado, aguardando desdobramentos sobre a poss\u00edvel chegada do atacante.<\/p>\n\n\n\n<p>Sendo assim, o Vasco trabalha para refor\u00e7ar seu elenco e trazer nomes que possam elevar o n\u00edvel da equipe. Resta saber se Moraes ser\u00e1, de fato, um dos escolhidos para essa miss\u00e3o. Visando a disputa do Campeonato Brasileiro e da Sul-Americana a diretoria cruzmaltina segue buscando novos refor\u00e7os para a equipe de F\u00e1bio Carille.<\/p>\n","protected":false},"excerpt":{"rendered":"<p>O Vasco da Gama segue atento ao mercado da bola e pode refor\u00e7ar seu setor ofensivo em breve. O clube sinalizou interesse na contrata\u00e7\u00e3o do atacante Moraes, destaque do Maring\u00e1, e j\u00e1 iniciou as primeiras movimenta\u00e7\u00f5es para tentar viabilizar o neg\u00f3cio. No entanto, a negocia\u00e7\u00e3o n\u00e3o ser\u00e1 simples e envolve uma pedida milion\u00e1ria por parte [&hellip;]<\/p>\n","protected":false},"author":24,"featured_media":152090,"comment_status":"open","ping_status":"closed","sticky":false,"template":"","format":"standard","meta":{"footnotes":""},"categories":[152],"tags":[],"class_list":["post-248011","post","type-post","status-publish","format-standard","has-post-thumbnail","hentry","category-vasco"],"yoast_head":"<!-- This site is optimized with the Yoast SEO Premium plugin v24.2 (Yoast SEO v26.9) - https:\/\/yoast.com\/product\/yoast-seo-premium-wordpress\/ -->\n<title>Atualiza\u00e7\u00e3o sobre a chegada do atacante Moraes ao Vasco<\/title>\n<meta name=\"robots\" content=\"index, follow, max-snippet:-1, max-image-preview:large, max-video-preview:-1\" \/>\n<link rel=\"canonical\" href=\"https:\/\/www.gaveanews.com\/index.php\/2025\/04\/02\/atualizacao-sobre-a-chegada-do-atacante-moraes-ao-vasco\/\" \/>\n<meta property=\"og:locale\" content=\"pt_BR\" \/>\n<meta property=\"og:type\" content=\"article\" \/>\n<meta property=\"og:title\" content=\"Atualiza\u00e7\u00e3o sobre a chegada do atacante Moraes ao Vasco\" \/>\n<meta property=\"og:description\" content=\"O Vasco da Gama segue atento ao mercado da bola e pode refor\u00e7ar seu setor ofensivo em breve. O clube sinalizou interesse na contrata\u00e7\u00e3o do atacante Moraes, destaque do Maring\u00e1, e j\u00e1 iniciou as primeiras movimenta\u00e7\u00f5es para tentar viabilizar o neg\u00f3cio. No entanto, a negocia\u00e7\u00e3o n\u00e3o ser\u00e1 simples e envolve uma pedida milion\u00e1ria por parte [&hellip;]\" \/>\n<meta property=\"og:url\" content=\"https:\/\/www.gaveanews.com\/index.php\/2025\/04\/02\/atualizacao-sobre-a-chegada-do-atacante-moraes-ao-vasco\/\" \/>\n<meta property=\"og:site_name\" content=\"G\u00e1vea News\" \/>\n<meta property=\"article:publisher\" content=\"https:\/\/facebook.com\/gaveaNews\/\" \/>\n<meta property=\"article:published_time\" content=\"2025-04-02T19:45:00+00:00\" \/>\n<meta property=\"og:image\" content=\"https:\/\/www.gaveanews.com\/wp-content\/uploads\/Bandeira-do-Vasco-da-Gama.webp\" \/>\n\t<meta property=\"og:image:width\" content=\"1159\" \/>\n\t<meta property=\"og:image:height\" content=\"772\" \/>\n\t<meta property=\"og:image:type\" content=\"image\/webp\" \/>\n<meta name=\"author\" content=\"Leandro Cardoso\" \/>\n<meta name=\"twitter:card\" content=\"summary_large_image\" \/>\n<meta name=\"twitter:label1\" content=\"Escrito por\" \/>\n\t<meta name=\"twitter:data1\" content=\"Leandro Cardoso\" \/>\n\t<meta name=\"twitter:label2\" content=\"Est. tempo de leitura\" \/>\n\t<meta name=\"twitter:data2\" content=\"2 minutos\" \/>\n<script type=\"application\/ld+json\" class=\"yoast-schema-graph\">{\"@context\":\"https:\/\/schema.org\",\"@graph\":[{\"@type\":\"NewsArticle\",\"@id\":\"https:\/\/www.gaveanews.com\/index.php\/2025\/04\/02\/atualizacao-sobre-a-chegada-do-atacante-moraes-ao-vasco\/#article\",\"isPartOf\":{\"@id\":\"https:\/\/www.gaveanews.com\/index.php\/2025\/04\/02\/atualizacao-sobre-a-chegada-do-atacante-moraes-ao-vasco\/\"},\"author\":{\"name\":\"Leandro Cardoso\",\"@id\":\"https:\/\/www.gaveanews.com\/#\/schema\/person\/2424ec6409bc3f068411fc5e4e9b6168\"},\"headline\":\"Atualiza\u00e7\u00e3o sobre a chegada do atacante Moraes ao Vasco\",\"datePublished\":\"2025-04-02T19:45:00+00:00\",\"mainEntityOfPage\":{\"@id\":\"https:\/\/www.gaveanews.com\/index.php\/2025\/04\/02\/atualizacao-sobre-a-chegada-do-atacante-moraes-ao-vasco\/\"},\"wordCount\":408,\"commentCount\":0,\"image\":{\"@id\":\"https:\/\/www.gaveanews.com\/index.php\/2025\/04\/02\/atualizacao-sobre-a-chegada-do-atacante-moraes-ao-vasco\/#primaryimage\"},\"thumbnailUrl\":\"https:\/\/www.gaveanews.com\/wp-content\/uploads\/Bandeira-do-Vasco-da-Gama.webp\",\"articleSection\":[\"Vasco\"],\"inLanguage\":\"pt-BR\",\"potentialAction\":[{\"@type\":\"CommentAction\",\"name\":\"Comment\",\"target\":[\"https:\/\/www.gaveanews.com\/index.php\/2025\/04\/02\/atualizacao-sobre-a-chegada-do-atacante-moraes-ao-vasco\/#respond\"]}],\"copyrightYear\":\"2025\",\"copyrightHolder\":{\"@id\":\"https:\/\/www.gaveanews.com\/#organization\"}},{\"@type\":\"WebPage\",\"@id\":\"https:\/\/www.gaveanews.com\/index.php\/2025\/04\/02\/atualizacao-sobre-a-chegada-do-atacante-moraes-ao-vasco\/\",\"url\":\"https:\/\/www.gaveanews.com\/index.php\/2025\/04\/02\/atualizacao-sobre-a-chegada-do-atacante-moraes-ao-vasco\/\",\"name\":\"Atualiza\u00e7\u00e3o sobre a chegada do atacante Moraes ao Vasco\",\"isPartOf\":{\"@id\":\"https:\/\/www.gaveanews.com\/#website\"},\"primaryImageOfPage\":{\"@id\":\"https:\/\/www.gaveanews.com\/index.php\/2025\/04\/02\/atualizacao-sobre-a-chegada-do-atacante-moraes-ao-vasco\/#primaryimage\"},\"image\":{\"@id\":\"https:\/\/www.gaveanews.com\/index.php\/2025\/04\/02\/atualizacao-sobre-a-chegada-do-atacante-moraes-ao-vasco\/#primaryimage\"},\"thumbnailUrl\":\"https:\/\/www.gaveanews.com\/wp-content\/uploads\/Bandeira-do-Vasco-da-Gama.webp\",\"datePublished\":\"2025-04-02T19:45:00+00:00\",\"author\":{\"@id\":\"https:\/\/www.gaveanews.com\/#\/schema\/person\/2424ec6409bc3f068411fc5e4e9b6168\"},\"breadcrumb\":{\"@id\":\"https:\/\/www.gaveanews.com\/index.php\/2025\/04\/02\/atualizacao-sobre-a-chegada-do-atacante-moraes-ao-vasco\/#breadcrumb\"},\"inLanguage\":\"pt-BR\",\"potentialAction\":[{\"@type\":\"ReadAction\",\"target\":[\"https:\/\/www.gaveanews.com\/index.php\/2025\/04\/02\/atualizacao-sobre-a-chegada-do-atacante-moraes-ao-vasco\/\"]}]},{\"@type\":\"ImageObject\",\"inLanguage\":\"pt-BR\",\"@id\":\"https:\/\/www.gaveanews.com\/index.php\/2025\/04\/02\/atualizacao-sobre-a-chegada-do-atacante-moraes-ao-vasco\/#primaryimage\",\"url\":\"https:\/\/www.gaveanews.com\/wp-content\/uploads\/Bandeira-do-Vasco-da-Gama.webp\",\"contentUrl\":\"https:\/\/www.gaveanews.com\/wp-content\/uploads\/Bandeira-do-Vasco-da-Gama.webp\",\"width\":1159,\"height\":772,\"caption\":\"Bandeira do Vasco da Gama (Foto: Reprodu\u00e7\u00e3o\/Vasco)\"},{\"@type\":\"BreadcrumbList\",\"@id\":\"https:\/\/www.gaveanews.com\/index.php\/2025\/04\/02\/atualizacao-sobre-a-chegada-do-atacante-moraes-ao-vasco\/#breadcrumb\",\"itemListElement\":[{\"@type\":\"ListItem\",\"position\":1,\"name\":\"Home\",\"item\":\"https:\/\/www.gaveanews.com\/\"},{\"@type\":\"ListItem\",\"position\":2,\"name\":\"Atualiza\u00e7\u00e3o sobre a chegada do atacante Moraes ao Vasco\"}]},{\"@type\":\"WebSite\",\"@id\":\"https:\/\/www.gaveanews.com\/#website\",\"url\":\"https:\/\/www.gaveanews.com\/\",\"name\":\"G\u00e1vea News\",\"description\":\"Veja todas as not\u00edcias sobre o Flamengo: Contrata\u00e7\u00f5es, categorias de base, resultados das partidas, tabela de classifica\u00e7\u00e3o, pr\u00f3ximos jogos!\",\"potentialAction\":[{\"@type\":\"SearchAction\",\"target\":{\"@type\":\"EntryPoint\",\"urlTemplate\":\"https:\/\/www.gaveanews.com\/?s={search_term_string}\"},\"query-input\":{\"@type\":\"PropertyValueSpecification\",\"valueRequired\":true,\"valueName\":\"search_term_string\"}}],\"inLanguage\":\"pt-BR\"},{\"@type\":\"Person\",\"@id\":\"https:\/\/www.gaveanews.com\/#\/schema\/person\/2424ec6409bc3f068411fc5e4e9b6168\",\"name\":\"Leandro Cardoso\",\"image\":{\"@type\":\"ImageObject\",\"inLanguage\":\"pt-BR\",\"@id\":\"https:\/\/www.gaveanews.com\/#\/schema\/person\/image\/\",\"url\":\"https:\/\/secure.gravatar.com\/avatar\/8ca179f9b55eefe9f376f5493ef25475bfa59fbc28ce937f6076ce20e523098f?s=96&d=mm&r=g\",\"contentUrl\":\"https:\/\/secure.gravatar.com\/avatar\/8ca179f9b55eefe9f376f5493ef25475bfa59fbc28ce937f6076ce20e523098f?s=96&d=mm&r=g\",\"caption\":\"Leandro Cardoso\"}}]}<\/script>\n<!-- \/ Yoast SEO Premium plugin. -->","yoast_head_json":{"title":"Atualiza\u00e7\u00e3o sobre a chegada do atacante Moraes ao Vasco","robots":{"index":"index","follow":"follow","max-snippet":"max-snippet:-1","max-image-preview":"max-image-preview:large","max-video-preview":"max-video-preview:-1"},"canonical":"https:\/\/www.gaveanews.com\/index.php\/2025\/04\/02\/atualizacao-sobre-a-chegada-do-atacante-moraes-ao-vasco\/","og_locale":"pt_BR","og_type":"article","og_title":"Atualiza\u00e7\u00e3o sobre a chegada do atacante Moraes ao Vasco","og_description":"O Vasco da Gama segue atento ao mercado da bola e pode refor\u00e7ar seu setor ofensivo em breve. O clube sinalizou interesse na contrata\u00e7\u00e3o do atacante Moraes, destaque do Maring\u00e1, e j\u00e1 iniciou as primeiras movimenta\u00e7\u00f5es para tentar viabilizar o neg\u00f3cio. No entanto, a negocia\u00e7\u00e3o n\u00e3o ser\u00e1 simples e envolve uma pedida milion\u00e1ria por parte [&hellip;]","og_url":"https:\/\/www.gaveanews.com\/index.php\/2025\/04\/02\/atualizacao-sobre-a-chegada-do-atacante-moraes-ao-vasco\/","og_site_name":"G\u00e1vea News","article_publisher":"https:\/\/facebook.com\/gaveaNews\/","article_published_time":"2025-04-02T19:45:00+00:00","og_image":[{"width":1159,"height":772,"url":"https:\/\/www.gaveanews.com\/wp-content\/uploads\/Bandeira-do-Vasco-da-Gama.webp","type":"image\/webp"}],"author":"Leandro Cardoso","twitter_card":"summary_large_image","twitter_misc":{"Escrito por":"Leandro Cardoso","Est. tempo de leitura":"2 minutos"},"schema":{"@context":"https:\/\/schema.org","@graph":[{"@type":"NewsArticle","@id":"https:\/\/www.gaveanews.com\/index.php\/2025\/04\/02\/atualizacao-sobre-a-chegada-do-atacante-moraes-ao-vasco\/#article","isPartOf":{"@id":"https:\/\/www.gaveanews.com\/index.php\/2025\/04\/02\/atualizacao-sobre-a-chegada-do-atacante-moraes-ao-vasco\/"},"author":{"name":"Leandro Cardoso","@id":"https:\/\/www.gaveanews.com\/#\/schema\/person\/2424ec6409bc3f068411fc5e4e9b6168"},"headline":"Atualiza\u00e7\u00e3o sobre a chegada do atacante Moraes ao Vasco","datePublished":"2025-04-02T19:45:00+00:00","mainEntityOfPage":{"@id":"https:\/\/www.gaveanews.com\/index.php\/2025\/04\/02\/atualizacao-sobre-a-chegada-do-atacante-moraes-ao-vasco\/"},"wordCount":408,"commentCount":0,"image":{"@id":"https:\/\/www.gaveanews.com\/index.php\/2025\/04\/02\/atualizacao-sobre-a-chegada-do-atacante-moraes-ao-vasco\/#primaryimage"},"thumbnailUrl":"https:\/\/www.gaveanews.com\/wp-content\/uploads\/Bandeira-do-Vasco-da-Gama.webp","articleSection":["Vasco"],"inLanguage":"pt-BR","potentialAction":[{"@type":"CommentAction","name":"Comment","target":["https:\/\/www.gaveanews.com\/index.php\/2025\/04\/02\/atualizacao-sobre-a-chegada-do-atacante-moraes-ao-vasco\/#respond"]}],"copyrightYear":"2025","copyrightHolder":{"@id":"https:\/\/www.gaveanews.com\/#organization"}},{"@type":"WebPage","@id":"https:\/\/www.gaveanews.com\/index.php\/2025\/04\/02\/atualizacao-sobre-a-chegada-do-atacante-moraes-ao-vasco\/","url":"https:\/\/www.gaveanews.com\/index.php\/2025\/04\/02\/atualizacao-sobre-a-chegada-do-atacante-moraes-ao-vasco\/","name":"Atualiza\u00e7\u00e3o sobre a chegada do atacante Moraes ao Vasco","isPartOf":{"@id":"https:\/\/www.gaveanews.com\/#website"},"primaryImageOfPage":{"@id":"https:\/\/www.gaveanews.com\/index.php\/2025\/04\/02\/atualizacao-sobre-a-chegada-do-atacante-moraes-ao-vasco\/#primaryimage"},"image":{"@id":"https:\/\/www.gaveanews.com\/index.php\/2025\/04\/02\/atualizacao-sobre-a-chegada-do-atacante-moraes-ao-vasco\/#primaryimage"},"thumbnailUrl":"https:\/\/www.gaveanews.com\/wp-content\/uploads\/Bandeira-do-Vasco-da-Gama.webp","datePublished":"2025-04-02T19:45:00+00:00","author":{"@id":"https:\/\/www.gaveanews.com\/#\/schema\/person\/2424ec6409bc3f068411fc5e4e9b6168"},"breadcrumb":{"@id":"https:\/\/www.gaveanews.com\/index.php\/2025\/04\/02\/atualizacao-sobre-a-chegada-do-atacante-moraes-ao-vasco\/#breadcrumb"},"inLanguage":"pt-BR","potentialAction":[{"@type":"ReadAction","target":["https:\/\/www.gaveanews.com\/index.php\/2025\/04\/02\/atualizacao-sobre-a-chegada-do-atacante-moraes-ao-vasco\/"]}]},{"@type":"ImageObject","inLanguage":"pt-BR","@id":"https:\/\/www.gaveanews.com\/index.php\/2025\/04\/02\/atualizacao-sobre-a-chegada-do-atacante-moraes-ao-vasco\/#primaryimage","url":"https:\/\/www.gaveanews.com\/wp-content\/uploads\/Bandeira-do-Vasco-da-Gama.webp","contentUrl":"https:\/\/www.gaveanews.com\/wp-content\/uploads\/Bandeira-do-Vasco-da-Gama.webp","width":1159,"height":772,"caption":"Bandeira do Vasco da Gama (Foto: Reprodu\u00e7\u00e3o\/Vasco)"},{"@type":"BreadcrumbList","@id":"https:\/\/www.gaveanews.com\/index.php\/2025\/04\/02\/atualizacao-sobre-a-chegada-do-atacante-moraes-ao-vasco\/#breadcrumb","itemListElement":[{"@type":"ListItem","position":1,"name":"Home","item":"https:\/\/www.gaveanews.com\/"},{"@type":"ListItem","position":2,"name":"Atualiza\u00e7\u00e3o sobre a chegada do atacante Moraes ao Vasco"}]},{"@type":"WebSite","@id":"https:\/\/www.gaveanews.com\/#website","url":"https:\/\/www.gaveanews.com\/","name":"G\u00e1vea News","description":"Veja todas as not\u00edcias sobre o Flamengo: Contrata\u00e7\u00f5es, categorias de base, resultados das partidas, tabela de classifica\u00e7\u00e3o, pr\u00f3ximos jogos!","potentialAction":[{"@type":"SearchAction","target":{"@type":"EntryPoint","urlTemplate":"https:\/\/www.gaveanews.com\/?s={search_term_string}"},"query-input":{"@type":"PropertyValueSpecification","valueRequired":true,"valueName":"search_term_string"}}],"inLanguage":"pt-BR"},{"@type":"Person","@id":"https:\/\/www.gaveanews.com\/#\/schema\/person\/2424ec6409bc3f068411fc5e4e9b6168","name":"Leandro Cardoso","image":{"@type":"ImageObject","inLanguage":"pt-BR","@id":"https:\/\/www.gaveanews.com\/#\/schema\/person\/image\/","url":"https:\/\/secure.gravatar.com\/avatar\/8ca179f9b55eefe9f376f5493ef25475bfa59fbc28ce937f6076ce20e523098f?s=96&d=mm&r=g","contentUrl":"https:\/\/secure.gravatar.com\/avatar\/8ca179f9b55eefe9f376f5493ef25475bfa59fbc28ce937f6076ce20e523098f?s=96&d=mm&r=g","caption":"Leandro Cardoso"}}]}},"_links":{"self":[{"href":"https:\/\/www.gaveanews.com\/index.php\/wp-json\/wp\/v2\/posts\/248011","targetHints":{"allow":["GET"]}}],"collection":[{"href":"https:\/\/www.gaveanews.com\/index.php\/wp-json\/wp\/v2\/posts"}],"about":[{"href":"https:\/\/www.gaveanews.com\/index.php\/wp-json\/wp\/v2\/types\/post"}],"author":[{"embeddable":true,"href":"https:\/\/www.gaveanews.com\/index.php\/wp-json\/wp\/v2\/users\/24"}],"replies":[{"embeddable":true,"href":"https:\/\/www.gaveanews.com\/index.php\/wp-json\/wp\/v2\/comments?post=248011"}],"version-history":[{"count":1,"href":"https:\/\/www.gaveanews.com\/index.php\/wp-json\/wp\/v2\/posts\/248011\/revisions"}],"predecessor-version":[{"id":248014,"href":"https:\/\/www.gaveanews.com\/index.php\/wp-json\/wp\/v2\/posts\/248011\/revisions\/248014"}],"wp:featuredmedia":[{"embeddable":true,"href":"https:\/\/www.gaveanews.com\/index.php\/wp-json\/wp\/v2\/media\/152090"}],"wp:attachment":[{"href":"https:\/\/www.gaveanews.com\/index.php\/wp-json\/wp\/v2\/media?parent=248011"}],"wp:term":[{"taxonomy":"category","embeddable":true,"href":"https:\/\/www.gaveanews.com\/index.php\/wp-json\/wp\/v2\/categories?post=248011"},{"taxonomy":"post_tag","embeddable":true,"href":"https:\/\/www.gaveanews.com\/index.php\/wp-json\/wp\/v2\/tags?post=248011"}],"curies":[{"name":"wp","href":"https:\/\/api.w.org\/{rel}","templated":true}]}}