{"id":248017,"date":"2025-04-02T17:00:00","date_gmt":"2025-04-02T20:00:00","guid":{"rendered":"https:\/\/www.gaveanews.com\/?p=248017"},"modified":"2025-04-02T16:01:22","modified_gmt":"2025-04-02T19:01:22","slug":"dimitri-payet-vai-parar-em-manchete-policial","status":"publish","type":"post","link":"https:\/\/www.gaveanews.com\/index.php\/2025\/04\/02\/dimitri-payet-vai-parar-em-manchete-policial\/","title":{"rendered":"Dimitri Payet vai parar em manchete policial"},"content":{"rendered":"\n<p>A situa\u00e7\u00e3o de Dimitri Payet fora dos gramados ganhou um novo cap\u00edtulo pol\u00eamico. O meia franc\u00eas, atualmente no Vasco da Gama, foi denunciado por sua suposta ex-amante, Larissa Ferrari, que o acusa de agress\u00f5es f\u00edsicas, abuso psicol\u00f3gico e amea\u00e7as veladas. Diante disso, ela solicitou uma Medida Protetiva contra o jogador, buscando evitar qualquer tipo de contato.<\/p>\n\n\n\n<h2 class=\"wp-block-heading\" id=\"h-denuncias-e-ameacas-aumentam-a-gravidade-do-caso\">Den\u00fancias e amea\u00e7as aumentam a gravidade do caso<\/h2>\n\n\n\n<blockquote class=\"twitter-tweet\"><p lang=\"pt\" dir=\"ltr\">Ap\u00f3s ir \u00e0 Pol\u00edcia, ex-amante de Payet entra com pedido de Medida Protetiva contra o jogador do Vasco.<br><br>Larissa Ferrari registrou um Boletim de Ocorr\u00eancia contra o meia franc\u00eas por agress\u00f5es f\u00edsicas e abuso psicol\u00f3gico e tamb\u00e9m pediu que ele evite se aproximar dela.<br><br>Larissa\u2026 <a href=\"https:\/\/t.co\/azjNOqpol1\">pic.twitter.com\/azjNOqpol1<\/a><\/p>&mdash; Planeta do Futebol \ud83c\udf0e (@futebol_info) <a href=\"https:\/\/twitter.com\/futebol_info\/status\/1907463572193419468?ref_src=twsrc%5Etfw\">April 2, 2025<\/a><\/blockquote> <script async src=\"https:\/\/platform.twitter.com\/widgets.js\" charset=\"utf-8\"><\/script>\n\n\n\n<p>De acordo com informa\u00e7\u00f5es do <em>Portal L\u00e9o Dias<\/em>, Larissa Ferrari registrou um Boletim de Ocorr\u00eancia no \u00faltimo domingo (30), alegando que viveu um relacionamento extraconjugal com Payet durante sete meses. Durante esse per\u00edodo, a advogada relata que sofreu epis\u00f3dios de agressividade e controle excessivo por parte do atleta.<\/p>\n\n\n\n<p>Al\u00e9m disso, ela afirmou que, ap\u00f3s decidir se afastar, come\u00e7ou a receber amea\u00e7as veladas do jogador, que enviava mensagens com frases como: \u201cVou mandar algu\u00e9m a\u00ed para cuidar de voc\u00ea\u201d e \u201cVou mandar algu\u00e9m a\u00ed para te deixar segura\u201d. Isso porque, segundo a v\u00edtima, Payet n\u00e3o aceitava o t\u00e9rmino do relacionamento e continuava tentando exercer controle sobre ela.<\/p>\n\n\n\n<h2 class=\"wp-block-heading\" id=\"h-larissa-ferrari-reforca-as-acusacoes-com-novas-denuncias\">Larissa Ferrari refor\u00e7a as acusa\u00e7\u00f5es com novas den\u00fancias<\/h2>\n\n\n\n<p>Nesta ter\u00e7a-feira, a advogada retornou \u00e0 delegacia para registrar uma nova ocorr\u00eancia contra o franc\u00eas. Dessa maneira, refor\u00e7ou as acusa\u00e7\u00f5es de abuso psicol\u00f3gico e emocional, al\u00e9m de revelar detalhes perturbadores sobre a rela\u00e7\u00e3o.<\/p>\n\n\n\n<p>Vale destacar que, conforme os documentos apresentados, Larissa afirmou ter sido coagida a realizar pr\u00e1ticas degradantes, como beber fluidos corporais ou ter contato com sujeira. Por isso, a v\u00edtima buscou apoio psicossocial no Centro de Refer\u00eancia Especializado de Assist\u00eancia Social (CREAS).<\/p>\n\n\n\n<h2 class=\"wp-block-heading\" id=\"h-desdobramentos-podem-impactar-a-carreira-de-payet\">Desdobramentos podem impactar a carreira de Payet<\/h2>\n\n\n\n<p>Cabe ressaltar que a situa\u00e7\u00e3o ainda est\u00e1 em fase de apura\u00e7\u00e3o pelas autoridades, mas o caso pode gerar repercuss\u00f5es significativas para Payet, tanto no \u00e2mbito pessoal quanto profissional. Sendo assim, resta aguardar os pr\u00f3ximos passos da investiga\u00e7\u00e3o para entender os impactos dessa den\u00fancia na trajet\u00f3ria do jogador.<\/p>\n","protected":false},"excerpt":{"rendered":"<p>A situa\u00e7\u00e3o de Dimitri Payet fora dos gramados ganhou um novo cap\u00edtulo pol\u00eamico. O meia franc\u00eas, atualmente no Vasco da Gama, foi denunciado por sua suposta ex-amante, Larissa Ferrari, que o acusa de agress\u00f5es f\u00edsicas, abuso psicol\u00f3gico e amea\u00e7as veladas. Diante disso, ela solicitou uma Medida Protetiva contra o jogador, buscando evitar qualquer tipo de [&hellip;]<\/p>\n","protected":false},"author":24,"featured_media":124623,"comment_status":"open","ping_status":"closed","sticky":false,"template":"","format":"standard","meta":{"footnotes":""},"categories":[152],"tags":[],"class_list":["post-248017","post","type-post","status-publish","format-standard","has-post-thumbnail","hentry","category-vasco"],"yoast_head":"<!-- This site is optimized with the Yoast SEO Premium plugin v24.2 (Yoast SEO v26.9) - https:\/\/yoast.com\/product\/yoast-seo-premium-wordpress\/ -->\n<title>Dimitri Payet vai parar em manchete policial<\/title>\n<meta name=\"robots\" content=\"index, follow, max-snippet:-1, max-image-preview:large, max-video-preview:-1\" \/>\n<link rel=\"canonical\" href=\"https:\/\/www.gaveanews.com\/index.php\/2025\/04\/02\/dimitri-payet-vai-parar-em-manchete-policial\/\" \/>\n<meta property=\"og:locale\" content=\"pt_BR\" \/>\n<meta property=\"og:type\" content=\"article\" \/>\n<meta property=\"og:title\" content=\"Dimitri Payet vai parar em manchete policial\" \/>\n<meta property=\"og:description\" content=\"A situa\u00e7\u00e3o de Dimitri Payet fora dos gramados ganhou um novo cap\u00edtulo pol\u00eamico. O meia franc\u00eas, atualmente no Vasco da Gama, foi denunciado por sua suposta ex-amante, Larissa Ferrari, que o acusa de agress\u00f5es f\u00edsicas, abuso psicol\u00f3gico e amea\u00e7as veladas. Diante disso, ela solicitou uma Medida Protetiva contra o jogador, buscando evitar qualquer tipo de [&hellip;]\" \/>\n<meta property=\"og:url\" content=\"https:\/\/www.gaveanews.com\/index.php\/2025\/04\/02\/dimitri-payet-vai-parar-em-manchete-policial\/\" \/>\n<meta property=\"og:site_name\" content=\"G\u00e1vea News\" \/>\n<meta property=\"article:publisher\" content=\"https:\/\/facebook.com\/gaveaNews\/\" \/>\n<meta property=\"article:published_time\" content=\"2025-04-02T20:00:00+00:00\" \/>\n<meta property=\"og:image\" content=\"https:\/\/www.gaveanews.com\/wp-content\/uploads\/agif23100200212796-1-.webp\" \/>\n\t<meta property=\"og:image:width\" content=\"984\" \/>\n\t<meta property=\"og:image:height\" content=\"656\" \/>\n\t<meta property=\"og:image:type\" content=\"image\/webp\" \/>\n<meta name=\"author\" content=\"Leandro Cardoso\" \/>\n<meta name=\"twitter:card\" content=\"summary_large_image\" \/>\n<meta name=\"twitter:label1\" content=\"Escrito por\" \/>\n\t<meta name=\"twitter:data1\" content=\"Leandro Cardoso\" \/>\n\t<meta name=\"twitter:label2\" content=\"Est. tempo de leitura\" \/>\n\t<meta name=\"twitter:data2\" content=\"2 minutos\" \/>\n<script type=\"application\/ld+json\" class=\"yoast-schema-graph\">{\"@context\":\"https:\/\/schema.org\",\"@graph\":[{\"@type\":\"NewsArticle\",\"@id\":\"https:\/\/www.gaveanews.com\/index.php\/2025\/04\/02\/dimitri-payet-vai-parar-em-manchete-policial\/#article\",\"isPartOf\":{\"@id\":\"https:\/\/www.gaveanews.com\/index.php\/2025\/04\/02\/dimitri-payet-vai-parar-em-manchete-policial\/\"},\"author\":{\"name\":\"Leandro Cardoso\",\"@id\":\"https:\/\/www.gaveanews.com\/#\/schema\/person\/2424ec6409bc3f068411fc5e4e9b6168\"},\"headline\":\"Dimitri Payet vai parar em manchete policial\",\"datePublished\":\"2025-04-02T20:00:00+00:00\",\"mainEntityOfPage\":{\"@id\":\"https:\/\/www.gaveanews.com\/index.php\/2025\/04\/02\/dimitri-payet-vai-parar-em-manchete-policial\/\"},\"wordCount\":420,\"commentCount\":0,\"image\":{\"@id\":\"https:\/\/www.gaveanews.com\/index.php\/2025\/04\/02\/dimitri-payet-vai-parar-em-manchete-policial\/#primaryimage\"},\"thumbnailUrl\":\"https:\/\/www.gaveanews.com\/wp-content\/uploads\/agif23100200212796-1-.webp\",\"articleSection\":[\"Vasco\"],\"inLanguage\":\"pt-BR\",\"potentialAction\":[{\"@type\":\"CommentAction\",\"name\":\"Comment\",\"target\":[\"https:\/\/www.gaveanews.com\/index.php\/2025\/04\/02\/dimitri-payet-vai-parar-em-manchete-policial\/#respond\"]}],\"copyrightYear\":\"2025\",\"copyrightHolder\":{\"@id\":\"https:\/\/www.gaveanews.com\/#organization\"}},{\"@type\":\"WebPage\",\"@id\":\"https:\/\/www.gaveanews.com\/index.php\/2025\/04\/02\/dimitri-payet-vai-parar-em-manchete-policial\/\",\"url\":\"https:\/\/www.gaveanews.com\/index.php\/2025\/04\/02\/dimitri-payet-vai-parar-em-manchete-policial\/\",\"name\":\"Dimitri Payet vai parar em manchete policial\",\"isPartOf\":{\"@id\":\"https:\/\/www.gaveanews.com\/#website\"},\"primaryImageOfPage\":{\"@id\":\"https:\/\/www.gaveanews.com\/index.php\/2025\/04\/02\/dimitri-payet-vai-parar-em-manchete-policial\/#primaryimage\"},\"image\":{\"@id\":\"https:\/\/www.gaveanews.com\/index.php\/2025\/04\/02\/dimitri-payet-vai-parar-em-manchete-policial\/#primaryimage\"},\"thumbnailUrl\":\"https:\/\/www.gaveanews.com\/wp-content\/uploads\/agif23100200212796-1-.webp\",\"datePublished\":\"2025-04-02T20:00:00+00:00\",\"author\":{\"@id\":\"https:\/\/www.gaveanews.com\/#\/schema\/person\/2424ec6409bc3f068411fc5e4e9b6168\"},\"breadcrumb\":{\"@id\":\"https:\/\/www.gaveanews.com\/index.php\/2025\/04\/02\/dimitri-payet-vai-parar-em-manchete-policial\/#breadcrumb\"},\"inLanguage\":\"pt-BR\",\"potentialAction\":[{\"@type\":\"ReadAction\",\"target\":[\"https:\/\/www.gaveanews.com\/index.php\/2025\/04\/02\/dimitri-payet-vai-parar-em-manchete-policial\/\"]}]},{\"@type\":\"ImageObject\",\"inLanguage\":\"pt-BR\",\"@id\":\"https:\/\/www.gaveanews.com\/index.php\/2025\/04\/02\/dimitri-payet-vai-parar-em-manchete-policial\/#primaryimage\",\"url\":\"https:\/\/www.gaveanews.com\/wp-content\/uploads\/agif23100200212796-1-.webp\",\"contentUrl\":\"https:\/\/www.gaveanews.com\/wp-content\/uploads\/agif23100200212796-1-.webp\",\"width\":984,\"height\":656,\"caption\":\"Payet em a\u00e7\u00e3o pelo Vasco (Foto: Abner Dourado\/AGIF)\"},{\"@type\":\"BreadcrumbList\",\"@id\":\"https:\/\/www.gaveanews.com\/index.php\/2025\/04\/02\/dimitri-payet-vai-parar-em-manchete-policial\/#breadcrumb\",\"itemListElement\":[{\"@type\":\"ListItem\",\"position\":1,\"name\":\"Home\",\"item\":\"https:\/\/www.gaveanews.com\/\"},{\"@type\":\"ListItem\",\"position\":2,\"name\":\"Dimitri Payet vai parar em manchete policial\"}]},{\"@type\":\"WebSite\",\"@id\":\"https:\/\/www.gaveanews.com\/#website\",\"url\":\"https:\/\/www.gaveanews.com\/\",\"name\":\"G\u00e1vea News\",\"description\":\"Veja todas as not\u00edcias sobre o Flamengo: Contrata\u00e7\u00f5es, categorias de base, resultados das partidas, tabela de classifica\u00e7\u00e3o, pr\u00f3ximos jogos!\",\"potentialAction\":[{\"@type\":\"SearchAction\",\"target\":{\"@type\":\"EntryPoint\",\"urlTemplate\":\"https:\/\/www.gaveanews.com\/?s={search_term_string}\"},\"query-input\":{\"@type\":\"PropertyValueSpecification\",\"valueRequired\":true,\"valueName\":\"search_term_string\"}}],\"inLanguage\":\"pt-BR\"},{\"@type\":\"Person\",\"@id\":\"https:\/\/www.gaveanews.com\/#\/schema\/person\/2424ec6409bc3f068411fc5e4e9b6168\",\"name\":\"Leandro Cardoso\",\"image\":{\"@type\":\"ImageObject\",\"inLanguage\":\"pt-BR\",\"@id\":\"https:\/\/www.gaveanews.com\/#\/schema\/person\/image\/\",\"url\":\"https:\/\/secure.gravatar.com\/avatar\/8ca179f9b55eefe9f376f5493ef25475bfa59fbc28ce937f6076ce20e523098f?s=96&d=mm&r=g\",\"contentUrl\":\"https:\/\/secure.gravatar.com\/avatar\/8ca179f9b55eefe9f376f5493ef25475bfa59fbc28ce937f6076ce20e523098f?s=96&d=mm&r=g\",\"caption\":\"Leandro Cardoso\"}}]}<\/script>\n<!-- \/ Yoast SEO Premium plugin. -->","yoast_head_json":{"title":"Dimitri Payet vai parar em manchete policial","robots":{"index":"index","follow":"follow","max-snippet":"max-snippet:-1","max-image-preview":"max-image-preview:large","max-video-preview":"max-video-preview:-1"},"canonical":"https:\/\/www.gaveanews.com\/index.php\/2025\/04\/02\/dimitri-payet-vai-parar-em-manchete-policial\/","og_locale":"pt_BR","og_type":"article","og_title":"Dimitri Payet vai parar em manchete policial","og_description":"A situa\u00e7\u00e3o de Dimitri Payet fora dos gramados ganhou um novo cap\u00edtulo pol\u00eamico. O meia franc\u00eas, atualmente no Vasco da Gama, foi denunciado por sua suposta ex-amante, Larissa Ferrari, que o acusa de agress\u00f5es f\u00edsicas, abuso psicol\u00f3gico e amea\u00e7as veladas. Diante disso, ela solicitou uma Medida Protetiva contra o jogador, buscando evitar qualquer tipo de [&hellip;]","og_url":"https:\/\/www.gaveanews.com\/index.php\/2025\/04\/02\/dimitri-payet-vai-parar-em-manchete-policial\/","og_site_name":"G\u00e1vea News","article_publisher":"https:\/\/facebook.com\/gaveaNews\/","article_published_time":"2025-04-02T20:00:00+00:00","og_image":[{"width":984,"height":656,"url":"https:\/\/www.gaveanews.com\/wp-content\/uploads\/agif23100200212796-1-.webp","type":"image\/webp"}],"author":"Leandro Cardoso","twitter_card":"summary_large_image","twitter_misc":{"Escrito por":"Leandro Cardoso","Est. tempo de leitura":"2 minutos"},"schema":{"@context":"https:\/\/schema.org","@graph":[{"@type":"NewsArticle","@id":"https:\/\/www.gaveanews.com\/index.php\/2025\/04\/02\/dimitri-payet-vai-parar-em-manchete-policial\/#article","isPartOf":{"@id":"https:\/\/www.gaveanews.com\/index.php\/2025\/04\/02\/dimitri-payet-vai-parar-em-manchete-policial\/"},"author":{"name":"Leandro Cardoso","@id":"https:\/\/www.gaveanews.com\/#\/schema\/person\/2424ec6409bc3f068411fc5e4e9b6168"},"headline":"Dimitri Payet vai parar em manchete policial","datePublished":"2025-04-02T20:00:00+00:00","mainEntityOfPage":{"@id":"https:\/\/www.gaveanews.com\/index.php\/2025\/04\/02\/dimitri-payet-vai-parar-em-manchete-policial\/"},"wordCount":420,"commentCount":0,"image":{"@id":"https:\/\/www.gaveanews.com\/index.php\/2025\/04\/02\/dimitri-payet-vai-parar-em-manchete-policial\/#primaryimage"},"thumbnailUrl":"https:\/\/www.gaveanews.com\/wp-content\/uploads\/agif23100200212796-1-.webp","articleSection":["Vasco"],"inLanguage":"pt-BR","potentialAction":[{"@type":"CommentAction","name":"Comment","target":["https:\/\/www.gaveanews.com\/index.php\/2025\/04\/02\/dimitri-payet-vai-parar-em-manchete-policial\/#respond"]}],"copyrightYear":"2025","copyrightHolder":{"@id":"https:\/\/www.gaveanews.com\/#organization"}},{"@type":"WebPage","@id":"https:\/\/www.gaveanews.com\/index.php\/2025\/04\/02\/dimitri-payet-vai-parar-em-manchete-policial\/","url":"https:\/\/www.gaveanews.com\/index.php\/2025\/04\/02\/dimitri-payet-vai-parar-em-manchete-policial\/","name":"Dimitri Payet vai parar em manchete policial","isPartOf":{"@id":"https:\/\/www.gaveanews.com\/#website"},"primaryImageOfPage":{"@id":"https:\/\/www.gaveanews.com\/index.php\/2025\/04\/02\/dimitri-payet-vai-parar-em-manchete-policial\/#primaryimage"},"image":{"@id":"https:\/\/www.gaveanews.com\/index.php\/2025\/04\/02\/dimitri-payet-vai-parar-em-manchete-policial\/#primaryimage"},"thumbnailUrl":"https:\/\/www.gaveanews.com\/wp-content\/uploads\/agif23100200212796-1-.webp","datePublished":"2025-04-02T20:00:00+00:00","author":{"@id":"https:\/\/www.gaveanews.com\/#\/schema\/person\/2424ec6409bc3f068411fc5e4e9b6168"},"breadcrumb":{"@id":"https:\/\/www.gaveanews.com\/index.php\/2025\/04\/02\/dimitri-payet-vai-parar-em-manchete-policial\/#breadcrumb"},"inLanguage":"pt-BR","potentialAction":[{"@type":"ReadAction","target":["https:\/\/www.gaveanews.com\/index.php\/2025\/04\/02\/dimitri-payet-vai-parar-em-manchete-policial\/"]}]},{"@type":"ImageObject","inLanguage":"pt-BR","@id":"https:\/\/www.gaveanews.com\/index.php\/2025\/04\/02\/dimitri-payet-vai-parar-em-manchete-policial\/#primaryimage","url":"https:\/\/www.gaveanews.com\/wp-content\/uploads\/agif23100200212796-1-.webp","contentUrl":"https:\/\/www.gaveanews.com\/wp-content\/uploads\/agif23100200212796-1-.webp","width":984,"height":656,"caption":"Payet em a\u00e7\u00e3o pelo Vasco (Foto: Abner Dourado\/AGIF)"},{"@type":"BreadcrumbList","@id":"https:\/\/www.gaveanews.com\/index.php\/2025\/04\/02\/dimitri-payet-vai-parar-em-manchete-policial\/#breadcrumb","itemListElement":[{"@type":"ListItem","position":1,"name":"Home","item":"https:\/\/www.gaveanews.com\/"},{"@type":"ListItem","position":2,"name":"Dimitri Payet vai parar em manchete policial"}]},{"@type":"WebSite","@id":"https:\/\/www.gaveanews.com\/#website","url":"https:\/\/www.gaveanews.com\/","name":"G\u00e1vea News","description":"Veja todas as not\u00edcias sobre o Flamengo: Contrata\u00e7\u00f5es, categorias de base, resultados das partidas, tabela de classifica\u00e7\u00e3o, pr\u00f3ximos jogos!","potentialAction":[{"@type":"SearchAction","target":{"@type":"EntryPoint","urlTemplate":"https:\/\/www.gaveanews.com\/?s={search_term_string}"},"query-input":{"@type":"PropertyValueSpecification","valueRequired":true,"valueName":"search_term_string"}}],"inLanguage":"pt-BR"},{"@type":"Person","@id":"https:\/\/www.gaveanews.com\/#\/schema\/person\/2424ec6409bc3f068411fc5e4e9b6168","name":"Leandro Cardoso","image":{"@type":"ImageObject","inLanguage":"pt-BR","@id":"https:\/\/www.gaveanews.com\/#\/schema\/person\/image\/","url":"https:\/\/secure.gravatar.com\/avatar\/8ca179f9b55eefe9f376f5493ef25475bfa59fbc28ce937f6076ce20e523098f?s=96&d=mm&r=g","contentUrl":"https:\/\/secure.gravatar.com\/avatar\/8ca179f9b55eefe9f376f5493ef25475bfa59fbc28ce937f6076ce20e523098f?s=96&d=mm&r=g","caption":"Leandro Cardoso"}}]}},"_links":{"self":[{"href":"https:\/\/www.gaveanews.com\/index.php\/wp-json\/wp\/v2\/posts\/248017","targetHints":{"allow":["GET"]}}],"collection":[{"href":"https:\/\/www.gaveanews.com\/index.php\/wp-json\/wp\/v2\/posts"}],"about":[{"href":"https:\/\/www.gaveanews.com\/index.php\/wp-json\/wp\/v2\/types\/post"}],"author":[{"embeddable":true,"href":"https:\/\/www.gaveanews.com\/index.php\/wp-json\/wp\/v2\/users\/24"}],"replies":[{"embeddable":true,"href":"https:\/\/www.gaveanews.com\/index.php\/wp-json\/wp\/v2\/comments?post=248017"}],"version-history":[{"count":1,"href":"https:\/\/www.gaveanews.com\/index.php\/wp-json\/wp\/v2\/posts\/248017\/revisions"}],"predecessor-version":[{"id":248018,"href":"https:\/\/www.gaveanews.com\/index.php\/wp-json\/wp\/v2\/posts\/248017\/revisions\/248018"}],"wp:featuredmedia":[{"embeddable":true,"href":"https:\/\/www.gaveanews.com\/index.php\/wp-json\/wp\/v2\/media\/124623"}],"wp:attachment":[{"href":"https:\/\/www.gaveanews.com\/index.php\/wp-json\/wp\/v2\/media?parent=248017"}],"wp:term":[{"taxonomy":"category","embeddable":true,"href":"https:\/\/www.gaveanews.com\/index.php\/wp-json\/wp\/v2\/categories?post=248017"},{"taxonomy":"post_tag","embeddable":true,"href":"https:\/\/www.gaveanews.com\/index.php\/wp-json\/wp\/v2\/tags?post=248017"}],"curies":[{"name":"wp","href":"https:\/\/api.w.org\/{rel}","templated":true}]}}