{"id":248019,"date":"2025-04-02T17:05:00","date_gmt":"2025-04-02T20:05:00","guid":{"rendered":"https:\/\/www.gaveanews.com\/?p=248019"},"modified":"2025-04-02T16:04:07","modified_gmt":"2025-04-02T19:04:07","slug":"eles-sao-os-dois-tecnicos-favoritos-da-diretoria-do-fluminense-para-substituir-mano-menezes","status":"publish","type":"post","link":"https:\/\/www.gaveanews.com\/index.php\/2025\/04\/02\/eles-sao-os-dois-tecnicos-favoritos-da-diretoria-do-fluminense-para-substituir-mano-menezes\/","title":{"rendered":"Eles s\u00e3o os dois t\u00e9cnicos favoritos da diretoria do Fluminense para substituir Mano Menezes"},"content":{"rendered":"\n<p>A busca por um novo treinador segue movimentando os bastidores do Fluminense. Ap\u00f3s a recusa de Gabriel Milito, a diretoria j\u00e1 avalia novas op\u00e7\u00f5es e dois nomes aparecem com for\u00e7a: Renato Ga\u00facho e Fernando Diniz. <\/p>\n\n\n\n<p>Enquanto Renato \u00e9 apontado internamente como uma alternativa vi\u00e1vel, Diniz conta com o respaldo de parte do elenco. Mas o que isso significa para o futuro do Tricolor?<\/p>\n\n\n\n<h2 class=\"wp-block-heading\" id=\"h-renato-gaucho-pode-voltar-ao-comando-do-flu\">Renato Ga\u00facho pode voltar ao comando do Flu?<\/h2>\n\n\n\n<figure class=\"wp-block-image size-full\"><img loading=\"lazy\" decoding=\"async\" width=\"1000\" height=\"563\" src=\"http:\/\/www.gaveanews.com\/wp-content\/uploads\/renato-gaucho-gremio.webp\" alt=\"\" class=\"wp-image-144188\" srcset=\"https:\/\/www.gaveanews.com\/wp-content\/uploads\/renato-gaucho-gremio.webp 1000w, https:\/\/www.gaveanews.com\/wp-content\/uploads\/renato-gaucho-gremio-300x169.webp 300w, https:\/\/www.gaveanews.com\/wp-content\/uploads\/renato-gaucho-gremio-768x432.webp 768w, https:\/\/www.gaveanews.com\/wp-content\/uploads\/renato-gaucho-gremio-746x420.webp 746w, https:\/\/www.gaveanews.com\/wp-content\/uploads\/renato-gaucho-gremio-640x360.webp 640w, https:\/\/www.gaveanews.com\/wp-content\/uploads\/renato-gaucho-gremio-681x383.webp 681w, https:\/\/www.gaveanews.com\/wp-content\/uploads\/renato-gaucho-gremio-100x56.webp 100w\" sizes=\"auto, (max-width: 1000px) 100vw, 1000px\" \/><figcaption class=\"wp-element-caption\">Renato Ga\u00facho em treino do Gr\u00eamio (Foto: Lucas Uebel\/Gr\u00eamio FBPA)<\/figcaption><\/figure>\n\n\n\n<p>A possibilidade de um retorno de Renato Ga\u00facho ao Fluminense n\u00e3o \u00e9 descartada. O treinador, que j\u00e1 teve passagem marcante pelo clube, \u00e9 visto com bons olhos pela diretoria. Al\u00e9m disso, seu hist\u00f3rico de conquistas e o estilo ofensivo de jogo s\u00e3o pontos favor\u00e1veis. <\/p>\n\n\n\n<p>Cabe ressaltar que Renato est\u00e1 sem clube e, dessa maneira, poderia assumir a equipe sem grandes dificuldades contratuais.<\/p>\n\n\n\n<p>Vale destacar que sua \u00faltima passagem pelo Gr\u00eamio n\u00e3o teve um final positivo, mas isso n\u00e3o parece ser um fator determinante para a diretoria tricolor. Por isso, sua experi\u00eancia e identifica\u00e7\u00e3o com o clube carioca fazem com que seu nome ganhe for\u00e7a na corrida pelo cargo.<\/p>\n\n\n\n<h2 class=\"wp-block-heading\" id=\"h-diniz-tem-apoio-do-elenco-mas-retorno-e-viavel\">Diniz tem apoio do elenco, mas retorno \u00e9 vi\u00e1vel?<\/h2>\n\n\n\n<figure class=\"wp-block-image size-full\"><img loading=\"lazy\" decoding=\"async\" width=\"888\" height=\"592\" src=\"http:\/\/www.gaveanews.com\/wp-content\/uploads\/Fernando-Diniz-tecnico-do-Fluminense.webp\" alt=\"\" class=\"wp-image-128690\" srcset=\"https:\/\/www.gaveanews.com\/wp-content\/uploads\/Fernando-Diniz-tecnico-do-Fluminense.webp 888w, https:\/\/www.gaveanews.com\/wp-content\/uploads\/Fernando-Diniz-tecnico-do-Fluminense-300x200.webp 300w, https:\/\/www.gaveanews.com\/wp-content\/uploads\/Fernando-Diniz-tecnico-do-Fluminense-768x512.webp 768w, https:\/\/www.gaveanews.com\/wp-content\/uploads\/Fernando-Diniz-tecnico-do-Fluminense-630x420.webp 630w, https:\/\/www.gaveanews.com\/wp-content\/uploads\/Fernando-Diniz-tecnico-do-Fluminense-640x427.webp 640w, https:\/\/www.gaveanews.com\/wp-content\/uploads\/Fernando-Diniz-tecnico-do-Fluminense-681x454.webp 681w, https:\/\/www.gaveanews.com\/wp-content\/uploads\/Fernando-Diniz-tecnico-do-Fluminense-100x67.webp 100w\" sizes=\"auto, (max-width: 888px) 100vw, 888px\" \/><figcaption class=\"wp-element-caption\">Fernando Diniz como t\u00e9cnico do Fluminense &#8211; Foto: Mauro Pimentel\/AFP<\/figcaption><\/figure>\n\n\n\n<p>Fernando Diniz tamb\u00e9m surge como uma op\u00e7\u00e3o, mas por um motivo diferente. Isso porque parte do elenco tem apre\u00e7o pelo treinador e aprovaria sua volta. Sendo assim, sua filosofia de jogo poderia facilitar o processo de transi\u00e7\u00e3o e dar continuidade a um estilo j\u00e1 conhecido dentro do clube.<\/p>\n\n\n\n<p>Por\u00e9m, h\u00e1 um obst\u00e1culo: Diniz ainda est\u00e1 empregado e n\u00e3o h\u00e1 ind\u00edcios de que ele possa sair de seu atual trabalho imediatamente. Dessa forma, a diretoria precisaria aguardar uma movimenta\u00e7\u00e3o para tornar essa possibilidade mais concreta.<\/p>\n\n\n\n<h2 class=\"wp-block-heading\" id=\"h-qual-sera-o-proximo-passo-do-fluminense\">Qual ser\u00e1 o pr\u00f3ximo passo do Fluminense?<\/h2>\n\n\n\n<p>Com isso, o Fluminense segue avaliando as melhores op\u00e7\u00f5es. A diretoria busca um nome que possa recolocar a equipe no caminho das vit\u00f3rias e garantir competitividade na temporada. Portanto, as pr\u00f3ximas semanas ser\u00e3o decisivas para definir quem assumir\u00e1 o comando do Tricolor.<\/p>\n\n\n\n<blockquote class=\"twitter-tweet\" data-media-max-width=\"560\"><p lang=\"pt\" dir=\"ltr\">Renato Ga\u00facho e Fernando Diniz s\u00e3o comentados nos bastidores do Fluminense ap\u00f3s &#39;n\u00e3o&#39; de Gabriel Milito.<br><br>Renato \u00e9 apontado pela diretoria como op\u00e7\u00e3o, enquanto Diniz tem aprova\u00e7\u00e3o de parte do elenco.<br><br>\ud83d\uddde <a href=\"https:\/\/twitter.com\/OGlobo_Esportes?ref_src=twsrc%5Etfw\">@OGlobo_Esportes<\/a> | <a href=\"https:\/\/twitter.com\/diogodantas?ref_src=twsrc%5Etfw\">@diogodantas<\/a><br>\ud83d\udcf8 Lucas Uebel\/GFBPA | Gustavo Aleixo\/CEC <a href=\"https:\/\/t.co\/TtGocwCt50\">pic.twitter.com\/TtGocwCt50<\/a><\/p>&mdash; Planeta do Futebol \ud83c\udf0e (@futebol_info) <a href=\"https:\/\/twitter.com\/futebol_info\/status\/1907457688683905323?ref_src=twsrc%5Etfw\">April 2, 2025<\/a><\/blockquote> <script async src=\"https:\/\/platform.twitter.com\/widgets.js\" charset=\"utf-8\"><\/script>\n","protected":false},"excerpt":{"rendered":"<p>A busca por um novo treinador segue movimentando os bastidores do Fluminense. Ap\u00f3s a recusa de Gabriel Milito, a diretoria j\u00e1 avalia novas op\u00e7\u00f5es e dois nomes aparecem com for\u00e7a: Renato Ga\u00facho e Fernando Diniz. Enquanto Renato \u00e9 apontado internamente como uma alternativa vi\u00e1vel, Diniz conta com o respaldo de parte do elenco. Mas o [&hellip;]<\/p>\n","protected":false},"author":25,"featured_media":144992,"comment_status":"open","ping_status":"closed","sticky":false,"template":"","format":"standard","meta":{"footnotes":""},"categories":[145],"tags":[],"class_list":["post-248019","post","type-post","status-publish","format-standard","has-post-thumbnail","hentry","category-fluminense"],"yoast_head":"<!-- This site is optimized with the Yoast SEO Premium plugin v24.2 (Yoast SEO v26.9) - https:\/\/yoast.com\/product\/yoast-seo-premium-wordpress\/ -->\n<title>Eles s\u00e3o os dois t\u00e9cnicos favoritos da diretoria do Fluminense para substituir Mano Menezes<\/title>\n<meta name=\"robots\" content=\"index, follow, max-snippet:-1, max-image-preview:large, max-video-preview:-1\" \/>\n<link rel=\"canonical\" href=\"https:\/\/www.gaveanews.com\/index.php\/2025\/04\/02\/eles-sao-os-dois-tecnicos-favoritos-da-diretoria-do-fluminense-para-substituir-mano-menezes\/\" \/>\n<meta property=\"og:locale\" content=\"pt_BR\" \/>\n<meta property=\"og:type\" content=\"article\" \/>\n<meta property=\"og:title\" content=\"Eles s\u00e3o os dois t\u00e9cnicos favoritos da diretoria do Fluminense para substituir Mano Menezes\" \/>\n<meta property=\"og:description\" content=\"A busca por um novo treinador segue movimentando os bastidores do Fluminense. Ap\u00f3s a recusa de Gabriel Milito, a diretoria j\u00e1 avalia novas op\u00e7\u00f5es e dois nomes aparecem com for\u00e7a: Renato Ga\u00facho e Fernando Diniz. Enquanto Renato \u00e9 apontado internamente como uma alternativa vi\u00e1vel, Diniz conta com o respaldo de parte do elenco. Mas o [&hellip;]\" \/>\n<meta property=\"og:url\" content=\"https:\/\/www.gaveanews.com\/index.php\/2025\/04\/02\/eles-sao-os-dois-tecnicos-favoritos-da-diretoria-do-fluminense-para-substituir-mano-menezes\/\" \/>\n<meta property=\"og:site_name\" content=\"G\u00e1vea News\" \/>\n<meta property=\"article:publisher\" content=\"https:\/\/facebook.com\/gaveaNews\/\" \/>\n<meta property=\"article:published_time\" content=\"2025-04-02T20:05:00+00:00\" \/>\n<meta property=\"og:image\" content=\"https:\/\/www.gaveanews.com\/wp-content\/uploads\/Escudo-do-Fluminense.webp\" \/>\n\t<meta property=\"og:image:width\" content=\"1000\" \/>\n\t<meta property=\"og:image:height\" content=\"667\" \/>\n\t<meta property=\"og:image:type\" content=\"image\/webp\" \/>\n<meta name=\"author\" content=\"Rafaela Ladeira\" \/>\n<meta name=\"twitter:card\" content=\"summary_large_image\" \/>\n<meta name=\"twitter:label1\" content=\"Escrito por\" \/>\n\t<meta name=\"twitter:data1\" content=\"Rafaela Ladeira\" \/>\n\t<meta name=\"twitter:label2\" content=\"Est. tempo de leitura\" \/>\n\t<meta name=\"twitter:data2\" content=\"3 minutos\" \/>\n<script type=\"application\/ld+json\" class=\"yoast-schema-graph\">{\"@context\":\"https:\/\/schema.org\",\"@graph\":[{\"@type\":\"NewsArticle\",\"@id\":\"https:\/\/www.gaveanews.com\/index.php\/2025\/04\/02\/eles-sao-os-dois-tecnicos-favoritos-da-diretoria-do-fluminense-para-substituir-mano-menezes\/#article\",\"isPartOf\":{\"@id\":\"https:\/\/www.gaveanews.com\/index.php\/2025\/04\/02\/eles-sao-os-dois-tecnicos-favoritos-da-diretoria-do-fluminense-para-substituir-mano-menezes\/\"},\"author\":{\"name\":\"Rafaela Ladeira\",\"@id\":\"https:\/\/www.gaveanews.com\/#\/schema\/person\/0eb3e3fe1754f0205218538adbe8f5ed\"},\"headline\":\"Eles s\u00e3o os dois t\u00e9cnicos favoritos da diretoria do Fluminense para substituir Mano Menezes\",\"datePublished\":\"2025-04-02T20:05:00+00:00\",\"mainEntityOfPage\":{\"@id\":\"https:\/\/www.gaveanews.com\/index.php\/2025\/04\/02\/eles-sao-os-dois-tecnicos-favoritos-da-diretoria-do-fluminense-para-substituir-mano-menezes\/\"},\"wordCount\":448,\"commentCount\":0,\"image\":{\"@id\":\"https:\/\/www.gaveanews.com\/index.php\/2025\/04\/02\/eles-sao-os-dois-tecnicos-favoritos-da-diretoria-do-fluminense-para-substituir-mano-menezes\/#primaryimage\"},\"thumbnailUrl\":\"https:\/\/www.gaveanews.com\/wp-content\/uploads\/Escudo-do-Fluminense.webp\",\"articleSection\":[\"Fluminense\"],\"inLanguage\":\"pt-BR\",\"potentialAction\":[{\"@type\":\"CommentAction\",\"name\":\"Comment\",\"target\":[\"https:\/\/www.gaveanews.com\/index.php\/2025\/04\/02\/eles-sao-os-dois-tecnicos-favoritos-da-diretoria-do-fluminense-para-substituir-mano-menezes\/#respond\"]}],\"copyrightYear\":\"2025\",\"copyrightHolder\":{\"@id\":\"https:\/\/www.gaveanews.com\/#organization\"}},{\"@type\":\"WebPage\",\"@id\":\"https:\/\/www.gaveanews.com\/index.php\/2025\/04\/02\/eles-sao-os-dois-tecnicos-favoritos-da-diretoria-do-fluminense-para-substituir-mano-menezes\/\",\"url\":\"https:\/\/www.gaveanews.com\/index.php\/2025\/04\/02\/eles-sao-os-dois-tecnicos-favoritos-da-diretoria-do-fluminense-para-substituir-mano-menezes\/\",\"name\":\"Eles s\u00e3o os dois t\u00e9cnicos favoritos da diretoria do Fluminense para substituir Mano Menezes\",\"isPartOf\":{\"@id\":\"https:\/\/www.gaveanews.com\/#website\"},\"primaryImageOfPage\":{\"@id\":\"https:\/\/www.gaveanews.com\/index.php\/2025\/04\/02\/eles-sao-os-dois-tecnicos-favoritos-da-diretoria-do-fluminense-para-substituir-mano-menezes\/#primaryimage\"},\"image\":{\"@id\":\"https:\/\/www.gaveanews.com\/index.php\/2025\/04\/02\/eles-sao-os-dois-tecnicos-favoritos-da-diretoria-do-fluminense-para-substituir-mano-menezes\/#primaryimage\"},\"thumbnailUrl\":\"https:\/\/www.gaveanews.com\/wp-content\/uploads\/Escudo-do-Fluminense.webp\",\"datePublished\":\"2025-04-02T20:05:00+00:00\",\"author\":{\"@id\":\"https:\/\/www.gaveanews.com\/#\/schema\/person\/0eb3e3fe1754f0205218538adbe8f5ed\"},\"breadcrumb\":{\"@id\":\"https:\/\/www.gaveanews.com\/index.php\/2025\/04\/02\/eles-sao-os-dois-tecnicos-favoritos-da-diretoria-do-fluminense-para-substituir-mano-menezes\/#breadcrumb\"},\"inLanguage\":\"pt-BR\",\"potentialAction\":[{\"@type\":\"ReadAction\",\"target\":[\"https:\/\/www.gaveanews.com\/index.php\/2025\/04\/02\/eles-sao-os-dois-tecnicos-favoritos-da-diretoria-do-fluminense-para-substituir-mano-menezes\/\"]}]},{\"@type\":\"ImageObject\",\"inLanguage\":\"pt-BR\",\"@id\":\"https:\/\/www.gaveanews.com\/index.php\/2025\/04\/02\/eles-sao-os-dois-tecnicos-favoritos-da-diretoria-do-fluminense-para-substituir-mano-menezes\/#primaryimage\",\"url\":\"https:\/\/www.gaveanews.com\/wp-content\/uploads\/Escudo-do-Fluminense.webp\",\"contentUrl\":\"https:\/\/www.gaveanews.com\/wp-content\/uploads\/Escudo-do-Fluminense.webp\",\"width\":1000,\"height\":667,\"caption\":\"Escudo do Fluminense (Foto Reprodu\u00e7\u00e3o\/Instagram)\"},{\"@type\":\"BreadcrumbList\",\"@id\":\"https:\/\/www.gaveanews.com\/index.php\/2025\/04\/02\/eles-sao-os-dois-tecnicos-favoritos-da-diretoria-do-fluminense-para-substituir-mano-menezes\/#breadcrumb\",\"itemListElement\":[{\"@type\":\"ListItem\",\"position\":1,\"name\":\"Home\",\"item\":\"https:\/\/www.gaveanews.com\/\"},{\"@type\":\"ListItem\",\"position\":2,\"name\":\"Eles s\u00e3o os dois t\u00e9cnicos favoritos da diretoria do Fluminense para substituir Mano Menezes\"}]},{\"@type\":\"WebSite\",\"@id\":\"https:\/\/www.gaveanews.com\/#website\",\"url\":\"https:\/\/www.gaveanews.com\/\",\"name\":\"G\u00e1vea News\",\"description\":\"Veja todas as not\u00edcias sobre o Flamengo: Contrata\u00e7\u00f5es, categorias de base, resultados das partidas, tabela de classifica\u00e7\u00e3o, pr\u00f3ximos jogos!\",\"potentialAction\":[{\"@type\":\"SearchAction\",\"target\":{\"@type\":\"EntryPoint\",\"urlTemplate\":\"https:\/\/www.gaveanews.com\/?s={search_term_string}\"},\"query-input\":{\"@type\":\"PropertyValueSpecification\",\"valueRequired\":true,\"valueName\":\"search_term_string\"}}],\"inLanguage\":\"pt-BR\"},{\"@type\":\"Person\",\"@id\":\"https:\/\/www.gaveanews.com\/#\/schema\/person\/0eb3e3fe1754f0205218538adbe8f5ed\",\"name\":\"Rafaela Ladeira\",\"image\":{\"@type\":\"ImageObject\",\"inLanguage\":\"pt-BR\",\"@id\":\"https:\/\/www.gaveanews.com\/#\/schema\/person\/image\/\",\"url\":\"https:\/\/secure.gravatar.com\/avatar\/c31f513acffd85eacab5730cbdfdbbf59f21ba5aeada8cd890acea879fbb2455?s=96&d=mm&r=g\",\"contentUrl\":\"https:\/\/secure.gravatar.com\/avatar\/c31f513acffd85eacab5730cbdfdbbf59f21ba5aeada8cd890acea879fbb2455?s=96&d=mm&r=g\",\"caption\":\"Rafaela Ladeira\"}}]}<\/script>\n<!-- \/ Yoast SEO Premium plugin. -->","yoast_head_json":{"title":"Eles s\u00e3o os dois t\u00e9cnicos favoritos da diretoria do Fluminense para substituir Mano Menezes","robots":{"index":"index","follow":"follow","max-snippet":"max-snippet:-1","max-image-preview":"max-image-preview:large","max-video-preview":"max-video-preview:-1"},"canonical":"https:\/\/www.gaveanews.com\/index.php\/2025\/04\/02\/eles-sao-os-dois-tecnicos-favoritos-da-diretoria-do-fluminense-para-substituir-mano-menezes\/","og_locale":"pt_BR","og_type":"article","og_title":"Eles s\u00e3o os dois t\u00e9cnicos favoritos da diretoria do Fluminense para substituir Mano Menezes","og_description":"A busca por um novo treinador segue movimentando os bastidores do Fluminense. Ap\u00f3s a recusa de Gabriel Milito, a diretoria j\u00e1 avalia novas op\u00e7\u00f5es e dois nomes aparecem com for\u00e7a: Renato Ga\u00facho e Fernando Diniz. Enquanto Renato \u00e9 apontado internamente como uma alternativa vi\u00e1vel, Diniz conta com o respaldo de parte do elenco. Mas o [&hellip;]","og_url":"https:\/\/www.gaveanews.com\/index.php\/2025\/04\/02\/eles-sao-os-dois-tecnicos-favoritos-da-diretoria-do-fluminense-para-substituir-mano-menezes\/","og_site_name":"G\u00e1vea News","article_publisher":"https:\/\/facebook.com\/gaveaNews\/","article_published_time":"2025-04-02T20:05:00+00:00","og_image":[{"width":1000,"height":667,"url":"https:\/\/www.gaveanews.com\/wp-content\/uploads\/Escudo-do-Fluminense.webp","type":"image\/webp"}],"author":"Rafaela Ladeira","twitter_card":"summary_large_image","twitter_misc":{"Escrito por":"Rafaela Ladeira","Est. tempo de leitura":"3 minutos"},"schema":{"@context":"https:\/\/schema.org","@graph":[{"@type":"NewsArticle","@id":"https:\/\/www.gaveanews.com\/index.php\/2025\/04\/02\/eles-sao-os-dois-tecnicos-favoritos-da-diretoria-do-fluminense-para-substituir-mano-menezes\/#article","isPartOf":{"@id":"https:\/\/www.gaveanews.com\/index.php\/2025\/04\/02\/eles-sao-os-dois-tecnicos-favoritos-da-diretoria-do-fluminense-para-substituir-mano-menezes\/"},"author":{"name":"Rafaela Ladeira","@id":"https:\/\/www.gaveanews.com\/#\/schema\/person\/0eb3e3fe1754f0205218538adbe8f5ed"},"headline":"Eles s\u00e3o os dois t\u00e9cnicos favoritos da diretoria do Fluminense para substituir Mano Menezes","datePublished":"2025-04-02T20:05:00+00:00","mainEntityOfPage":{"@id":"https:\/\/www.gaveanews.com\/index.php\/2025\/04\/02\/eles-sao-os-dois-tecnicos-favoritos-da-diretoria-do-fluminense-para-substituir-mano-menezes\/"},"wordCount":448,"commentCount":0,"image":{"@id":"https:\/\/www.gaveanews.com\/index.php\/2025\/04\/02\/eles-sao-os-dois-tecnicos-favoritos-da-diretoria-do-fluminense-para-substituir-mano-menezes\/#primaryimage"},"thumbnailUrl":"https:\/\/www.gaveanews.com\/wp-content\/uploads\/Escudo-do-Fluminense.webp","articleSection":["Fluminense"],"inLanguage":"pt-BR","potentialAction":[{"@type":"CommentAction","name":"Comment","target":["https:\/\/www.gaveanews.com\/index.php\/2025\/04\/02\/eles-sao-os-dois-tecnicos-favoritos-da-diretoria-do-fluminense-para-substituir-mano-menezes\/#respond"]}],"copyrightYear":"2025","copyrightHolder":{"@id":"https:\/\/www.gaveanews.com\/#organization"}},{"@type":"WebPage","@id":"https:\/\/www.gaveanews.com\/index.php\/2025\/04\/02\/eles-sao-os-dois-tecnicos-favoritos-da-diretoria-do-fluminense-para-substituir-mano-menezes\/","url":"https:\/\/www.gaveanews.com\/index.php\/2025\/04\/02\/eles-sao-os-dois-tecnicos-favoritos-da-diretoria-do-fluminense-para-substituir-mano-menezes\/","name":"Eles s\u00e3o os dois t\u00e9cnicos favoritos da diretoria do Fluminense para substituir Mano Menezes","isPartOf":{"@id":"https:\/\/www.gaveanews.com\/#website"},"primaryImageOfPage":{"@id":"https:\/\/www.gaveanews.com\/index.php\/2025\/04\/02\/eles-sao-os-dois-tecnicos-favoritos-da-diretoria-do-fluminense-para-substituir-mano-menezes\/#primaryimage"},"image":{"@id":"https:\/\/www.gaveanews.com\/index.php\/2025\/04\/02\/eles-sao-os-dois-tecnicos-favoritos-da-diretoria-do-fluminense-para-substituir-mano-menezes\/#primaryimage"},"thumbnailUrl":"https:\/\/www.gaveanews.com\/wp-content\/uploads\/Escudo-do-Fluminense.webp","datePublished":"2025-04-02T20:05:00+00:00","author":{"@id":"https:\/\/www.gaveanews.com\/#\/schema\/person\/0eb3e3fe1754f0205218538adbe8f5ed"},"breadcrumb":{"@id":"https:\/\/www.gaveanews.com\/index.php\/2025\/04\/02\/eles-sao-os-dois-tecnicos-favoritos-da-diretoria-do-fluminense-para-substituir-mano-menezes\/#breadcrumb"},"inLanguage":"pt-BR","potentialAction":[{"@type":"ReadAction","target":["https:\/\/www.gaveanews.com\/index.php\/2025\/04\/02\/eles-sao-os-dois-tecnicos-favoritos-da-diretoria-do-fluminense-para-substituir-mano-menezes\/"]}]},{"@type":"ImageObject","inLanguage":"pt-BR","@id":"https:\/\/www.gaveanews.com\/index.php\/2025\/04\/02\/eles-sao-os-dois-tecnicos-favoritos-da-diretoria-do-fluminense-para-substituir-mano-menezes\/#primaryimage","url":"https:\/\/www.gaveanews.com\/wp-content\/uploads\/Escudo-do-Fluminense.webp","contentUrl":"https:\/\/www.gaveanews.com\/wp-content\/uploads\/Escudo-do-Fluminense.webp","width":1000,"height":667,"caption":"Escudo do Fluminense (Foto Reprodu\u00e7\u00e3o\/Instagram)"},{"@type":"BreadcrumbList","@id":"https:\/\/www.gaveanews.com\/index.php\/2025\/04\/02\/eles-sao-os-dois-tecnicos-favoritos-da-diretoria-do-fluminense-para-substituir-mano-menezes\/#breadcrumb","itemListElement":[{"@type":"ListItem","position":1,"name":"Home","item":"https:\/\/www.gaveanews.com\/"},{"@type":"ListItem","position":2,"name":"Eles s\u00e3o os dois t\u00e9cnicos favoritos da diretoria do Fluminense para substituir Mano Menezes"}]},{"@type":"WebSite","@id":"https:\/\/www.gaveanews.com\/#website","url":"https:\/\/www.gaveanews.com\/","name":"G\u00e1vea News","description":"Veja todas as not\u00edcias sobre o Flamengo: Contrata\u00e7\u00f5es, categorias de base, resultados das partidas, tabela de classifica\u00e7\u00e3o, pr\u00f3ximos jogos!","potentialAction":[{"@type":"SearchAction","target":{"@type":"EntryPoint","urlTemplate":"https:\/\/www.gaveanews.com\/?s={search_term_string}"},"query-input":{"@type":"PropertyValueSpecification","valueRequired":true,"valueName":"search_term_string"}}],"inLanguage":"pt-BR"},{"@type":"Person","@id":"https:\/\/www.gaveanews.com\/#\/schema\/person\/0eb3e3fe1754f0205218538adbe8f5ed","name":"Rafaela Ladeira","image":{"@type":"ImageObject","inLanguage":"pt-BR","@id":"https:\/\/www.gaveanews.com\/#\/schema\/person\/image\/","url":"https:\/\/secure.gravatar.com\/avatar\/c31f513acffd85eacab5730cbdfdbbf59f21ba5aeada8cd890acea879fbb2455?s=96&d=mm&r=g","contentUrl":"https:\/\/secure.gravatar.com\/avatar\/c31f513acffd85eacab5730cbdfdbbf59f21ba5aeada8cd890acea879fbb2455?s=96&d=mm&r=g","caption":"Rafaela Ladeira"}}]}},"_links":{"self":[{"href":"https:\/\/www.gaveanews.com\/index.php\/wp-json\/wp\/v2\/posts\/248019","targetHints":{"allow":["GET"]}}],"collection":[{"href":"https:\/\/www.gaveanews.com\/index.php\/wp-json\/wp\/v2\/posts"}],"about":[{"href":"https:\/\/www.gaveanews.com\/index.php\/wp-json\/wp\/v2\/types\/post"}],"author":[{"embeddable":true,"href":"https:\/\/www.gaveanews.com\/index.php\/wp-json\/wp\/v2\/users\/25"}],"replies":[{"embeddable":true,"href":"https:\/\/www.gaveanews.com\/index.php\/wp-json\/wp\/v2\/comments?post=248019"}],"version-history":[{"count":1,"href":"https:\/\/www.gaveanews.com\/index.php\/wp-json\/wp\/v2\/posts\/248019\/revisions"}],"predecessor-version":[{"id":248024,"href":"https:\/\/www.gaveanews.com\/index.php\/wp-json\/wp\/v2\/posts\/248019\/revisions\/248024"}],"wp:featuredmedia":[{"embeddable":true,"href":"https:\/\/www.gaveanews.com\/index.php\/wp-json\/wp\/v2\/media\/144992"}],"wp:attachment":[{"href":"https:\/\/www.gaveanews.com\/index.php\/wp-json\/wp\/v2\/media?parent=248019"}],"wp:term":[{"taxonomy":"category","embeddable":true,"href":"https:\/\/www.gaveanews.com\/index.php\/wp-json\/wp\/v2\/categories?post=248019"},{"taxonomy":"post_tag","embeddable":true,"href":"https:\/\/www.gaveanews.com\/index.php\/wp-json\/wp\/v2\/tags?post=248019"}],"curies":[{"name":"wp","href":"https:\/\/api.w.org\/{rel}","templated":true}]}}