{"id":248023,"date":"2025-04-02T17:10:00","date_gmt":"2025-04-02T20:10:00","guid":{"rendered":"https:\/\/www.gaveanews.com\/?p=248023"},"modified":"2025-04-02T16:09:41","modified_gmt":"2025-04-02T19:09:41","slug":"jogadores-do-atletico-mg-passa-aperto-no-exterior","status":"publish","type":"post","link":"https:\/\/www.gaveanews.com\/index.php\/2025\/04\/02\/jogadores-do-atletico-mg-passa-aperto-no-exterior\/","title":{"rendered":"Jogadores do Atl\u00e9tico-MG passa aperto no exterior"},"content":{"rendered":"\n<p>O Atl\u00e9tico-MG enfrentou o Cienciano na noite de ter\u00e7a-feira (01 de abril), em Cusco, no Peru, pela rodada de abertura da Copa Sul-Americana. Apesar do dom\u00ednio e das chances criadas ao longo dos 90 minutos, o Galo n\u00e3o conseguiu balan\u00e7ar as redes e iniciou a competi\u00e7\u00e3o com um empate por 0 a 0.<\/p>\n\n\n\n<p>A atua\u00e7\u00e3o atleticana foi consistente, mesmo diante das dificuldades impostas pela altitude. O t\u00e9cnico Cuca elogiou o desempenho da equipe e destacou a postura t\u00e1tica adotada no confronto. \u201cSaio muito satisfeito\u201d, resumiu o treinador, ap\u00f3s o apito final. O resultado, ali\u00e1s, colocou o Atl\u00e9tico na segunda coloca\u00e7\u00e3o do Grupo H, com um ponto somado.<\/p>\n\n\n\n<blockquote class=\"twitter-tweet\" data-media-max-width=\"560\"><p lang=\"pt\" dir=\"ltr\">Atl\u00e9tico-MG sofre com falta de \u00e1gua em est\u00e1dio do Cienciano.<br><br>Sem \u00e1gua no vesti\u00e1rio, os jogadores tiveram que deixar o est\u00e1dio sem conseguirem tomar banho e foram direto para o hotel.<br><br>O clube pediu compreens\u00e3o da imprensa e informou que os atletas n\u00e3o dariam entrevistas ap\u00f3s o\u2026 <a href=\"https:\/\/t.co\/X4N37UybUc\">pic.twitter.com\/X4N37UybUc<\/a><\/p>&mdash; Planeta do Futebol \ud83c\udf0e (@futebol_info) <a href=\"https:\/\/twitter.com\/futebol_info\/status\/1907422146239824144?ref_src=twsrc%5Etfw\">April 2, 2025<\/a><\/blockquote> <script async src=\"https:\/\/platform.twitter.com\/widgets.js\" charset=\"utf-8\"><\/script>\n\n\n\n<p>Contudo, o que chamou aten\u00e7\u00e3o ap\u00f3s o encerramento da partida n\u00e3o foi apenas o resultado. Os vesti\u00e1rios do Est\u00e1dio Garcilaso de la Vega estavam completamente sem \u00e1gua, o que obrigou os jogadores do Atl\u00e9tico-MG a deixarem o local \u00e0s pressas para tomar banho no hotel onde estavam hospedados. O epis\u00f3dio gerou indigna\u00e7\u00e3o na delega\u00e7\u00e3o brasileira.<\/p>\n\n\n\n<p>O diretor de futebol Victor Bagy foi enf\u00e1tico ao expressar sua insatisfa\u00e7\u00e3o com a situa\u00e7\u00e3o. \u201cA gente fala em evolu\u00e7\u00e3o, em campeonato que melhora a cada ano, e estamos retrocedendo para a d\u00e9cada de 60. \u00c9 lament\u00e1vel, triste. Vale nossa insatisfa\u00e7\u00e3o. \u00c9 coisa que n\u00e3o pode acontecer\u201d, criticou, em entrevista \u00e0 R\u00e1dio Itatiaia. Ele tamb\u00e9m destacou que a Conmebol costuma se preocupar com detalhes menos relevantes, enquanto ignora problemas estruturais mais graves.<\/p>\n\n\n\n<p>Surpreendentemente, n\u00e3o \u00e9 a primeira vez que o Atl\u00e9tico passa por esse tipo de contratempo. Anteriormente, na segunda fase da Copa do Brasil, a equipe j\u00e1 havia enfrentado dificuldades semelhantes, quando enfrentou o Tocantin\u00f3polis, no Tocantins, e tamb\u00e9m encontrou vesti\u00e1rios sem \u00e1gua.<\/p>\n\n\n\n<p>O pr\u00f3ximo desafio do Galo ser\u00e1 na quinta-feira (10 de abril), quando receber\u00e1 o Iquique, do Chile, \u00e0s 21h30 (hor\u00e1rio de Bras\u00edlia), em Belo Horizonte. O jogo ser\u00e1 v\u00e1lido pela segunda rodada da fase de grupos da competi\u00e7\u00e3o continental.<\/p>\n\n\n\n<p>A delega\u00e7\u00e3o atleticana, embora tenha deixado o campo sem a vit\u00f3ria, demonstrou um futebol promissor e resili\u00eancia diante das adversidades. Agora, o foco se volta para a recupera\u00e7\u00e3o em casa e, acima de tudo, para evitar novos epis\u00f3dios extracampo que possam comprometer o planejamento dentro das quatro linhas.<\/p>\n","protected":false},"excerpt":{"rendered":"<p>O Atl\u00e9tico-MG enfrentou o Cienciano na noite de ter\u00e7a-feira (01 de abril), em Cusco, no Peru, pela rodada de abertura da Copa Sul-Americana. Apesar do dom\u00ednio e das chances criadas ao longo dos 90 minutos, o Galo n\u00e3o conseguiu balan\u00e7ar as redes e iniciou a competi\u00e7\u00e3o com um empate por 0 a 0. A atua\u00e7\u00e3o [&hellip;]<\/p>\n","protected":false},"author":27,"featured_media":157061,"comment_status":"open","ping_status":"closed","sticky":false,"template":"","format":"standard","meta":{"footnotes":""},"categories":[136],"tags":[],"class_list":["post-248023","post","type-post","status-publish","format-standard","has-post-thumbnail","hentry","category-atletico-mg"],"yoast_head":"<!-- This site is optimized with the Yoast SEO Premium plugin v24.2 (Yoast SEO v26.9) - https:\/\/yoast.com\/product\/yoast-seo-premium-wordpress\/ -->\n<title>Jogadores do Atl\u00e9tico-MG passa aperto no exterior<\/title>\n<meta name=\"robots\" content=\"index, follow, max-snippet:-1, max-image-preview:large, max-video-preview:-1\" \/>\n<link rel=\"canonical\" href=\"https:\/\/www.gaveanews.com\/index.php\/2025\/04\/02\/jogadores-do-atletico-mg-passa-aperto-no-exterior\/\" \/>\n<meta property=\"og:locale\" content=\"pt_BR\" \/>\n<meta property=\"og:type\" content=\"article\" \/>\n<meta property=\"og:title\" content=\"Jogadores do Atl\u00e9tico-MG passa aperto no exterior\" \/>\n<meta property=\"og:description\" content=\"O Atl\u00e9tico-MG enfrentou o Cienciano na noite de ter\u00e7a-feira (01 de abril), em Cusco, no Peru, pela rodada de abertura da Copa Sul-Americana. Apesar do dom\u00ednio e das chances criadas ao longo dos 90 minutos, o Galo n\u00e3o conseguiu balan\u00e7ar as redes e iniciou a competi\u00e7\u00e3o com um empate por 0 a 0. A atua\u00e7\u00e3o [&hellip;]\" \/>\n<meta property=\"og:url\" content=\"https:\/\/www.gaveanews.com\/index.php\/2025\/04\/02\/jogadores-do-atletico-mg-passa-aperto-no-exterior\/\" \/>\n<meta property=\"og:site_name\" content=\"G\u00e1vea News\" \/>\n<meta property=\"article:publisher\" content=\"https:\/\/facebook.com\/gaveaNews\/\" \/>\n<meta property=\"article:published_time\" content=\"2025-04-02T20:10:00+00:00\" \/>\n<meta property=\"og:image\" content=\"https:\/\/www.gaveanews.com\/wp-content\/uploads\/Camisa-do-Atletico-MG.webp\" \/>\n\t<meta property=\"og:image:width\" content=\"1080\" \/>\n\t<meta property=\"og:image:height\" content=\"720\" \/>\n\t<meta property=\"og:image:type\" content=\"image\/webp\" \/>\n<meta name=\"author\" content=\"Matheus Felipe\" \/>\n<meta name=\"twitter:card\" content=\"summary_large_image\" \/>\n<meta name=\"twitter:label1\" content=\"Escrito por\" \/>\n\t<meta name=\"twitter:data1\" content=\"Matheus Felipe\" \/>\n\t<meta name=\"twitter:label2\" content=\"Est. tempo de leitura\" \/>\n\t<meta name=\"twitter:data2\" content=\"3 minutos\" \/>\n<script type=\"application\/ld+json\" class=\"yoast-schema-graph\">{\"@context\":\"https:\/\/schema.org\",\"@graph\":[{\"@type\":\"NewsArticle\",\"@id\":\"https:\/\/www.gaveanews.com\/index.php\/2025\/04\/02\/jogadores-do-atletico-mg-passa-aperto-no-exterior\/#article\",\"isPartOf\":{\"@id\":\"https:\/\/www.gaveanews.com\/index.php\/2025\/04\/02\/jogadores-do-atletico-mg-passa-aperto-no-exterior\/\"},\"author\":{\"name\":\"Matheus Felipe\",\"@id\":\"https:\/\/www.gaveanews.com\/#\/schema\/person\/8207cd4627f56151707418bfc835b2fb\"},\"headline\":\"Jogadores do Atl\u00e9tico-MG passa aperto no exterior\",\"datePublished\":\"2025-04-02T20:10:00+00:00\",\"mainEntityOfPage\":{\"@id\":\"https:\/\/www.gaveanews.com\/index.php\/2025\/04\/02\/jogadores-do-atletico-mg-passa-aperto-no-exterior\/\"},\"wordCount\":475,\"commentCount\":0,\"image\":{\"@id\":\"https:\/\/www.gaveanews.com\/index.php\/2025\/04\/02\/jogadores-do-atletico-mg-passa-aperto-no-exterior\/#primaryimage\"},\"thumbnailUrl\":\"https:\/\/www.gaveanews.com\/wp-content\/uploads\/Camisa-do-Atletico-MG.webp\",\"articleSection\":[\"Atl\u00e9tico-MG\"],\"inLanguage\":\"pt-BR\",\"potentialAction\":[{\"@type\":\"CommentAction\",\"name\":\"Comment\",\"target\":[\"https:\/\/www.gaveanews.com\/index.php\/2025\/04\/02\/jogadores-do-atletico-mg-passa-aperto-no-exterior\/#respond\"]}],\"copyrightYear\":\"2025\",\"copyrightHolder\":{\"@id\":\"https:\/\/www.gaveanews.com\/#organization\"}},{\"@type\":\"WebPage\",\"@id\":\"https:\/\/www.gaveanews.com\/index.php\/2025\/04\/02\/jogadores-do-atletico-mg-passa-aperto-no-exterior\/\",\"url\":\"https:\/\/www.gaveanews.com\/index.php\/2025\/04\/02\/jogadores-do-atletico-mg-passa-aperto-no-exterior\/\",\"name\":\"Jogadores do Atl\u00e9tico-MG passa aperto no exterior\",\"isPartOf\":{\"@id\":\"https:\/\/www.gaveanews.com\/#website\"},\"primaryImageOfPage\":{\"@id\":\"https:\/\/www.gaveanews.com\/index.php\/2025\/04\/02\/jogadores-do-atletico-mg-passa-aperto-no-exterior\/#primaryimage\"},\"image\":{\"@id\":\"https:\/\/www.gaveanews.com\/index.php\/2025\/04\/02\/jogadores-do-atletico-mg-passa-aperto-no-exterior\/#primaryimage\"},\"thumbnailUrl\":\"https:\/\/www.gaveanews.com\/wp-content\/uploads\/Camisa-do-Atletico-MG.webp\",\"datePublished\":\"2025-04-02T20:10:00+00:00\",\"author\":{\"@id\":\"https:\/\/www.gaveanews.com\/#\/schema\/person\/8207cd4627f56151707418bfc835b2fb\"},\"breadcrumb\":{\"@id\":\"https:\/\/www.gaveanews.com\/index.php\/2025\/04\/02\/jogadores-do-atletico-mg-passa-aperto-no-exterior\/#breadcrumb\"},\"inLanguage\":\"pt-BR\",\"potentialAction\":[{\"@type\":\"ReadAction\",\"target\":[\"https:\/\/www.gaveanews.com\/index.php\/2025\/04\/02\/jogadores-do-atletico-mg-passa-aperto-no-exterior\/\"]}]},{\"@type\":\"ImageObject\",\"inLanguage\":\"pt-BR\",\"@id\":\"https:\/\/www.gaveanews.com\/index.php\/2025\/04\/02\/jogadores-do-atletico-mg-passa-aperto-no-exterior\/#primaryimage\",\"url\":\"https:\/\/www.gaveanews.com\/wp-content\/uploads\/Camisa-do-Atletico-MG.webp\",\"contentUrl\":\"https:\/\/www.gaveanews.com\/wp-content\/uploads\/Camisa-do-Atletico-MG.webp\",\"width\":1080,\"height\":720,\"caption\":\"Camisa do Atl\u00e9tico-MG (Foto: Reprodu\u00e7\u00e3o\/Instagram)\"},{\"@type\":\"BreadcrumbList\",\"@id\":\"https:\/\/www.gaveanews.com\/index.php\/2025\/04\/02\/jogadores-do-atletico-mg-passa-aperto-no-exterior\/#breadcrumb\",\"itemListElement\":[{\"@type\":\"ListItem\",\"position\":1,\"name\":\"Home\",\"item\":\"https:\/\/www.gaveanews.com\/\"},{\"@type\":\"ListItem\",\"position\":2,\"name\":\"Jogadores do Atl\u00e9tico-MG passa aperto no exterior\"}]},{\"@type\":\"WebSite\",\"@id\":\"https:\/\/www.gaveanews.com\/#website\",\"url\":\"https:\/\/www.gaveanews.com\/\",\"name\":\"G\u00e1vea News\",\"description\":\"Veja todas as not\u00edcias sobre o Flamengo: Contrata\u00e7\u00f5es, categorias de base, resultados das partidas, tabela de classifica\u00e7\u00e3o, pr\u00f3ximos jogos!\",\"potentialAction\":[{\"@type\":\"SearchAction\",\"target\":{\"@type\":\"EntryPoint\",\"urlTemplate\":\"https:\/\/www.gaveanews.com\/?s={search_term_string}\"},\"query-input\":{\"@type\":\"PropertyValueSpecification\",\"valueRequired\":true,\"valueName\":\"search_term_string\"}}],\"inLanguage\":\"pt-BR\"},{\"@type\":\"Person\",\"@id\":\"https:\/\/www.gaveanews.com\/#\/schema\/person\/8207cd4627f56151707418bfc835b2fb\",\"name\":\"Matheus Felipe\",\"image\":{\"@type\":\"ImageObject\",\"inLanguage\":\"pt-BR\",\"@id\":\"https:\/\/www.gaveanews.com\/#\/schema\/person\/image\/\",\"url\":\"https:\/\/secure.gravatar.com\/avatar\/a452ffbed9130f726358b298bb3a99ce4bd3c5338411f8440e87e14d74c7c087?s=96&d=mm&r=g\",\"contentUrl\":\"https:\/\/secure.gravatar.com\/avatar\/a452ffbed9130f726358b298bb3a99ce4bd3c5338411f8440e87e14d74c7c087?s=96&d=mm&r=g\",\"caption\":\"Matheus Felipe\"}}]}<\/script>\n<!-- \/ Yoast SEO Premium plugin. -->","yoast_head_json":{"title":"Jogadores do Atl\u00e9tico-MG passa aperto no exterior","robots":{"index":"index","follow":"follow","max-snippet":"max-snippet:-1","max-image-preview":"max-image-preview:large","max-video-preview":"max-video-preview:-1"},"canonical":"https:\/\/www.gaveanews.com\/index.php\/2025\/04\/02\/jogadores-do-atletico-mg-passa-aperto-no-exterior\/","og_locale":"pt_BR","og_type":"article","og_title":"Jogadores do Atl\u00e9tico-MG passa aperto no exterior","og_description":"O Atl\u00e9tico-MG enfrentou o Cienciano na noite de ter\u00e7a-feira (01 de abril), em Cusco, no Peru, pela rodada de abertura da Copa Sul-Americana. Apesar do dom\u00ednio e das chances criadas ao longo dos 90 minutos, o Galo n\u00e3o conseguiu balan\u00e7ar as redes e iniciou a competi\u00e7\u00e3o com um empate por 0 a 0. A atua\u00e7\u00e3o [&hellip;]","og_url":"https:\/\/www.gaveanews.com\/index.php\/2025\/04\/02\/jogadores-do-atletico-mg-passa-aperto-no-exterior\/","og_site_name":"G\u00e1vea News","article_publisher":"https:\/\/facebook.com\/gaveaNews\/","article_published_time":"2025-04-02T20:10:00+00:00","og_image":[{"width":1080,"height":720,"url":"https:\/\/www.gaveanews.com\/wp-content\/uploads\/Camisa-do-Atletico-MG.webp","type":"image\/webp"}],"author":"Matheus Felipe","twitter_card":"summary_large_image","twitter_misc":{"Escrito por":"Matheus Felipe","Est. tempo de leitura":"3 minutos"},"schema":{"@context":"https:\/\/schema.org","@graph":[{"@type":"NewsArticle","@id":"https:\/\/www.gaveanews.com\/index.php\/2025\/04\/02\/jogadores-do-atletico-mg-passa-aperto-no-exterior\/#article","isPartOf":{"@id":"https:\/\/www.gaveanews.com\/index.php\/2025\/04\/02\/jogadores-do-atletico-mg-passa-aperto-no-exterior\/"},"author":{"name":"Matheus Felipe","@id":"https:\/\/www.gaveanews.com\/#\/schema\/person\/8207cd4627f56151707418bfc835b2fb"},"headline":"Jogadores do Atl\u00e9tico-MG passa aperto no exterior","datePublished":"2025-04-02T20:10:00+00:00","mainEntityOfPage":{"@id":"https:\/\/www.gaveanews.com\/index.php\/2025\/04\/02\/jogadores-do-atletico-mg-passa-aperto-no-exterior\/"},"wordCount":475,"commentCount":0,"image":{"@id":"https:\/\/www.gaveanews.com\/index.php\/2025\/04\/02\/jogadores-do-atletico-mg-passa-aperto-no-exterior\/#primaryimage"},"thumbnailUrl":"https:\/\/www.gaveanews.com\/wp-content\/uploads\/Camisa-do-Atletico-MG.webp","articleSection":["Atl\u00e9tico-MG"],"inLanguage":"pt-BR","potentialAction":[{"@type":"CommentAction","name":"Comment","target":["https:\/\/www.gaveanews.com\/index.php\/2025\/04\/02\/jogadores-do-atletico-mg-passa-aperto-no-exterior\/#respond"]}],"copyrightYear":"2025","copyrightHolder":{"@id":"https:\/\/www.gaveanews.com\/#organization"}},{"@type":"WebPage","@id":"https:\/\/www.gaveanews.com\/index.php\/2025\/04\/02\/jogadores-do-atletico-mg-passa-aperto-no-exterior\/","url":"https:\/\/www.gaveanews.com\/index.php\/2025\/04\/02\/jogadores-do-atletico-mg-passa-aperto-no-exterior\/","name":"Jogadores do Atl\u00e9tico-MG passa aperto no exterior","isPartOf":{"@id":"https:\/\/www.gaveanews.com\/#website"},"primaryImageOfPage":{"@id":"https:\/\/www.gaveanews.com\/index.php\/2025\/04\/02\/jogadores-do-atletico-mg-passa-aperto-no-exterior\/#primaryimage"},"image":{"@id":"https:\/\/www.gaveanews.com\/index.php\/2025\/04\/02\/jogadores-do-atletico-mg-passa-aperto-no-exterior\/#primaryimage"},"thumbnailUrl":"https:\/\/www.gaveanews.com\/wp-content\/uploads\/Camisa-do-Atletico-MG.webp","datePublished":"2025-04-02T20:10:00+00:00","author":{"@id":"https:\/\/www.gaveanews.com\/#\/schema\/person\/8207cd4627f56151707418bfc835b2fb"},"breadcrumb":{"@id":"https:\/\/www.gaveanews.com\/index.php\/2025\/04\/02\/jogadores-do-atletico-mg-passa-aperto-no-exterior\/#breadcrumb"},"inLanguage":"pt-BR","potentialAction":[{"@type":"ReadAction","target":["https:\/\/www.gaveanews.com\/index.php\/2025\/04\/02\/jogadores-do-atletico-mg-passa-aperto-no-exterior\/"]}]},{"@type":"ImageObject","inLanguage":"pt-BR","@id":"https:\/\/www.gaveanews.com\/index.php\/2025\/04\/02\/jogadores-do-atletico-mg-passa-aperto-no-exterior\/#primaryimage","url":"https:\/\/www.gaveanews.com\/wp-content\/uploads\/Camisa-do-Atletico-MG.webp","contentUrl":"https:\/\/www.gaveanews.com\/wp-content\/uploads\/Camisa-do-Atletico-MG.webp","width":1080,"height":720,"caption":"Camisa do Atl\u00e9tico-MG (Foto: Reprodu\u00e7\u00e3o\/Instagram)"},{"@type":"BreadcrumbList","@id":"https:\/\/www.gaveanews.com\/index.php\/2025\/04\/02\/jogadores-do-atletico-mg-passa-aperto-no-exterior\/#breadcrumb","itemListElement":[{"@type":"ListItem","position":1,"name":"Home","item":"https:\/\/www.gaveanews.com\/"},{"@type":"ListItem","position":2,"name":"Jogadores do Atl\u00e9tico-MG passa aperto no exterior"}]},{"@type":"WebSite","@id":"https:\/\/www.gaveanews.com\/#website","url":"https:\/\/www.gaveanews.com\/","name":"G\u00e1vea News","description":"Veja todas as not\u00edcias sobre o Flamengo: Contrata\u00e7\u00f5es, categorias de base, resultados das partidas, tabela de classifica\u00e7\u00e3o, pr\u00f3ximos jogos!","potentialAction":[{"@type":"SearchAction","target":{"@type":"EntryPoint","urlTemplate":"https:\/\/www.gaveanews.com\/?s={search_term_string}"},"query-input":{"@type":"PropertyValueSpecification","valueRequired":true,"valueName":"search_term_string"}}],"inLanguage":"pt-BR"},{"@type":"Person","@id":"https:\/\/www.gaveanews.com\/#\/schema\/person\/8207cd4627f56151707418bfc835b2fb","name":"Matheus Felipe","image":{"@type":"ImageObject","inLanguage":"pt-BR","@id":"https:\/\/www.gaveanews.com\/#\/schema\/person\/image\/","url":"https:\/\/secure.gravatar.com\/avatar\/a452ffbed9130f726358b298bb3a99ce4bd3c5338411f8440e87e14d74c7c087?s=96&d=mm&r=g","contentUrl":"https:\/\/secure.gravatar.com\/avatar\/a452ffbed9130f726358b298bb3a99ce4bd3c5338411f8440e87e14d74c7c087?s=96&d=mm&r=g","caption":"Matheus Felipe"}}]}},"_links":{"self":[{"href":"https:\/\/www.gaveanews.com\/index.php\/wp-json\/wp\/v2\/posts\/248023","targetHints":{"allow":["GET"]}}],"collection":[{"href":"https:\/\/www.gaveanews.com\/index.php\/wp-json\/wp\/v2\/posts"}],"about":[{"href":"https:\/\/www.gaveanews.com\/index.php\/wp-json\/wp\/v2\/types\/post"}],"author":[{"embeddable":true,"href":"https:\/\/www.gaveanews.com\/index.php\/wp-json\/wp\/v2\/users\/27"}],"replies":[{"embeddable":true,"href":"https:\/\/www.gaveanews.com\/index.php\/wp-json\/wp\/v2\/comments?post=248023"}],"version-history":[{"count":1,"href":"https:\/\/www.gaveanews.com\/index.php\/wp-json\/wp\/v2\/posts\/248023\/revisions"}],"predecessor-version":[{"id":248029,"href":"https:\/\/www.gaveanews.com\/index.php\/wp-json\/wp\/v2\/posts\/248023\/revisions\/248029"}],"wp:featuredmedia":[{"embeddable":true,"href":"https:\/\/www.gaveanews.com\/index.php\/wp-json\/wp\/v2\/media\/157061"}],"wp:attachment":[{"href":"https:\/\/www.gaveanews.com\/index.php\/wp-json\/wp\/v2\/media?parent=248023"}],"wp:term":[{"taxonomy":"category","embeddable":true,"href":"https:\/\/www.gaveanews.com\/index.php\/wp-json\/wp\/v2\/categories?post=248023"},{"taxonomy":"post_tag","embeddable":true,"href":"https:\/\/www.gaveanews.com\/index.php\/wp-json\/wp\/v2\/tags?post=248023"}],"curies":[{"name":"wp","href":"https:\/\/api.w.org\/{rel}","templated":true}]}}