{"id":248026,"date":"2025-04-02T17:30:00","date_gmt":"2025-04-02T20:30:00","guid":{"rendered":"https:\/\/www.gaveanews.com\/?p=248026"},"modified":"2025-04-02T16:14:26","modified_gmt":"2025-04-02T19:14:26","slug":"real-madrid-julgamento-de-carlo-ancelotti-pode-acabar-em-prisao","status":"publish","type":"post","link":"https:\/\/www.gaveanews.com\/index.php\/2025\/04\/02\/real-madrid-julgamento-de-carlo-ancelotti-pode-acabar-em-prisao\/","title":{"rendered":"Real Madrid: julgamento de Carlo Ancelotti pode acabar em pris\u00e3o"},"content":{"rendered":"\n<p>Carlo Ancelotti, atual t\u00e9cnico do Real Madrid, est\u00e1 sendo julgado na Espanha sob a acusa\u00e7\u00e3o de fraude fiscal. O Minist\u00e9rio P\u00fablico do pa\u00eds afirma que o italiano deixou de declarar mais de 1 milh\u00e3o de euros em rendimentos relacionados a direitos de imagem durante os anos de 2014 e 2015. A promotoria solicita uma pena de quatro anos e nove meses de pris\u00e3o, al\u00e9m de uma multa que chega a 3,2 milh\u00f5es de euros, o equivalente a cerca de R$ 20 milh\u00f5es.<\/p>\n\n\n\n<p>Em seu depoimento \u00e0 Audi\u00eancia Provincial de Madri, nesta quarta-feira (02 de abril), Ancelotti negou ter agido de forma intencional. \u201cPara mim, tudo estava em ordem. Nunca pensei em cometer fraude\u201d, afirmou. O treinador explicou que seguiu orienta\u00e7\u00f5es fiscais fornecidas tanto pelo Real Madrid quanto por seu assessor pessoal, e que a estrutura sugerida para o pagamento de parte de seus vencimentos como direitos de imagem era considerada comum na \u00e9poca.<\/p>\n\n\n\n<figure class=\"wp-block-image size-full\"><img loading=\"lazy\" decoding=\"async\" width=\"906\" height=\"509\" src=\"http:\/\/www.gaveanews.com\/wp-content\/uploads\/real-madrid.webp\" alt=\"\" class=\"wp-image-120916\" srcset=\"https:\/\/www.gaveanews.com\/wp-content\/uploads\/real-madrid.webp 906w, https:\/\/www.gaveanews.com\/wp-content\/uploads\/real-madrid-300x169.webp 300w, https:\/\/www.gaveanews.com\/wp-content\/uploads\/real-madrid-768x431.webp 768w, https:\/\/www.gaveanews.com\/wp-content\/uploads\/real-madrid-748x420.webp 748w, https:\/\/www.gaveanews.com\/wp-content\/uploads\/real-madrid-640x360.webp 640w, https:\/\/www.gaveanews.com\/wp-content\/uploads\/real-madrid-681x383.webp 681w, https:\/\/www.gaveanews.com\/wp-content\/uploads\/real-madrid-100x56.webp 100w\" sizes=\"auto, (max-width: 906px) 100vw, 906px\" \/><figcaption class=\"wp-element-caption\">Escudo do Real Madrid (Foto: Reprodu\u00e7\u00e3o)<\/figcaption><\/figure>\n\n\n\n<p>Segundo Ancelotti, aproximadamente 15% de seu sal\u00e1rio foi designado como remunera\u00e7\u00e3o por direitos de imagem, pr\u00e1tica que, segundo ele, beneficiava o clube e era amplamente adotada. \u201cAchei normal, porque naquela \u00e9poca todos os jogadores e o t\u00e9cnico anterior tinham feito o mesmo\u201d, relatou. Ele ainda destacou que seus contratos sempre foram negociados em termos l\u00edquidos e que n\u00e3o dava aten\u00e7\u00e3o especial aos direitos de imagem, por entender que esse tipo de receita \u00e9 mais relevante para atletas do que para treinadores.<\/p>\n\n\n\n<p>A defesa de Ancelotti alega que o t\u00e9cnico j\u00e1 quitou uma d\u00edvida de 1,2 milh\u00e3o de euros referente ao caso. Mariann Barrena, esposa do treinador, prestou depoimento como testemunha e ressaltou que a fam\u00edlia deixou Madri em maio de 2015, ap\u00f3s o fim do v\u00ednculo contratual com o clube espanhol. Ancelotti tamb\u00e9m argumentou que esteve na Espanha por apenas 155 dias naquele ano, o que, conforme a legisla\u00e7\u00e3o local, poderia isent\u00e1-lo da condi\u00e7\u00e3o de residente fiscal no pa\u00eds.<\/p>\n\n\n\n<p>A promotoria, contudo, sustenta que o treinador omitiu intencionalmente os valores obtidos com os direitos de imagem em suas declara\u00e7\u00f5es fiscais. O \u00f3rg\u00e3o destacou que a autoridade tribut\u00e1ria espanhola j\u00e1 apreendeu a quantia devida, acrescida de juros, em a\u00e7\u00f5es anteriores \u00e0 audi\u00eancia.<\/p>\n\n\n\n<p>O julgamento ainda est\u00e1 em curso e, embora n\u00e3o haja uma data definida para a senten\u00e7a, as partes envolvidas podem buscar um acordo extrajudicial a qualquer momento. Assim sendo, o desfecho do caso depender\u00e1 do entendimento entre defesa e acusa\u00e7\u00e3o, ou da decis\u00e3o da Justi\u00e7a espanhola nas pr\u00f3ximas semanas.<\/p>\n","protected":false},"excerpt":{"rendered":"<p>Carlo Ancelotti, atual t\u00e9cnico do Real Madrid, est\u00e1 sendo julgado na Espanha sob a acusa\u00e7\u00e3o de fraude fiscal. O Minist\u00e9rio P\u00fablico do pa\u00eds afirma que o italiano deixou de declarar mais de 1 milh\u00e3o de euros em rendimentos relacionados a direitos de imagem durante os anos de 2014 e 2015. A promotoria solicita uma pena [&hellip;]<\/p>\n","protected":false},"author":33,"featured_media":119629,"comment_status":"open","ping_status":"closed","sticky":false,"template":"","format":"standard","meta":{"footnotes":""},"categories":[88],"tags":[],"class_list":["post-248026","post","type-post","status-publish","format-standard","has-post-thumbnail","hentry","category-real-madrid"],"yoast_head":"<!-- This site is optimized with the Yoast SEO Premium plugin v24.2 (Yoast SEO v26.9) - https:\/\/yoast.com\/product\/yoast-seo-premium-wordpress\/ -->\n<title>Real Madrid: julgamento de Carlo Ancelotti pode acabar em pris\u00e3o<\/title>\n<meta name=\"robots\" content=\"index, follow, max-snippet:-1, max-image-preview:large, max-video-preview:-1\" \/>\n<link rel=\"canonical\" href=\"https:\/\/www.gaveanews.com\/index.php\/2025\/04\/02\/real-madrid-julgamento-de-carlo-ancelotti-pode-acabar-em-prisao\/\" \/>\n<meta property=\"og:locale\" content=\"pt_BR\" \/>\n<meta property=\"og:type\" content=\"article\" \/>\n<meta property=\"og:title\" content=\"Real Madrid: julgamento de Carlo Ancelotti pode acabar em pris\u00e3o\" \/>\n<meta property=\"og:description\" content=\"Carlo Ancelotti, atual t\u00e9cnico do Real Madrid, est\u00e1 sendo julgado na Espanha sob a acusa\u00e7\u00e3o de fraude fiscal. O Minist\u00e9rio P\u00fablico do pa\u00eds afirma que o italiano deixou de declarar mais de 1 milh\u00e3o de euros em rendimentos relacionados a direitos de imagem durante os anos de 2014 e 2015. A promotoria solicita uma pena [&hellip;]\" \/>\n<meta property=\"og:url\" content=\"https:\/\/www.gaveanews.com\/index.php\/2025\/04\/02\/real-madrid-julgamento-de-carlo-ancelotti-pode-acabar-em-prisao\/\" \/>\n<meta property=\"og:site_name\" content=\"G\u00e1vea News\" \/>\n<meta property=\"article:publisher\" content=\"https:\/\/facebook.com\/gaveaNews\/\" \/>\n<meta property=\"article:published_time\" content=\"2025-04-02T20:30:00+00:00\" \/>\n<meta property=\"og:image\" content=\"https:\/\/www.gaveanews.com\/wp-content\/uploads\/2023-04-29t184531z-1598421574-up1ej4t1g3tth-rtrmadp-3-soccer-spain-mad-uda-report.webp\" \/>\n\t<meta property=\"og:image:width\" content=\"984\" \/>\n\t<meta property=\"og:image:height\" content=\"678\" \/>\n\t<meta property=\"og:image:type\" content=\"image\/webp\" \/>\n<meta name=\"author\" content=\"Brenda Cezillo\" \/>\n<meta name=\"twitter:card\" content=\"summary_large_image\" \/>\n<meta name=\"twitter:label1\" content=\"Escrito por\" \/>\n\t<meta name=\"twitter:data1\" content=\"Brenda Cezillo\" \/>\n\t<meta name=\"twitter:label2\" content=\"Est. tempo de leitura\" \/>\n\t<meta name=\"twitter:data2\" content=\"3 minutos\" \/>\n<script type=\"application\/ld+json\" class=\"yoast-schema-graph\">{\"@context\":\"https:\/\/schema.org\",\"@graph\":[{\"@type\":\"NewsArticle\",\"@id\":\"https:\/\/www.gaveanews.com\/index.php\/2025\/04\/02\/real-madrid-julgamento-de-carlo-ancelotti-pode-acabar-em-prisao\/#article\",\"isPartOf\":{\"@id\":\"https:\/\/www.gaveanews.com\/index.php\/2025\/04\/02\/real-madrid-julgamento-de-carlo-ancelotti-pode-acabar-em-prisao\/\"},\"author\":{\"name\":\"Brenda Cezillo\",\"@id\":\"https:\/\/www.gaveanews.com\/#\/schema\/person\/c79759ca337c40791ae8d08e2923d403\"},\"headline\":\"Real Madrid: julgamento de Carlo Ancelotti pode acabar em pris\u00e3o\",\"datePublished\":\"2025-04-02T20:30:00+00:00\",\"mainEntityOfPage\":{\"@id\":\"https:\/\/www.gaveanews.com\/index.php\/2025\/04\/02\/real-madrid-julgamento-de-carlo-ancelotti-pode-acabar-em-prisao\/\"},\"wordCount\":449,\"commentCount\":0,\"image\":{\"@id\":\"https:\/\/www.gaveanews.com\/index.php\/2025\/04\/02\/real-madrid-julgamento-de-carlo-ancelotti-pode-acabar-em-prisao\/#primaryimage\"},\"thumbnailUrl\":\"https:\/\/www.gaveanews.com\/wp-content\/uploads\/2023-04-29t184531z-1598421574-up1ej4t1g3tth-rtrmadp-3-soccer-spain-mad-uda-report.webp\",\"articleSection\":[\"Real Madrid\"],\"inLanguage\":\"pt-BR\",\"potentialAction\":[{\"@type\":\"CommentAction\",\"name\":\"Comment\",\"target\":[\"https:\/\/www.gaveanews.com\/index.php\/2025\/04\/02\/real-madrid-julgamento-de-carlo-ancelotti-pode-acabar-em-prisao\/#respond\"]}],\"copyrightYear\":\"2025\",\"copyrightHolder\":{\"@id\":\"https:\/\/www.gaveanews.com\/#organization\"}},{\"@type\":\"WebPage\",\"@id\":\"https:\/\/www.gaveanews.com\/index.php\/2025\/04\/02\/real-madrid-julgamento-de-carlo-ancelotti-pode-acabar-em-prisao\/\",\"url\":\"https:\/\/www.gaveanews.com\/index.php\/2025\/04\/02\/real-madrid-julgamento-de-carlo-ancelotti-pode-acabar-em-prisao\/\",\"name\":\"Real Madrid: julgamento de Carlo Ancelotti pode acabar em pris\u00e3o\",\"isPartOf\":{\"@id\":\"https:\/\/www.gaveanews.com\/#website\"},\"primaryImageOfPage\":{\"@id\":\"https:\/\/www.gaveanews.com\/index.php\/2025\/04\/02\/real-madrid-julgamento-de-carlo-ancelotti-pode-acabar-em-prisao\/#primaryimage\"},\"image\":{\"@id\":\"https:\/\/www.gaveanews.com\/index.php\/2025\/04\/02\/real-madrid-julgamento-de-carlo-ancelotti-pode-acabar-em-prisao\/#primaryimage\"},\"thumbnailUrl\":\"https:\/\/www.gaveanews.com\/wp-content\/uploads\/2023-04-29t184531z-1598421574-up1ej4t1g3tth-rtrmadp-3-soccer-spain-mad-uda-report.webp\",\"datePublished\":\"2025-04-02T20:30:00+00:00\",\"author\":{\"@id\":\"https:\/\/www.gaveanews.com\/#\/schema\/person\/c79759ca337c40791ae8d08e2923d403\"},\"breadcrumb\":{\"@id\":\"https:\/\/www.gaveanews.com\/index.php\/2025\/04\/02\/real-madrid-julgamento-de-carlo-ancelotti-pode-acabar-em-prisao\/#breadcrumb\"},\"inLanguage\":\"pt-BR\",\"potentialAction\":[{\"@type\":\"ReadAction\",\"target\":[\"https:\/\/www.gaveanews.com\/index.php\/2025\/04\/02\/real-madrid-julgamento-de-carlo-ancelotti-pode-acabar-em-prisao\/\"]}]},{\"@type\":\"ImageObject\",\"inLanguage\":\"pt-BR\",\"@id\":\"https:\/\/www.gaveanews.com\/index.php\/2025\/04\/02\/real-madrid-julgamento-de-carlo-ancelotti-pode-acabar-em-prisao\/#primaryimage\",\"url\":\"https:\/\/www.gaveanews.com\/wp-content\/uploads\/2023-04-29t184531z-1598421574-up1ej4t1g3tth-rtrmadp-3-soccer-spain-mad-uda-report.webp\",\"contentUrl\":\"https:\/\/www.gaveanews.com\/wp-content\/uploads\/2023-04-29t184531z-1598421574-up1ej4t1g3tth-rtrmadp-3-soccer-spain-mad-uda-report.webp\",\"width\":984,\"height\":678,\"caption\":\"Carlo Ancelotti, t\u00e9cnico do Real Madrid (Foto: Reuters)\"},{\"@type\":\"BreadcrumbList\",\"@id\":\"https:\/\/www.gaveanews.com\/index.php\/2025\/04\/02\/real-madrid-julgamento-de-carlo-ancelotti-pode-acabar-em-prisao\/#breadcrumb\",\"itemListElement\":[{\"@type\":\"ListItem\",\"position\":1,\"name\":\"Home\",\"item\":\"https:\/\/www.gaveanews.com\/\"},{\"@type\":\"ListItem\",\"position\":2,\"name\":\"Real Madrid: julgamento de Carlo Ancelotti pode acabar em pris\u00e3o\"}]},{\"@type\":\"WebSite\",\"@id\":\"https:\/\/www.gaveanews.com\/#website\",\"url\":\"https:\/\/www.gaveanews.com\/\",\"name\":\"G\u00e1vea News\",\"description\":\"Veja todas as not\u00edcias sobre o Flamengo: Contrata\u00e7\u00f5es, categorias de base, resultados das partidas, tabela de classifica\u00e7\u00e3o, pr\u00f3ximos jogos!\",\"potentialAction\":[{\"@type\":\"SearchAction\",\"target\":{\"@type\":\"EntryPoint\",\"urlTemplate\":\"https:\/\/www.gaveanews.com\/?s={search_term_string}\"},\"query-input\":{\"@type\":\"PropertyValueSpecification\",\"valueRequired\":true,\"valueName\":\"search_term_string\"}}],\"inLanguage\":\"pt-BR\"},{\"@type\":\"Person\",\"@id\":\"https:\/\/www.gaveanews.com\/#\/schema\/person\/c79759ca337c40791ae8d08e2923d403\",\"name\":\"Brenda Cezillo\",\"image\":{\"@type\":\"ImageObject\",\"inLanguage\":\"pt-BR\",\"@id\":\"https:\/\/www.gaveanews.com\/#\/schema\/person\/image\/\",\"url\":\"https:\/\/secure.gravatar.com\/avatar\/1738d75cee7317f9c29ae61dd67620c5883d80a92e42a6fff88ae5d527af217a?s=96&d=mm&r=g\",\"contentUrl\":\"https:\/\/secure.gravatar.com\/avatar\/1738d75cee7317f9c29ae61dd67620c5883d80a92e42a6fff88ae5d527af217a?s=96&d=mm&r=g\",\"caption\":\"Brenda Cezillo\"}}]}<\/script>\n<!-- \/ Yoast SEO Premium plugin. -->","yoast_head_json":{"title":"Real Madrid: julgamento de Carlo Ancelotti pode acabar em pris\u00e3o","robots":{"index":"index","follow":"follow","max-snippet":"max-snippet:-1","max-image-preview":"max-image-preview:large","max-video-preview":"max-video-preview:-1"},"canonical":"https:\/\/www.gaveanews.com\/index.php\/2025\/04\/02\/real-madrid-julgamento-de-carlo-ancelotti-pode-acabar-em-prisao\/","og_locale":"pt_BR","og_type":"article","og_title":"Real Madrid: julgamento de Carlo Ancelotti pode acabar em pris\u00e3o","og_description":"Carlo Ancelotti, atual t\u00e9cnico do Real Madrid, est\u00e1 sendo julgado na Espanha sob a acusa\u00e7\u00e3o de fraude fiscal. O Minist\u00e9rio P\u00fablico do pa\u00eds afirma que o italiano deixou de declarar mais de 1 milh\u00e3o de euros em rendimentos relacionados a direitos de imagem durante os anos de 2014 e 2015. A promotoria solicita uma pena [&hellip;]","og_url":"https:\/\/www.gaveanews.com\/index.php\/2025\/04\/02\/real-madrid-julgamento-de-carlo-ancelotti-pode-acabar-em-prisao\/","og_site_name":"G\u00e1vea News","article_publisher":"https:\/\/facebook.com\/gaveaNews\/","article_published_time":"2025-04-02T20:30:00+00:00","og_image":[{"width":984,"height":678,"url":"https:\/\/www.gaveanews.com\/wp-content\/uploads\/2023-04-29t184531z-1598421574-up1ej4t1g3tth-rtrmadp-3-soccer-spain-mad-uda-report.webp","type":"image\/webp"}],"author":"Brenda Cezillo","twitter_card":"summary_large_image","twitter_misc":{"Escrito por":"Brenda Cezillo","Est. tempo de leitura":"3 minutos"},"schema":{"@context":"https:\/\/schema.org","@graph":[{"@type":"NewsArticle","@id":"https:\/\/www.gaveanews.com\/index.php\/2025\/04\/02\/real-madrid-julgamento-de-carlo-ancelotti-pode-acabar-em-prisao\/#article","isPartOf":{"@id":"https:\/\/www.gaveanews.com\/index.php\/2025\/04\/02\/real-madrid-julgamento-de-carlo-ancelotti-pode-acabar-em-prisao\/"},"author":{"name":"Brenda Cezillo","@id":"https:\/\/www.gaveanews.com\/#\/schema\/person\/c79759ca337c40791ae8d08e2923d403"},"headline":"Real Madrid: julgamento de Carlo Ancelotti pode acabar em pris\u00e3o","datePublished":"2025-04-02T20:30:00+00:00","mainEntityOfPage":{"@id":"https:\/\/www.gaveanews.com\/index.php\/2025\/04\/02\/real-madrid-julgamento-de-carlo-ancelotti-pode-acabar-em-prisao\/"},"wordCount":449,"commentCount":0,"image":{"@id":"https:\/\/www.gaveanews.com\/index.php\/2025\/04\/02\/real-madrid-julgamento-de-carlo-ancelotti-pode-acabar-em-prisao\/#primaryimage"},"thumbnailUrl":"https:\/\/www.gaveanews.com\/wp-content\/uploads\/2023-04-29t184531z-1598421574-up1ej4t1g3tth-rtrmadp-3-soccer-spain-mad-uda-report.webp","articleSection":["Real Madrid"],"inLanguage":"pt-BR","potentialAction":[{"@type":"CommentAction","name":"Comment","target":["https:\/\/www.gaveanews.com\/index.php\/2025\/04\/02\/real-madrid-julgamento-de-carlo-ancelotti-pode-acabar-em-prisao\/#respond"]}],"copyrightYear":"2025","copyrightHolder":{"@id":"https:\/\/www.gaveanews.com\/#organization"}},{"@type":"WebPage","@id":"https:\/\/www.gaveanews.com\/index.php\/2025\/04\/02\/real-madrid-julgamento-de-carlo-ancelotti-pode-acabar-em-prisao\/","url":"https:\/\/www.gaveanews.com\/index.php\/2025\/04\/02\/real-madrid-julgamento-de-carlo-ancelotti-pode-acabar-em-prisao\/","name":"Real Madrid: julgamento de Carlo Ancelotti pode acabar em pris\u00e3o","isPartOf":{"@id":"https:\/\/www.gaveanews.com\/#website"},"primaryImageOfPage":{"@id":"https:\/\/www.gaveanews.com\/index.php\/2025\/04\/02\/real-madrid-julgamento-de-carlo-ancelotti-pode-acabar-em-prisao\/#primaryimage"},"image":{"@id":"https:\/\/www.gaveanews.com\/index.php\/2025\/04\/02\/real-madrid-julgamento-de-carlo-ancelotti-pode-acabar-em-prisao\/#primaryimage"},"thumbnailUrl":"https:\/\/www.gaveanews.com\/wp-content\/uploads\/2023-04-29t184531z-1598421574-up1ej4t1g3tth-rtrmadp-3-soccer-spain-mad-uda-report.webp","datePublished":"2025-04-02T20:30:00+00:00","author":{"@id":"https:\/\/www.gaveanews.com\/#\/schema\/person\/c79759ca337c40791ae8d08e2923d403"},"breadcrumb":{"@id":"https:\/\/www.gaveanews.com\/index.php\/2025\/04\/02\/real-madrid-julgamento-de-carlo-ancelotti-pode-acabar-em-prisao\/#breadcrumb"},"inLanguage":"pt-BR","potentialAction":[{"@type":"ReadAction","target":["https:\/\/www.gaveanews.com\/index.php\/2025\/04\/02\/real-madrid-julgamento-de-carlo-ancelotti-pode-acabar-em-prisao\/"]}]},{"@type":"ImageObject","inLanguage":"pt-BR","@id":"https:\/\/www.gaveanews.com\/index.php\/2025\/04\/02\/real-madrid-julgamento-de-carlo-ancelotti-pode-acabar-em-prisao\/#primaryimage","url":"https:\/\/www.gaveanews.com\/wp-content\/uploads\/2023-04-29t184531z-1598421574-up1ej4t1g3tth-rtrmadp-3-soccer-spain-mad-uda-report.webp","contentUrl":"https:\/\/www.gaveanews.com\/wp-content\/uploads\/2023-04-29t184531z-1598421574-up1ej4t1g3tth-rtrmadp-3-soccer-spain-mad-uda-report.webp","width":984,"height":678,"caption":"Carlo Ancelotti, t\u00e9cnico do Real Madrid (Foto: Reuters)"},{"@type":"BreadcrumbList","@id":"https:\/\/www.gaveanews.com\/index.php\/2025\/04\/02\/real-madrid-julgamento-de-carlo-ancelotti-pode-acabar-em-prisao\/#breadcrumb","itemListElement":[{"@type":"ListItem","position":1,"name":"Home","item":"https:\/\/www.gaveanews.com\/"},{"@type":"ListItem","position":2,"name":"Real Madrid: julgamento de Carlo Ancelotti pode acabar em pris\u00e3o"}]},{"@type":"WebSite","@id":"https:\/\/www.gaveanews.com\/#website","url":"https:\/\/www.gaveanews.com\/","name":"G\u00e1vea News","description":"Veja todas as not\u00edcias sobre o Flamengo: Contrata\u00e7\u00f5es, categorias de base, resultados das partidas, tabela de classifica\u00e7\u00e3o, pr\u00f3ximos jogos!","potentialAction":[{"@type":"SearchAction","target":{"@type":"EntryPoint","urlTemplate":"https:\/\/www.gaveanews.com\/?s={search_term_string}"},"query-input":{"@type":"PropertyValueSpecification","valueRequired":true,"valueName":"search_term_string"}}],"inLanguage":"pt-BR"},{"@type":"Person","@id":"https:\/\/www.gaveanews.com\/#\/schema\/person\/c79759ca337c40791ae8d08e2923d403","name":"Brenda Cezillo","image":{"@type":"ImageObject","inLanguage":"pt-BR","@id":"https:\/\/www.gaveanews.com\/#\/schema\/person\/image\/","url":"https:\/\/secure.gravatar.com\/avatar\/1738d75cee7317f9c29ae61dd67620c5883d80a92e42a6fff88ae5d527af217a?s=96&d=mm&r=g","contentUrl":"https:\/\/secure.gravatar.com\/avatar\/1738d75cee7317f9c29ae61dd67620c5883d80a92e42a6fff88ae5d527af217a?s=96&d=mm&r=g","caption":"Brenda Cezillo"}}]}},"_links":{"self":[{"href":"https:\/\/www.gaveanews.com\/index.php\/wp-json\/wp\/v2\/posts\/248026","targetHints":{"allow":["GET"]}}],"collection":[{"href":"https:\/\/www.gaveanews.com\/index.php\/wp-json\/wp\/v2\/posts"}],"about":[{"href":"https:\/\/www.gaveanews.com\/index.php\/wp-json\/wp\/v2\/types\/post"}],"author":[{"embeddable":true,"href":"https:\/\/www.gaveanews.com\/index.php\/wp-json\/wp\/v2\/users\/33"}],"replies":[{"embeddable":true,"href":"https:\/\/www.gaveanews.com\/index.php\/wp-json\/wp\/v2\/comments?post=248026"}],"version-history":[{"count":1,"href":"https:\/\/www.gaveanews.com\/index.php\/wp-json\/wp\/v2\/posts\/248026\/revisions"}],"predecessor-version":[{"id":248034,"href":"https:\/\/www.gaveanews.com\/index.php\/wp-json\/wp\/v2\/posts\/248026\/revisions\/248034"}],"wp:featuredmedia":[{"embeddable":true,"href":"https:\/\/www.gaveanews.com\/index.php\/wp-json\/wp\/v2\/media\/119629"}],"wp:attachment":[{"href":"https:\/\/www.gaveanews.com\/index.php\/wp-json\/wp\/v2\/media?parent=248026"}],"wp:term":[{"taxonomy":"category","embeddable":true,"href":"https:\/\/www.gaveanews.com\/index.php\/wp-json\/wp\/v2\/categories?post=248026"},{"taxonomy":"post_tag","embeddable":true,"href":"https:\/\/www.gaveanews.com\/index.php\/wp-json\/wp\/v2\/tags?post=248026"}],"curies":[{"name":"wp","href":"https:\/\/api.w.org\/{rel}","templated":true}]}}