{"id":248041,"date":"2025-04-02T17:40:00","date_gmt":"2025-04-02T20:40:00","guid":{"rendered":"https:\/\/www.gaveanews.com\/?p=248041"},"modified":"2025-04-02T16:23:16","modified_gmt":"2025-04-02T19:23:16","slug":"barcelona-pode-perder-dois-jogadores-para-o-restante-da-temporada","status":"publish","type":"post","link":"https:\/\/www.gaveanews.com\/index.php\/2025\/04\/02\/barcelona-pode-perder-dois-jogadores-para-o-restante-da-temporada\/","title":{"rendered":"Barcelona pode perder dois jogadores para o restante da temporada"},"content":{"rendered":"\n<p>O Barcelona vive um momento de incerteza nos bastidores. A pol\u00eamica gira em torno das inscri\u00e7\u00f5es de Dani Olmo e Pau V\u00edctor, efetuadas nos \u00faltimos instantes da janela de transfer\u00eancias do in\u00edcio do ano. A LaLiga questiona a legalidade do processo e indica que o clube catal\u00e3o pode perder a dupla para o restante da temporada.<\/p>\n\n\n\n<p>A principal alega\u00e7\u00e3o da liga espanhola \u00e9 de que o Barcelona n\u00e3o tinha margem salarial suficiente para registrar os jogadores. Ainda que o clube tenha apresentado um acordo comercial de 100 milh\u00f5es de euros referente \u00e0 venda de assentos VIP no Camp Nou, esse valor, segundo a LaLiga, n\u00e3o foi inclu\u00eddo nas demonstra\u00e7\u00f5es financeiras oficialmente submetidas. A quest\u00e3o ganhou contornos mais s\u00e9rios quando a organizadora do campeonato informou que as contas passaram por um auditor externo, n\u00e3o reconhecido pela entidade.<\/p>\n\n\n\n<figure class=\"wp-block-image size-large\"><img loading=\"lazy\" decoding=\"async\" width=\"1024\" height=\"683\" src=\"http:\/\/www.gaveanews.com\/wp-content\/uploads\/Dani-Olmo-com-a-camisa-da-Espanha-em-2024-durante-a-Eurocopa-1024x683.webp\" alt=\"\" class=\"wp-image-156171\" srcset=\"https:\/\/www.gaveanews.com\/wp-content\/uploads\/Dani-Olmo-com-a-camisa-da-Espanha-em-2024-durante-a-Eurocopa-1024x683.webp 1024w, https:\/\/www.gaveanews.com\/wp-content\/uploads\/Dani-Olmo-com-a-camisa-da-Espanha-em-2024-durante-a-Eurocopa-300x200.webp 300w, https:\/\/www.gaveanews.com\/wp-content\/uploads\/Dani-Olmo-com-a-camisa-da-Espanha-em-2024-durante-a-Eurocopa-768x512.webp 768w, https:\/\/www.gaveanews.com\/wp-content\/uploads\/Dani-Olmo-com-a-camisa-da-Espanha-em-2024-durante-a-Eurocopa-630x420.webp 630w, https:\/\/www.gaveanews.com\/wp-content\/uploads\/Dani-Olmo-com-a-camisa-da-Espanha-em-2024-durante-a-Eurocopa-1260x840.webp 1260w, https:\/\/www.gaveanews.com\/wp-content\/uploads\/Dani-Olmo-com-a-camisa-da-Espanha-em-2024-durante-a-Eurocopa-640x427.webp 640w, https:\/\/www.gaveanews.com\/wp-content\/uploads\/Dani-Olmo-com-a-camisa-da-Espanha-em-2024-durante-a-Eurocopa-1280x853.webp 1280w, https:\/\/www.gaveanews.com\/wp-content\/uploads\/Dani-Olmo-com-a-camisa-da-Espanha-em-2024-durante-a-Eurocopa-681x454.webp 681w, https:\/\/www.gaveanews.com\/wp-content\/uploads\/Dani-Olmo-com-a-camisa-da-Espanha-em-2024-durante-a-Eurocopa-1362x908.webp 1362w, https:\/\/www.gaveanews.com\/wp-content\/uploads\/Dani-Olmo-com-a-camisa-da-Espanha-em-2024-durante-a-Eurocopa-100x67.webp 100w, https:\/\/www.gaveanews.com\/wp-content\/uploads\/Dani-Olmo-com-a-camisa-da-Espanha-em-2024-durante-a-Eurocopa.webp 1440w\" sizes=\"auto, (max-width: 1024px) 100vw, 1024px\" \/><figcaption class=\"wp-element-caption\">Dani Olmo com a camisa da Espanha em 2024 durante a Eurocopa (Foto: Reprodu\u00e7\u00e3o\/Instagram)<\/figcaption><\/figure>\n\n\n\n<p>Em nota publicada na quarta-feira (02 de abril), a LaLiga declarou: \u201cAs demonstra\u00e7\u00f5es financeiras mostram que o Barcelona n\u00e3o tinha em 31 de dezembro de 2024, nem em 3 de janeiro de 2025, nem desde aquela data, capacidade para registrar Olmo e V\u00edctor\u201d. A den\u00fancia foi encaminhada ao Conselho Superior de Esportes (CSD), que agora analisa o caso. H\u00e1 tamb\u00e9m a den\u00fancia do auditor envolvido ao Instituto Espanhol de Contabilidade e Auditoria de Contas (ICAC).<\/p>\n\n\n\n<p>Joan Laporta, presidente do Barcelona, reagiu prontamente. Em entrevista ao jornal <em>Mundo Deportivo<\/em>, Laporta afirmou que a a\u00e7\u00e3o da LaLiga ocorre em um momento estrat\u00e9gico, \u00e0s v\u00e9speras da semifinal contra o Atl\u00e9tico de Madrid pela Copa do Rei. \u201c\u00c0s vezes sinto que isso n\u00e3o \u00e9 uma coincid\u00eancia. \u00c9 mais uma tentativa de desestabilizar nosso time\u201d, afirmou. Laporta tamb\u00e9m garantiu que uma resposta formal ser\u00e1 dada apenas ap\u00f3s a an\u00e1lise completa do caso por parte do departamento jur\u00eddico do clube.<\/p>\n\n\n\n<p>O imbr\u00f3glio remonta ao fim de dezembro, quando o Barcelona perdeu o prazo inicial para comprovar sua conformidade com o regulamento financeiro da LaLiga. Como resultado, os jogadores receberam registros tempor\u00e1rios, substituindo atletas lesionados \u2014 Ter Stegen e Christensen. A libera\u00e7\u00e3o definitiva ocorreu apenas ap\u00f3s interven\u00e7\u00e3o do CSD, o que gerou cr\u00edticas de outros clubes da elite espanhola.<\/p>\n\n\n\n<p>Atualmente, Dani Olmo est\u00e1 fora dos gramados em virtude de uma les\u00e3o no adutor. O jogador, campe\u00e3o da Euro 2024 com a sele\u00e7\u00e3o espanhola, participou de 13 partidas desde sua libera\u00e7\u00e3o, contribuindo com dois gols e quatro assist\u00eancias. Pau V\u00edctor, por sua vez, foi relacionado em cinco jogos. Ainda assim, ambos podem ser afastados caso o CSD opte por revogar os registros, decis\u00e3o esperada at\u00e9 domingo (07 de abril).<\/p>\n","protected":false},"excerpt":{"rendered":"<p>O Barcelona vive um momento de incerteza nos bastidores. A pol\u00eamica gira em torno das inscri\u00e7\u00f5es de Dani Olmo e Pau V\u00edctor, efetuadas nos \u00faltimos instantes da janela de transfer\u00eancias do in\u00edcio do ano. A LaLiga questiona a legalidade do processo e indica que o clube catal\u00e3o pode perder a dupla para o restante da [&hellip;]<\/p>\n","protected":false},"author":27,"featured_media":122108,"comment_status":"open","ping_status":"closed","sticky":false,"template":"","format":"standard","meta":{"footnotes":""},"categories":[87],"tags":[],"class_list":["post-248041","post","type-post","status-publish","format-standard","has-post-thumbnail","hentry","category-barcelona"],"yoast_head":"<!-- This site is optimized with the Yoast SEO Premium plugin v24.2 (Yoast SEO v26.9) - https:\/\/yoast.com\/product\/yoast-seo-premium-wordpress\/ -->\n<title>Barcelona pode perder dois jogadores para o restante da temporada<\/title>\n<meta name=\"robots\" content=\"index, follow, max-snippet:-1, max-image-preview:large, max-video-preview:-1\" \/>\n<link rel=\"canonical\" href=\"https:\/\/www.gaveanews.com\/index.php\/2025\/04\/02\/barcelona-pode-perder-dois-jogadores-para-o-restante-da-temporada\/\" \/>\n<meta property=\"og:locale\" content=\"pt_BR\" \/>\n<meta property=\"og:type\" content=\"article\" \/>\n<meta property=\"og:title\" content=\"Barcelona pode perder dois jogadores para o restante da temporada\" \/>\n<meta property=\"og:description\" content=\"O Barcelona vive um momento de incerteza nos bastidores. A pol\u00eamica gira em torno das inscri\u00e7\u00f5es de Dani Olmo e Pau V\u00edctor, efetuadas nos \u00faltimos instantes da janela de transfer\u00eancias do in\u00edcio do ano. A LaLiga questiona a legalidade do processo e indica que o clube catal\u00e3o pode perder a dupla para o restante da [&hellip;]\" \/>\n<meta property=\"og:url\" content=\"https:\/\/www.gaveanews.com\/index.php\/2025\/04\/02\/barcelona-pode-perder-dois-jogadores-para-o-restante-da-temporada\/\" \/>\n<meta property=\"og:site_name\" content=\"G\u00e1vea News\" \/>\n<meta property=\"article:publisher\" content=\"https:\/\/facebook.com\/gaveaNews\/\" \/>\n<meta property=\"article:published_time\" content=\"2025-04-02T20:40:00+00:00\" \/>\n<meta property=\"og:image\" content=\"https:\/\/www.gaveanews.com\/wp-content\/uploads\/barca.webp\" \/>\n\t<meta property=\"og:image:width\" content=\"1000\" \/>\n\t<meta property=\"og:image:height\" content=\"658\" \/>\n\t<meta property=\"og:image:type\" content=\"image\/webp\" \/>\n<meta name=\"author\" content=\"Matheus Felipe\" \/>\n<meta name=\"twitter:card\" content=\"summary_large_image\" \/>\n<meta name=\"twitter:label1\" content=\"Escrito por\" \/>\n\t<meta name=\"twitter:data1\" content=\"Matheus Felipe\" \/>\n\t<meta name=\"twitter:label2\" content=\"Est. tempo de leitura\" \/>\n\t<meta name=\"twitter:data2\" content=\"3 minutos\" \/>\n<script type=\"application\/ld+json\" class=\"yoast-schema-graph\">{\"@context\":\"https:\/\/schema.org\",\"@graph\":[{\"@type\":\"NewsArticle\",\"@id\":\"https:\/\/www.gaveanews.com\/index.php\/2025\/04\/02\/barcelona-pode-perder-dois-jogadores-para-o-restante-da-temporada\/#article\",\"isPartOf\":{\"@id\":\"https:\/\/www.gaveanews.com\/index.php\/2025\/04\/02\/barcelona-pode-perder-dois-jogadores-para-o-restante-da-temporada\/\"},\"author\":{\"name\":\"Matheus Felipe\",\"@id\":\"https:\/\/www.gaveanews.com\/#\/schema\/person\/8207cd4627f56151707418bfc835b2fb\"},\"headline\":\"Barcelona pode perder dois jogadores para o restante da temporada\",\"datePublished\":\"2025-04-02T20:40:00+00:00\",\"mainEntityOfPage\":{\"@id\":\"https:\/\/www.gaveanews.com\/index.php\/2025\/04\/02\/barcelona-pode-perder-dois-jogadores-para-o-restante-da-temporada\/\"},\"wordCount\":472,\"commentCount\":0,\"image\":{\"@id\":\"https:\/\/www.gaveanews.com\/index.php\/2025\/04\/02\/barcelona-pode-perder-dois-jogadores-para-o-restante-da-temporada\/#primaryimage\"},\"thumbnailUrl\":\"https:\/\/www.gaveanews.com\/wp-content\/uploads\/barca.webp\",\"articleSection\":[\"Barcelona\"],\"inLanguage\":\"pt-BR\",\"potentialAction\":[{\"@type\":\"CommentAction\",\"name\":\"Comment\",\"target\":[\"https:\/\/www.gaveanews.com\/index.php\/2025\/04\/02\/barcelona-pode-perder-dois-jogadores-para-o-restante-da-temporada\/#respond\"]}],\"copyrightYear\":\"2025\",\"copyrightHolder\":{\"@id\":\"https:\/\/www.gaveanews.com\/#organization\"}},{\"@type\":\"WebPage\",\"@id\":\"https:\/\/www.gaveanews.com\/index.php\/2025\/04\/02\/barcelona-pode-perder-dois-jogadores-para-o-restante-da-temporada\/\",\"url\":\"https:\/\/www.gaveanews.com\/index.php\/2025\/04\/02\/barcelona-pode-perder-dois-jogadores-para-o-restante-da-temporada\/\",\"name\":\"Barcelona pode perder dois jogadores para o restante da temporada\",\"isPartOf\":{\"@id\":\"https:\/\/www.gaveanews.com\/#website\"},\"primaryImageOfPage\":{\"@id\":\"https:\/\/www.gaveanews.com\/index.php\/2025\/04\/02\/barcelona-pode-perder-dois-jogadores-para-o-restante-da-temporada\/#primaryimage\"},\"image\":{\"@id\":\"https:\/\/www.gaveanews.com\/index.php\/2025\/04\/02\/barcelona-pode-perder-dois-jogadores-para-o-restante-da-temporada\/#primaryimage\"},\"thumbnailUrl\":\"https:\/\/www.gaveanews.com\/wp-content\/uploads\/barca.webp\",\"datePublished\":\"2025-04-02T20:40:00+00:00\",\"author\":{\"@id\":\"https:\/\/www.gaveanews.com\/#\/schema\/person\/8207cd4627f56151707418bfc835b2fb\"},\"breadcrumb\":{\"@id\":\"https:\/\/www.gaveanews.com\/index.php\/2025\/04\/02\/barcelona-pode-perder-dois-jogadores-para-o-restante-da-temporada\/#breadcrumb\"},\"inLanguage\":\"pt-BR\",\"potentialAction\":[{\"@type\":\"ReadAction\",\"target\":[\"https:\/\/www.gaveanews.com\/index.php\/2025\/04\/02\/barcelona-pode-perder-dois-jogadores-para-o-restante-da-temporada\/\"]}]},{\"@type\":\"ImageObject\",\"inLanguage\":\"pt-BR\",\"@id\":\"https:\/\/www.gaveanews.com\/index.php\/2025\/04\/02\/barcelona-pode-perder-dois-jogadores-para-o-restante-da-temporada\/#primaryimage\",\"url\":\"https:\/\/www.gaveanews.com\/wp-content\/uploads\/barca.webp\",\"contentUrl\":\"https:\/\/www.gaveanews.com\/wp-content\/uploads\/barca.webp\",\"width\":1000,\"height\":658,\"caption\":\"Escudo do Barcelona (Foto: Reprodu\u00e7\u00e3o)\"},{\"@type\":\"BreadcrumbList\",\"@id\":\"https:\/\/www.gaveanews.com\/index.php\/2025\/04\/02\/barcelona-pode-perder-dois-jogadores-para-o-restante-da-temporada\/#breadcrumb\",\"itemListElement\":[{\"@type\":\"ListItem\",\"position\":1,\"name\":\"Home\",\"item\":\"https:\/\/www.gaveanews.com\/\"},{\"@type\":\"ListItem\",\"position\":2,\"name\":\"Barcelona pode perder dois jogadores para o restante da temporada\"}]},{\"@type\":\"WebSite\",\"@id\":\"https:\/\/www.gaveanews.com\/#website\",\"url\":\"https:\/\/www.gaveanews.com\/\",\"name\":\"G\u00e1vea News\",\"description\":\"Veja todas as not\u00edcias sobre o Flamengo: Contrata\u00e7\u00f5es, categorias de base, resultados das partidas, tabela de classifica\u00e7\u00e3o, pr\u00f3ximos jogos!\",\"potentialAction\":[{\"@type\":\"SearchAction\",\"target\":{\"@type\":\"EntryPoint\",\"urlTemplate\":\"https:\/\/www.gaveanews.com\/?s={search_term_string}\"},\"query-input\":{\"@type\":\"PropertyValueSpecification\",\"valueRequired\":true,\"valueName\":\"search_term_string\"}}],\"inLanguage\":\"pt-BR\"},{\"@type\":\"Person\",\"@id\":\"https:\/\/www.gaveanews.com\/#\/schema\/person\/8207cd4627f56151707418bfc835b2fb\",\"name\":\"Matheus Felipe\",\"image\":{\"@type\":\"ImageObject\",\"inLanguage\":\"pt-BR\",\"@id\":\"https:\/\/www.gaveanews.com\/#\/schema\/person\/image\/\",\"url\":\"https:\/\/secure.gravatar.com\/avatar\/a452ffbed9130f726358b298bb3a99ce4bd3c5338411f8440e87e14d74c7c087?s=96&d=mm&r=g\",\"contentUrl\":\"https:\/\/secure.gravatar.com\/avatar\/a452ffbed9130f726358b298bb3a99ce4bd3c5338411f8440e87e14d74c7c087?s=96&d=mm&r=g\",\"caption\":\"Matheus Felipe\"}}]}<\/script>\n<!-- \/ Yoast SEO Premium plugin. -->","yoast_head_json":{"title":"Barcelona pode perder dois jogadores para o restante da temporada","robots":{"index":"index","follow":"follow","max-snippet":"max-snippet:-1","max-image-preview":"max-image-preview:large","max-video-preview":"max-video-preview:-1"},"canonical":"https:\/\/www.gaveanews.com\/index.php\/2025\/04\/02\/barcelona-pode-perder-dois-jogadores-para-o-restante-da-temporada\/","og_locale":"pt_BR","og_type":"article","og_title":"Barcelona pode perder dois jogadores para o restante da temporada","og_description":"O Barcelona vive um momento de incerteza nos bastidores. A pol\u00eamica gira em torno das inscri\u00e7\u00f5es de Dani Olmo e Pau V\u00edctor, efetuadas nos \u00faltimos instantes da janela de transfer\u00eancias do in\u00edcio do ano. A LaLiga questiona a legalidade do processo e indica que o clube catal\u00e3o pode perder a dupla para o restante da [&hellip;]","og_url":"https:\/\/www.gaveanews.com\/index.php\/2025\/04\/02\/barcelona-pode-perder-dois-jogadores-para-o-restante-da-temporada\/","og_site_name":"G\u00e1vea News","article_publisher":"https:\/\/facebook.com\/gaveaNews\/","article_published_time":"2025-04-02T20:40:00+00:00","og_image":[{"width":1000,"height":658,"url":"https:\/\/www.gaveanews.com\/wp-content\/uploads\/barca.webp","type":"image\/webp"}],"author":"Matheus Felipe","twitter_card":"summary_large_image","twitter_misc":{"Escrito por":"Matheus Felipe","Est. tempo de leitura":"3 minutos"},"schema":{"@context":"https:\/\/schema.org","@graph":[{"@type":"NewsArticle","@id":"https:\/\/www.gaveanews.com\/index.php\/2025\/04\/02\/barcelona-pode-perder-dois-jogadores-para-o-restante-da-temporada\/#article","isPartOf":{"@id":"https:\/\/www.gaveanews.com\/index.php\/2025\/04\/02\/barcelona-pode-perder-dois-jogadores-para-o-restante-da-temporada\/"},"author":{"name":"Matheus Felipe","@id":"https:\/\/www.gaveanews.com\/#\/schema\/person\/8207cd4627f56151707418bfc835b2fb"},"headline":"Barcelona pode perder dois jogadores para o restante da temporada","datePublished":"2025-04-02T20:40:00+00:00","mainEntityOfPage":{"@id":"https:\/\/www.gaveanews.com\/index.php\/2025\/04\/02\/barcelona-pode-perder-dois-jogadores-para-o-restante-da-temporada\/"},"wordCount":472,"commentCount":0,"image":{"@id":"https:\/\/www.gaveanews.com\/index.php\/2025\/04\/02\/barcelona-pode-perder-dois-jogadores-para-o-restante-da-temporada\/#primaryimage"},"thumbnailUrl":"https:\/\/www.gaveanews.com\/wp-content\/uploads\/barca.webp","articleSection":["Barcelona"],"inLanguage":"pt-BR","potentialAction":[{"@type":"CommentAction","name":"Comment","target":["https:\/\/www.gaveanews.com\/index.php\/2025\/04\/02\/barcelona-pode-perder-dois-jogadores-para-o-restante-da-temporada\/#respond"]}],"copyrightYear":"2025","copyrightHolder":{"@id":"https:\/\/www.gaveanews.com\/#organization"}},{"@type":"WebPage","@id":"https:\/\/www.gaveanews.com\/index.php\/2025\/04\/02\/barcelona-pode-perder-dois-jogadores-para-o-restante-da-temporada\/","url":"https:\/\/www.gaveanews.com\/index.php\/2025\/04\/02\/barcelona-pode-perder-dois-jogadores-para-o-restante-da-temporada\/","name":"Barcelona pode perder dois jogadores para o restante da temporada","isPartOf":{"@id":"https:\/\/www.gaveanews.com\/#website"},"primaryImageOfPage":{"@id":"https:\/\/www.gaveanews.com\/index.php\/2025\/04\/02\/barcelona-pode-perder-dois-jogadores-para-o-restante-da-temporada\/#primaryimage"},"image":{"@id":"https:\/\/www.gaveanews.com\/index.php\/2025\/04\/02\/barcelona-pode-perder-dois-jogadores-para-o-restante-da-temporada\/#primaryimage"},"thumbnailUrl":"https:\/\/www.gaveanews.com\/wp-content\/uploads\/barca.webp","datePublished":"2025-04-02T20:40:00+00:00","author":{"@id":"https:\/\/www.gaveanews.com\/#\/schema\/person\/8207cd4627f56151707418bfc835b2fb"},"breadcrumb":{"@id":"https:\/\/www.gaveanews.com\/index.php\/2025\/04\/02\/barcelona-pode-perder-dois-jogadores-para-o-restante-da-temporada\/#breadcrumb"},"inLanguage":"pt-BR","potentialAction":[{"@type":"ReadAction","target":["https:\/\/www.gaveanews.com\/index.php\/2025\/04\/02\/barcelona-pode-perder-dois-jogadores-para-o-restante-da-temporada\/"]}]},{"@type":"ImageObject","inLanguage":"pt-BR","@id":"https:\/\/www.gaveanews.com\/index.php\/2025\/04\/02\/barcelona-pode-perder-dois-jogadores-para-o-restante-da-temporada\/#primaryimage","url":"https:\/\/www.gaveanews.com\/wp-content\/uploads\/barca.webp","contentUrl":"https:\/\/www.gaveanews.com\/wp-content\/uploads\/barca.webp","width":1000,"height":658,"caption":"Escudo do Barcelona (Foto: Reprodu\u00e7\u00e3o)"},{"@type":"BreadcrumbList","@id":"https:\/\/www.gaveanews.com\/index.php\/2025\/04\/02\/barcelona-pode-perder-dois-jogadores-para-o-restante-da-temporada\/#breadcrumb","itemListElement":[{"@type":"ListItem","position":1,"name":"Home","item":"https:\/\/www.gaveanews.com\/"},{"@type":"ListItem","position":2,"name":"Barcelona pode perder dois jogadores para o restante da temporada"}]},{"@type":"WebSite","@id":"https:\/\/www.gaveanews.com\/#website","url":"https:\/\/www.gaveanews.com\/","name":"G\u00e1vea News","description":"Veja todas as not\u00edcias sobre o Flamengo: Contrata\u00e7\u00f5es, categorias de base, resultados das partidas, tabela de classifica\u00e7\u00e3o, pr\u00f3ximos jogos!","potentialAction":[{"@type":"SearchAction","target":{"@type":"EntryPoint","urlTemplate":"https:\/\/www.gaveanews.com\/?s={search_term_string}"},"query-input":{"@type":"PropertyValueSpecification","valueRequired":true,"valueName":"search_term_string"}}],"inLanguage":"pt-BR"},{"@type":"Person","@id":"https:\/\/www.gaveanews.com\/#\/schema\/person\/8207cd4627f56151707418bfc835b2fb","name":"Matheus Felipe","image":{"@type":"ImageObject","inLanguage":"pt-BR","@id":"https:\/\/www.gaveanews.com\/#\/schema\/person\/image\/","url":"https:\/\/secure.gravatar.com\/avatar\/a452ffbed9130f726358b298bb3a99ce4bd3c5338411f8440e87e14d74c7c087?s=96&d=mm&r=g","contentUrl":"https:\/\/secure.gravatar.com\/avatar\/a452ffbed9130f726358b298bb3a99ce4bd3c5338411f8440e87e14d74c7c087?s=96&d=mm&r=g","caption":"Matheus Felipe"}}]}},"_links":{"self":[{"href":"https:\/\/www.gaveanews.com\/index.php\/wp-json\/wp\/v2\/posts\/248041","targetHints":{"allow":["GET"]}}],"collection":[{"href":"https:\/\/www.gaveanews.com\/index.php\/wp-json\/wp\/v2\/posts"}],"about":[{"href":"https:\/\/www.gaveanews.com\/index.php\/wp-json\/wp\/v2\/types\/post"}],"author":[{"embeddable":true,"href":"https:\/\/www.gaveanews.com\/index.php\/wp-json\/wp\/v2\/users\/27"}],"replies":[{"embeddable":true,"href":"https:\/\/www.gaveanews.com\/index.php\/wp-json\/wp\/v2\/comments?post=248041"}],"version-history":[{"count":1,"href":"https:\/\/www.gaveanews.com\/index.php\/wp-json\/wp\/v2\/posts\/248041\/revisions"}],"predecessor-version":[{"id":248042,"href":"https:\/\/www.gaveanews.com\/index.php\/wp-json\/wp\/v2\/posts\/248041\/revisions\/248042"}],"wp:featuredmedia":[{"embeddable":true,"href":"https:\/\/www.gaveanews.com\/index.php\/wp-json\/wp\/v2\/media\/122108"}],"wp:attachment":[{"href":"https:\/\/www.gaveanews.com\/index.php\/wp-json\/wp\/v2\/media?parent=248041"}],"wp:term":[{"taxonomy":"category","embeddable":true,"href":"https:\/\/www.gaveanews.com\/index.php\/wp-json\/wp\/v2\/categories?post=248041"},{"taxonomy":"post_tag","embeddable":true,"href":"https:\/\/www.gaveanews.com\/index.php\/wp-json\/wp\/v2\/tags?post=248041"}],"curies":[{"name":"wp","href":"https:\/\/api.w.org\/{rel}","templated":true}]}}