{"id":248062,"date":"2025-04-02T16:49:00","date_gmt":"2025-04-02T19:49:00","guid":{"rendered":"https:\/\/www.gaveanews.com\/?p=248062"},"modified":"2025-04-02T16:58:34","modified_gmt":"2025-04-02T19:58:34","slug":"andre-rizek-crava-proximo-reforco-do-flamengo","status":"publish","type":"post","link":"https:\/\/www.gaveanews.com\/index.php\/2025\/04\/02\/andre-rizek-crava-proximo-reforco-do-flamengo\/","title":{"rendered":"Andr\u00e9 Rizek crava pr\u00f3ximo refor\u00e7o do Flamengo"},"content":{"rendered":"\n<p>O jornalista Andr\u00e9 Rizek afirmou, durante o programa &#8220;Sele\u00e7\u00e3o SporTV&#8221;, que a chegada de Jorginho ao Flamengo est\u00e1 praticamente confirmada. Segundo ele, o volante de 33 anos est\u00e1 muito pr\u00f3ximo de ser anunciado como novo refor\u00e7o do clube carioca. Atualmente no Arsenal, o atleta tem v\u00ednculo com o time ingl\u00eas at\u00e9 junho e pode desembarcar na G\u00e1vea j\u00e1 no segundo semestre.<\/p>\n\n\n\n<p>Rizek destacou que o acerto ainda n\u00e3o est\u00e1 oficializado, mas que h\u00e1 um alinhamento entre as partes. \u201c\u00c9 quest\u00e3o de tempo. A informa\u00e7\u00e3o que eu tenho \u00e9 que ele s\u00f3 n\u00e3o veio antes porque o Arsenal n\u00e3o tinha condi\u00e7\u00f5es de inscrever outro jogador em seu lugar\u201d, explicou o jornalista.<\/p>\n\n\n\n<p>Conforme as palavras de Rizek, a negocia\u00e7\u00e3o avan\u00e7ou desde fevereiro e depende apenas de ajustes finais. \u201cN\u00e3o est\u00e1 fechado, n\u00e3o est\u00e1 assinado, n\u00e3o \u00e9 oficial. Mas o que tenho \u00e9 que o Flamengo quer, ele tamb\u00e9m quer e o acordo financeiro n\u00e3o ser\u00e1 problema\u201d, afirmou.<\/p>\n\n\n\n<h2 class=\"wp-block-heading\" id=\"h-expectativa-do-flamengo\">Expectativa do Flamengo<\/h2>\n\n\n\n<p>A expectativa interna no Flamengo \u00e9 contar com o jogador a partir de junho, principalmente com foco no Mundial de Clubes. Entretanto, essa antecipa\u00e7\u00e3o depende de uma libera\u00e7\u00e3o por parte do Arsenal ainda no m\u00eas de maio, algo que est\u00e1 sendo avaliado.<\/p>\n\n\n\n<p>\u201cTrato como 98% certo que o Jorginho vai defender o Flamengo na temporada\u201d, garantiu Rizek. Essa declara\u00e7\u00e3o, ali\u00e1s, movimentou os torcedores, que demonstraram empolga\u00e7\u00e3o com a poss\u00edvel contrata\u00e7\u00e3o do experiente meio-campista.<\/p>\n\n\n\n<p>Em s\u00edntese, a contrata\u00e7\u00e3o de Jorginho representa uma movimenta\u00e7\u00e3o estrat\u00e9gica por parte do Flamengo. A experi\u00eancia do atleta em clubes europeus pode agregar ao elenco rubro-negro, sobretudo em competi\u00e7\u00f5es internacionais, caso o acerto se concretize nas pr\u00f3ximas semanas.<\/p>\n","protected":false},"excerpt":{"rendered":"<p>O jornalista Andr\u00e9 Rizek afirmou, durante o programa &#8220;Sele\u00e7\u00e3o SporTV&#8221;, que a chegada de Jorginho ao Flamengo est\u00e1 praticamente confirmada. Segundo ele, o volante de 33 anos est\u00e1 muito pr\u00f3ximo de ser anunciado como novo refor\u00e7o do clube carioca. Atualmente no Arsenal, o atleta tem v\u00ednculo com o time ingl\u00eas at\u00e9 junho e pode desembarcar [&hellip;]<\/p>\n","protected":false},"author":30,"featured_media":101875,"comment_status":"open","ping_status":"closed","sticky":false,"template":"","format":"standard","meta":{"footnotes":""},"categories":[1],"tags":[],"class_list":["post-248062","post","type-post","status-publish","format-standard","has-post-thumbnail","hentry","category-flamengo"],"yoast_head":"<!-- This site is optimized with the Yoast SEO Premium plugin v24.2 (Yoast SEO v26.9) - https:\/\/yoast.com\/product\/yoast-seo-premium-wordpress\/ -->\n<title>Andr\u00e9 Rizek crava pr\u00f3ximo refor\u00e7o do Flamengo<\/title>\n<meta name=\"robots\" content=\"index, follow, max-snippet:-1, max-image-preview:large, max-video-preview:-1\" \/>\n<link rel=\"canonical\" href=\"https:\/\/www.gaveanews.com\/index.php\/2025\/04\/02\/andre-rizek-crava-proximo-reforco-do-flamengo\/\" \/>\n<meta property=\"og:locale\" content=\"pt_BR\" \/>\n<meta property=\"og:type\" content=\"article\" \/>\n<meta property=\"og:title\" content=\"Andr\u00e9 Rizek crava pr\u00f3ximo refor\u00e7o do Flamengo\" \/>\n<meta property=\"og:description\" content=\"O jornalista Andr\u00e9 Rizek afirmou, durante o programa &#8220;Sele\u00e7\u00e3o SporTV&#8221;, que a chegada de Jorginho ao Flamengo est\u00e1 praticamente confirmada. Segundo ele, o volante de 33 anos est\u00e1 muito pr\u00f3ximo de ser anunciado como novo refor\u00e7o do clube carioca. Atualmente no Arsenal, o atleta tem v\u00ednculo com o time ingl\u00eas at\u00e9 junho e pode desembarcar [&hellip;]\" \/>\n<meta property=\"og:url\" content=\"https:\/\/www.gaveanews.com\/index.php\/2025\/04\/02\/andre-rizek-crava-proximo-reforco-do-flamengo\/\" \/>\n<meta property=\"og:site_name\" content=\"G\u00e1vea News\" \/>\n<meta property=\"article:publisher\" content=\"https:\/\/facebook.com\/gaveaNews\/\" \/>\n<meta property=\"article:published_time\" content=\"2025-04-02T19:49:00+00:00\" \/>\n<meta property=\"article:modified_time\" content=\"2025-04-02T19:58:34+00:00\" \/>\n<meta property=\"og:image\" content=\"http:\/\/www.gaveanews.com\/wp-content\/uploads\/Andre-Rizek-durante-um-programa-do-SporTV.webp\" \/>\n\t<meta property=\"og:image:width\" content=\"795\" \/>\n\t<meta property=\"og:image:height\" content=\"448\" \/>\n\t<meta property=\"og:image:type\" content=\"image\/jpeg\" \/>\n<meta name=\"author\" content=\"Ana Teixeira\" \/>\n<meta name=\"twitter:card\" content=\"summary_large_image\" \/>\n<meta name=\"twitter:label1\" content=\"Escrito por\" \/>\n\t<meta name=\"twitter:data1\" content=\"Ana Teixeira\" \/>\n\t<meta name=\"twitter:label2\" content=\"Est. tempo de leitura\" \/>\n\t<meta name=\"twitter:data2\" content=\"2 minutos\" \/>\n<script type=\"application\/ld+json\" class=\"yoast-schema-graph\">{\"@context\":\"https:\/\/schema.org\",\"@graph\":[{\"@type\":\"NewsArticle\",\"@id\":\"https:\/\/www.gaveanews.com\/index.php\/2025\/04\/02\/andre-rizek-crava-proximo-reforco-do-flamengo\/#article\",\"isPartOf\":{\"@id\":\"https:\/\/www.gaveanews.com\/index.php\/2025\/04\/02\/andre-rizek-crava-proximo-reforco-do-flamengo\/\"},\"author\":{\"name\":\"Ana Teixeira\",\"@id\":\"https:\/\/www.gaveanews.com\/#\/schema\/person\/3b19f7288b0ce20372991275e4f2e6c2\"},\"headline\":\"Andr\u00e9 Rizek crava pr\u00f3ximo refor\u00e7o do Flamengo\",\"datePublished\":\"2025-04-02T19:49:00+00:00\",\"dateModified\":\"2025-04-02T19:58:34+00:00\",\"mainEntityOfPage\":{\"@id\":\"https:\/\/www.gaveanews.com\/index.php\/2025\/04\/02\/andre-rizek-crava-proximo-reforco-do-flamengo\/\"},\"wordCount\":305,\"commentCount\":0,\"image\":{\"@id\":\"https:\/\/www.gaveanews.com\/index.php\/2025\/04\/02\/andre-rizek-crava-proximo-reforco-do-flamengo\/#primaryimage\"},\"thumbnailUrl\":\"https:\/\/www.gaveanews.com\/wp-content\/uploads\/Andre-Rizek-durante-um-programa-do-SporTV.webp\",\"articleSection\":[\"Flamengo\"],\"inLanguage\":\"pt-BR\",\"potentialAction\":[{\"@type\":\"CommentAction\",\"name\":\"Comment\",\"target\":[\"https:\/\/www.gaveanews.com\/index.php\/2025\/04\/02\/andre-rizek-crava-proximo-reforco-do-flamengo\/#respond\"]}],\"copyrightYear\":\"2025\",\"copyrightHolder\":{\"@id\":\"https:\/\/www.gaveanews.com\/#organization\"}},{\"@type\":\"WebPage\",\"@id\":\"https:\/\/www.gaveanews.com\/index.php\/2025\/04\/02\/andre-rizek-crava-proximo-reforco-do-flamengo\/\",\"url\":\"https:\/\/www.gaveanews.com\/index.php\/2025\/04\/02\/andre-rizek-crava-proximo-reforco-do-flamengo\/\",\"name\":\"Andr\u00e9 Rizek crava pr\u00f3ximo refor\u00e7o do Flamengo\",\"isPartOf\":{\"@id\":\"https:\/\/www.gaveanews.com\/#website\"},\"primaryImageOfPage\":{\"@id\":\"https:\/\/www.gaveanews.com\/index.php\/2025\/04\/02\/andre-rizek-crava-proximo-reforco-do-flamengo\/#primaryimage\"},\"image\":{\"@id\":\"https:\/\/www.gaveanews.com\/index.php\/2025\/04\/02\/andre-rizek-crava-proximo-reforco-do-flamengo\/#primaryimage\"},\"thumbnailUrl\":\"https:\/\/www.gaveanews.com\/wp-content\/uploads\/Andre-Rizek-durante-um-programa-do-SporTV.webp\",\"datePublished\":\"2025-04-02T19:49:00+00:00\",\"dateModified\":\"2025-04-02T19:58:34+00:00\",\"author\":{\"@id\":\"https:\/\/www.gaveanews.com\/#\/schema\/person\/3b19f7288b0ce20372991275e4f2e6c2\"},\"breadcrumb\":{\"@id\":\"https:\/\/www.gaveanews.com\/index.php\/2025\/04\/02\/andre-rizek-crava-proximo-reforco-do-flamengo\/#breadcrumb\"},\"inLanguage\":\"pt-BR\",\"potentialAction\":[{\"@type\":\"ReadAction\",\"target\":[\"https:\/\/www.gaveanews.com\/index.php\/2025\/04\/02\/andre-rizek-crava-proximo-reforco-do-flamengo\/\"]}]},{\"@type\":\"ImageObject\",\"inLanguage\":\"pt-BR\",\"@id\":\"https:\/\/www.gaveanews.com\/index.php\/2025\/04\/02\/andre-rizek-crava-proximo-reforco-do-flamengo\/#primaryimage\",\"url\":\"https:\/\/www.gaveanews.com\/wp-content\/uploads\/Andre-Rizek-durante-um-programa-do-SporTV.webp\",\"contentUrl\":\"https:\/\/www.gaveanews.com\/wp-content\/uploads\/Andre-Rizek-durante-um-programa-do-SporTV.webp\",\"width\":795,\"height\":448,\"caption\":\"Andr\u00e9 Rizek durante um programa do SporTV (Foto: Reprodu\u00e7\u00e3o\/SporTV)\"},{\"@type\":\"BreadcrumbList\",\"@id\":\"https:\/\/www.gaveanews.com\/index.php\/2025\/04\/02\/andre-rizek-crava-proximo-reforco-do-flamengo\/#breadcrumb\",\"itemListElement\":[{\"@type\":\"ListItem\",\"position\":1,\"name\":\"Home\",\"item\":\"https:\/\/www.gaveanews.com\/\"},{\"@type\":\"ListItem\",\"position\":2,\"name\":\"Andr\u00e9 Rizek crava pr\u00f3ximo refor\u00e7o do Flamengo\"}]},{\"@type\":\"WebSite\",\"@id\":\"https:\/\/www.gaveanews.com\/#website\",\"url\":\"https:\/\/www.gaveanews.com\/\",\"name\":\"G\u00e1vea News\",\"description\":\"Veja todas as not\u00edcias sobre o Flamengo: Contrata\u00e7\u00f5es, categorias de base, resultados das partidas, tabela de classifica\u00e7\u00e3o, pr\u00f3ximos jogos!\",\"potentialAction\":[{\"@type\":\"SearchAction\",\"target\":{\"@type\":\"EntryPoint\",\"urlTemplate\":\"https:\/\/www.gaveanews.com\/?s={search_term_string}\"},\"query-input\":{\"@type\":\"PropertyValueSpecification\",\"valueRequired\":true,\"valueName\":\"search_term_string\"}}],\"inLanguage\":\"pt-BR\"},{\"@type\":\"Person\",\"@id\":\"https:\/\/www.gaveanews.com\/#\/schema\/person\/3b19f7288b0ce20372991275e4f2e6c2\",\"name\":\"Ana Teixeira\",\"image\":{\"@type\":\"ImageObject\",\"inLanguage\":\"pt-BR\",\"@id\":\"https:\/\/www.gaveanews.com\/#\/schema\/person\/image\/\",\"url\":\"https:\/\/secure.gravatar.com\/avatar\/0a73f5a5258f3fed37fc2fa641892f3f7a4748456d4d4792f9bc550e6c19e06c?s=96&d=mm&r=g\",\"contentUrl\":\"https:\/\/secure.gravatar.com\/avatar\/0a73f5a5258f3fed37fc2fa641892f3f7a4748456d4d4792f9bc550e6c19e06c?s=96&d=mm&r=g\",\"caption\":\"Ana Teixeira\"}}]}<\/script>\n<!-- \/ Yoast SEO Premium plugin. -->","yoast_head_json":{"title":"Andr\u00e9 Rizek crava pr\u00f3ximo refor\u00e7o do Flamengo","robots":{"index":"index","follow":"follow","max-snippet":"max-snippet:-1","max-image-preview":"max-image-preview:large","max-video-preview":"max-video-preview:-1"},"canonical":"https:\/\/www.gaveanews.com\/index.php\/2025\/04\/02\/andre-rizek-crava-proximo-reforco-do-flamengo\/","og_locale":"pt_BR","og_type":"article","og_title":"Andr\u00e9 Rizek crava pr\u00f3ximo refor\u00e7o do Flamengo","og_description":"O jornalista Andr\u00e9 Rizek afirmou, durante o programa &#8220;Sele\u00e7\u00e3o SporTV&#8221;, que a chegada de Jorginho ao Flamengo est\u00e1 praticamente confirmada. Segundo ele, o volante de 33 anos est\u00e1 muito pr\u00f3ximo de ser anunciado como novo refor\u00e7o do clube carioca. Atualmente no Arsenal, o atleta tem v\u00ednculo com o time ingl\u00eas at\u00e9 junho e pode desembarcar [&hellip;]","og_url":"https:\/\/www.gaveanews.com\/index.php\/2025\/04\/02\/andre-rizek-crava-proximo-reforco-do-flamengo\/","og_site_name":"G\u00e1vea News","article_publisher":"https:\/\/facebook.com\/gaveaNews\/","article_published_time":"2025-04-02T19:49:00+00:00","article_modified_time":"2025-04-02T19:58:34+00:00","og_image":[{"width":795,"height":448,"url":"http:\/\/www.gaveanews.com\/wp-content\/uploads\/Andre-Rizek-durante-um-programa-do-SporTV.webp","type":"image\/jpeg"}],"author":"Ana Teixeira","twitter_card":"summary_large_image","twitter_misc":{"Escrito por":"Ana Teixeira","Est. tempo de leitura":"2 minutos"},"schema":{"@context":"https:\/\/schema.org","@graph":[{"@type":"NewsArticle","@id":"https:\/\/www.gaveanews.com\/index.php\/2025\/04\/02\/andre-rizek-crava-proximo-reforco-do-flamengo\/#article","isPartOf":{"@id":"https:\/\/www.gaveanews.com\/index.php\/2025\/04\/02\/andre-rizek-crava-proximo-reforco-do-flamengo\/"},"author":{"name":"Ana Teixeira","@id":"https:\/\/www.gaveanews.com\/#\/schema\/person\/3b19f7288b0ce20372991275e4f2e6c2"},"headline":"Andr\u00e9 Rizek crava pr\u00f3ximo refor\u00e7o do Flamengo","datePublished":"2025-04-02T19:49:00+00:00","dateModified":"2025-04-02T19:58:34+00:00","mainEntityOfPage":{"@id":"https:\/\/www.gaveanews.com\/index.php\/2025\/04\/02\/andre-rizek-crava-proximo-reforco-do-flamengo\/"},"wordCount":305,"commentCount":0,"image":{"@id":"https:\/\/www.gaveanews.com\/index.php\/2025\/04\/02\/andre-rizek-crava-proximo-reforco-do-flamengo\/#primaryimage"},"thumbnailUrl":"https:\/\/www.gaveanews.com\/wp-content\/uploads\/Andre-Rizek-durante-um-programa-do-SporTV.webp","articleSection":["Flamengo"],"inLanguage":"pt-BR","potentialAction":[{"@type":"CommentAction","name":"Comment","target":["https:\/\/www.gaveanews.com\/index.php\/2025\/04\/02\/andre-rizek-crava-proximo-reforco-do-flamengo\/#respond"]}],"copyrightYear":"2025","copyrightHolder":{"@id":"https:\/\/www.gaveanews.com\/#organization"}},{"@type":"WebPage","@id":"https:\/\/www.gaveanews.com\/index.php\/2025\/04\/02\/andre-rizek-crava-proximo-reforco-do-flamengo\/","url":"https:\/\/www.gaveanews.com\/index.php\/2025\/04\/02\/andre-rizek-crava-proximo-reforco-do-flamengo\/","name":"Andr\u00e9 Rizek crava pr\u00f3ximo refor\u00e7o do Flamengo","isPartOf":{"@id":"https:\/\/www.gaveanews.com\/#website"},"primaryImageOfPage":{"@id":"https:\/\/www.gaveanews.com\/index.php\/2025\/04\/02\/andre-rizek-crava-proximo-reforco-do-flamengo\/#primaryimage"},"image":{"@id":"https:\/\/www.gaveanews.com\/index.php\/2025\/04\/02\/andre-rizek-crava-proximo-reforco-do-flamengo\/#primaryimage"},"thumbnailUrl":"https:\/\/www.gaveanews.com\/wp-content\/uploads\/Andre-Rizek-durante-um-programa-do-SporTV.webp","datePublished":"2025-04-02T19:49:00+00:00","dateModified":"2025-04-02T19:58:34+00:00","author":{"@id":"https:\/\/www.gaveanews.com\/#\/schema\/person\/3b19f7288b0ce20372991275e4f2e6c2"},"breadcrumb":{"@id":"https:\/\/www.gaveanews.com\/index.php\/2025\/04\/02\/andre-rizek-crava-proximo-reforco-do-flamengo\/#breadcrumb"},"inLanguage":"pt-BR","potentialAction":[{"@type":"ReadAction","target":["https:\/\/www.gaveanews.com\/index.php\/2025\/04\/02\/andre-rizek-crava-proximo-reforco-do-flamengo\/"]}]},{"@type":"ImageObject","inLanguage":"pt-BR","@id":"https:\/\/www.gaveanews.com\/index.php\/2025\/04\/02\/andre-rizek-crava-proximo-reforco-do-flamengo\/#primaryimage","url":"https:\/\/www.gaveanews.com\/wp-content\/uploads\/Andre-Rizek-durante-um-programa-do-SporTV.webp","contentUrl":"https:\/\/www.gaveanews.com\/wp-content\/uploads\/Andre-Rizek-durante-um-programa-do-SporTV.webp","width":795,"height":448,"caption":"Andr\u00e9 Rizek durante um programa do SporTV (Foto: Reprodu\u00e7\u00e3o\/SporTV)"},{"@type":"BreadcrumbList","@id":"https:\/\/www.gaveanews.com\/index.php\/2025\/04\/02\/andre-rizek-crava-proximo-reforco-do-flamengo\/#breadcrumb","itemListElement":[{"@type":"ListItem","position":1,"name":"Home","item":"https:\/\/www.gaveanews.com\/"},{"@type":"ListItem","position":2,"name":"Andr\u00e9 Rizek crava pr\u00f3ximo refor\u00e7o do Flamengo"}]},{"@type":"WebSite","@id":"https:\/\/www.gaveanews.com\/#website","url":"https:\/\/www.gaveanews.com\/","name":"G\u00e1vea News","description":"Veja todas as not\u00edcias sobre o Flamengo: Contrata\u00e7\u00f5es, categorias de base, resultados das partidas, tabela de classifica\u00e7\u00e3o, pr\u00f3ximos jogos!","potentialAction":[{"@type":"SearchAction","target":{"@type":"EntryPoint","urlTemplate":"https:\/\/www.gaveanews.com\/?s={search_term_string}"},"query-input":{"@type":"PropertyValueSpecification","valueRequired":true,"valueName":"search_term_string"}}],"inLanguage":"pt-BR"},{"@type":"Person","@id":"https:\/\/www.gaveanews.com\/#\/schema\/person\/3b19f7288b0ce20372991275e4f2e6c2","name":"Ana Teixeira","image":{"@type":"ImageObject","inLanguage":"pt-BR","@id":"https:\/\/www.gaveanews.com\/#\/schema\/person\/image\/","url":"https:\/\/secure.gravatar.com\/avatar\/0a73f5a5258f3fed37fc2fa641892f3f7a4748456d4d4792f9bc550e6c19e06c?s=96&d=mm&r=g","contentUrl":"https:\/\/secure.gravatar.com\/avatar\/0a73f5a5258f3fed37fc2fa641892f3f7a4748456d4d4792f9bc550e6c19e06c?s=96&d=mm&r=g","caption":"Ana Teixeira"}}]}},"_links":{"self":[{"href":"https:\/\/www.gaveanews.com\/index.php\/wp-json\/wp\/v2\/posts\/248062","targetHints":{"allow":["GET"]}}],"collection":[{"href":"https:\/\/www.gaveanews.com\/index.php\/wp-json\/wp\/v2\/posts"}],"about":[{"href":"https:\/\/www.gaveanews.com\/index.php\/wp-json\/wp\/v2\/types\/post"}],"author":[{"embeddable":true,"href":"https:\/\/www.gaveanews.com\/index.php\/wp-json\/wp\/v2\/users\/30"}],"replies":[{"embeddable":true,"href":"https:\/\/www.gaveanews.com\/index.php\/wp-json\/wp\/v2\/comments?post=248062"}],"version-history":[{"count":1,"href":"https:\/\/www.gaveanews.com\/index.php\/wp-json\/wp\/v2\/posts\/248062\/revisions"}],"predecessor-version":[{"id":248064,"href":"https:\/\/www.gaveanews.com\/index.php\/wp-json\/wp\/v2\/posts\/248062\/revisions\/248064"}],"wp:featuredmedia":[{"embeddable":true,"href":"https:\/\/www.gaveanews.com\/index.php\/wp-json\/wp\/v2\/media\/101875"}],"wp:attachment":[{"href":"https:\/\/www.gaveanews.com\/index.php\/wp-json\/wp\/v2\/media?parent=248062"}],"wp:term":[{"taxonomy":"category","embeddable":true,"href":"https:\/\/www.gaveanews.com\/index.php\/wp-json\/wp\/v2\/categories?post=248062"},{"taxonomy":"post_tag","embeddable":true,"href":"https:\/\/www.gaveanews.com\/index.php\/wp-json\/wp\/v2\/tags?post=248062"}],"curies":[{"name":"wp","href":"https:\/\/api.w.org\/{rel}","templated":true}]}}