{"id":248096,"date":"2025-04-02T19:25:00","date_gmt":"2025-04-02T22:25:00","guid":{"rendered":"https:\/\/www.gaveanews.com\/?p=248096"},"modified":"2025-04-02T17:04:36","modified_gmt":"2025-04-02T20:04:36","slug":"craque-neto-ativa-o-modo-sincerao-e-manda-recado-para-neymar","status":"publish","type":"post","link":"https:\/\/www.gaveanews.com\/index.php\/2025\/04\/02\/craque-neto-ativa-o-modo-sincerao-e-manda-recado-para-neymar\/","title":{"rendered":"Craque Neto ativa o modo sincer\u00e3o e manda recado para Neymar"},"content":{"rendered":"\n<p>A rela\u00e7\u00e3o conturbada entre o apresentador Neto e Neymar ganhou um novo cap\u00edtulo nesta semana. Durante o programa &#8220;Os Donos da Bola&#8221;, exibido nesta quarta-feira (02 de abril), o ex-jogador voltou a atacar o camisa 10 do Santos, criticando duramente sua aus\u00eancia dos gramados e questionando o comportamento do atleta fora de campo.<\/p>\n\n\n\n<p>\u201cVoc\u00ea \u00e9 o qu\u00ea? O que voc\u00ea \u00e9?\u201d, disparou Neto, ao responder uma provoca\u00e7\u00e3o feita por Neymar nas redes sociais. O jogador, que se recupera de uma contratura muscular desde o in\u00edcio de mar\u00e7o, est\u00e1 afastado dos jogos h\u00e1 mais de 30 dias. A situa\u00e7\u00e3o tem gerado desconforto entre torcedores e, sobretudo, entre comentaristas esportivos como Neto, que n\u00e3o poupam cr\u00edticas \u00e0 postura do atleta.<\/p>\n\n\n\n<figure class=\"wp-block-image size-full\"><img loading=\"lazy\" decoding=\"async\" width=\"900\" height=\"600\" src=\"http:\/\/www.gaveanews.com\/wp-content\/uploads\/Craque-Neto-apresentador-da-Band.webp\" alt=\"\" class=\"wp-image-244433\"\/><figcaption class=\"wp-element-caption\">Craque Neto, apresentador da Band (Foto: Kelly Fuzaro\/Band)<\/figcaption><\/figure>\n\n\n\n<p>O ex-jogador do Corinthians ironizou a justificativa m\u00e9dica e questionou a seriedade do problema f\u00edsico. \u201cVoc\u00ea est\u00e1 h\u00e1 31 dias fora, por causa n\u00e3o de uma tendinite, mas de uma contratura muscular. Uma fimosezinha, diga-se de passagem\u201d, afirmou, em tom sarc\u00e1stico. A declara\u00e7\u00e3o foi feita no ar, em resposta direta \u00e0 provoca\u00e7\u00e3o de Neymar, que havia chamado Neto de \u201cfalastr\u00e3o\u201d.<\/p>\n\n\n\n<p>A aus\u00eancia de Neymar em partidas importantes, como o cl\u00e1ssico contra o Corinthians na semifinal do Campeonato Paulista, tamb\u00e9m foi alvo de cr\u00edticas. Na ocasi\u00e3o, o Santos foi derrotado por 2 a 1 na Neo Qu\u00edmica Arena, e o jogador permaneceu no banco de reservas. \u201cVoc\u00ea jogou contra Inter de Limeira, Botafogo-SP e Novorizontino. Agora contra o Vasco voc\u00ea n\u00e3o joga, contra o Corinthians voc\u00ea pipoca, contra o Bahia voc\u00ea n\u00e3o joga. Nossa, que legal!\u201d, ironizou o apresentador.<\/p>\n\n\n\n<p>Ali\u00e1s, a presen\u00e7a frequente de Neymar em eventos p\u00fablicos, mesmo lesionado, tem sido outro ponto de disc\u00f3rdia. O atleta tem marcado presen\u00e7a em a\u00e7\u00f5es da Kings League Brasil, onde atua como presidente do time Furia, al\u00e9m de ser ativo nas redes sociais. Conforme apontado por Neto, tais apari\u00e7\u00f5es refor\u00e7am a impress\u00e3o de que o jogador tem priorizado compromissos fora do campo.<\/p>\n\n\n\n<p>Apesar de todo o embate, esse n\u00e3o \u00e9 o primeiro atrito entre os dois. Eventualmente, as farpas trocadas publicamente reascendem o debate sobre a postura de Neymar diante das responsabilidades com o clube. Afinal, enquanto o Santos vive momentos decisivos na temporada, a aus\u00eancia do principal nome do elenco levanta questionamentos por parte da imprensa e da torcida.<\/p>\n","protected":false},"excerpt":{"rendered":"<p>A rela\u00e7\u00e3o conturbada entre o apresentador Neto e Neymar ganhou um novo cap\u00edtulo nesta semana. Durante o programa &#8220;Os Donos da Bola&#8221;, exibido nesta quarta-feira (02 de abril), o ex-jogador voltou a atacar o camisa 10 do Santos, criticando duramente sua aus\u00eancia dos gramados e questionando o comportamento do atleta fora de campo. \u201cVoc\u00ea \u00e9 [&hellip;]<\/p>\n","protected":false},"author":27,"featured_media":244445,"comment_status":"open","ping_status":"closed","sticky":false,"template":"","format":"standard","meta":{"footnotes":""},"categories":[139],"tags":[],"class_list":["post-248096","post","type-post","status-publish","format-standard","has-post-thumbnail","hentry","category-santos"],"yoast_head":"<!-- This site is optimized with the Yoast SEO Premium plugin v24.2 (Yoast SEO v26.9) - https:\/\/yoast.com\/product\/yoast-seo-premium-wordpress\/ -->\n<title>Craque Neto ativa o modo sincer\u00e3o e manda recado para Neymar<\/title>\n<meta name=\"robots\" content=\"index, follow, max-snippet:-1, max-image-preview:large, max-video-preview:-1\" \/>\n<link rel=\"canonical\" href=\"https:\/\/www.gaveanews.com\/index.php\/2025\/04\/02\/craque-neto-ativa-o-modo-sincerao-e-manda-recado-para-neymar\/\" \/>\n<meta property=\"og:locale\" content=\"pt_BR\" \/>\n<meta property=\"og:type\" content=\"article\" \/>\n<meta property=\"og:title\" content=\"Craque Neto ativa o modo sincer\u00e3o e manda recado para Neymar\" \/>\n<meta property=\"og:description\" content=\"A rela\u00e7\u00e3o conturbada entre o apresentador Neto e Neymar ganhou um novo cap\u00edtulo nesta semana. Durante o programa &#8220;Os Donos da Bola&#8221;, exibido nesta quarta-feira (02 de abril), o ex-jogador voltou a atacar o camisa 10 do Santos, criticando duramente sua aus\u00eancia dos gramados e questionando o comportamento do atleta fora de campo. \u201cVoc\u00ea \u00e9 [&hellip;]\" \/>\n<meta property=\"og:url\" content=\"https:\/\/www.gaveanews.com\/index.php\/2025\/04\/02\/craque-neto-ativa-o-modo-sincerao-e-manda-recado-para-neymar\/\" \/>\n<meta property=\"og:site_name\" content=\"G\u00e1vea News\" \/>\n<meta property=\"article:publisher\" content=\"https:\/\/facebook.com\/gaveaNews\/\" \/>\n<meta property=\"article:published_time\" content=\"2025-04-02T22:25:00+00:00\" \/>\n<meta property=\"og:image\" content=\"https:\/\/www.gaveanews.com\/wp-content\/uploads\/Neymar-em-acao-com-a-camisa-do-Santos-em-2025.webp\" \/>\n\t<meta property=\"og:image:width\" content=\"900\" \/>\n\t<meta property=\"og:image:height\" content=\"600\" \/>\n\t<meta property=\"og:image:type\" content=\"image\/jpeg\" \/>\n<meta name=\"author\" content=\"Matheus Felipe\" \/>\n<meta name=\"twitter:card\" content=\"summary_large_image\" \/>\n<meta name=\"twitter:label1\" content=\"Escrito por\" \/>\n\t<meta name=\"twitter:data1\" content=\"Matheus Felipe\" \/>\n\t<meta name=\"twitter:label2\" content=\"Est. tempo de leitura\" \/>\n\t<meta name=\"twitter:data2\" content=\"3 minutos\" \/>\n<script type=\"application\/ld+json\" class=\"yoast-schema-graph\">{\"@context\":\"https:\/\/schema.org\",\"@graph\":[{\"@type\":\"NewsArticle\",\"@id\":\"https:\/\/www.gaveanews.com\/index.php\/2025\/04\/02\/craque-neto-ativa-o-modo-sincerao-e-manda-recado-para-neymar\/#article\",\"isPartOf\":{\"@id\":\"https:\/\/www.gaveanews.com\/index.php\/2025\/04\/02\/craque-neto-ativa-o-modo-sincerao-e-manda-recado-para-neymar\/\"},\"author\":{\"name\":\"Matheus Felipe\",\"@id\":\"https:\/\/www.gaveanews.com\/#\/schema\/person\/8207cd4627f56151707418bfc835b2fb\"},\"headline\":\"Craque Neto ativa o modo sincer\u00e3o e manda recado para Neymar\",\"datePublished\":\"2025-04-02T22:25:00+00:00\",\"mainEntityOfPage\":{\"@id\":\"https:\/\/www.gaveanews.com\/index.php\/2025\/04\/02\/craque-neto-ativa-o-modo-sincerao-e-manda-recado-para-neymar\/\"},\"wordCount\":421,\"commentCount\":0,\"image\":{\"@id\":\"https:\/\/www.gaveanews.com\/index.php\/2025\/04\/02\/craque-neto-ativa-o-modo-sincerao-e-manda-recado-para-neymar\/#primaryimage\"},\"thumbnailUrl\":\"https:\/\/www.gaveanews.com\/wp-content\/uploads\/Neymar-em-acao-com-a-camisa-do-Santos-em-2025.webp\",\"articleSection\":[\"Santos\"],\"inLanguage\":\"pt-BR\",\"potentialAction\":[{\"@type\":\"CommentAction\",\"name\":\"Comment\",\"target\":[\"https:\/\/www.gaveanews.com\/index.php\/2025\/04\/02\/craque-neto-ativa-o-modo-sincerao-e-manda-recado-para-neymar\/#respond\"]}],\"copyrightYear\":\"2025\",\"copyrightHolder\":{\"@id\":\"https:\/\/www.gaveanews.com\/#organization\"}},{\"@type\":\"WebPage\",\"@id\":\"https:\/\/www.gaveanews.com\/index.php\/2025\/04\/02\/craque-neto-ativa-o-modo-sincerao-e-manda-recado-para-neymar\/\",\"url\":\"https:\/\/www.gaveanews.com\/index.php\/2025\/04\/02\/craque-neto-ativa-o-modo-sincerao-e-manda-recado-para-neymar\/\",\"name\":\"Craque Neto ativa o modo sincer\u00e3o e manda recado para Neymar\",\"isPartOf\":{\"@id\":\"https:\/\/www.gaveanews.com\/#website\"},\"primaryImageOfPage\":{\"@id\":\"https:\/\/www.gaveanews.com\/index.php\/2025\/04\/02\/craque-neto-ativa-o-modo-sincerao-e-manda-recado-para-neymar\/#primaryimage\"},\"image\":{\"@id\":\"https:\/\/www.gaveanews.com\/index.php\/2025\/04\/02\/craque-neto-ativa-o-modo-sincerao-e-manda-recado-para-neymar\/#primaryimage\"},\"thumbnailUrl\":\"https:\/\/www.gaveanews.com\/wp-content\/uploads\/Neymar-em-acao-com-a-camisa-do-Santos-em-2025.webp\",\"datePublished\":\"2025-04-02T22:25:00+00:00\",\"author\":{\"@id\":\"https:\/\/www.gaveanews.com\/#\/schema\/person\/8207cd4627f56151707418bfc835b2fb\"},\"breadcrumb\":{\"@id\":\"https:\/\/www.gaveanews.com\/index.php\/2025\/04\/02\/craque-neto-ativa-o-modo-sincerao-e-manda-recado-para-neymar\/#breadcrumb\"},\"inLanguage\":\"pt-BR\",\"potentialAction\":[{\"@type\":\"ReadAction\",\"target\":[\"https:\/\/www.gaveanews.com\/index.php\/2025\/04\/02\/craque-neto-ativa-o-modo-sincerao-e-manda-recado-para-neymar\/\"]}]},{\"@type\":\"ImageObject\",\"inLanguage\":\"pt-BR\",\"@id\":\"https:\/\/www.gaveanews.com\/index.php\/2025\/04\/02\/craque-neto-ativa-o-modo-sincerao-e-manda-recado-para-neymar\/#primaryimage\",\"url\":\"https:\/\/www.gaveanews.com\/wp-content\/uploads\/Neymar-em-acao-com-a-camisa-do-Santos-em-2025.webp\",\"contentUrl\":\"https:\/\/www.gaveanews.com\/wp-content\/uploads\/Neymar-em-acao-com-a-camisa-do-Santos-em-2025.webp\",\"width\":900,\"height\":600,\"caption\":\"Neymar em a\u00e7\u00e3o com a camisa do Santos em 2025 (Foto: Raul Baretta\/ Santos FC)\"},{\"@type\":\"BreadcrumbList\",\"@id\":\"https:\/\/www.gaveanews.com\/index.php\/2025\/04\/02\/craque-neto-ativa-o-modo-sincerao-e-manda-recado-para-neymar\/#breadcrumb\",\"itemListElement\":[{\"@type\":\"ListItem\",\"position\":1,\"name\":\"Home\",\"item\":\"https:\/\/www.gaveanews.com\/\"},{\"@type\":\"ListItem\",\"position\":2,\"name\":\"Craque Neto ativa o modo sincer\u00e3o e manda recado para Neymar\"}]},{\"@type\":\"WebSite\",\"@id\":\"https:\/\/www.gaveanews.com\/#website\",\"url\":\"https:\/\/www.gaveanews.com\/\",\"name\":\"G\u00e1vea News\",\"description\":\"Veja todas as not\u00edcias sobre o Flamengo: Contrata\u00e7\u00f5es, categorias de base, resultados das partidas, tabela de classifica\u00e7\u00e3o, pr\u00f3ximos jogos!\",\"potentialAction\":[{\"@type\":\"SearchAction\",\"target\":{\"@type\":\"EntryPoint\",\"urlTemplate\":\"https:\/\/www.gaveanews.com\/?s={search_term_string}\"},\"query-input\":{\"@type\":\"PropertyValueSpecification\",\"valueRequired\":true,\"valueName\":\"search_term_string\"}}],\"inLanguage\":\"pt-BR\"},{\"@type\":\"Person\",\"@id\":\"https:\/\/www.gaveanews.com\/#\/schema\/person\/8207cd4627f56151707418bfc835b2fb\",\"name\":\"Matheus Felipe\",\"image\":{\"@type\":\"ImageObject\",\"inLanguage\":\"pt-BR\",\"@id\":\"https:\/\/www.gaveanews.com\/#\/schema\/person\/image\/\",\"url\":\"https:\/\/secure.gravatar.com\/avatar\/a452ffbed9130f726358b298bb3a99ce4bd3c5338411f8440e87e14d74c7c087?s=96&d=mm&r=g\",\"contentUrl\":\"https:\/\/secure.gravatar.com\/avatar\/a452ffbed9130f726358b298bb3a99ce4bd3c5338411f8440e87e14d74c7c087?s=96&d=mm&r=g\",\"caption\":\"Matheus Felipe\"}}]}<\/script>\n<!-- \/ Yoast SEO Premium plugin. -->","yoast_head_json":{"title":"Craque Neto ativa o modo sincer\u00e3o e manda recado para Neymar","robots":{"index":"index","follow":"follow","max-snippet":"max-snippet:-1","max-image-preview":"max-image-preview:large","max-video-preview":"max-video-preview:-1"},"canonical":"https:\/\/www.gaveanews.com\/index.php\/2025\/04\/02\/craque-neto-ativa-o-modo-sincerao-e-manda-recado-para-neymar\/","og_locale":"pt_BR","og_type":"article","og_title":"Craque Neto ativa o modo sincer\u00e3o e manda recado para Neymar","og_description":"A rela\u00e7\u00e3o conturbada entre o apresentador Neto e Neymar ganhou um novo cap\u00edtulo nesta semana. Durante o programa &#8220;Os Donos da Bola&#8221;, exibido nesta quarta-feira (02 de abril), o ex-jogador voltou a atacar o camisa 10 do Santos, criticando duramente sua aus\u00eancia dos gramados e questionando o comportamento do atleta fora de campo. \u201cVoc\u00ea \u00e9 [&hellip;]","og_url":"https:\/\/www.gaveanews.com\/index.php\/2025\/04\/02\/craque-neto-ativa-o-modo-sincerao-e-manda-recado-para-neymar\/","og_site_name":"G\u00e1vea News","article_publisher":"https:\/\/facebook.com\/gaveaNews\/","article_published_time":"2025-04-02T22:25:00+00:00","og_image":[{"width":900,"height":600,"url":"https:\/\/www.gaveanews.com\/wp-content\/uploads\/Neymar-em-acao-com-a-camisa-do-Santos-em-2025.webp","type":"image\/jpeg"}],"author":"Matheus Felipe","twitter_card":"summary_large_image","twitter_misc":{"Escrito por":"Matheus Felipe","Est. tempo de leitura":"3 minutos"},"schema":{"@context":"https:\/\/schema.org","@graph":[{"@type":"NewsArticle","@id":"https:\/\/www.gaveanews.com\/index.php\/2025\/04\/02\/craque-neto-ativa-o-modo-sincerao-e-manda-recado-para-neymar\/#article","isPartOf":{"@id":"https:\/\/www.gaveanews.com\/index.php\/2025\/04\/02\/craque-neto-ativa-o-modo-sincerao-e-manda-recado-para-neymar\/"},"author":{"name":"Matheus Felipe","@id":"https:\/\/www.gaveanews.com\/#\/schema\/person\/8207cd4627f56151707418bfc835b2fb"},"headline":"Craque Neto ativa o modo sincer\u00e3o e manda recado para Neymar","datePublished":"2025-04-02T22:25:00+00:00","mainEntityOfPage":{"@id":"https:\/\/www.gaveanews.com\/index.php\/2025\/04\/02\/craque-neto-ativa-o-modo-sincerao-e-manda-recado-para-neymar\/"},"wordCount":421,"commentCount":0,"image":{"@id":"https:\/\/www.gaveanews.com\/index.php\/2025\/04\/02\/craque-neto-ativa-o-modo-sincerao-e-manda-recado-para-neymar\/#primaryimage"},"thumbnailUrl":"https:\/\/www.gaveanews.com\/wp-content\/uploads\/Neymar-em-acao-com-a-camisa-do-Santos-em-2025.webp","articleSection":["Santos"],"inLanguage":"pt-BR","potentialAction":[{"@type":"CommentAction","name":"Comment","target":["https:\/\/www.gaveanews.com\/index.php\/2025\/04\/02\/craque-neto-ativa-o-modo-sincerao-e-manda-recado-para-neymar\/#respond"]}],"copyrightYear":"2025","copyrightHolder":{"@id":"https:\/\/www.gaveanews.com\/#organization"}},{"@type":"WebPage","@id":"https:\/\/www.gaveanews.com\/index.php\/2025\/04\/02\/craque-neto-ativa-o-modo-sincerao-e-manda-recado-para-neymar\/","url":"https:\/\/www.gaveanews.com\/index.php\/2025\/04\/02\/craque-neto-ativa-o-modo-sincerao-e-manda-recado-para-neymar\/","name":"Craque Neto ativa o modo sincer\u00e3o e manda recado para Neymar","isPartOf":{"@id":"https:\/\/www.gaveanews.com\/#website"},"primaryImageOfPage":{"@id":"https:\/\/www.gaveanews.com\/index.php\/2025\/04\/02\/craque-neto-ativa-o-modo-sincerao-e-manda-recado-para-neymar\/#primaryimage"},"image":{"@id":"https:\/\/www.gaveanews.com\/index.php\/2025\/04\/02\/craque-neto-ativa-o-modo-sincerao-e-manda-recado-para-neymar\/#primaryimage"},"thumbnailUrl":"https:\/\/www.gaveanews.com\/wp-content\/uploads\/Neymar-em-acao-com-a-camisa-do-Santos-em-2025.webp","datePublished":"2025-04-02T22:25:00+00:00","author":{"@id":"https:\/\/www.gaveanews.com\/#\/schema\/person\/8207cd4627f56151707418bfc835b2fb"},"breadcrumb":{"@id":"https:\/\/www.gaveanews.com\/index.php\/2025\/04\/02\/craque-neto-ativa-o-modo-sincerao-e-manda-recado-para-neymar\/#breadcrumb"},"inLanguage":"pt-BR","potentialAction":[{"@type":"ReadAction","target":["https:\/\/www.gaveanews.com\/index.php\/2025\/04\/02\/craque-neto-ativa-o-modo-sincerao-e-manda-recado-para-neymar\/"]}]},{"@type":"ImageObject","inLanguage":"pt-BR","@id":"https:\/\/www.gaveanews.com\/index.php\/2025\/04\/02\/craque-neto-ativa-o-modo-sincerao-e-manda-recado-para-neymar\/#primaryimage","url":"https:\/\/www.gaveanews.com\/wp-content\/uploads\/Neymar-em-acao-com-a-camisa-do-Santos-em-2025.webp","contentUrl":"https:\/\/www.gaveanews.com\/wp-content\/uploads\/Neymar-em-acao-com-a-camisa-do-Santos-em-2025.webp","width":900,"height":600,"caption":"Neymar em a\u00e7\u00e3o com a camisa do Santos em 2025 (Foto: Raul Baretta\/ Santos FC)"},{"@type":"BreadcrumbList","@id":"https:\/\/www.gaveanews.com\/index.php\/2025\/04\/02\/craque-neto-ativa-o-modo-sincerao-e-manda-recado-para-neymar\/#breadcrumb","itemListElement":[{"@type":"ListItem","position":1,"name":"Home","item":"https:\/\/www.gaveanews.com\/"},{"@type":"ListItem","position":2,"name":"Craque Neto ativa o modo sincer\u00e3o e manda recado para Neymar"}]},{"@type":"WebSite","@id":"https:\/\/www.gaveanews.com\/#website","url":"https:\/\/www.gaveanews.com\/","name":"G\u00e1vea News","description":"Veja todas as not\u00edcias sobre o Flamengo: Contrata\u00e7\u00f5es, categorias de base, resultados das partidas, tabela de classifica\u00e7\u00e3o, pr\u00f3ximos jogos!","potentialAction":[{"@type":"SearchAction","target":{"@type":"EntryPoint","urlTemplate":"https:\/\/www.gaveanews.com\/?s={search_term_string}"},"query-input":{"@type":"PropertyValueSpecification","valueRequired":true,"valueName":"search_term_string"}}],"inLanguage":"pt-BR"},{"@type":"Person","@id":"https:\/\/www.gaveanews.com\/#\/schema\/person\/8207cd4627f56151707418bfc835b2fb","name":"Matheus Felipe","image":{"@type":"ImageObject","inLanguage":"pt-BR","@id":"https:\/\/www.gaveanews.com\/#\/schema\/person\/image\/","url":"https:\/\/secure.gravatar.com\/avatar\/a452ffbed9130f726358b298bb3a99ce4bd3c5338411f8440e87e14d74c7c087?s=96&d=mm&r=g","contentUrl":"https:\/\/secure.gravatar.com\/avatar\/a452ffbed9130f726358b298bb3a99ce4bd3c5338411f8440e87e14d74c7c087?s=96&d=mm&r=g","caption":"Matheus Felipe"}}]}},"_links":{"self":[{"href":"https:\/\/www.gaveanews.com\/index.php\/wp-json\/wp\/v2\/posts\/248096","targetHints":{"allow":["GET"]}}],"collection":[{"href":"https:\/\/www.gaveanews.com\/index.php\/wp-json\/wp\/v2\/posts"}],"about":[{"href":"https:\/\/www.gaveanews.com\/index.php\/wp-json\/wp\/v2\/types\/post"}],"author":[{"embeddable":true,"href":"https:\/\/www.gaveanews.com\/index.php\/wp-json\/wp\/v2\/users\/27"}],"replies":[{"embeddable":true,"href":"https:\/\/www.gaveanews.com\/index.php\/wp-json\/wp\/v2\/comments?post=248096"}],"version-history":[{"count":1,"href":"https:\/\/www.gaveanews.com\/index.php\/wp-json\/wp\/v2\/posts\/248096\/revisions"}],"predecessor-version":[{"id":248101,"href":"https:\/\/www.gaveanews.com\/index.php\/wp-json\/wp\/v2\/posts\/248096\/revisions\/248101"}],"wp:featuredmedia":[{"embeddable":true,"href":"https:\/\/www.gaveanews.com\/index.php\/wp-json\/wp\/v2\/media\/244445"}],"wp:attachment":[{"href":"https:\/\/www.gaveanews.com\/index.php\/wp-json\/wp\/v2\/media?parent=248096"}],"wp:term":[{"taxonomy":"category","embeddable":true,"href":"https:\/\/www.gaveanews.com\/index.php\/wp-json\/wp\/v2\/categories?post=248096"},{"taxonomy":"post_tag","embeddable":true,"href":"https:\/\/www.gaveanews.com\/index.php\/wp-json\/wp\/v2\/tags?post=248096"}],"curies":[{"name":"wp","href":"https:\/\/api.w.org\/{rel}","templated":true}]}}