{"id":248109,"date":"2025-04-02T20:35:00","date_gmt":"2025-04-02T23:35:00","guid":{"rendered":"https:\/\/www.gaveanews.com\/?p=248109"},"modified":"2025-04-02T17:20:50","modified_gmt":"2025-04-02T20:20:50","slug":"apos-lesao-ele-esta-fora-dos-planos-de-quinteros-no-gremio","status":"publish","type":"post","link":"https:\/\/www.gaveanews.com\/index.php\/2025\/04\/02\/apos-lesao-ele-esta-fora-dos-planos-de-quinteros-no-gremio\/","title":{"rendered":"Ap\u00f3s les\u00e3o, ele est\u00e1 fora dos planos de Quinteros no Gr\u00eamio"},"content":{"rendered":"\n<p>A temporada de 2025 come\u00e7ou com mudan\u00e7as significativas no elenco do Gr\u00eamio, e uma delas envolve o lateral-direito Mayk, de 24 anos. O jogador, que iniciou o ano como titular, acabou ficando fora da lista de inscritos para a Copa Sul-Americana. A decis\u00e3o surpreendeu os torcedores, sobretudo pelo fato de que outros atletas revelados pelas categorias de base foram inclu\u00eddos na competi\u00e7\u00e3o.<\/p>\n\n\n\n<p>Mayk sofreu uma les\u00e3o muscular em janeiro e, desde ent\u00e3o, n\u00e3o voltou a ser utilizado pelo t\u00e9cnico Gustavo Quinteros. \u201cN\u00e3o estou contente\u201d, chegou a declarar o treinador em outra ocasi\u00e3o, o que acirrou debates internos e externos sobre a condu\u00e7\u00e3o do elenco. Afinal, mesmo recuperado, o lateral perdeu espa\u00e7o para Viery e sequer foi relacionado para as partidas mais recentes.<\/p>\n\n\n\n<figure class=\"wp-block-image size-large\"><img loading=\"lazy\" decoding=\"async\" width=\"1024\" height=\"682\" src=\"http:\/\/www.gaveanews.com\/wp-content\/uploads\/Escudo-do-Gremio-1024x682.webp\" alt=\"\" class=\"wp-image-154785\" srcset=\"https:\/\/www.gaveanews.com\/wp-content\/uploads\/Escudo-do-Gremio-1024x682.webp 1024w, https:\/\/www.gaveanews.com\/wp-content\/uploads\/Escudo-do-Gremio-300x200.webp 300w, https:\/\/www.gaveanews.com\/wp-content\/uploads\/Escudo-do-Gremio-768x512.webp 768w, https:\/\/www.gaveanews.com\/wp-content\/uploads\/Escudo-do-Gremio-630x420.webp 630w, https:\/\/www.gaveanews.com\/wp-content\/uploads\/Escudo-do-Gremio-640x426.webp 640w, https:\/\/www.gaveanews.com\/wp-content\/uploads\/Escudo-do-Gremio-681x454.webp 681w, https:\/\/www.gaveanews.com\/wp-content\/uploads\/Escudo-do-Gremio-100x67.webp 100w, https:\/\/www.gaveanews.com\/wp-content\/uploads\/Escudo-do-Gremio.webp 1163w\" sizes=\"auto, (max-width: 1024px) 100vw, 1024px\" \/><figcaption class=\"wp-element-caption\">Escudo do Gr\u00eamio (Foto: Reprodu\u00e7\u00e3o\/Gr\u00eamio)<\/figcaption><\/figure>\n\n\n\n<p>O v\u00ednculo do atleta com o Tricolor vai at\u00e9 o fim de 2026, mas, conforme os \u00faltimos acontecimentos, seu futuro dentro do clube passou a ser incerto. O pr\u00f3prio jogador aguarda uma posi\u00e7\u00e3o da diretoria a fim de definir os rumos de sua carreira. A exclus\u00e3o da Sul-Americana pode representar n\u00e3o apenas uma escolha t\u00e9cnica, mas tamb\u00e9m uma mudan\u00e7a no planejamento a longo prazo.<\/p>\n\n\n\n<p>Embora outros jovens tenham recebido oportunidade, a aus\u00eancia de Mayk na lista levanta questionamentos. A decis\u00e3o de deix\u00e1-lo de fora, mesmo diante da tradi\u00e7\u00e3o gremista em valorizar jogadores formados no clube, n\u00e3o passou despercebida. \u201cO Gr\u00eamio sempre deu espa\u00e7o para os jovens. Dessa vez, parece que a escolha foi diferente\u201d, comentou um torcedor nas redes sociais.<\/p>\n\n\n\n<p>Em contrapartida, o desempenho de Viery tem sido apontado como fator determinante para a mudan\u00e7a no setor. O novo titular agradou \u00e0 comiss\u00e3o t\u00e9cnica e \u00e0 torcida com atua\u00e7\u00f5es seguras, consolidando-se como op\u00e7\u00e3o confi\u00e1vel na lateral-direita. Assim sendo, a concorr\u00eancia direta pode ter pesado na exclus\u00e3o de Mayk da principal competi\u00e7\u00e3o continental do clube neste semestre.<\/p>\n\n\n\n<p>Portanto, enquanto o time se prepara para estrear na Sul-Americana, a situa\u00e7\u00e3o do lateral segue indefinida. Caso n\u00e3o haja nova manifesta\u00e7\u00e3o por parte do Gr\u00eamio, \u00e9 prov\u00e1vel que o jogador analise alternativas para retomar o protagonismo que demonstrou em outras temporadas.<\/p>\n","protected":false},"excerpt":{"rendered":"<p>A temporada de 2025 come\u00e7ou com mudan\u00e7as significativas no elenco do Gr\u00eamio, e uma delas envolve o lateral-direito Mayk, de 24 anos. O jogador, que iniciou o ano como titular, acabou ficando fora da lista de inscritos para a Copa Sul-Americana. A decis\u00e3o surpreendeu os torcedores, sobretudo pelo fato de que outros atletas revelados pelas [&hellip;]<\/p>\n","protected":false},"author":33,"featured_media":208932,"comment_status":"open","ping_status":"closed","sticky":false,"template":"","format":"standard","meta":{"footnotes":""},"categories":[147],"tags":[],"class_list":["post-248109","post","type-post","status-publish","format-standard","has-post-thumbnail","hentry","category-gremio"],"yoast_head":"<!-- This site is optimized with the Yoast SEO Premium plugin v24.2 (Yoast SEO v26.9) - https:\/\/yoast.com\/product\/yoast-seo-premium-wordpress\/ -->\n<title>Ap\u00f3s les\u00e3o, ele est\u00e1 fora dos planos de Quinteros no Gr\u00eamio<\/title>\n<meta name=\"robots\" content=\"index, follow, max-snippet:-1, max-image-preview:large, max-video-preview:-1\" \/>\n<link rel=\"canonical\" href=\"https:\/\/www.gaveanews.com\/index.php\/2025\/04\/02\/apos-lesao-ele-esta-fora-dos-planos-de-quinteros-no-gremio\/\" \/>\n<meta property=\"og:locale\" content=\"pt_BR\" \/>\n<meta property=\"og:type\" content=\"article\" \/>\n<meta property=\"og:title\" content=\"Ap\u00f3s les\u00e3o, ele est\u00e1 fora dos planos de Quinteros no Gr\u00eamio\" \/>\n<meta property=\"og:description\" content=\"A temporada de 2025 come\u00e7ou com mudan\u00e7as significativas no elenco do Gr\u00eamio, e uma delas envolve o lateral-direito Mayk, de 24 anos. O jogador, que iniciou o ano como titular, acabou ficando fora da lista de inscritos para a Copa Sul-Americana. A decis\u00e3o surpreendeu os torcedores, sobretudo pelo fato de que outros atletas revelados pelas [&hellip;]\" \/>\n<meta property=\"og:url\" content=\"https:\/\/www.gaveanews.com\/index.php\/2025\/04\/02\/apos-lesao-ele-esta-fora-dos-planos-de-quinteros-no-gremio\/\" \/>\n<meta property=\"og:site_name\" content=\"G\u00e1vea News\" \/>\n<meta property=\"article:publisher\" content=\"https:\/\/facebook.com\/gaveaNews\/\" \/>\n<meta property=\"article:published_time\" content=\"2025-04-02T23:35:00+00:00\" \/>\n<meta property=\"og:image\" content=\"https:\/\/www.gaveanews.com\/wp-content\/uploads\/Quinteros-posa-para-foto-no-estadio-do-Gremio.webp\" \/>\n\t<meta property=\"og:image:width\" content=\"1024\" \/>\n\t<meta property=\"og:image:height\" content=\"576\" \/>\n\t<meta property=\"og:image:type\" content=\"image\/webp\" \/>\n<meta name=\"author\" content=\"Brenda Cezillo\" \/>\n<meta name=\"twitter:card\" content=\"summary_large_image\" \/>\n<meta name=\"twitter:label1\" content=\"Escrito por\" \/>\n\t<meta name=\"twitter:data1\" content=\"Brenda Cezillo\" \/>\n\t<meta name=\"twitter:label2\" content=\"Est. tempo de leitura\" \/>\n\t<meta name=\"twitter:data2\" content=\"3 minutos\" \/>\n<script type=\"application\/ld+json\" class=\"yoast-schema-graph\">{\"@context\":\"https:\/\/schema.org\",\"@graph\":[{\"@type\":\"NewsArticle\",\"@id\":\"https:\/\/www.gaveanews.com\/index.php\/2025\/04\/02\/apos-lesao-ele-esta-fora-dos-planos-de-quinteros-no-gremio\/#article\",\"isPartOf\":{\"@id\":\"https:\/\/www.gaveanews.com\/index.php\/2025\/04\/02\/apos-lesao-ele-esta-fora-dos-planos-de-quinteros-no-gremio\/\"},\"author\":{\"name\":\"Brenda Cezillo\",\"@id\":\"https:\/\/www.gaveanews.com\/#\/schema\/person\/c79759ca337c40791ae8d08e2923d403\"},\"headline\":\"Ap\u00f3s les\u00e3o, ele est\u00e1 fora dos planos de Quinteros no Gr\u00eamio\",\"datePublished\":\"2025-04-02T23:35:00+00:00\",\"mainEntityOfPage\":{\"@id\":\"https:\/\/www.gaveanews.com\/index.php\/2025\/04\/02\/apos-lesao-ele-esta-fora-dos-planos-de-quinteros-no-gremio\/\"},\"wordCount\":399,\"commentCount\":0,\"image\":{\"@id\":\"https:\/\/www.gaveanews.com\/index.php\/2025\/04\/02\/apos-lesao-ele-esta-fora-dos-planos-de-quinteros-no-gremio\/#primaryimage\"},\"thumbnailUrl\":\"https:\/\/www.gaveanews.com\/wp-content\/uploads\/Quinteros-posa-para-foto-no-estadio-do-Gremio.webp\",\"articleSection\":[\"Gr\u00eamio\"],\"inLanguage\":\"pt-BR\",\"potentialAction\":[{\"@type\":\"CommentAction\",\"name\":\"Comment\",\"target\":[\"https:\/\/www.gaveanews.com\/index.php\/2025\/04\/02\/apos-lesao-ele-esta-fora-dos-planos-de-quinteros-no-gremio\/#respond\"]}],\"copyrightYear\":\"2025\",\"copyrightHolder\":{\"@id\":\"https:\/\/www.gaveanews.com\/#organization\"}},{\"@type\":\"WebPage\",\"@id\":\"https:\/\/www.gaveanews.com\/index.php\/2025\/04\/02\/apos-lesao-ele-esta-fora-dos-planos-de-quinteros-no-gremio\/\",\"url\":\"https:\/\/www.gaveanews.com\/index.php\/2025\/04\/02\/apos-lesao-ele-esta-fora-dos-planos-de-quinteros-no-gremio\/\",\"name\":\"Ap\u00f3s les\u00e3o, ele est\u00e1 fora dos planos de Quinteros no Gr\u00eamio\",\"isPartOf\":{\"@id\":\"https:\/\/www.gaveanews.com\/#website\"},\"primaryImageOfPage\":{\"@id\":\"https:\/\/www.gaveanews.com\/index.php\/2025\/04\/02\/apos-lesao-ele-esta-fora-dos-planos-de-quinteros-no-gremio\/#primaryimage\"},\"image\":{\"@id\":\"https:\/\/www.gaveanews.com\/index.php\/2025\/04\/02\/apos-lesao-ele-esta-fora-dos-planos-de-quinteros-no-gremio\/#primaryimage\"},\"thumbnailUrl\":\"https:\/\/www.gaveanews.com\/wp-content\/uploads\/Quinteros-posa-para-foto-no-estadio-do-Gremio.webp\",\"datePublished\":\"2025-04-02T23:35:00+00:00\",\"author\":{\"@id\":\"https:\/\/www.gaveanews.com\/#\/schema\/person\/c79759ca337c40791ae8d08e2923d403\"},\"breadcrumb\":{\"@id\":\"https:\/\/www.gaveanews.com\/index.php\/2025\/04\/02\/apos-lesao-ele-esta-fora-dos-planos-de-quinteros-no-gremio\/#breadcrumb\"},\"inLanguage\":\"pt-BR\",\"potentialAction\":[{\"@type\":\"ReadAction\",\"target\":[\"https:\/\/www.gaveanews.com\/index.php\/2025\/04\/02\/apos-lesao-ele-esta-fora-dos-planos-de-quinteros-no-gremio\/\"]}]},{\"@type\":\"ImageObject\",\"inLanguage\":\"pt-BR\",\"@id\":\"https:\/\/www.gaveanews.com\/index.php\/2025\/04\/02\/apos-lesao-ele-esta-fora-dos-planos-de-quinteros-no-gremio\/#primaryimage\",\"url\":\"https:\/\/www.gaveanews.com\/wp-content\/uploads\/Quinteros-posa-para-foto-no-estadio-do-Gremio.webp\",\"contentUrl\":\"https:\/\/www.gaveanews.com\/wp-content\/uploads\/Quinteros-posa-para-foto-no-estadio-do-Gremio.webp\",\"width\":1024,\"height\":576,\"caption\":\"Quinteros posa para foto no est\u00e1dio do Gr\u00eamio (Foto: Lucas Uebel\/Gr\u00eamio)\"},{\"@type\":\"BreadcrumbList\",\"@id\":\"https:\/\/www.gaveanews.com\/index.php\/2025\/04\/02\/apos-lesao-ele-esta-fora-dos-planos-de-quinteros-no-gremio\/#breadcrumb\",\"itemListElement\":[{\"@type\":\"ListItem\",\"position\":1,\"name\":\"Home\",\"item\":\"https:\/\/www.gaveanews.com\/\"},{\"@type\":\"ListItem\",\"position\":2,\"name\":\"Ap\u00f3s les\u00e3o, ele est\u00e1 fora dos planos de Quinteros no Gr\u00eamio\"}]},{\"@type\":\"WebSite\",\"@id\":\"https:\/\/www.gaveanews.com\/#website\",\"url\":\"https:\/\/www.gaveanews.com\/\",\"name\":\"G\u00e1vea News\",\"description\":\"Veja todas as not\u00edcias sobre o Flamengo: Contrata\u00e7\u00f5es, categorias de base, resultados das partidas, tabela de classifica\u00e7\u00e3o, pr\u00f3ximos jogos!\",\"potentialAction\":[{\"@type\":\"SearchAction\",\"target\":{\"@type\":\"EntryPoint\",\"urlTemplate\":\"https:\/\/www.gaveanews.com\/?s={search_term_string}\"},\"query-input\":{\"@type\":\"PropertyValueSpecification\",\"valueRequired\":true,\"valueName\":\"search_term_string\"}}],\"inLanguage\":\"pt-BR\"},{\"@type\":\"Person\",\"@id\":\"https:\/\/www.gaveanews.com\/#\/schema\/person\/c79759ca337c40791ae8d08e2923d403\",\"name\":\"Brenda Cezillo\",\"image\":{\"@type\":\"ImageObject\",\"inLanguage\":\"pt-BR\",\"@id\":\"https:\/\/www.gaveanews.com\/#\/schema\/person\/image\/\",\"url\":\"https:\/\/secure.gravatar.com\/avatar\/1738d75cee7317f9c29ae61dd67620c5883d80a92e42a6fff88ae5d527af217a?s=96&d=mm&r=g\",\"contentUrl\":\"https:\/\/secure.gravatar.com\/avatar\/1738d75cee7317f9c29ae61dd67620c5883d80a92e42a6fff88ae5d527af217a?s=96&d=mm&r=g\",\"caption\":\"Brenda Cezillo\"}}]}<\/script>\n<!-- \/ Yoast SEO Premium plugin. -->","yoast_head_json":{"title":"Ap\u00f3s les\u00e3o, ele est\u00e1 fora dos planos de Quinteros no Gr\u00eamio","robots":{"index":"index","follow":"follow","max-snippet":"max-snippet:-1","max-image-preview":"max-image-preview:large","max-video-preview":"max-video-preview:-1"},"canonical":"https:\/\/www.gaveanews.com\/index.php\/2025\/04\/02\/apos-lesao-ele-esta-fora-dos-planos-de-quinteros-no-gremio\/","og_locale":"pt_BR","og_type":"article","og_title":"Ap\u00f3s les\u00e3o, ele est\u00e1 fora dos planos de Quinteros no Gr\u00eamio","og_description":"A temporada de 2025 come\u00e7ou com mudan\u00e7as significativas no elenco do Gr\u00eamio, e uma delas envolve o lateral-direito Mayk, de 24 anos. O jogador, que iniciou o ano como titular, acabou ficando fora da lista de inscritos para a Copa Sul-Americana. A decis\u00e3o surpreendeu os torcedores, sobretudo pelo fato de que outros atletas revelados pelas [&hellip;]","og_url":"https:\/\/www.gaveanews.com\/index.php\/2025\/04\/02\/apos-lesao-ele-esta-fora-dos-planos-de-quinteros-no-gremio\/","og_site_name":"G\u00e1vea News","article_publisher":"https:\/\/facebook.com\/gaveaNews\/","article_published_time":"2025-04-02T23:35:00+00:00","og_image":[{"width":1024,"height":576,"url":"https:\/\/www.gaveanews.com\/wp-content\/uploads\/Quinteros-posa-para-foto-no-estadio-do-Gremio.webp","type":"image\/webp"}],"author":"Brenda Cezillo","twitter_card":"summary_large_image","twitter_misc":{"Escrito por":"Brenda Cezillo","Est. tempo de leitura":"3 minutos"},"schema":{"@context":"https:\/\/schema.org","@graph":[{"@type":"NewsArticle","@id":"https:\/\/www.gaveanews.com\/index.php\/2025\/04\/02\/apos-lesao-ele-esta-fora-dos-planos-de-quinteros-no-gremio\/#article","isPartOf":{"@id":"https:\/\/www.gaveanews.com\/index.php\/2025\/04\/02\/apos-lesao-ele-esta-fora-dos-planos-de-quinteros-no-gremio\/"},"author":{"name":"Brenda Cezillo","@id":"https:\/\/www.gaveanews.com\/#\/schema\/person\/c79759ca337c40791ae8d08e2923d403"},"headline":"Ap\u00f3s les\u00e3o, ele est\u00e1 fora dos planos de Quinteros no Gr\u00eamio","datePublished":"2025-04-02T23:35:00+00:00","mainEntityOfPage":{"@id":"https:\/\/www.gaveanews.com\/index.php\/2025\/04\/02\/apos-lesao-ele-esta-fora-dos-planos-de-quinteros-no-gremio\/"},"wordCount":399,"commentCount":0,"image":{"@id":"https:\/\/www.gaveanews.com\/index.php\/2025\/04\/02\/apos-lesao-ele-esta-fora-dos-planos-de-quinteros-no-gremio\/#primaryimage"},"thumbnailUrl":"https:\/\/www.gaveanews.com\/wp-content\/uploads\/Quinteros-posa-para-foto-no-estadio-do-Gremio.webp","articleSection":["Gr\u00eamio"],"inLanguage":"pt-BR","potentialAction":[{"@type":"CommentAction","name":"Comment","target":["https:\/\/www.gaveanews.com\/index.php\/2025\/04\/02\/apos-lesao-ele-esta-fora-dos-planos-de-quinteros-no-gremio\/#respond"]}],"copyrightYear":"2025","copyrightHolder":{"@id":"https:\/\/www.gaveanews.com\/#organization"}},{"@type":"WebPage","@id":"https:\/\/www.gaveanews.com\/index.php\/2025\/04\/02\/apos-lesao-ele-esta-fora-dos-planos-de-quinteros-no-gremio\/","url":"https:\/\/www.gaveanews.com\/index.php\/2025\/04\/02\/apos-lesao-ele-esta-fora-dos-planos-de-quinteros-no-gremio\/","name":"Ap\u00f3s les\u00e3o, ele est\u00e1 fora dos planos de Quinteros no Gr\u00eamio","isPartOf":{"@id":"https:\/\/www.gaveanews.com\/#website"},"primaryImageOfPage":{"@id":"https:\/\/www.gaveanews.com\/index.php\/2025\/04\/02\/apos-lesao-ele-esta-fora-dos-planos-de-quinteros-no-gremio\/#primaryimage"},"image":{"@id":"https:\/\/www.gaveanews.com\/index.php\/2025\/04\/02\/apos-lesao-ele-esta-fora-dos-planos-de-quinteros-no-gremio\/#primaryimage"},"thumbnailUrl":"https:\/\/www.gaveanews.com\/wp-content\/uploads\/Quinteros-posa-para-foto-no-estadio-do-Gremio.webp","datePublished":"2025-04-02T23:35:00+00:00","author":{"@id":"https:\/\/www.gaveanews.com\/#\/schema\/person\/c79759ca337c40791ae8d08e2923d403"},"breadcrumb":{"@id":"https:\/\/www.gaveanews.com\/index.php\/2025\/04\/02\/apos-lesao-ele-esta-fora-dos-planos-de-quinteros-no-gremio\/#breadcrumb"},"inLanguage":"pt-BR","potentialAction":[{"@type":"ReadAction","target":["https:\/\/www.gaveanews.com\/index.php\/2025\/04\/02\/apos-lesao-ele-esta-fora-dos-planos-de-quinteros-no-gremio\/"]}]},{"@type":"ImageObject","inLanguage":"pt-BR","@id":"https:\/\/www.gaveanews.com\/index.php\/2025\/04\/02\/apos-lesao-ele-esta-fora-dos-planos-de-quinteros-no-gremio\/#primaryimage","url":"https:\/\/www.gaveanews.com\/wp-content\/uploads\/Quinteros-posa-para-foto-no-estadio-do-Gremio.webp","contentUrl":"https:\/\/www.gaveanews.com\/wp-content\/uploads\/Quinteros-posa-para-foto-no-estadio-do-Gremio.webp","width":1024,"height":576,"caption":"Quinteros posa para foto no est\u00e1dio do Gr\u00eamio (Foto: Lucas Uebel\/Gr\u00eamio)"},{"@type":"BreadcrumbList","@id":"https:\/\/www.gaveanews.com\/index.php\/2025\/04\/02\/apos-lesao-ele-esta-fora-dos-planos-de-quinteros-no-gremio\/#breadcrumb","itemListElement":[{"@type":"ListItem","position":1,"name":"Home","item":"https:\/\/www.gaveanews.com\/"},{"@type":"ListItem","position":2,"name":"Ap\u00f3s les\u00e3o, ele est\u00e1 fora dos planos de Quinteros no Gr\u00eamio"}]},{"@type":"WebSite","@id":"https:\/\/www.gaveanews.com\/#website","url":"https:\/\/www.gaveanews.com\/","name":"G\u00e1vea News","description":"Veja todas as not\u00edcias sobre o Flamengo: Contrata\u00e7\u00f5es, categorias de base, resultados das partidas, tabela de classifica\u00e7\u00e3o, pr\u00f3ximos jogos!","potentialAction":[{"@type":"SearchAction","target":{"@type":"EntryPoint","urlTemplate":"https:\/\/www.gaveanews.com\/?s={search_term_string}"},"query-input":{"@type":"PropertyValueSpecification","valueRequired":true,"valueName":"search_term_string"}}],"inLanguage":"pt-BR"},{"@type":"Person","@id":"https:\/\/www.gaveanews.com\/#\/schema\/person\/c79759ca337c40791ae8d08e2923d403","name":"Brenda Cezillo","image":{"@type":"ImageObject","inLanguage":"pt-BR","@id":"https:\/\/www.gaveanews.com\/#\/schema\/person\/image\/","url":"https:\/\/secure.gravatar.com\/avatar\/1738d75cee7317f9c29ae61dd67620c5883d80a92e42a6fff88ae5d527af217a?s=96&d=mm&r=g","contentUrl":"https:\/\/secure.gravatar.com\/avatar\/1738d75cee7317f9c29ae61dd67620c5883d80a92e42a6fff88ae5d527af217a?s=96&d=mm&r=g","caption":"Brenda Cezillo"}}]}},"_links":{"self":[{"href":"https:\/\/www.gaveanews.com\/index.php\/wp-json\/wp\/v2\/posts\/248109","targetHints":{"allow":["GET"]}}],"collection":[{"href":"https:\/\/www.gaveanews.com\/index.php\/wp-json\/wp\/v2\/posts"}],"about":[{"href":"https:\/\/www.gaveanews.com\/index.php\/wp-json\/wp\/v2\/types\/post"}],"author":[{"embeddable":true,"href":"https:\/\/www.gaveanews.com\/index.php\/wp-json\/wp\/v2\/users\/33"}],"replies":[{"embeddable":true,"href":"https:\/\/www.gaveanews.com\/index.php\/wp-json\/wp\/v2\/comments?post=248109"}],"version-history":[{"count":1,"href":"https:\/\/www.gaveanews.com\/index.php\/wp-json\/wp\/v2\/posts\/248109\/revisions"}],"predecessor-version":[{"id":248128,"href":"https:\/\/www.gaveanews.com\/index.php\/wp-json\/wp\/v2\/posts\/248109\/revisions\/248128"}],"wp:featuredmedia":[{"embeddable":true,"href":"https:\/\/www.gaveanews.com\/index.php\/wp-json\/wp\/v2\/media\/208932"}],"wp:attachment":[{"href":"https:\/\/www.gaveanews.com\/index.php\/wp-json\/wp\/v2\/media?parent=248109"}],"wp:term":[{"taxonomy":"category","embeddable":true,"href":"https:\/\/www.gaveanews.com\/index.php\/wp-json\/wp\/v2\/categories?post=248109"},{"taxonomy":"post_tag","embeddable":true,"href":"https:\/\/www.gaveanews.com\/index.php\/wp-json\/wp\/v2\/tags?post=248109"}],"curies":[{"name":"wp","href":"https:\/\/api.w.org\/{rel}","templated":true}]}}