{"id":248118,"date":"2025-04-02T20:20:00","date_gmt":"2025-04-02T23:20:00","guid":{"rendered":"https:\/\/www.gaveanews.com\/?p=248118"},"modified":"2025-04-02T17:20:18","modified_gmt":"2025-04-02T20:20:18","slug":"video-a-declaracao-de-mauro-cezar-pereira-direcionada-a-luis-zubeldia","status":"publish","type":"post","link":"https:\/\/www.gaveanews.com\/index.php\/2025\/04\/02\/video-a-declaracao-de-mauro-cezar-pereira-direcionada-a-luis-zubeldia\/","title":{"rendered":"V\u00eddeo: a declara\u00e7\u00e3o de Mauro Cezar Pereira direcionada a Lu\u00eds Zubeld\u00eda"},"content":{"rendered":"\n<p>A semana come\u00e7ou com clima de press\u00e3o nos bastidores do S\u00e3o Paulo. Ap\u00f3s o empate sem gols com o Sport, no s\u00e1bado (29 de mar\u00e7o), pela estreia no Campeonato Brasileiro, a atua\u00e7\u00e3o da equipe no Morumbis foi alvo de protestos de parte dos 38 mil torcedores presentes. Luis Zubeld\u00eda foi diretamente criticado e chegou a ser chamado de \u201cburro\u201d nas arquibancadas, reflexo da crescente insatisfa\u00e7\u00e3o com o desempenho do time.<\/p>\n\n\n\n<p>Esse cen\u00e1rio turbulento se agravou por conta da elimina\u00e7\u00e3o diante do Palmeiras no Campeonato Paulista. A expectativa da torcida era por uma resposta mais s\u00f3lida no in\u00edcio do Brasileir\u00e3o, especialmente jogando em casa. Contudo, o rendimento abaixo do esperado serviu para ampliar os questionamentos sobre a continuidade do t\u00e9cnico argentino \u00e0 frente do comando tricolor.<\/p>\n\n\n\n<blockquote class=\"twitter-tweet\" data-media-max-width=\"560\"><p lang=\"pt\" dir=\"ltr\">&quot;NO TRABALHO DO ZUBELD\u00cdA, ELE FEZ MAIS DO QUE O DORIVAL FEZ&quot;- <a href=\"https:\/\/twitter.com\/maurocezar?ref_src=twsrc%5Etfw\">@maurocezar<\/a> comenta sobre a possibilidade de Zubeld\u00eda ser demitido para Dorival entrar em seu lugar.<a href=\"https:\/\/twitter.com\/hashtag\/Zubeldia?src=hash&amp;ref_src=twsrc%5Etfw\">#Zubeldia<\/a> <a href=\"https:\/\/twitter.com\/hashtag\/DorivalJr?src=hash&amp;ref_src=twsrc%5Etfw\">#DorivalJr<\/a> <a href=\"https:\/\/twitter.com\/hashtag\/S%C3%A3oPaulo?src=hash&amp;ref_src=twsrc%5Etfw\">#S\u00e3oPaulo<\/a> <a href=\"https:\/\/t.co\/Y15YHZLbZB\">pic.twitter.com\/Y15YHZLbZB<\/a><\/p>&mdash; Jovem Pan Esportes (@JovemPanEsporte) <a href=\"https:\/\/twitter.com\/JovemPanEsporte\/status\/1907454313414176982?ref_src=twsrc%5Etfw\">April 2, 2025<\/a><\/blockquote> <script async src=\"https:\/\/platform.twitter.com\/widgets.js\" charset=\"utf-8\"><\/script>\n\n\n\n<p>Apesar disso, a diretoria do S\u00e3o Paulo mant\u00e9m o discurso de confian\u00e7a em Zubeld\u00eda. Carlos Belmonte, diretor de futebol do clube, refor\u00e7ou esse posicionamento. \u201cEstamos muito felizes com o trabalho do Zubeld\u00eda, com os jogadores. O time fez uma grande partida, em um jogo muito dif\u00edcil\u201d, afirmou, ap\u00f3s a elimina\u00e7\u00e3o no estadual. Ele tamb\u00e9m destacou a qualidade do Palmeiras e ressaltou que o trabalho seguir\u00e1 sendo desenvolvido da mesma forma.<\/p>\n\n\n\n<p>Enquanto isso, o nome de Dorival J\u00fanior continua sendo citado nos corredores do clube. Livre no mercado ap\u00f3s sua passagem pela Sele\u00e7\u00e3o Brasileira, o treinador carrega grande identifica\u00e7\u00e3o com o S\u00e3o Paulo, onde foi campe\u00e3o da Copa do Brasil em 2023. Segundo apurado, a diretoria tricolor monitora sua situa\u00e7\u00e3o, embora negue qualquer tratativa oficial at\u00e9 o momento.<\/p>\n\n\n\n<p>Zubeld\u00eda, por sua vez, se mostrou sereno ao comentar os rumores. \u201c\u00c9 entender que estamos falando de um t\u00e9cnico que saiu da Sele\u00e7\u00e3o Brasileira e \u00e9 muito querido aqui. \u00c9 normal as emo\u00e7\u00f5es do torcedor. Mas tenho que fazer meu trabalho da melhor forma. Preciso manejar essa situa\u00e7\u00e3o\u201d, declarou, demonstrando tranquilidade em meio \u00e0s compara\u00e7\u00f5es.<\/p>\n\n\n\n<p>Enquanto os bastidores seguem agitados, o foco do elenco se volta para a estreia na Copa Libertadores. O S\u00e3o Paulo enfrenta o Talleres nesta quarta-feira (02 de abril), \u00e0s 21h30 (hor\u00e1rio de Bras\u00edlia), em C\u00f3rdoba, na Argentina. A partida marca o in\u00edcio da campanha pelo tetracampeonato continental. Oscar, que estava lesionado, treinou normalmente e viajou com o grupo. J\u00e1 Lucas Moura permanece em tratamento na capital paulista, fora da estreia.<\/p>\n\n\n\n<p>A prov\u00e1vel escala\u00e7\u00e3o do Tricolor para o confronto conta com: Rafael; Igor Vin\u00edcius, Arboleda, Alan Franco e Wendell; Luiz Gustavo, Oscar (ou Marcos Ant\u00f4nio), Alisson; Luciano, Ferreirinha e Calleri. A equipe integra o Grupo C da Libertadores, que tamb\u00e9m tem Alianza Lima, Libertad e o pr\u00f3prio Talleres. A sequ\u00eancia de jogos dever\u00e1 ser decisiva n\u00e3o apenas no torneio continental, mas tamb\u00e9m para a perman\u00eancia de Zubeld\u00eda no cargo.<\/p>\n","protected":false},"excerpt":{"rendered":"<p>A semana come\u00e7ou com clima de press\u00e3o nos bastidores do S\u00e3o Paulo. Ap\u00f3s o empate sem gols com o Sport, no s\u00e1bado (29 de mar\u00e7o), pela estreia no Campeonato Brasileiro, a atua\u00e7\u00e3o da equipe no Morumbis foi alvo de protestos de parte dos 38 mil torcedores presentes. Luis Zubeld\u00eda foi diretamente criticado e chegou a [&hellip;]<\/p>\n","protected":false},"author":27,"featured_media":101020,"comment_status":"open","ping_status":"closed","sticky":false,"template":"","format":"standard","meta":{"footnotes":""},"categories":[151],"tags":[],"class_list":["post-248118","post","type-post","status-publish","format-standard","has-post-thumbnail","hentry","category-sao-paulo"],"yoast_head":"<!-- This site is optimized with the Yoast SEO Premium plugin v24.2 (Yoast SEO v26.9) - https:\/\/yoast.com\/product\/yoast-seo-premium-wordpress\/ -->\n<title>V\u00eddeo: a declara\u00e7\u00e3o de Mauro Cezar Pereira direcionada a Lu\u00eds Zubeld\u00eda<\/title>\n<meta name=\"robots\" content=\"index, follow, max-snippet:-1, max-image-preview:large, max-video-preview:-1\" \/>\n<link rel=\"canonical\" href=\"https:\/\/www.gaveanews.com\/index.php\/2025\/04\/02\/video-a-declaracao-de-mauro-cezar-pereira-direcionada-a-luis-zubeldia\/\" \/>\n<meta property=\"og:locale\" content=\"pt_BR\" \/>\n<meta property=\"og:type\" content=\"article\" \/>\n<meta property=\"og:title\" content=\"V\u00eddeo: a declara\u00e7\u00e3o de Mauro Cezar Pereira direcionada a Lu\u00eds Zubeld\u00eda\" \/>\n<meta property=\"og:description\" content=\"A semana come\u00e7ou com clima de press\u00e3o nos bastidores do S\u00e3o Paulo. Ap\u00f3s o empate sem gols com o Sport, no s\u00e1bado (29 de mar\u00e7o), pela estreia no Campeonato Brasileiro, a atua\u00e7\u00e3o da equipe no Morumbis foi alvo de protestos de parte dos 38 mil torcedores presentes. Luis Zubeld\u00eda foi diretamente criticado e chegou a [&hellip;]\" \/>\n<meta property=\"og:url\" content=\"https:\/\/www.gaveanews.com\/index.php\/2025\/04\/02\/video-a-declaracao-de-mauro-cezar-pereira-direcionada-a-luis-zubeldia\/\" \/>\n<meta property=\"og:site_name\" content=\"G\u00e1vea News\" \/>\n<meta property=\"article:publisher\" content=\"https:\/\/facebook.com\/gaveaNews\/\" \/>\n<meta property=\"article:published_time\" content=\"2025-04-02T23:20:00+00:00\" \/>\n<meta property=\"og:image\" content=\"https:\/\/www.gaveanews.com\/wp-content\/uploads\/Mauro-Cezar.webp\" \/>\n\t<meta property=\"og:image:width\" content=\"846\" \/>\n\t<meta property=\"og:image:height\" content=\"564\" \/>\n\t<meta property=\"og:image:type\" content=\"image\/webp\" \/>\n<meta name=\"author\" content=\"Matheus Felipe\" \/>\n<meta name=\"twitter:card\" content=\"summary_large_image\" \/>\n<meta name=\"twitter:label1\" content=\"Escrito por\" \/>\n\t<meta name=\"twitter:data1\" content=\"Matheus Felipe\" \/>\n\t<meta name=\"twitter:label2\" content=\"Est. tempo de leitura\" \/>\n\t<meta name=\"twitter:data2\" content=\"3 minutos\" \/>\n<script type=\"application\/ld+json\" class=\"yoast-schema-graph\">{\"@context\":\"https:\/\/schema.org\",\"@graph\":[{\"@type\":\"NewsArticle\",\"@id\":\"https:\/\/www.gaveanews.com\/index.php\/2025\/04\/02\/video-a-declaracao-de-mauro-cezar-pereira-direcionada-a-luis-zubeldia\/#article\",\"isPartOf\":{\"@id\":\"https:\/\/www.gaveanews.com\/index.php\/2025\/04\/02\/video-a-declaracao-de-mauro-cezar-pereira-direcionada-a-luis-zubeldia\/\"},\"author\":{\"name\":\"Matheus Felipe\",\"@id\":\"https:\/\/www.gaveanews.com\/#\/schema\/person\/8207cd4627f56151707418bfc835b2fb\"},\"headline\":\"V\u00eddeo: a declara\u00e7\u00e3o de Mauro Cezar Pereira direcionada a Lu\u00eds Zubeld\u00eda\",\"datePublished\":\"2025-04-02T23:20:00+00:00\",\"mainEntityOfPage\":{\"@id\":\"https:\/\/www.gaveanews.com\/index.php\/2025\/04\/02\/video-a-declaracao-de-mauro-cezar-pereira-direcionada-a-luis-zubeldia\/\"},\"wordCount\":553,\"commentCount\":0,\"image\":{\"@id\":\"https:\/\/www.gaveanews.com\/index.php\/2025\/04\/02\/video-a-declaracao-de-mauro-cezar-pereira-direcionada-a-luis-zubeldia\/#primaryimage\"},\"thumbnailUrl\":\"https:\/\/www.gaveanews.com\/wp-content\/uploads\/Mauro-Cezar.webp\",\"articleSection\":[\"S\u00e3o Paulo\"],\"inLanguage\":\"pt-BR\",\"potentialAction\":[{\"@type\":\"CommentAction\",\"name\":\"Comment\",\"target\":[\"https:\/\/www.gaveanews.com\/index.php\/2025\/04\/02\/video-a-declaracao-de-mauro-cezar-pereira-direcionada-a-luis-zubeldia\/#respond\"]}],\"copyrightYear\":\"2025\",\"copyrightHolder\":{\"@id\":\"https:\/\/www.gaveanews.com\/#organization\"}},{\"@type\":\"WebPage\",\"@id\":\"https:\/\/www.gaveanews.com\/index.php\/2025\/04\/02\/video-a-declaracao-de-mauro-cezar-pereira-direcionada-a-luis-zubeldia\/\",\"url\":\"https:\/\/www.gaveanews.com\/index.php\/2025\/04\/02\/video-a-declaracao-de-mauro-cezar-pereira-direcionada-a-luis-zubeldia\/\",\"name\":\"V\u00eddeo: a declara\u00e7\u00e3o de Mauro Cezar Pereira direcionada a Lu\u00eds Zubeld\u00eda\",\"isPartOf\":{\"@id\":\"https:\/\/www.gaveanews.com\/#website\"},\"primaryImageOfPage\":{\"@id\":\"https:\/\/www.gaveanews.com\/index.php\/2025\/04\/02\/video-a-declaracao-de-mauro-cezar-pereira-direcionada-a-luis-zubeldia\/#primaryimage\"},\"image\":{\"@id\":\"https:\/\/www.gaveanews.com\/index.php\/2025\/04\/02\/video-a-declaracao-de-mauro-cezar-pereira-direcionada-a-luis-zubeldia\/#primaryimage\"},\"thumbnailUrl\":\"https:\/\/www.gaveanews.com\/wp-content\/uploads\/Mauro-Cezar.webp\",\"datePublished\":\"2025-04-02T23:20:00+00:00\",\"author\":{\"@id\":\"https:\/\/www.gaveanews.com\/#\/schema\/person\/8207cd4627f56151707418bfc835b2fb\"},\"breadcrumb\":{\"@id\":\"https:\/\/www.gaveanews.com\/index.php\/2025\/04\/02\/video-a-declaracao-de-mauro-cezar-pereira-direcionada-a-luis-zubeldia\/#breadcrumb\"},\"inLanguage\":\"pt-BR\",\"potentialAction\":[{\"@type\":\"ReadAction\",\"target\":[\"https:\/\/www.gaveanews.com\/index.php\/2025\/04\/02\/video-a-declaracao-de-mauro-cezar-pereira-direcionada-a-luis-zubeldia\/\"]}]},{\"@type\":\"ImageObject\",\"inLanguage\":\"pt-BR\",\"@id\":\"https:\/\/www.gaveanews.com\/index.php\/2025\/04\/02\/video-a-declaracao-de-mauro-cezar-pereira-direcionada-a-luis-zubeldia\/#primaryimage\",\"url\":\"https:\/\/www.gaveanews.com\/wp-content\/uploads\/Mauro-Cezar.webp\",\"contentUrl\":\"https:\/\/www.gaveanews.com\/wp-content\/uploads\/Mauro-Cezar.webp\",\"width\":846,\"height\":564,\"caption\":\"Mauro Cesar em Programa pela Jovem Pan - Foto: Reprodu\u00e7\u00e3o\/Jovem Pan\"},{\"@type\":\"BreadcrumbList\",\"@id\":\"https:\/\/www.gaveanews.com\/index.php\/2025\/04\/02\/video-a-declaracao-de-mauro-cezar-pereira-direcionada-a-luis-zubeldia\/#breadcrumb\",\"itemListElement\":[{\"@type\":\"ListItem\",\"position\":1,\"name\":\"Home\",\"item\":\"https:\/\/www.gaveanews.com\/\"},{\"@type\":\"ListItem\",\"position\":2,\"name\":\"V\u00eddeo: a declara\u00e7\u00e3o de Mauro Cezar Pereira direcionada a Lu\u00eds Zubeld\u00eda\"}]},{\"@type\":\"WebSite\",\"@id\":\"https:\/\/www.gaveanews.com\/#website\",\"url\":\"https:\/\/www.gaveanews.com\/\",\"name\":\"G\u00e1vea News\",\"description\":\"Veja todas as not\u00edcias sobre o Flamengo: Contrata\u00e7\u00f5es, categorias de base, resultados das partidas, tabela de classifica\u00e7\u00e3o, pr\u00f3ximos jogos!\",\"potentialAction\":[{\"@type\":\"SearchAction\",\"target\":{\"@type\":\"EntryPoint\",\"urlTemplate\":\"https:\/\/www.gaveanews.com\/?s={search_term_string}\"},\"query-input\":{\"@type\":\"PropertyValueSpecification\",\"valueRequired\":true,\"valueName\":\"search_term_string\"}}],\"inLanguage\":\"pt-BR\"},{\"@type\":\"Person\",\"@id\":\"https:\/\/www.gaveanews.com\/#\/schema\/person\/8207cd4627f56151707418bfc835b2fb\",\"name\":\"Matheus Felipe\",\"image\":{\"@type\":\"ImageObject\",\"inLanguage\":\"pt-BR\",\"@id\":\"https:\/\/www.gaveanews.com\/#\/schema\/person\/image\/\",\"url\":\"https:\/\/secure.gravatar.com\/avatar\/a452ffbed9130f726358b298bb3a99ce4bd3c5338411f8440e87e14d74c7c087?s=96&d=mm&r=g\",\"contentUrl\":\"https:\/\/secure.gravatar.com\/avatar\/a452ffbed9130f726358b298bb3a99ce4bd3c5338411f8440e87e14d74c7c087?s=96&d=mm&r=g\",\"caption\":\"Matheus Felipe\"}}]}<\/script>\n<!-- \/ Yoast SEO Premium plugin. -->","yoast_head_json":{"title":"V\u00eddeo: a declara\u00e7\u00e3o de Mauro Cezar Pereira direcionada a Lu\u00eds Zubeld\u00eda","robots":{"index":"index","follow":"follow","max-snippet":"max-snippet:-1","max-image-preview":"max-image-preview:large","max-video-preview":"max-video-preview:-1"},"canonical":"https:\/\/www.gaveanews.com\/index.php\/2025\/04\/02\/video-a-declaracao-de-mauro-cezar-pereira-direcionada-a-luis-zubeldia\/","og_locale":"pt_BR","og_type":"article","og_title":"V\u00eddeo: a declara\u00e7\u00e3o de Mauro Cezar Pereira direcionada a Lu\u00eds Zubeld\u00eda","og_description":"A semana come\u00e7ou com clima de press\u00e3o nos bastidores do S\u00e3o Paulo. Ap\u00f3s o empate sem gols com o Sport, no s\u00e1bado (29 de mar\u00e7o), pela estreia no Campeonato Brasileiro, a atua\u00e7\u00e3o da equipe no Morumbis foi alvo de protestos de parte dos 38 mil torcedores presentes. Luis Zubeld\u00eda foi diretamente criticado e chegou a [&hellip;]","og_url":"https:\/\/www.gaveanews.com\/index.php\/2025\/04\/02\/video-a-declaracao-de-mauro-cezar-pereira-direcionada-a-luis-zubeldia\/","og_site_name":"G\u00e1vea News","article_publisher":"https:\/\/facebook.com\/gaveaNews\/","article_published_time":"2025-04-02T23:20:00+00:00","og_image":[{"width":846,"height":564,"url":"https:\/\/www.gaveanews.com\/wp-content\/uploads\/Mauro-Cezar.webp","type":"image\/webp"}],"author":"Matheus Felipe","twitter_card":"summary_large_image","twitter_misc":{"Escrito por":"Matheus Felipe","Est. tempo de leitura":"3 minutos"},"schema":{"@context":"https:\/\/schema.org","@graph":[{"@type":"NewsArticle","@id":"https:\/\/www.gaveanews.com\/index.php\/2025\/04\/02\/video-a-declaracao-de-mauro-cezar-pereira-direcionada-a-luis-zubeldia\/#article","isPartOf":{"@id":"https:\/\/www.gaveanews.com\/index.php\/2025\/04\/02\/video-a-declaracao-de-mauro-cezar-pereira-direcionada-a-luis-zubeldia\/"},"author":{"name":"Matheus Felipe","@id":"https:\/\/www.gaveanews.com\/#\/schema\/person\/8207cd4627f56151707418bfc835b2fb"},"headline":"V\u00eddeo: a declara\u00e7\u00e3o de Mauro Cezar Pereira direcionada a Lu\u00eds Zubeld\u00eda","datePublished":"2025-04-02T23:20:00+00:00","mainEntityOfPage":{"@id":"https:\/\/www.gaveanews.com\/index.php\/2025\/04\/02\/video-a-declaracao-de-mauro-cezar-pereira-direcionada-a-luis-zubeldia\/"},"wordCount":553,"commentCount":0,"image":{"@id":"https:\/\/www.gaveanews.com\/index.php\/2025\/04\/02\/video-a-declaracao-de-mauro-cezar-pereira-direcionada-a-luis-zubeldia\/#primaryimage"},"thumbnailUrl":"https:\/\/www.gaveanews.com\/wp-content\/uploads\/Mauro-Cezar.webp","articleSection":["S\u00e3o Paulo"],"inLanguage":"pt-BR","potentialAction":[{"@type":"CommentAction","name":"Comment","target":["https:\/\/www.gaveanews.com\/index.php\/2025\/04\/02\/video-a-declaracao-de-mauro-cezar-pereira-direcionada-a-luis-zubeldia\/#respond"]}],"copyrightYear":"2025","copyrightHolder":{"@id":"https:\/\/www.gaveanews.com\/#organization"}},{"@type":"WebPage","@id":"https:\/\/www.gaveanews.com\/index.php\/2025\/04\/02\/video-a-declaracao-de-mauro-cezar-pereira-direcionada-a-luis-zubeldia\/","url":"https:\/\/www.gaveanews.com\/index.php\/2025\/04\/02\/video-a-declaracao-de-mauro-cezar-pereira-direcionada-a-luis-zubeldia\/","name":"V\u00eddeo: a declara\u00e7\u00e3o de Mauro Cezar Pereira direcionada a Lu\u00eds Zubeld\u00eda","isPartOf":{"@id":"https:\/\/www.gaveanews.com\/#website"},"primaryImageOfPage":{"@id":"https:\/\/www.gaveanews.com\/index.php\/2025\/04\/02\/video-a-declaracao-de-mauro-cezar-pereira-direcionada-a-luis-zubeldia\/#primaryimage"},"image":{"@id":"https:\/\/www.gaveanews.com\/index.php\/2025\/04\/02\/video-a-declaracao-de-mauro-cezar-pereira-direcionada-a-luis-zubeldia\/#primaryimage"},"thumbnailUrl":"https:\/\/www.gaveanews.com\/wp-content\/uploads\/Mauro-Cezar.webp","datePublished":"2025-04-02T23:20:00+00:00","author":{"@id":"https:\/\/www.gaveanews.com\/#\/schema\/person\/8207cd4627f56151707418bfc835b2fb"},"breadcrumb":{"@id":"https:\/\/www.gaveanews.com\/index.php\/2025\/04\/02\/video-a-declaracao-de-mauro-cezar-pereira-direcionada-a-luis-zubeldia\/#breadcrumb"},"inLanguage":"pt-BR","potentialAction":[{"@type":"ReadAction","target":["https:\/\/www.gaveanews.com\/index.php\/2025\/04\/02\/video-a-declaracao-de-mauro-cezar-pereira-direcionada-a-luis-zubeldia\/"]}]},{"@type":"ImageObject","inLanguage":"pt-BR","@id":"https:\/\/www.gaveanews.com\/index.php\/2025\/04\/02\/video-a-declaracao-de-mauro-cezar-pereira-direcionada-a-luis-zubeldia\/#primaryimage","url":"https:\/\/www.gaveanews.com\/wp-content\/uploads\/Mauro-Cezar.webp","contentUrl":"https:\/\/www.gaveanews.com\/wp-content\/uploads\/Mauro-Cezar.webp","width":846,"height":564,"caption":"Mauro Cesar em Programa pela Jovem Pan - Foto: Reprodu\u00e7\u00e3o\/Jovem Pan"},{"@type":"BreadcrumbList","@id":"https:\/\/www.gaveanews.com\/index.php\/2025\/04\/02\/video-a-declaracao-de-mauro-cezar-pereira-direcionada-a-luis-zubeldia\/#breadcrumb","itemListElement":[{"@type":"ListItem","position":1,"name":"Home","item":"https:\/\/www.gaveanews.com\/"},{"@type":"ListItem","position":2,"name":"V\u00eddeo: a declara\u00e7\u00e3o de Mauro Cezar Pereira direcionada a Lu\u00eds Zubeld\u00eda"}]},{"@type":"WebSite","@id":"https:\/\/www.gaveanews.com\/#website","url":"https:\/\/www.gaveanews.com\/","name":"G\u00e1vea News","description":"Veja todas as not\u00edcias sobre o Flamengo: Contrata\u00e7\u00f5es, categorias de base, resultados das partidas, tabela de classifica\u00e7\u00e3o, pr\u00f3ximos jogos!","potentialAction":[{"@type":"SearchAction","target":{"@type":"EntryPoint","urlTemplate":"https:\/\/www.gaveanews.com\/?s={search_term_string}"},"query-input":{"@type":"PropertyValueSpecification","valueRequired":true,"valueName":"search_term_string"}}],"inLanguage":"pt-BR"},{"@type":"Person","@id":"https:\/\/www.gaveanews.com\/#\/schema\/person\/8207cd4627f56151707418bfc835b2fb","name":"Matheus Felipe","image":{"@type":"ImageObject","inLanguage":"pt-BR","@id":"https:\/\/www.gaveanews.com\/#\/schema\/person\/image\/","url":"https:\/\/secure.gravatar.com\/avatar\/a452ffbed9130f726358b298bb3a99ce4bd3c5338411f8440e87e14d74c7c087?s=96&d=mm&r=g","contentUrl":"https:\/\/secure.gravatar.com\/avatar\/a452ffbed9130f726358b298bb3a99ce4bd3c5338411f8440e87e14d74c7c087?s=96&d=mm&r=g","caption":"Matheus Felipe"}}]}},"_links":{"self":[{"href":"https:\/\/www.gaveanews.com\/index.php\/wp-json\/wp\/v2\/posts\/248118","targetHints":{"allow":["GET"]}}],"collection":[{"href":"https:\/\/www.gaveanews.com\/index.php\/wp-json\/wp\/v2\/posts"}],"about":[{"href":"https:\/\/www.gaveanews.com\/index.php\/wp-json\/wp\/v2\/types\/post"}],"author":[{"embeddable":true,"href":"https:\/\/www.gaveanews.com\/index.php\/wp-json\/wp\/v2\/users\/27"}],"replies":[{"embeddable":true,"href":"https:\/\/www.gaveanews.com\/index.php\/wp-json\/wp\/v2\/comments?post=248118"}],"version-history":[{"count":1,"href":"https:\/\/www.gaveanews.com\/index.php\/wp-json\/wp\/v2\/posts\/248118\/revisions"}],"predecessor-version":[{"id":248129,"href":"https:\/\/www.gaveanews.com\/index.php\/wp-json\/wp\/v2\/posts\/248118\/revisions\/248129"}],"wp:featuredmedia":[{"embeddable":true,"href":"https:\/\/www.gaveanews.com\/index.php\/wp-json\/wp\/v2\/media\/101020"}],"wp:attachment":[{"href":"https:\/\/www.gaveanews.com\/index.php\/wp-json\/wp\/v2\/media?parent=248118"}],"wp:term":[{"taxonomy":"category","embeddable":true,"href":"https:\/\/www.gaveanews.com\/index.php\/wp-json\/wp\/v2\/categories?post=248118"},{"taxonomy":"post_tag","embeddable":true,"href":"https:\/\/www.gaveanews.com\/index.php\/wp-json\/wp\/v2\/tags?post=248118"}],"curies":[{"name":"wp","href":"https:\/\/api.w.org\/{rel}","templated":true}]}}