{"id":248119,"date":"2025-04-02T20:25:00","date_gmt":"2025-04-02T23:25:00","guid":{"rendered":"https:\/\/www.gaveanews.com\/?p=248119"},"modified":"2025-04-02T17:17:14","modified_gmt":"2025-04-02T20:17:14","slug":"everson-lyanco-junior-alonso-guilherme-arana-alan-franco-natanael-gustavo-scarpa-os-jogadores-do-atletico-mineiro-com-mais-minutos-jogados-na-temporada","status":"publish","type":"post","link":"https:\/\/www.gaveanews.com\/index.php\/2025\/04\/02\/everson-lyanco-junior-alonso-guilherme-arana-alan-franco-natanael-gustavo-scarpa-os-jogadores-do-atletico-mineiro-com-mais-minutos-jogados-na-temporada\/","title":{"rendered":"\u00c9verson, Lyanco, J\u00fanior Alonso, Guilherme Arana, Alan Franco, Natanael, Gustavo Scarpa: os jogadores do Atl\u00e9tico Mineiro com mais minutos jogados na temporada"},"content":{"rendered":"\n<p>O Atl\u00e9tico Mineiro conta com uma base s\u00f3lida de jogadores que t\u00eam sido fundamentais ao longo da temporada. A regularidade desses atletas se reflete na quantidade de minutos jogados, mostrando que a comiss\u00e3o t\u00e9cnica confia neles para compor a espinha dorsal da equipe. Sendo assim, vamos analisar individualmente os jogadores com mais minutos em campo pelo Galo.<\/p>\n\n\n\n<h2 class=\"wp-block-heading\" id=\"h-everson\">\u00c9verson<\/h2>\n\n\n\n<figure class=\"wp-block-image size-large\"><img loading=\"lazy\" decoding=\"async\" width=\"1024\" height=\"683\" src=\"http:\/\/www.gaveanews.com\/wp-content\/uploads\/Everson-durante-treino-do-Atletico-MG-1024x683.webp\" alt=\"\" class=\"wp-image-140586\" srcset=\"https:\/\/www.gaveanews.com\/wp-content\/uploads\/Everson-durante-treino-do-Atletico-MG-1024x683.webp 1024w, https:\/\/www.gaveanews.com\/wp-content\/uploads\/Everson-durante-treino-do-Atletico-MG-300x200.webp 300w, https:\/\/www.gaveanews.com\/wp-content\/uploads\/Everson-durante-treino-do-Atletico-MG-768x512.webp 768w, https:\/\/www.gaveanews.com\/wp-content\/uploads\/Everson-durante-treino-do-Atletico-MG-630x420.webp 630w, https:\/\/www.gaveanews.com\/wp-content\/uploads\/Everson-durante-treino-do-Atletico-MG-640x427.webp 640w, https:\/\/www.gaveanews.com\/wp-content\/uploads\/Everson-durante-treino-do-Atletico-MG-681x454.webp 681w, https:\/\/www.gaveanews.com\/wp-content\/uploads\/Everson-durante-treino-do-Atletico-MG-100x67.webp 100w, https:\/\/www.gaveanews.com\/wp-content\/uploads\/Everson-durante-treino-do-Atletico-MG.webp 1224w\" sizes=\"auto, (max-width: 1024px) 100vw, 1024px\" \/><figcaption class=\"wp-element-caption\">Everson durante treino do Atl\u00e9tico-MG (Foto: Pedro Souza\/Atl\u00e9tico)<\/figcaption><\/figure>\n\n\n\n<p>O goleiro \u00c9verson lidera a lista, com 1.170 minutos disputados em 13 partidas. Isso porque ele tem sido um dos pilares da equipe, garantindo seguran\u00e7a \u00e0 defesa e realizando defesas importantes em momentos decisivos.&nbsp;<\/p>\n\n\n\n<p>Al\u00e9m disso, sua habilidade com os p\u00e9s ajuda o time a sair jogando com qualidade, um diferencial no esquema t\u00e1tico do Atl\u00e9tico.<\/p>\n\n\n\n<h2 class=\"wp-block-heading\" id=\"h-lyanco\">Lyanco<\/h2>\n\n\n\n<figure class=\"wp-block-image size-full\"><img loading=\"lazy\" decoding=\"async\" width=\"690\" height=\"421\" src=\"http:\/\/www.gaveanews.com\/wp-content\/uploads\/Lyanco.webp\" alt=\"Lyanco\" class=\"wp-image-225525\"\/><figcaption class=\"wp-element-caption\">Lyanco (Foto: Reprodu\u00e7\u00e3o)<\/figcaption><\/figure>\n\n\n\n<p>O zagueiro Lyanco tamb\u00e9m soma 1.170 minutos na temporada, destacando-se n\u00e3o apenas pela solidez na defesa, mas tamb\u00e9m por sua contribui\u00e7\u00e3o no ataque, com dois gols marcados.&nbsp;<\/p>\n\n\n\n<p>Cabe ressaltar que sua imposi\u00e7\u00e3o f\u00edsica e boa leitura de jogo fazem dele um defensor confi\u00e1vel para o t\u00e9cnico.<\/p>\n\n\n\n<h2 class=\"wp-block-heading\" id=\"h-junior-alonso\">J\u00fanior Alonso<\/h2>\n\n\n\n<figure class=\"wp-block-image size-full\"><img loading=\"lazy\" decoding=\"async\" width=\"1000\" height=\"667\" src=\"http:\/\/www.gaveanews.com\/wp-content\/uploads\/Junior-Alonso-em-acao-pelo-Atletico-MG.webp\" alt=\"\" class=\"wp-image-70674\" srcset=\"https:\/\/www.gaveanews.com\/wp-content\/uploads\/Junior-Alonso-em-acao-pelo-Atletico-MG.webp 1000w, https:\/\/www.gaveanews.com\/wp-content\/uploads\/Junior-Alonso-em-acao-pelo-Atletico-MG-300x200.webp 300w, https:\/\/www.gaveanews.com\/wp-content\/uploads\/Junior-Alonso-em-acao-pelo-Atletico-MG-768x512.webp 768w, https:\/\/www.gaveanews.com\/wp-content\/uploads\/Junior-Alonso-em-acao-pelo-Atletico-MG-630x420.webp 630w, https:\/\/www.gaveanews.com\/wp-content\/uploads\/Junior-Alonso-em-acao-pelo-Atletico-MG-640x427.webp 640w, https:\/\/www.gaveanews.com\/wp-content\/uploads\/Junior-Alonso-em-acao-pelo-Atletico-MG-681x454.webp 681w, https:\/\/www.gaveanews.com\/wp-content\/uploads\/Junior-Alonso-em-acao-pelo-Atletico-MG-100x67.webp 100w\" sizes=\"auto, (max-width: 1000px) 100vw, 1000px\" \/><figcaption class=\"wp-element-caption\">Junior Alonso em a\u00e7\u00e3o pelo Atl\u00e9tico-MG (Foto: Pedro Souza\/Atl\u00e9tico-MG)<\/figcaption><\/figure>\n\n\n\n<p>Com 1.108 minutos jogados, o paraguaio J\u00fanior Alonso continua sendo uma pe\u00e7a-chave na defesa atleticana. Vale destacar que sua experi\u00eancia internacional e lideran\u00e7a dentro de campo fazem dele um jogador de extrema import\u00e2ncia, especialmente em jogos de alto n\u00edvel.<\/p>\n\n\n\n<h2 class=\"wp-block-heading\" id=\"h-guilherme-arana\">Guilherme Arana<\/h2>\n\n\n\n<figure class=\"wp-block-image size-full\"><img loading=\"lazy\" decoding=\"async\" width=\"721\" height=\"535\" src=\"http:\/\/www.gaveanews.com\/wp-content\/uploads\/Guilherme-Arana-pelo-Atletico-MG.webp\" alt=\"\" class=\"wp-image-168221\" srcset=\"https:\/\/www.gaveanews.com\/wp-content\/uploads\/Guilherme-Arana-pelo-Atletico-MG.webp 721w, https:\/\/www.gaveanews.com\/wp-content\/uploads\/Guilherme-Arana-pelo-Atletico-MG-300x223.webp 300w, https:\/\/www.gaveanews.com\/wp-content\/uploads\/Guilherme-Arana-pelo-Atletico-MG-566x420.webp 566w, https:\/\/www.gaveanews.com\/wp-content\/uploads\/Guilherme-Arana-pelo-Atletico-MG-80x60.webp 80w, https:\/\/www.gaveanews.com\/wp-content\/uploads\/Guilherme-Arana-pelo-Atletico-MG-160x120.webp 160w, https:\/\/www.gaveanews.com\/wp-content\/uploads\/Guilherme-Arana-pelo-Atletico-MG-100x74.webp 100w, https:\/\/www.gaveanews.com\/wp-content\/uploads\/Guilherme-Arana-pelo-Atletico-MG-180x135.webp 180w, https:\/\/www.gaveanews.com\/wp-content\/uploads\/Guilherme-Arana-pelo-Atletico-MG-238x178.webp 238w, https:\/\/www.gaveanews.com\/wp-content\/uploads\/Guilherme-Arana-pelo-Atletico-MG-640x475.webp 640w, https:\/\/www.gaveanews.com\/wp-content\/uploads\/Guilherme-Arana-pelo-Atletico-MG-681x505.webp 681w\" sizes=\"auto, (max-width: 721px) 100vw, 721px\" \/><figcaption class=\"wp-element-caption\">Guilherme Arana pelo Atl\u00e9tico-MG (Foto: Pedro Souza\/Atl\u00e9tico-MG)<\/figcaption><\/figure>\n\n\n\n<p>O lateral Guilherme Arana soma 1.073 minutos e segue sendo um dos principais nomes da equipe. Isso porque sua capacidade ofensiva agrega muito ao time, oferecendo qualidade nos cruzamentos e ajudando na cria\u00e7\u00e3o de jogadas pelo lado esquerdo.&nbsp;<\/p>\n\n\n\n<p>Dessa maneira, ele mant\u00e9m seu status como um dos melhores laterais do futebol brasileiro.<\/p>\n\n\n\n<h2 class=\"wp-block-heading\" id=\"h-alan-franco\">Alan Franco<\/h2>\n\n\n\n<figure class=\"wp-block-image size-full\"><img loading=\"lazy\" decoding=\"async\" width=\"640\" height=\"582\" src=\"http:\/\/www.gaveanews.com\/wp-content\/uploads\/Alan-Franco-em-acao-pelo-Atletico-MG.webp\" alt=\"\" class=\"wp-image-171355\" srcset=\"https:\/\/www.gaveanews.com\/wp-content\/uploads\/Alan-Franco-em-acao-pelo-Atletico-MG.webp 640w, https:\/\/www.gaveanews.com\/wp-content\/uploads\/Alan-Franco-em-acao-pelo-Atletico-MG-300x273.webp 300w, https:\/\/www.gaveanews.com\/wp-content\/uploads\/Alan-Franco-em-acao-pelo-Atletico-MG-462x420.webp 462w, https:\/\/www.gaveanews.com\/wp-content\/uploads\/Alan-Franco-em-acao-pelo-Atletico-MG-100x91.webp 100w\" sizes=\"auto, (max-width: 640px) 100vw, 640px\" \/><figcaption class=\"wp-element-caption\">Alan Franco em a\u00e7\u00e3o pelo Atl\u00e9tico-MG  (Foto: Pedro Souza\/Atl\u00e9tico)<\/figcaption><\/figure>\n\n\n\n<p>O meio-campista equatoriano Alan Franco aparece com 1.059 minutos jogados. Por isso, sua import\u00e2ncia t\u00e1tica \u00e9 indiscut\u00edvel, j\u00e1 que ele contribui tanto defensivamente quanto ofensivamente, dando equil\u00edbrio ao time e auxiliando na transi\u00e7\u00e3o entre os setores.<\/p>\n\n\n\n<h2 class=\"wp-block-heading\" id=\"h-natanael\">Natanael<\/h2>\n\n\n\n<p>O defensor Natanael tamb\u00e9m se destaca com 1.057 minutos em campo. Sua regularidade na temporada demonstra a confian\u00e7a que a comiss\u00e3o t\u00e9cnica deposita nele. Al\u00e9m disso, sua versatilidade faz com que seja uma pe\u00e7a \u00fatil para a rota\u00e7\u00e3o da equipe.<\/p>\n\n\n\n<h2 class=\"wp-block-heading\" id=\"h-gustavo-scarpa\">Gustavo Scarpa<\/h2>\n\n\n\n<figure class=\"wp-block-image size-large\"><img loading=\"lazy\" decoding=\"async\" width=\"1024\" height=\"512\" src=\"http:\/\/www.gaveanews.com\/wp-content\/uploads\/Gustavo-Scarpa-no-Atletico-Mineiro-Foto-Pedro-Souza-Atletico-Esporte-News-Mundo-1024x512.webp\" alt=\"Gustavo Scarpa no Atl\u00e9tico Mineiro (Foto Pedro Souza Atl\u00e9tico Esporte News Mundo)\" class=\"wp-image-150531\" srcset=\"https:\/\/www.gaveanews.com\/wp-content\/uploads\/Gustavo-Scarpa-no-Atletico-Mineiro-Foto-Pedro-Souza-Atletico-Esporte-News-Mundo-1024x512.webp 1024w, https:\/\/www.gaveanews.com\/wp-content\/uploads\/Gustavo-Scarpa-no-Atletico-Mineiro-Foto-Pedro-Souza-Atletico-Esporte-News-Mundo-300x150.webp 300w, https:\/\/www.gaveanews.com\/wp-content\/uploads\/Gustavo-Scarpa-no-Atletico-Mineiro-Foto-Pedro-Souza-Atletico-Esporte-News-Mundo-768x384.webp 768w, https:\/\/www.gaveanews.com\/wp-content\/uploads\/Gustavo-Scarpa-no-Atletico-Mineiro-Foto-Pedro-Souza-Atletico-Esporte-News-Mundo-840x420.webp 840w, https:\/\/www.gaveanews.com\/wp-content\/uploads\/Gustavo-Scarpa-no-Atletico-Mineiro-Foto-Pedro-Souza-Atletico-Esporte-News-Mundo-640x320.webp 640w, https:\/\/www.gaveanews.com\/wp-content\/uploads\/Gustavo-Scarpa-no-Atletico-Mineiro-Foto-Pedro-Souza-Atletico-Esporte-News-Mundo-681x341.webp 681w, https:\/\/www.gaveanews.com\/wp-content\/uploads\/Gustavo-Scarpa-no-Atletico-Mineiro-Foto-Pedro-Souza-Atletico-Esporte-News-Mundo-100x50.webp 100w, https:\/\/www.gaveanews.com\/wp-content\/uploads\/Gustavo-Scarpa-no-Atletico-Mineiro-Foto-Pedro-Souza-Atletico-Esporte-News-Mundo.webp 1200w\" sizes=\"auto, (max-width: 1024px) 100vw, 1024px\" \/><figcaption class=\"wp-element-caption\">Gustavo Scarpa no Atl\u00e9tico Mineiro (Foto Pedro Souza Atl\u00e9tico Esporte News Mundo)<\/figcaption><\/figure>\n\n\n\n<p>Com 1.012 minutos jogados, Gustavo Scarpa aparece entre os mais utilizados. O meia, conhecido por sua t\u00e9cnica apurada, tem sido um jogador essencial na cria\u00e7\u00e3o de jogadas, sendo respons\u00e1vel por organizar o setor ofensivo e distribuir bem os passes.<\/p>\n\n\n\n<p>Isso porque sua vis\u00e3o de jogo e capacidade de finaliza\u00e7\u00e3o fazem dele um atleta diferenciado no elenco.<\/p>\n","protected":false},"excerpt":{"rendered":"<p>O Atl\u00e9tico Mineiro conta com uma base s\u00f3lida de jogadores que t\u00eam sido fundamentais ao longo da temporada. A regularidade desses atletas se reflete na quantidade de minutos jogados, mostrando que a comiss\u00e3o t\u00e9cnica confia neles para compor a espinha dorsal da equipe. Sendo assim, vamos analisar individualmente os jogadores com mais minutos em campo [&hellip;]<\/p>\n","protected":false},"author":25,"featured_media":153999,"comment_status":"open","ping_status":"closed","sticky":false,"template":"","format":"standard","meta":{"footnotes":""},"categories":[136],"tags":[],"class_list":["post-248119","post","type-post","status-publish","format-standard","has-post-thumbnail","hentry","category-atletico-mg"],"yoast_head":"<!-- This site is optimized with the Yoast SEO Premium plugin v24.2 (Yoast SEO v26.9) - https:\/\/yoast.com\/product\/yoast-seo-premium-wordpress\/ -->\n<title>\u00c9verson, Lyanco, J\u00fanior Alonso, Guilherme Arana, Alan Franco, Natanael, Gustavo Scarpa: os jogadores do Atl\u00e9tico Mineiro com mais minutos jogados na temporada<\/title>\n<meta name=\"robots\" content=\"index, follow, max-snippet:-1, max-image-preview:large, max-video-preview:-1\" \/>\n<link rel=\"canonical\" href=\"https:\/\/www.gaveanews.com\/index.php\/2025\/04\/02\/everson-lyanco-junior-alonso-guilherme-arana-alan-franco-natanael-gustavo-scarpa-os-jogadores-do-atletico-mineiro-com-mais-minutos-jogados-na-temporada\/\" \/>\n<meta property=\"og:locale\" content=\"pt_BR\" \/>\n<meta property=\"og:type\" content=\"article\" \/>\n<meta property=\"og:title\" content=\"\u00c9verson, Lyanco, J\u00fanior Alonso, Guilherme Arana, Alan Franco, Natanael, Gustavo Scarpa: os jogadores do Atl\u00e9tico Mineiro com mais minutos jogados na temporada\" \/>\n<meta property=\"og:description\" content=\"O Atl\u00e9tico Mineiro conta com uma base s\u00f3lida de jogadores que t\u00eam sido fundamentais ao longo da temporada. A regularidade desses atletas se reflete na quantidade de minutos jogados, mostrando que a comiss\u00e3o t\u00e9cnica confia neles para compor a espinha dorsal da equipe. Sendo assim, vamos analisar individualmente os jogadores com mais minutos em campo [&hellip;]\" \/>\n<meta property=\"og:url\" content=\"https:\/\/www.gaveanews.com\/index.php\/2025\/04\/02\/everson-lyanco-junior-alonso-guilherme-arana-alan-franco-natanael-gustavo-scarpa-os-jogadores-do-atletico-mineiro-com-mais-minutos-jogados-na-temporada\/\" \/>\n<meta property=\"og:site_name\" content=\"G\u00e1vea News\" \/>\n<meta property=\"article:publisher\" content=\"https:\/\/facebook.com\/gaveaNews\/\" \/>\n<meta property=\"article:published_time\" content=\"2025-04-02T23:25:00+00:00\" \/>\n<meta property=\"og:image\" content=\"https:\/\/www.gaveanews.com\/wp-content\/uploads\/Estadio-do-Atletico-MG.webp\" \/>\n\t<meta property=\"og:image:width\" content=\"900\" \/>\n\t<meta property=\"og:image:height\" content=\"600\" \/>\n\t<meta property=\"og:image:type\" content=\"image\/webp\" \/>\n<meta name=\"author\" content=\"Rafaela Ladeira\" \/>\n<meta name=\"twitter:card\" content=\"summary_large_image\" \/>\n<meta name=\"twitter:label1\" content=\"Escrito por\" \/>\n\t<meta name=\"twitter:data1\" content=\"Rafaela Ladeira\" \/>\n\t<meta name=\"twitter:label2\" content=\"Est. tempo de leitura\" \/>\n\t<meta name=\"twitter:data2\" content=\"4 minutos\" \/>\n<script type=\"application\/ld+json\" class=\"yoast-schema-graph\">{\"@context\":\"https:\/\/schema.org\",\"@graph\":[{\"@type\":\"NewsArticle\",\"@id\":\"https:\/\/www.gaveanews.com\/index.php\/2025\/04\/02\/everson-lyanco-junior-alonso-guilherme-arana-alan-franco-natanael-gustavo-scarpa-os-jogadores-do-atletico-mineiro-com-mais-minutos-jogados-na-temporada\/#article\",\"isPartOf\":{\"@id\":\"https:\/\/www.gaveanews.com\/index.php\/2025\/04\/02\/everson-lyanco-junior-alonso-guilherme-arana-alan-franco-natanael-gustavo-scarpa-os-jogadores-do-atletico-mineiro-com-mais-minutos-jogados-na-temporada\/\"},\"author\":{\"name\":\"Rafaela Ladeira\",\"@id\":\"https:\/\/www.gaveanews.com\/#\/schema\/person\/0eb3e3fe1754f0205218538adbe8f5ed\"},\"headline\":\"\u00c9verson, Lyanco, J\u00fanior Alonso, Guilherme Arana, Alan Franco, Natanael, Gustavo Scarpa: os jogadores do Atl\u00e9tico Mineiro com mais minutos jogados na temporada\",\"datePublished\":\"2025-04-02T23:25:00+00:00\",\"mainEntityOfPage\":{\"@id\":\"https:\/\/www.gaveanews.com\/index.php\/2025\/04\/02\/everson-lyanco-junior-alonso-guilherme-arana-alan-franco-natanael-gustavo-scarpa-os-jogadores-do-atletico-mineiro-com-mais-minutos-jogados-na-temporada\/\"},\"wordCount\":519,\"commentCount\":0,\"image\":{\"@id\":\"https:\/\/www.gaveanews.com\/index.php\/2025\/04\/02\/everson-lyanco-junior-alonso-guilherme-arana-alan-franco-natanael-gustavo-scarpa-os-jogadores-do-atletico-mineiro-com-mais-minutos-jogados-na-temporada\/#primaryimage\"},\"thumbnailUrl\":\"https:\/\/www.gaveanews.com\/wp-content\/uploads\/Estadio-do-Atletico-MG.webp\",\"articleSection\":[\"Atl\u00e9tico-MG\"],\"inLanguage\":\"pt-BR\",\"potentialAction\":[{\"@type\":\"CommentAction\",\"name\":\"Comment\",\"target\":[\"https:\/\/www.gaveanews.com\/index.php\/2025\/04\/02\/everson-lyanco-junior-alonso-guilherme-arana-alan-franco-natanael-gustavo-scarpa-os-jogadores-do-atletico-mineiro-com-mais-minutos-jogados-na-temporada\/#respond\"]}],\"copyrightYear\":\"2025\",\"copyrightHolder\":{\"@id\":\"https:\/\/www.gaveanews.com\/#organization\"}},{\"@type\":\"WebPage\",\"@id\":\"https:\/\/www.gaveanews.com\/index.php\/2025\/04\/02\/everson-lyanco-junior-alonso-guilherme-arana-alan-franco-natanael-gustavo-scarpa-os-jogadores-do-atletico-mineiro-com-mais-minutos-jogados-na-temporada\/\",\"url\":\"https:\/\/www.gaveanews.com\/index.php\/2025\/04\/02\/everson-lyanco-junior-alonso-guilherme-arana-alan-franco-natanael-gustavo-scarpa-os-jogadores-do-atletico-mineiro-com-mais-minutos-jogados-na-temporada\/\",\"name\":\"\u00c9verson, Lyanco, J\u00fanior Alonso, Guilherme Arana, Alan Franco, Natanael, Gustavo Scarpa: os jogadores do Atl\u00e9tico Mineiro com mais minutos jogados na temporada\",\"isPartOf\":{\"@id\":\"https:\/\/www.gaveanews.com\/#website\"},\"primaryImageOfPage\":{\"@id\":\"https:\/\/www.gaveanews.com\/index.php\/2025\/04\/02\/everson-lyanco-junior-alonso-guilherme-arana-alan-franco-natanael-gustavo-scarpa-os-jogadores-do-atletico-mineiro-com-mais-minutos-jogados-na-temporada\/#primaryimage\"},\"image\":{\"@id\":\"https:\/\/www.gaveanews.com\/index.php\/2025\/04\/02\/everson-lyanco-junior-alonso-guilherme-arana-alan-franco-natanael-gustavo-scarpa-os-jogadores-do-atletico-mineiro-com-mais-minutos-jogados-na-temporada\/#primaryimage\"},\"thumbnailUrl\":\"https:\/\/www.gaveanews.com\/wp-content\/uploads\/Estadio-do-Atletico-MG.webp\",\"datePublished\":\"2025-04-02T23:25:00+00:00\",\"author\":{\"@id\":\"https:\/\/www.gaveanews.com\/#\/schema\/person\/0eb3e3fe1754f0205218538adbe8f5ed\"},\"breadcrumb\":{\"@id\":\"https:\/\/www.gaveanews.com\/index.php\/2025\/04\/02\/everson-lyanco-junior-alonso-guilherme-arana-alan-franco-natanael-gustavo-scarpa-os-jogadores-do-atletico-mineiro-com-mais-minutos-jogados-na-temporada\/#breadcrumb\"},\"inLanguage\":\"pt-BR\",\"potentialAction\":[{\"@type\":\"ReadAction\",\"target\":[\"https:\/\/www.gaveanews.com\/index.php\/2025\/04\/02\/everson-lyanco-junior-alonso-guilherme-arana-alan-franco-natanael-gustavo-scarpa-os-jogadores-do-atletico-mineiro-com-mais-minutos-jogados-na-temporada\/\"]}]},{\"@type\":\"ImageObject\",\"inLanguage\":\"pt-BR\",\"@id\":\"https:\/\/www.gaveanews.com\/index.php\/2025\/04\/02\/everson-lyanco-junior-alonso-guilherme-arana-alan-franco-natanael-gustavo-scarpa-os-jogadores-do-atletico-mineiro-com-mais-minutos-jogados-na-temporada\/#primaryimage\",\"url\":\"https:\/\/www.gaveanews.com\/wp-content\/uploads\/Estadio-do-Atletico-MG.webp\",\"contentUrl\":\"https:\/\/www.gaveanews.com\/wp-content\/uploads\/Estadio-do-Atletico-MG.webp\",\"width\":900,\"height\":600,\"caption\":\"Arena MRV, est\u00e1dio do Atl\u00e9tico-MG (Foto: Reprodu\u00e7\u00e3o\/Atl\u00e9tico)\"},{\"@type\":\"BreadcrumbList\",\"@id\":\"https:\/\/www.gaveanews.com\/index.php\/2025\/04\/02\/everson-lyanco-junior-alonso-guilherme-arana-alan-franco-natanael-gustavo-scarpa-os-jogadores-do-atletico-mineiro-com-mais-minutos-jogados-na-temporada\/#breadcrumb\",\"itemListElement\":[{\"@type\":\"ListItem\",\"position\":1,\"name\":\"Home\",\"item\":\"https:\/\/www.gaveanews.com\/\"},{\"@type\":\"ListItem\",\"position\":2,\"name\":\"\u00c9verson, Lyanco, J\u00fanior Alonso, Guilherme Arana, Alan Franco, Natanael, Gustavo Scarpa: os jogadores do Atl\u00e9tico Mineiro com mais minutos jogados na temporada\"}]},{\"@type\":\"WebSite\",\"@id\":\"https:\/\/www.gaveanews.com\/#website\",\"url\":\"https:\/\/www.gaveanews.com\/\",\"name\":\"G\u00e1vea News\",\"description\":\"Veja todas as not\u00edcias sobre o Flamengo: Contrata\u00e7\u00f5es, categorias de base, resultados das partidas, tabela de classifica\u00e7\u00e3o, pr\u00f3ximos jogos!\",\"potentialAction\":[{\"@type\":\"SearchAction\",\"target\":{\"@type\":\"EntryPoint\",\"urlTemplate\":\"https:\/\/www.gaveanews.com\/?s={search_term_string}\"},\"query-input\":{\"@type\":\"PropertyValueSpecification\",\"valueRequired\":true,\"valueName\":\"search_term_string\"}}],\"inLanguage\":\"pt-BR\"},{\"@type\":\"Person\",\"@id\":\"https:\/\/www.gaveanews.com\/#\/schema\/person\/0eb3e3fe1754f0205218538adbe8f5ed\",\"name\":\"Rafaela Ladeira\",\"image\":{\"@type\":\"ImageObject\",\"inLanguage\":\"pt-BR\",\"@id\":\"https:\/\/www.gaveanews.com\/#\/schema\/person\/image\/\",\"url\":\"https:\/\/secure.gravatar.com\/avatar\/c31f513acffd85eacab5730cbdfdbbf59f21ba5aeada8cd890acea879fbb2455?s=96&d=mm&r=g\",\"contentUrl\":\"https:\/\/secure.gravatar.com\/avatar\/c31f513acffd85eacab5730cbdfdbbf59f21ba5aeada8cd890acea879fbb2455?s=96&d=mm&r=g\",\"caption\":\"Rafaela Ladeira\"}}]}<\/script>\n<!-- \/ Yoast SEO Premium plugin. -->","yoast_head_json":{"title":"\u00c9verson, Lyanco, J\u00fanior Alonso, Guilherme Arana, Alan Franco, Natanael, Gustavo Scarpa: os jogadores do Atl\u00e9tico Mineiro com mais minutos jogados na temporada","robots":{"index":"index","follow":"follow","max-snippet":"max-snippet:-1","max-image-preview":"max-image-preview:large","max-video-preview":"max-video-preview:-1"},"canonical":"https:\/\/www.gaveanews.com\/index.php\/2025\/04\/02\/everson-lyanco-junior-alonso-guilherme-arana-alan-franco-natanael-gustavo-scarpa-os-jogadores-do-atletico-mineiro-com-mais-minutos-jogados-na-temporada\/","og_locale":"pt_BR","og_type":"article","og_title":"\u00c9verson, Lyanco, J\u00fanior Alonso, Guilherme Arana, Alan Franco, Natanael, Gustavo Scarpa: os jogadores do Atl\u00e9tico Mineiro com mais minutos jogados na temporada","og_description":"O Atl\u00e9tico Mineiro conta com uma base s\u00f3lida de jogadores que t\u00eam sido fundamentais ao longo da temporada. A regularidade desses atletas se reflete na quantidade de minutos jogados, mostrando que a comiss\u00e3o t\u00e9cnica confia neles para compor a espinha dorsal da equipe. Sendo assim, vamos analisar individualmente os jogadores com mais minutos em campo [&hellip;]","og_url":"https:\/\/www.gaveanews.com\/index.php\/2025\/04\/02\/everson-lyanco-junior-alonso-guilherme-arana-alan-franco-natanael-gustavo-scarpa-os-jogadores-do-atletico-mineiro-com-mais-minutos-jogados-na-temporada\/","og_site_name":"G\u00e1vea News","article_publisher":"https:\/\/facebook.com\/gaveaNews\/","article_published_time":"2025-04-02T23:25:00+00:00","og_image":[{"width":900,"height":600,"url":"https:\/\/www.gaveanews.com\/wp-content\/uploads\/Estadio-do-Atletico-MG.webp","type":"image\/webp"}],"author":"Rafaela Ladeira","twitter_card":"summary_large_image","twitter_misc":{"Escrito por":"Rafaela Ladeira","Est. tempo de leitura":"4 minutos"},"schema":{"@context":"https:\/\/schema.org","@graph":[{"@type":"NewsArticle","@id":"https:\/\/www.gaveanews.com\/index.php\/2025\/04\/02\/everson-lyanco-junior-alonso-guilherme-arana-alan-franco-natanael-gustavo-scarpa-os-jogadores-do-atletico-mineiro-com-mais-minutos-jogados-na-temporada\/#article","isPartOf":{"@id":"https:\/\/www.gaveanews.com\/index.php\/2025\/04\/02\/everson-lyanco-junior-alonso-guilherme-arana-alan-franco-natanael-gustavo-scarpa-os-jogadores-do-atletico-mineiro-com-mais-minutos-jogados-na-temporada\/"},"author":{"name":"Rafaela Ladeira","@id":"https:\/\/www.gaveanews.com\/#\/schema\/person\/0eb3e3fe1754f0205218538adbe8f5ed"},"headline":"\u00c9verson, Lyanco, J\u00fanior Alonso, Guilherme Arana, Alan Franco, Natanael, Gustavo Scarpa: os jogadores do Atl\u00e9tico Mineiro com mais minutos jogados na temporada","datePublished":"2025-04-02T23:25:00+00:00","mainEntityOfPage":{"@id":"https:\/\/www.gaveanews.com\/index.php\/2025\/04\/02\/everson-lyanco-junior-alonso-guilherme-arana-alan-franco-natanael-gustavo-scarpa-os-jogadores-do-atletico-mineiro-com-mais-minutos-jogados-na-temporada\/"},"wordCount":519,"commentCount":0,"image":{"@id":"https:\/\/www.gaveanews.com\/index.php\/2025\/04\/02\/everson-lyanco-junior-alonso-guilherme-arana-alan-franco-natanael-gustavo-scarpa-os-jogadores-do-atletico-mineiro-com-mais-minutos-jogados-na-temporada\/#primaryimage"},"thumbnailUrl":"https:\/\/www.gaveanews.com\/wp-content\/uploads\/Estadio-do-Atletico-MG.webp","articleSection":["Atl\u00e9tico-MG"],"inLanguage":"pt-BR","potentialAction":[{"@type":"CommentAction","name":"Comment","target":["https:\/\/www.gaveanews.com\/index.php\/2025\/04\/02\/everson-lyanco-junior-alonso-guilherme-arana-alan-franco-natanael-gustavo-scarpa-os-jogadores-do-atletico-mineiro-com-mais-minutos-jogados-na-temporada\/#respond"]}],"copyrightYear":"2025","copyrightHolder":{"@id":"https:\/\/www.gaveanews.com\/#organization"}},{"@type":"WebPage","@id":"https:\/\/www.gaveanews.com\/index.php\/2025\/04\/02\/everson-lyanco-junior-alonso-guilherme-arana-alan-franco-natanael-gustavo-scarpa-os-jogadores-do-atletico-mineiro-com-mais-minutos-jogados-na-temporada\/","url":"https:\/\/www.gaveanews.com\/index.php\/2025\/04\/02\/everson-lyanco-junior-alonso-guilherme-arana-alan-franco-natanael-gustavo-scarpa-os-jogadores-do-atletico-mineiro-com-mais-minutos-jogados-na-temporada\/","name":"\u00c9verson, Lyanco, J\u00fanior Alonso, Guilherme Arana, Alan Franco, Natanael, Gustavo Scarpa: os jogadores do Atl\u00e9tico Mineiro com mais minutos jogados na temporada","isPartOf":{"@id":"https:\/\/www.gaveanews.com\/#website"},"primaryImageOfPage":{"@id":"https:\/\/www.gaveanews.com\/index.php\/2025\/04\/02\/everson-lyanco-junior-alonso-guilherme-arana-alan-franco-natanael-gustavo-scarpa-os-jogadores-do-atletico-mineiro-com-mais-minutos-jogados-na-temporada\/#primaryimage"},"image":{"@id":"https:\/\/www.gaveanews.com\/index.php\/2025\/04\/02\/everson-lyanco-junior-alonso-guilherme-arana-alan-franco-natanael-gustavo-scarpa-os-jogadores-do-atletico-mineiro-com-mais-minutos-jogados-na-temporada\/#primaryimage"},"thumbnailUrl":"https:\/\/www.gaveanews.com\/wp-content\/uploads\/Estadio-do-Atletico-MG.webp","datePublished":"2025-04-02T23:25:00+00:00","author":{"@id":"https:\/\/www.gaveanews.com\/#\/schema\/person\/0eb3e3fe1754f0205218538adbe8f5ed"},"breadcrumb":{"@id":"https:\/\/www.gaveanews.com\/index.php\/2025\/04\/02\/everson-lyanco-junior-alonso-guilherme-arana-alan-franco-natanael-gustavo-scarpa-os-jogadores-do-atletico-mineiro-com-mais-minutos-jogados-na-temporada\/#breadcrumb"},"inLanguage":"pt-BR","potentialAction":[{"@type":"ReadAction","target":["https:\/\/www.gaveanews.com\/index.php\/2025\/04\/02\/everson-lyanco-junior-alonso-guilherme-arana-alan-franco-natanael-gustavo-scarpa-os-jogadores-do-atletico-mineiro-com-mais-minutos-jogados-na-temporada\/"]}]},{"@type":"ImageObject","inLanguage":"pt-BR","@id":"https:\/\/www.gaveanews.com\/index.php\/2025\/04\/02\/everson-lyanco-junior-alonso-guilherme-arana-alan-franco-natanael-gustavo-scarpa-os-jogadores-do-atletico-mineiro-com-mais-minutos-jogados-na-temporada\/#primaryimage","url":"https:\/\/www.gaveanews.com\/wp-content\/uploads\/Estadio-do-Atletico-MG.webp","contentUrl":"https:\/\/www.gaveanews.com\/wp-content\/uploads\/Estadio-do-Atletico-MG.webp","width":900,"height":600,"caption":"Arena MRV, est\u00e1dio do Atl\u00e9tico-MG (Foto: Reprodu\u00e7\u00e3o\/Atl\u00e9tico)"},{"@type":"BreadcrumbList","@id":"https:\/\/www.gaveanews.com\/index.php\/2025\/04\/02\/everson-lyanco-junior-alonso-guilherme-arana-alan-franco-natanael-gustavo-scarpa-os-jogadores-do-atletico-mineiro-com-mais-minutos-jogados-na-temporada\/#breadcrumb","itemListElement":[{"@type":"ListItem","position":1,"name":"Home","item":"https:\/\/www.gaveanews.com\/"},{"@type":"ListItem","position":2,"name":"\u00c9verson, Lyanco, J\u00fanior Alonso, Guilherme Arana, Alan Franco, Natanael, Gustavo Scarpa: os jogadores do Atl\u00e9tico Mineiro com mais minutos jogados na temporada"}]},{"@type":"WebSite","@id":"https:\/\/www.gaveanews.com\/#website","url":"https:\/\/www.gaveanews.com\/","name":"G\u00e1vea News","description":"Veja todas as not\u00edcias sobre o Flamengo: Contrata\u00e7\u00f5es, categorias de base, resultados das partidas, tabela de classifica\u00e7\u00e3o, pr\u00f3ximos jogos!","potentialAction":[{"@type":"SearchAction","target":{"@type":"EntryPoint","urlTemplate":"https:\/\/www.gaveanews.com\/?s={search_term_string}"},"query-input":{"@type":"PropertyValueSpecification","valueRequired":true,"valueName":"search_term_string"}}],"inLanguage":"pt-BR"},{"@type":"Person","@id":"https:\/\/www.gaveanews.com\/#\/schema\/person\/0eb3e3fe1754f0205218538adbe8f5ed","name":"Rafaela Ladeira","image":{"@type":"ImageObject","inLanguage":"pt-BR","@id":"https:\/\/www.gaveanews.com\/#\/schema\/person\/image\/","url":"https:\/\/secure.gravatar.com\/avatar\/c31f513acffd85eacab5730cbdfdbbf59f21ba5aeada8cd890acea879fbb2455?s=96&d=mm&r=g","contentUrl":"https:\/\/secure.gravatar.com\/avatar\/c31f513acffd85eacab5730cbdfdbbf59f21ba5aeada8cd890acea879fbb2455?s=96&d=mm&r=g","caption":"Rafaela Ladeira"}}]}},"_links":{"self":[{"href":"https:\/\/www.gaveanews.com\/index.php\/wp-json\/wp\/v2\/posts\/248119","targetHints":{"allow":["GET"]}}],"collection":[{"href":"https:\/\/www.gaveanews.com\/index.php\/wp-json\/wp\/v2\/posts"}],"about":[{"href":"https:\/\/www.gaveanews.com\/index.php\/wp-json\/wp\/v2\/types\/post"}],"author":[{"embeddable":true,"href":"https:\/\/www.gaveanews.com\/index.php\/wp-json\/wp\/v2\/users\/25"}],"replies":[{"embeddable":true,"href":"https:\/\/www.gaveanews.com\/index.php\/wp-json\/wp\/v2\/comments?post=248119"}],"version-history":[{"count":1,"href":"https:\/\/www.gaveanews.com\/index.php\/wp-json\/wp\/v2\/posts\/248119\/revisions"}],"predecessor-version":[{"id":248122,"href":"https:\/\/www.gaveanews.com\/index.php\/wp-json\/wp\/v2\/posts\/248119\/revisions\/248122"}],"wp:featuredmedia":[{"embeddable":true,"href":"https:\/\/www.gaveanews.com\/index.php\/wp-json\/wp\/v2\/media\/153999"}],"wp:attachment":[{"href":"https:\/\/www.gaveanews.com\/index.php\/wp-json\/wp\/v2\/media?parent=248119"}],"wp:term":[{"taxonomy":"category","embeddable":true,"href":"https:\/\/www.gaveanews.com\/index.php\/wp-json\/wp\/v2\/categories?post=248119"},{"taxonomy":"post_tag","embeddable":true,"href":"https:\/\/www.gaveanews.com\/index.php\/wp-json\/wp\/v2\/tags?post=248119"}],"curies":[{"name":"wp","href":"https:\/\/api.w.org\/{rel}","templated":true}]}}