{"id":248123,"date":"2025-04-02T20:30:00","date_gmt":"2025-04-02T23:30:00","guid":{"rendered":"https:\/\/www.gaveanews.com\/?p=248123"},"modified":"2025-04-02T17:21:18","modified_gmt":"2025-04-02T20:21:18","slug":"o-pensamento-da-diretoria-do-palmeiras-sobre-o-trabalho-de-abel-ferreira","status":"publish","type":"post","link":"https:\/\/www.gaveanews.com\/index.php\/2025\/04\/02\/o-pensamento-da-diretoria-do-palmeiras-sobre-o-trabalho-de-abel-ferreira\/","title":{"rendered":"O pensamento da diretoria do Palmeiras sobre o trabalho de Abel Ferreira"},"content":{"rendered":"\n<p>Mesmo atravessando um dos momentos mais irregulares sob o comando de Abel Ferreira, o Palmeiras mant\u00e9m total confian\u00e7a no trabalho do t\u00e9cnico portugu\u00eas. Ap\u00f3s a derrota na final do Campeonato Paulista para o Corinthians e um empate sem gols com o Botafogo na estreia do Campeonato Brasileiro, a diretoria alviverde n\u00e3o apenas descarta qualquer possibilidade de demiss\u00e3o, como j\u00e1 articula uma renova\u00e7\u00e3o contratual.<\/p>\n\n\n\n<p>A instabilidade do time neste in\u00edcio de temporada n\u00e3o abalou a convic\u00e7\u00e3o da c\u00fapula do clube em rela\u00e7\u00e3o ao treinador. Internamente, a avalia\u00e7\u00e3o \u00e9 de que Abel ainda \u00e9 o nome ideal para liderar o elenco. &#8220;Questionar um treinador com dez t\u00edtulos?&#8221;, afirmou uma fonte ligada \u00e0 diretoria, sob condi\u00e7\u00e3o de anonimato. Essa mesma fonte declarou que a chance de uma demiss\u00e3o \u00e9 &#8220;inferior a zero&#8221;, sinalizando uma postura firme da gest\u00e3o palmeirense.<\/p>\n\n\n\n<p>Atualmente, Abel Ferreira tem v\u00ednculo com o clube at\u00e9 dezembro deste ano. Ainda que n\u00e3o haja pressa para formalizar uma proposta, os primeiros movimentos j\u00e1 foram iniciados nos bastidores. O Palmeiras considera a excelente rela\u00e7\u00e3o com o treinador um dos trunfos para facilitar um eventual acordo. Assim sendo, a tend\u00eancia \u00e9 que as tratativas ocorram de forma natural, conforme o andamento da temporada.<\/p>\n\n\n\n<figure class=\"wp-block-image size-full\"><img loading=\"lazy\" decoding=\"async\" width=\"840\" height=\"510\" src=\"http:\/\/www.gaveanews.com\/wp-content\/uploads\/chrome_ODu3uwWaKP.webp\" alt=\"\" class=\"wp-image-102760\" srcset=\"https:\/\/www.gaveanews.com\/wp-content\/uploads\/chrome_ODu3uwWaKP.webp 840w, https:\/\/www.gaveanews.com\/wp-content\/uploads\/chrome_ODu3uwWaKP-300x182.webp 300w, https:\/\/www.gaveanews.com\/wp-content\/uploads\/chrome_ODu3uwWaKP-768x466.webp 768w, https:\/\/www.gaveanews.com\/wp-content\/uploads\/chrome_ODu3uwWaKP-692x420.webp 692w, https:\/\/www.gaveanews.com\/wp-content\/uploads\/chrome_ODu3uwWaKP-640x389.webp 640w, https:\/\/www.gaveanews.com\/wp-content\/uploads\/chrome_ODu3uwWaKP-681x413.webp 681w, https:\/\/www.gaveanews.com\/wp-content\/uploads\/chrome_ODu3uwWaKP-100x61.webp 100w\" sizes=\"auto, (max-width: 840px) 100vw, 840px\" \/><figcaption class=\"wp-element-caption\">Abel Ferreira em Jogo pelo Palmeiras &#8211; Foto Reprodu\u00e7\u00e3o<\/figcaption><\/figure>\n\n\n\n<h2 class=\"wp-block-heading\" id=\"h-planejamento-do-palmeiras\">Planejamento do Palmeiras<\/h2>\n\n\n\n<p>Embora os resultados recentes tenham gerado cobran\u00e7as por parte da torcida, especialmente ap\u00f3s a perda do t\u00edtulo estadual e a aus\u00eancia de gols marcados nos \u00faltimos compromissos, o planejamento da diretoria segue inalterado. O entendimento interno \u00e9 de que o projeto t\u00e9cnico comandado por Abel ainda tem muito a render, e que os ajustes necess\u00e1rios podem ser feitos ao longo das competi\u00e7\u00f5es que vir\u00e3o.<\/p>\n\n\n\n<p>Ali\u00e1s, o confronto desta quinta-feira (03 de abril), \u00e0s 19 horas (hor\u00e1rio de Bras\u00edlia), contra o Sporting Cristal, em Lima, pela estreia na Libertadores, \u00e9 visto como uma oportunidade para o time recuperar a confian\u00e7a. Um desempenho convincente pode diminuir o ru\u00eddo externo e reafirmar a estabilidade interna que o clube insiste em manter.<\/p>\n\n\n\n<p>Portanto, mesmo em meio a um cen\u00e1rio de cobran\u00e7a por resultados, a diretoria palmeirense opta por blindar Abel Ferreira. A decis\u00e3o vai na contram\u00e3o de uma poss\u00edvel mudan\u00e7a no comando e aponta para a continuidade de um projeto t\u00e9cnico que, apesar das cr\u00edticas pontuais, segue respaldado por conquistas expressivas e uma vis\u00e3o de longo prazo.<\/p>\n","protected":false},"excerpt":{"rendered":"<p>Mesmo atravessando um dos momentos mais irregulares sob o comando de Abel Ferreira, o Palmeiras mant\u00e9m total confian\u00e7a no trabalho do t\u00e9cnico portugu\u00eas. Ap\u00f3s a derrota na final do Campeonato Paulista para o Corinthians e um empate sem gols com o Botafogo na estreia do Campeonato Brasileiro, a diretoria alviverde n\u00e3o apenas descarta qualquer possibilidade [&hellip;]<\/p>\n","protected":false},"author":30,"featured_media":157841,"comment_status":"open","ping_status":"closed","sticky":false,"template":"","format":"standard","meta":{"footnotes":""},"categories":[150],"tags":[],"class_list":["post-248123","post","type-post","status-publish","format-standard","has-post-thumbnail","hentry","category-palmeiras"],"yoast_head":"<!-- This site is optimized with the Yoast SEO Premium plugin v24.2 (Yoast SEO v26.9) - https:\/\/yoast.com\/product\/yoast-seo-premium-wordpress\/ -->\n<title>O pensamento da diretoria do Palmeiras sobre o trabalho de Abel Ferreira<\/title>\n<meta name=\"robots\" content=\"index, follow, max-snippet:-1, max-image-preview:large, max-video-preview:-1\" \/>\n<link rel=\"canonical\" href=\"https:\/\/www.gaveanews.com\/index.php\/2025\/04\/02\/o-pensamento-da-diretoria-do-palmeiras-sobre-o-trabalho-de-abel-ferreira\/\" \/>\n<meta property=\"og:locale\" content=\"pt_BR\" \/>\n<meta property=\"og:type\" content=\"article\" \/>\n<meta property=\"og:title\" content=\"O pensamento da diretoria do Palmeiras sobre o trabalho de Abel Ferreira\" \/>\n<meta property=\"og:description\" content=\"Mesmo atravessando um dos momentos mais irregulares sob o comando de Abel Ferreira, o Palmeiras mant\u00e9m total confian\u00e7a no trabalho do t\u00e9cnico portugu\u00eas. Ap\u00f3s a derrota na final do Campeonato Paulista para o Corinthians e um empate sem gols com o Botafogo na estreia do Campeonato Brasileiro, a diretoria alviverde n\u00e3o apenas descarta qualquer possibilidade [&hellip;]\" \/>\n<meta property=\"og:url\" content=\"https:\/\/www.gaveanews.com\/index.php\/2025\/04\/02\/o-pensamento-da-diretoria-do-palmeiras-sobre-o-trabalho-de-abel-ferreira\/\" \/>\n<meta property=\"og:site_name\" content=\"G\u00e1vea News\" \/>\n<meta property=\"article:publisher\" content=\"https:\/\/facebook.com\/gaveaNews\/\" \/>\n<meta property=\"article:published_time\" content=\"2025-04-02T23:30:00+00:00\" \/>\n<meta property=\"og:image\" content=\"https:\/\/www.gaveanews.com\/wp-content\/uploads\/Abel-Ferreira-durante-um-momento-reflexivo-apos-um-treino-do-Palmeiras.webp\" \/>\n\t<meta property=\"og:image:width\" content=\"1500\" \/>\n\t<meta property=\"og:image:height\" content=\"844\" \/>\n\t<meta property=\"og:image:type\" content=\"image\/jpeg\" \/>\n<meta name=\"author\" content=\"Ana Teixeira\" \/>\n<meta name=\"twitter:card\" content=\"summary_large_image\" \/>\n<meta name=\"twitter:label1\" content=\"Escrito por\" \/>\n\t<meta name=\"twitter:data1\" content=\"Ana Teixeira\" \/>\n\t<meta name=\"twitter:label2\" content=\"Est. tempo de leitura\" \/>\n\t<meta name=\"twitter:data2\" content=\"3 minutos\" \/>\n<script type=\"application\/ld+json\" class=\"yoast-schema-graph\">{\"@context\":\"https:\/\/schema.org\",\"@graph\":[{\"@type\":\"NewsArticle\",\"@id\":\"https:\/\/www.gaveanews.com\/index.php\/2025\/04\/02\/o-pensamento-da-diretoria-do-palmeiras-sobre-o-trabalho-de-abel-ferreira\/#article\",\"isPartOf\":{\"@id\":\"https:\/\/www.gaveanews.com\/index.php\/2025\/04\/02\/o-pensamento-da-diretoria-do-palmeiras-sobre-o-trabalho-de-abel-ferreira\/\"},\"author\":{\"name\":\"Ana Teixeira\",\"@id\":\"https:\/\/www.gaveanews.com\/#\/schema\/person\/3b19f7288b0ce20372991275e4f2e6c2\"},\"headline\":\"O pensamento da diretoria do Palmeiras sobre o trabalho de Abel Ferreira\",\"datePublished\":\"2025-04-02T23:30:00+00:00\",\"mainEntityOfPage\":{\"@id\":\"https:\/\/www.gaveanews.com\/index.php\/2025\/04\/02\/o-pensamento-da-diretoria-do-palmeiras-sobre-o-trabalho-de-abel-ferreira\/\"},\"wordCount\":432,\"commentCount\":0,\"image\":{\"@id\":\"https:\/\/www.gaveanews.com\/index.php\/2025\/04\/02\/o-pensamento-da-diretoria-do-palmeiras-sobre-o-trabalho-de-abel-ferreira\/#primaryimage\"},\"thumbnailUrl\":\"https:\/\/www.gaveanews.com\/wp-content\/uploads\/Abel-Ferreira-durante-um-momento-reflexivo-apos-um-treino-do-Palmeiras.webp\",\"articleSection\":[\"Palmeiras\"],\"inLanguage\":\"pt-BR\",\"potentialAction\":[{\"@type\":\"CommentAction\",\"name\":\"Comment\",\"target\":[\"https:\/\/www.gaveanews.com\/index.php\/2025\/04\/02\/o-pensamento-da-diretoria-do-palmeiras-sobre-o-trabalho-de-abel-ferreira\/#respond\"]}],\"copyrightYear\":\"2025\",\"copyrightHolder\":{\"@id\":\"https:\/\/www.gaveanews.com\/#organization\"}},{\"@type\":\"WebPage\",\"@id\":\"https:\/\/www.gaveanews.com\/index.php\/2025\/04\/02\/o-pensamento-da-diretoria-do-palmeiras-sobre-o-trabalho-de-abel-ferreira\/\",\"url\":\"https:\/\/www.gaveanews.com\/index.php\/2025\/04\/02\/o-pensamento-da-diretoria-do-palmeiras-sobre-o-trabalho-de-abel-ferreira\/\",\"name\":\"O pensamento da diretoria do Palmeiras sobre o trabalho de Abel Ferreira\",\"isPartOf\":{\"@id\":\"https:\/\/www.gaveanews.com\/#website\"},\"primaryImageOfPage\":{\"@id\":\"https:\/\/www.gaveanews.com\/index.php\/2025\/04\/02\/o-pensamento-da-diretoria-do-palmeiras-sobre-o-trabalho-de-abel-ferreira\/#primaryimage\"},\"image\":{\"@id\":\"https:\/\/www.gaveanews.com\/index.php\/2025\/04\/02\/o-pensamento-da-diretoria-do-palmeiras-sobre-o-trabalho-de-abel-ferreira\/#primaryimage\"},\"thumbnailUrl\":\"https:\/\/www.gaveanews.com\/wp-content\/uploads\/Abel-Ferreira-durante-um-momento-reflexivo-apos-um-treino-do-Palmeiras.webp\",\"datePublished\":\"2025-04-02T23:30:00+00:00\",\"author\":{\"@id\":\"https:\/\/www.gaveanews.com\/#\/schema\/person\/3b19f7288b0ce20372991275e4f2e6c2\"},\"breadcrumb\":{\"@id\":\"https:\/\/www.gaveanews.com\/index.php\/2025\/04\/02\/o-pensamento-da-diretoria-do-palmeiras-sobre-o-trabalho-de-abel-ferreira\/#breadcrumb\"},\"inLanguage\":\"pt-BR\",\"potentialAction\":[{\"@type\":\"ReadAction\",\"target\":[\"https:\/\/www.gaveanews.com\/index.php\/2025\/04\/02\/o-pensamento-da-diretoria-do-palmeiras-sobre-o-trabalho-de-abel-ferreira\/\"]}]},{\"@type\":\"ImageObject\",\"inLanguage\":\"pt-BR\",\"@id\":\"https:\/\/www.gaveanews.com\/index.php\/2025\/04\/02\/o-pensamento-da-diretoria-do-palmeiras-sobre-o-trabalho-de-abel-ferreira\/#primaryimage\",\"url\":\"https:\/\/www.gaveanews.com\/wp-content\/uploads\/Abel-Ferreira-durante-um-momento-reflexivo-apos-um-treino-do-Palmeiras.webp\",\"contentUrl\":\"https:\/\/www.gaveanews.com\/wp-content\/uploads\/Abel-Ferreira-durante-um-momento-reflexivo-apos-um-treino-do-Palmeiras.webp\",\"width\":1500,\"height\":844,\"caption\":\"Abel Ferreira durante um momento reflexivo ap\u00f3s um treino do Palmeiras (Foto: Cesar Greco\/Palmeiras)\"},{\"@type\":\"BreadcrumbList\",\"@id\":\"https:\/\/www.gaveanews.com\/index.php\/2025\/04\/02\/o-pensamento-da-diretoria-do-palmeiras-sobre-o-trabalho-de-abel-ferreira\/#breadcrumb\",\"itemListElement\":[{\"@type\":\"ListItem\",\"position\":1,\"name\":\"Home\",\"item\":\"https:\/\/www.gaveanews.com\/\"},{\"@type\":\"ListItem\",\"position\":2,\"name\":\"O pensamento da diretoria do Palmeiras sobre o trabalho de Abel Ferreira\"}]},{\"@type\":\"WebSite\",\"@id\":\"https:\/\/www.gaveanews.com\/#website\",\"url\":\"https:\/\/www.gaveanews.com\/\",\"name\":\"G\u00e1vea News\",\"description\":\"Veja todas as not\u00edcias sobre o Flamengo: Contrata\u00e7\u00f5es, categorias de base, resultados das partidas, tabela de classifica\u00e7\u00e3o, pr\u00f3ximos jogos!\",\"potentialAction\":[{\"@type\":\"SearchAction\",\"target\":{\"@type\":\"EntryPoint\",\"urlTemplate\":\"https:\/\/www.gaveanews.com\/?s={search_term_string}\"},\"query-input\":{\"@type\":\"PropertyValueSpecification\",\"valueRequired\":true,\"valueName\":\"search_term_string\"}}],\"inLanguage\":\"pt-BR\"},{\"@type\":\"Person\",\"@id\":\"https:\/\/www.gaveanews.com\/#\/schema\/person\/3b19f7288b0ce20372991275e4f2e6c2\",\"name\":\"Ana Teixeira\",\"image\":{\"@type\":\"ImageObject\",\"inLanguage\":\"pt-BR\",\"@id\":\"https:\/\/www.gaveanews.com\/#\/schema\/person\/image\/\",\"url\":\"https:\/\/secure.gravatar.com\/avatar\/0a73f5a5258f3fed37fc2fa641892f3f7a4748456d4d4792f9bc550e6c19e06c?s=96&d=mm&r=g\",\"contentUrl\":\"https:\/\/secure.gravatar.com\/avatar\/0a73f5a5258f3fed37fc2fa641892f3f7a4748456d4d4792f9bc550e6c19e06c?s=96&d=mm&r=g\",\"caption\":\"Ana Teixeira\"}}]}<\/script>\n<!-- \/ Yoast SEO Premium plugin. -->","yoast_head_json":{"title":"O pensamento da diretoria do Palmeiras sobre o trabalho de Abel Ferreira","robots":{"index":"index","follow":"follow","max-snippet":"max-snippet:-1","max-image-preview":"max-image-preview:large","max-video-preview":"max-video-preview:-1"},"canonical":"https:\/\/www.gaveanews.com\/index.php\/2025\/04\/02\/o-pensamento-da-diretoria-do-palmeiras-sobre-o-trabalho-de-abel-ferreira\/","og_locale":"pt_BR","og_type":"article","og_title":"O pensamento da diretoria do Palmeiras sobre o trabalho de Abel Ferreira","og_description":"Mesmo atravessando um dos momentos mais irregulares sob o comando de Abel Ferreira, o Palmeiras mant\u00e9m total confian\u00e7a no trabalho do t\u00e9cnico portugu\u00eas. Ap\u00f3s a derrota na final do Campeonato Paulista para o Corinthians e um empate sem gols com o Botafogo na estreia do Campeonato Brasileiro, a diretoria alviverde n\u00e3o apenas descarta qualquer possibilidade [&hellip;]","og_url":"https:\/\/www.gaveanews.com\/index.php\/2025\/04\/02\/o-pensamento-da-diretoria-do-palmeiras-sobre-o-trabalho-de-abel-ferreira\/","og_site_name":"G\u00e1vea News","article_publisher":"https:\/\/facebook.com\/gaveaNews\/","article_published_time":"2025-04-02T23:30:00+00:00","og_image":[{"width":1500,"height":844,"url":"https:\/\/www.gaveanews.com\/wp-content\/uploads\/Abel-Ferreira-durante-um-momento-reflexivo-apos-um-treino-do-Palmeiras.webp","type":"image\/jpeg"}],"author":"Ana Teixeira","twitter_card":"summary_large_image","twitter_misc":{"Escrito por":"Ana Teixeira","Est. tempo de leitura":"3 minutos"},"schema":{"@context":"https:\/\/schema.org","@graph":[{"@type":"NewsArticle","@id":"https:\/\/www.gaveanews.com\/index.php\/2025\/04\/02\/o-pensamento-da-diretoria-do-palmeiras-sobre-o-trabalho-de-abel-ferreira\/#article","isPartOf":{"@id":"https:\/\/www.gaveanews.com\/index.php\/2025\/04\/02\/o-pensamento-da-diretoria-do-palmeiras-sobre-o-trabalho-de-abel-ferreira\/"},"author":{"name":"Ana Teixeira","@id":"https:\/\/www.gaveanews.com\/#\/schema\/person\/3b19f7288b0ce20372991275e4f2e6c2"},"headline":"O pensamento da diretoria do Palmeiras sobre o trabalho de Abel Ferreira","datePublished":"2025-04-02T23:30:00+00:00","mainEntityOfPage":{"@id":"https:\/\/www.gaveanews.com\/index.php\/2025\/04\/02\/o-pensamento-da-diretoria-do-palmeiras-sobre-o-trabalho-de-abel-ferreira\/"},"wordCount":432,"commentCount":0,"image":{"@id":"https:\/\/www.gaveanews.com\/index.php\/2025\/04\/02\/o-pensamento-da-diretoria-do-palmeiras-sobre-o-trabalho-de-abel-ferreira\/#primaryimage"},"thumbnailUrl":"https:\/\/www.gaveanews.com\/wp-content\/uploads\/Abel-Ferreira-durante-um-momento-reflexivo-apos-um-treino-do-Palmeiras.webp","articleSection":["Palmeiras"],"inLanguage":"pt-BR","potentialAction":[{"@type":"CommentAction","name":"Comment","target":["https:\/\/www.gaveanews.com\/index.php\/2025\/04\/02\/o-pensamento-da-diretoria-do-palmeiras-sobre-o-trabalho-de-abel-ferreira\/#respond"]}],"copyrightYear":"2025","copyrightHolder":{"@id":"https:\/\/www.gaveanews.com\/#organization"}},{"@type":"WebPage","@id":"https:\/\/www.gaveanews.com\/index.php\/2025\/04\/02\/o-pensamento-da-diretoria-do-palmeiras-sobre-o-trabalho-de-abel-ferreira\/","url":"https:\/\/www.gaveanews.com\/index.php\/2025\/04\/02\/o-pensamento-da-diretoria-do-palmeiras-sobre-o-trabalho-de-abel-ferreira\/","name":"O pensamento da diretoria do Palmeiras sobre o trabalho de Abel Ferreira","isPartOf":{"@id":"https:\/\/www.gaveanews.com\/#website"},"primaryImageOfPage":{"@id":"https:\/\/www.gaveanews.com\/index.php\/2025\/04\/02\/o-pensamento-da-diretoria-do-palmeiras-sobre-o-trabalho-de-abel-ferreira\/#primaryimage"},"image":{"@id":"https:\/\/www.gaveanews.com\/index.php\/2025\/04\/02\/o-pensamento-da-diretoria-do-palmeiras-sobre-o-trabalho-de-abel-ferreira\/#primaryimage"},"thumbnailUrl":"https:\/\/www.gaveanews.com\/wp-content\/uploads\/Abel-Ferreira-durante-um-momento-reflexivo-apos-um-treino-do-Palmeiras.webp","datePublished":"2025-04-02T23:30:00+00:00","author":{"@id":"https:\/\/www.gaveanews.com\/#\/schema\/person\/3b19f7288b0ce20372991275e4f2e6c2"},"breadcrumb":{"@id":"https:\/\/www.gaveanews.com\/index.php\/2025\/04\/02\/o-pensamento-da-diretoria-do-palmeiras-sobre-o-trabalho-de-abel-ferreira\/#breadcrumb"},"inLanguage":"pt-BR","potentialAction":[{"@type":"ReadAction","target":["https:\/\/www.gaveanews.com\/index.php\/2025\/04\/02\/o-pensamento-da-diretoria-do-palmeiras-sobre-o-trabalho-de-abel-ferreira\/"]}]},{"@type":"ImageObject","inLanguage":"pt-BR","@id":"https:\/\/www.gaveanews.com\/index.php\/2025\/04\/02\/o-pensamento-da-diretoria-do-palmeiras-sobre-o-trabalho-de-abel-ferreira\/#primaryimage","url":"https:\/\/www.gaveanews.com\/wp-content\/uploads\/Abel-Ferreira-durante-um-momento-reflexivo-apos-um-treino-do-Palmeiras.webp","contentUrl":"https:\/\/www.gaveanews.com\/wp-content\/uploads\/Abel-Ferreira-durante-um-momento-reflexivo-apos-um-treino-do-Palmeiras.webp","width":1500,"height":844,"caption":"Abel Ferreira durante um momento reflexivo ap\u00f3s um treino do Palmeiras (Foto: Cesar Greco\/Palmeiras)"},{"@type":"BreadcrumbList","@id":"https:\/\/www.gaveanews.com\/index.php\/2025\/04\/02\/o-pensamento-da-diretoria-do-palmeiras-sobre-o-trabalho-de-abel-ferreira\/#breadcrumb","itemListElement":[{"@type":"ListItem","position":1,"name":"Home","item":"https:\/\/www.gaveanews.com\/"},{"@type":"ListItem","position":2,"name":"O pensamento da diretoria do Palmeiras sobre o trabalho de Abel Ferreira"}]},{"@type":"WebSite","@id":"https:\/\/www.gaveanews.com\/#website","url":"https:\/\/www.gaveanews.com\/","name":"G\u00e1vea News","description":"Veja todas as not\u00edcias sobre o Flamengo: Contrata\u00e7\u00f5es, categorias de base, resultados das partidas, tabela de classifica\u00e7\u00e3o, pr\u00f3ximos jogos!","potentialAction":[{"@type":"SearchAction","target":{"@type":"EntryPoint","urlTemplate":"https:\/\/www.gaveanews.com\/?s={search_term_string}"},"query-input":{"@type":"PropertyValueSpecification","valueRequired":true,"valueName":"search_term_string"}}],"inLanguage":"pt-BR"},{"@type":"Person","@id":"https:\/\/www.gaveanews.com\/#\/schema\/person\/3b19f7288b0ce20372991275e4f2e6c2","name":"Ana Teixeira","image":{"@type":"ImageObject","inLanguage":"pt-BR","@id":"https:\/\/www.gaveanews.com\/#\/schema\/person\/image\/","url":"https:\/\/secure.gravatar.com\/avatar\/0a73f5a5258f3fed37fc2fa641892f3f7a4748456d4d4792f9bc550e6c19e06c?s=96&d=mm&r=g","contentUrl":"https:\/\/secure.gravatar.com\/avatar\/0a73f5a5258f3fed37fc2fa641892f3f7a4748456d4d4792f9bc550e6c19e06c?s=96&d=mm&r=g","caption":"Ana Teixeira"}}]}},"_links":{"self":[{"href":"https:\/\/www.gaveanews.com\/index.php\/wp-json\/wp\/v2\/posts\/248123","targetHints":{"allow":["GET"]}}],"collection":[{"href":"https:\/\/www.gaveanews.com\/index.php\/wp-json\/wp\/v2\/posts"}],"about":[{"href":"https:\/\/www.gaveanews.com\/index.php\/wp-json\/wp\/v2\/types\/post"}],"author":[{"embeddable":true,"href":"https:\/\/www.gaveanews.com\/index.php\/wp-json\/wp\/v2\/users\/30"}],"replies":[{"embeddable":true,"href":"https:\/\/www.gaveanews.com\/index.php\/wp-json\/wp\/v2\/comments?post=248123"}],"version-history":[{"count":3,"href":"https:\/\/www.gaveanews.com\/index.php\/wp-json\/wp\/v2\/posts\/248123\/revisions"}],"predecessor-version":[{"id":248134,"href":"https:\/\/www.gaveanews.com\/index.php\/wp-json\/wp\/v2\/posts\/248123\/revisions\/248134"}],"wp:featuredmedia":[{"embeddable":true,"href":"https:\/\/www.gaveanews.com\/index.php\/wp-json\/wp\/v2\/media\/157841"}],"wp:attachment":[{"href":"https:\/\/www.gaveanews.com\/index.php\/wp-json\/wp\/v2\/media?parent=248123"}],"wp:term":[{"taxonomy":"category","embeddable":true,"href":"https:\/\/www.gaveanews.com\/index.php\/wp-json\/wp\/v2\/categories?post=248123"},{"taxonomy":"post_tag","embeddable":true,"href":"https:\/\/www.gaveanews.com\/index.php\/wp-json\/wp\/v2\/tags?post=248123"}],"curies":[{"name":"wp","href":"https:\/\/api.w.org\/{rel}","templated":true}]}}