{"id":248133,"date":"2025-04-02T21:00:00","date_gmt":"2025-04-03T00:00:00","guid":{"rendered":"https:\/\/www.gaveanews.com\/?p=248133"},"modified":"2025-04-02T17:25:45","modified_gmt":"2025-04-02T20:25:45","slug":"augusto-melo-recebe-acusacao-muito-grave-no-corinthians","status":"publish","type":"post","link":"https:\/\/www.gaveanews.com\/index.php\/2025\/04\/02\/augusto-melo-recebe-acusacao-muito-grave-no-corinthians\/","title":{"rendered":"Augusto Melo recebe acusa\u00e7\u00e3o muito grave no Corinthians"},"content":{"rendered":"\n<p>O bom momento vivido pelo Corinthians dentro de campo contrasta com uma nova pol\u00eamica nos bastidores. Apesar da conquista do t\u00edtulo estadual diante do principal rival e do in\u00edcio promissor no Campeonato Brasileiro, a gest\u00e3o de Augusto Melo voltou a ser questionada ap\u00f3s declara\u00e7\u00f5es do presidente sobre um poss\u00edvel novo inqu\u00e9rito policial.<\/p>\n\n\n\n<p>Anteriormente, Augusto Melo havia afirmado que havia solicitado \u00e0 Pol\u00edcia Civil a abertura de um novo inqu\u00e9rito para apurar den\u00fancias relacionadas a um suposto esquema de cambismo. A declara\u00e7\u00e3o foi feita antes do \u00faltimo D\u00e9rbi, com o mandat\u00e1rio deixando claro que pretendia \u201cresolver essa situa\u00e7\u00e3o de uma vez por todas\u201d.<\/p>\n\n\n\n<figure class=\"wp-block-image size-large\"><img loading=\"lazy\" decoding=\"async\" width=\"1024\" height=\"682\" src=\"http:\/\/www.gaveanews.com\/wp-content\/uploads\/Escudo-do-Corinthians-na-Neo-Quimica-Arena-1024x682.webp\" alt=\"\" class=\"wp-image-154473\" srcset=\"https:\/\/www.gaveanews.com\/wp-content\/uploads\/Escudo-do-Corinthians-na-Neo-Quimica-Arena-1024x682.webp 1024w, https:\/\/www.gaveanews.com\/wp-content\/uploads\/Escudo-do-Corinthians-na-Neo-Quimica-Arena-300x200.webp 300w, https:\/\/www.gaveanews.com\/wp-content\/uploads\/Escudo-do-Corinthians-na-Neo-Quimica-Arena-768x511.webp 768w, https:\/\/www.gaveanews.com\/wp-content\/uploads\/Escudo-do-Corinthians-na-Neo-Quimica-Arena-631x420.webp 631w, https:\/\/www.gaveanews.com\/wp-content\/uploads\/Escudo-do-Corinthians-na-Neo-Quimica-Arena-1261x840.webp 1261w, https:\/\/www.gaveanews.com\/wp-content\/uploads\/Escudo-do-Corinthians-na-Neo-Quimica-Arena-640x426.webp 640w, https:\/\/www.gaveanews.com\/wp-content\/uploads\/Escudo-do-Corinthians-na-Neo-Quimica-Arena-1280x852.webp 1280w, https:\/\/www.gaveanews.com\/wp-content\/uploads\/Escudo-do-Corinthians-na-Neo-Quimica-Arena-681x454.webp 681w, https:\/\/www.gaveanews.com\/wp-content\/uploads\/Escudo-do-Corinthians-na-Neo-Quimica-Arena-1362x907.webp 1362w, https:\/\/www.gaveanews.com\/wp-content\/uploads\/Escudo-do-Corinthians-na-Neo-Quimica-Arena-100x67.webp 100w, https:\/\/www.gaveanews.com\/wp-content\/uploads\/Escudo-do-Corinthians-na-Neo-Quimica-Arena.webp 1440w\" sizes=\"auto, (max-width: 1024px) 100vw, 1024px\" \/><figcaption class=\"wp-element-caption\">Escudo do Corinthians na N\u00e9o Qu\u00edmica Arena (Foto Reprodu\u00e7\u00e3o\/Instagram)<\/figcaption><\/figure>\n\n\n\n<p>Contudo, conforme resposta oficial da Secretaria de Seguran\u00e7a P\u00fablica de S\u00e3o Paulo, nenhuma solicita\u00e7\u00e3o foi localizada nos registros da corpora\u00e7\u00e3o. Portanto, at\u00e9 o momento, n\u00e3o existe qualquer novo inqu\u00e9rito formalizado, o que contradiz diretamente o que foi dito publicamente por Melo.<\/p>\n\n\n\n<p>Atualmente, o \u00fanico inqu\u00e9rito em andamento sobre o tema \u00e9 o que foi instaurado em novembro de 2023, por solicita\u00e7\u00e3o de Romeu Tuma J\u00fanior, presidente do Conselho Deliberativo do clube. Esse processo \u00e9 conduzido pela 4\u00aa Delegacia de Pol\u00edcia de Lavagem de Dinheiro por Meios Eletr\u00f4nicos, e permanece sendo a \u00fanica investiga\u00e7\u00e3o oficial em curso sobre o caso.<\/p>\n\n\n\n<p>Procurado pela imprensa para esclarecer a situa\u00e7\u00e3o, o Corinthians optou por n\u00e3o se manifestar. A falta de posicionamento oficial ampliou as especula\u00e7\u00f5es e gerou rea\u00e7\u00f5es negativas entre os torcedores nas redes sociais, sobretudo por envolver diretamente a figura do presidente e uma quest\u00e3o de credibilidade institucional.<\/p>\n\n\n\n<p>Enquanto a diretoria tenta lidar com a repercuss\u00e3o, o elenco se prepara para encarar o Hurac\u00e1n, pela Copa Sul-Americana. O duelo ser\u00e1 disputado na Neo Qu\u00edmica Arena, nesta quarta-feira (02 de abril), \u00e0s 19h (hor\u00e1rio de Bras\u00edlia). A movimenta\u00e7\u00e3o pol\u00edtica nos bastidores, entretanto, promete seguir como um dos focos de aten\u00e7\u00e3o nos pr\u00f3ximos dias.<\/p>\n","protected":false},"excerpt":{"rendered":"<p>O bom momento vivido pelo Corinthians dentro de campo contrasta com uma nova pol\u00eamica nos bastidores. Apesar da conquista do t\u00edtulo estadual diante do principal rival e do in\u00edcio promissor no Campeonato Brasileiro, a gest\u00e3o de Augusto Melo voltou a ser questionada ap\u00f3s declara\u00e7\u00f5es do presidente sobre um poss\u00edvel novo inqu\u00e9rito policial. Anteriormente, Augusto Melo [&hellip;]<\/p>\n","protected":false},"author":33,"featured_media":145590,"comment_status":"open","ping_status":"closed","sticky":false,"template":"","format":"standard","meta":{"footnotes":""},"categories":[141],"tags":[],"class_list":["post-248133","post","type-post","status-publish","format-standard","has-post-thumbnail","hentry","category-corinthians"],"yoast_head":"<!-- This site is optimized with the Yoast SEO Premium plugin v24.2 (Yoast SEO v26.9) - https:\/\/yoast.com\/product\/yoast-seo-premium-wordpress\/ -->\n<title>Augusto Melo recebe acusa\u00e7\u00e3o muito grave no Corinthians<\/title>\n<meta name=\"robots\" content=\"index, follow, max-snippet:-1, max-image-preview:large, max-video-preview:-1\" \/>\n<link rel=\"canonical\" href=\"https:\/\/www.gaveanews.com\/index.php\/2025\/04\/02\/augusto-melo-recebe-acusacao-muito-grave-no-corinthians\/\" \/>\n<meta property=\"og:locale\" content=\"pt_BR\" \/>\n<meta property=\"og:type\" content=\"article\" \/>\n<meta property=\"og:title\" content=\"Augusto Melo recebe acusa\u00e7\u00e3o muito grave no Corinthians\" \/>\n<meta property=\"og:description\" content=\"O bom momento vivido pelo Corinthians dentro de campo contrasta com uma nova pol\u00eamica nos bastidores. Apesar da conquista do t\u00edtulo estadual diante do principal rival e do in\u00edcio promissor no Campeonato Brasileiro, a gest\u00e3o de Augusto Melo voltou a ser questionada ap\u00f3s declara\u00e7\u00f5es do presidente sobre um poss\u00edvel novo inqu\u00e9rito policial. Anteriormente, Augusto Melo [&hellip;]\" \/>\n<meta property=\"og:url\" content=\"https:\/\/www.gaveanews.com\/index.php\/2025\/04\/02\/augusto-melo-recebe-acusacao-muito-grave-no-corinthians\/\" \/>\n<meta property=\"og:site_name\" content=\"G\u00e1vea News\" \/>\n<meta property=\"article:publisher\" content=\"https:\/\/facebook.com\/gaveaNews\/\" \/>\n<meta property=\"article:published_time\" content=\"2025-04-03T00:00:00+00:00\" \/>\n<meta property=\"og:image\" content=\"https:\/\/www.gaveanews.com\/wp-content\/uploads\/Augusto-Melo-durante-coletiva-de-imprensa-do-Corinthians.webp\" \/>\n\t<meta property=\"og:image:width\" content=\"1920\" \/>\n\t<meta property=\"og:image:height\" content=\"1080\" \/>\n\t<meta property=\"og:image:type\" content=\"image\/jpeg\" \/>\n<meta name=\"author\" content=\"Brenda Cezillo\" \/>\n<meta name=\"twitter:card\" content=\"summary_large_image\" \/>\n<meta name=\"twitter:label1\" content=\"Escrito por\" \/>\n\t<meta name=\"twitter:data1\" content=\"Brenda Cezillo\" \/>\n\t<meta name=\"twitter:label2\" content=\"Est. tempo de leitura\" \/>\n\t<meta name=\"twitter:data2\" content=\"3 minutos\" \/>\n<script type=\"application\/ld+json\" class=\"yoast-schema-graph\">{\"@context\":\"https:\/\/schema.org\",\"@graph\":[{\"@type\":\"NewsArticle\",\"@id\":\"https:\/\/www.gaveanews.com\/index.php\/2025\/04\/02\/augusto-melo-recebe-acusacao-muito-grave-no-corinthians\/#article\",\"isPartOf\":{\"@id\":\"https:\/\/www.gaveanews.com\/index.php\/2025\/04\/02\/augusto-melo-recebe-acusacao-muito-grave-no-corinthians\/\"},\"author\":{\"name\":\"Brenda Cezillo\",\"@id\":\"https:\/\/www.gaveanews.com\/#\/schema\/person\/c79759ca337c40791ae8d08e2923d403\"},\"headline\":\"Augusto Melo recebe acusa\u00e7\u00e3o muito grave no Corinthians\",\"datePublished\":\"2025-04-03T00:00:00+00:00\",\"mainEntityOfPage\":{\"@id\":\"https:\/\/www.gaveanews.com\/index.php\/2025\/04\/02\/augusto-melo-recebe-acusacao-muito-grave-no-corinthians\/\"},\"wordCount\":359,\"commentCount\":0,\"image\":{\"@id\":\"https:\/\/www.gaveanews.com\/index.php\/2025\/04\/02\/augusto-melo-recebe-acusacao-muito-grave-no-corinthians\/#primaryimage\"},\"thumbnailUrl\":\"https:\/\/www.gaveanews.com\/wp-content\/uploads\/Augusto-Melo-durante-coletiva-de-imprensa-do-Corinthians.webp\",\"articleSection\":[\"Corinthians\"],\"inLanguage\":\"pt-BR\",\"potentialAction\":[{\"@type\":\"CommentAction\",\"name\":\"Comment\",\"target\":[\"https:\/\/www.gaveanews.com\/index.php\/2025\/04\/02\/augusto-melo-recebe-acusacao-muito-grave-no-corinthians\/#respond\"]}],\"copyrightYear\":\"2025\",\"copyrightHolder\":{\"@id\":\"https:\/\/www.gaveanews.com\/#organization\"}},{\"@type\":\"WebPage\",\"@id\":\"https:\/\/www.gaveanews.com\/index.php\/2025\/04\/02\/augusto-melo-recebe-acusacao-muito-grave-no-corinthians\/\",\"url\":\"https:\/\/www.gaveanews.com\/index.php\/2025\/04\/02\/augusto-melo-recebe-acusacao-muito-grave-no-corinthians\/\",\"name\":\"Augusto Melo recebe acusa\u00e7\u00e3o muito grave no Corinthians\",\"isPartOf\":{\"@id\":\"https:\/\/www.gaveanews.com\/#website\"},\"primaryImageOfPage\":{\"@id\":\"https:\/\/www.gaveanews.com\/index.php\/2025\/04\/02\/augusto-melo-recebe-acusacao-muito-grave-no-corinthians\/#primaryimage\"},\"image\":{\"@id\":\"https:\/\/www.gaveanews.com\/index.php\/2025\/04\/02\/augusto-melo-recebe-acusacao-muito-grave-no-corinthians\/#primaryimage\"},\"thumbnailUrl\":\"https:\/\/www.gaveanews.com\/wp-content\/uploads\/Augusto-Melo-durante-coletiva-de-imprensa-do-Corinthians.webp\",\"datePublished\":\"2025-04-03T00:00:00+00:00\",\"author\":{\"@id\":\"https:\/\/www.gaveanews.com\/#\/schema\/person\/c79759ca337c40791ae8d08e2923d403\"},\"breadcrumb\":{\"@id\":\"https:\/\/www.gaveanews.com\/index.php\/2025\/04\/02\/augusto-melo-recebe-acusacao-muito-grave-no-corinthians\/#breadcrumb\"},\"inLanguage\":\"pt-BR\",\"potentialAction\":[{\"@type\":\"ReadAction\",\"target\":[\"https:\/\/www.gaveanews.com\/index.php\/2025\/04\/02\/augusto-melo-recebe-acusacao-muito-grave-no-corinthians\/\"]}]},{\"@type\":\"ImageObject\",\"inLanguage\":\"pt-BR\",\"@id\":\"https:\/\/www.gaveanews.com\/index.php\/2025\/04\/02\/augusto-melo-recebe-acusacao-muito-grave-no-corinthians\/#primaryimage\",\"url\":\"https:\/\/www.gaveanews.com\/wp-content\/uploads\/Augusto-Melo-durante-coletiva-de-imprensa-do-Corinthians.webp\",\"contentUrl\":\"https:\/\/www.gaveanews.com\/wp-content\/uploads\/Augusto-Melo-durante-coletiva-de-imprensa-do-Corinthians.webp\",\"width\":1920,\"height\":1080,\"caption\":\"Augusto Melo durante coletiva de imprensa do Corinthians (Foto: Rodrigo Coca\/ Corinthians)\"},{\"@type\":\"BreadcrumbList\",\"@id\":\"https:\/\/www.gaveanews.com\/index.php\/2025\/04\/02\/augusto-melo-recebe-acusacao-muito-grave-no-corinthians\/#breadcrumb\",\"itemListElement\":[{\"@type\":\"ListItem\",\"position\":1,\"name\":\"Home\",\"item\":\"https:\/\/www.gaveanews.com\/\"},{\"@type\":\"ListItem\",\"position\":2,\"name\":\"Augusto Melo recebe acusa\u00e7\u00e3o muito grave no Corinthians\"}]},{\"@type\":\"WebSite\",\"@id\":\"https:\/\/www.gaveanews.com\/#website\",\"url\":\"https:\/\/www.gaveanews.com\/\",\"name\":\"G\u00e1vea News\",\"description\":\"Veja todas as not\u00edcias sobre o Flamengo: Contrata\u00e7\u00f5es, categorias de base, resultados das partidas, tabela de classifica\u00e7\u00e3o, pr\u00f3ximos jogos!\",\"potentialAction\":[{\"@type\":\"SearchAction\",\"target\":{\"@type\":\"EntryPoint\",\"urlTemplate\":\"https:\/\/www.gaveanews.com\/?s={search_term_string}\"},\"query-input\":{\"@type\":\"PropertyValueSpecification\",\"valueRequired\":true,\"valueName\":\"search_term_string\"}}],\"inLanguage\":\"pt-BR\"},{\"@type\":\"Person\",\"@id\":\"https:\/\/www.gaveanews.com\/#\/schema\/person\/c79759ca337c40791ae8d08e2923d403\",\"name\":\"Brenda Cezillo\",\"image\":{\"@type\":\"ImageObject\",\"inLanguage\":\"pt-BR\",\"@id\":\"https:\/\/www.gaveanews.com\/#\/schema\/person\/image\/\",\"url\":\"https:\/\/secure.gravatar.com\/avatar\/1738d75cee7317f9c29ae61dd67620c5883d80a92e42a6fff88ae5d527af217a?s=96&d=mm&r=g\",\"contentUrl\":\"https:\/\/secure.gravatar.com\/avatar\/1738d75cee7317f9c29ae61dd67620c5883d80a92e42a6fff88ae5d527af217a?s=96&d=mm&r=g\",\"caption\":\"Brenda Cezillo\"}}]}<\/script>\n<!-- \/ Yoast SEO Premium plugin. -->","yoast_head_json":{"title":"Augusto Melo recebe acusa\u00e7\u00e3o muito grave no Corinthians","robots":{"index":"index","follow":"follow","max-snippet":"max-snippet:-1","max-image-preview":"max-image-preview:large","max-video-preview":"max-video-preview:-1"},"canonical":"https:\/\/www.gaveanews.com\/index.php\/2025\/04\/02\/augusto-melo-recebe-acusacao-muito-grave-no-corinthians\/","og_locale":"pt_BR","og_type":"article","og_title":"Augusto Melo recebe acusa\u00e7\u00e3o muito grave no Corinthians","og_description":"O bom momento vivido pelo Corinthians dentro de campo contrasta com uma nova pol\u00eamica nos bastidores. Apesar da conquista do t\u00edtulo estadual diante do principal rival e do in\u00edcio promissor no Campeonato Brasileiro, a gest\u00e3o de Augusto Melo voltou a ser questionada ap\u00f3s declara\u00e7\u00f5es do presidente sobre um poss\u00edvel novo inqu\u00e9rito policial. Anteriormente, Augusto Melo [&hellip;]","og_url":"https:\/\/www.gaveanews.com\/index.php\/2025\/04\/02\/augusto-melo-recebe-acusacao-muito-grave-no-corinthians\/","og_site_name":"G\u00e1vea News","article_publisher":"https:\/\/facebook.com\/gaveaNews\/","article_published_time":"2025-04-03T00:00:00+00:00","og_image":[{"width":1920,"height":1080,"url":"https:\/\/www.gaveanews.com\/wp-content\/uploads\/Augusto-Melo-durante-coletiva-de-imprensa-do-Corinthians.webp","type":"image\/jpeg"}],"author":"Brenda Cezillo","twitter_card":"summary_large_image","twitter_misc":{"Escrito por":"Brenda Cezillo","Est. tempo de leitura":"3 minutos"},"schema":{"@context":"https:\/\/schema.org","@graph":[{"@type":"NewsArticle","@id":"https:\/\/www.gaveanews.com\/index.php\/2025\/04\/02\/augusto-melo-recebe-acusacao-muito-grave-no-corinthians\/#article","isPartOf":{"@id":"https:\/\/www.gaveanews.com\/index.php\/2025\/04\/02\/augusto-melo-recebe-acusacao-muito-grave-no-corinthians\/"},"author":{"name":"Brenda Cezillo","@id":"https:\/\/www.gaveanews.com\/#\/schema\/person\/c79759ca337c40791ae8d08e2923d403"},"headline":"Augusto Melo recebe acusa\u00e7\u00e3o muito grave no Corinthians","datePublished":"2025-04-03T00:00:00+00:00","mainEntityOfPage":{"@id":"https:\/\/www.gaveanews.com\/index.php\/2025\/04\/02\/augusto-melo-recebe-acusacao-muito-grave-no-corinthians\/"},"wordCount":359,"commentCount":0,"image":{"@id":"https:\/\/www.gaveanews.com\/index.php\/2025\/04\/02\/augusto-melo-recebe-acusacao-muito-grave-no-corinthians\/#primaryimage"},"thumbnailUrl":"https:\/\/www.gaveanews.com\/wp-content\/uploads\/Augusto-Melo-durante-coletiva-de-imprensa-do-Corinthians.webp","articleSection":["Corinthians"],"inLanguage":"pt-BR","potentialAction":[{"@type":"CommentAction","name":"Comment","target":["https:\/\/www.gaveanews.com\/index.php\/2025\/04\/02\/augusto-melo-recebe-acusacao-muito-grave-no-corinthians\/#respond"]}],"copyrightYear":"2025","copyrightHolder":{"@id":"https:\/\/www.gaveanews.com\/#organization"}},{"@type":"WebPage","@id":"https:\/\/www.gaveanews.com\/index.php\/2025\/04\/02\/augusto-melo-recebe-acusacao-muito-grave-no-corinthians\/","url":"https:\/\/www.gaveanews.com\/index.php\/2025\/04\/02\/augusto-melo-recebe-acusacao-muito-grave-no-corinthians\/","name":"Augusto Melo recebe acusa\u00e7\u00e3o muito grave no Corinthians","isPartOf":{"@id":"https:\/\/www.gaveanews.com\/#website"},"primaryImageOfPage":{"@id":"https:\/\/www.gaveanews.com\/index.php\/2025\/04\/02\/augusto-melo-recebe-acusacao-muito-grave-no-corinthians\/#primaryimage"},"image":{"@id":"https:\/\/www.gaveanews.com\/index.php\/2025\/04\/02\/augusto-melo-recebe-acusacao-muito-grave-no-corinthians\/#primaryimage"},"thumbnailUrl":"https:\/\/www.gaveanews.com\/wp-content\/uploads\/Augusto-Melo-durante-coletiva-de-imprensa-do-Corinthians.webp","datePublished":"2025-04-03T00:00:00+00:00","author":{"@id":"https:\/\/www.gaveanews.com\/#\/schema\/person\/c79759ca337c40791ae8d08e2923d403"},"breadcrumb":{"@id":"https:\/\/www.gaveanews.com\/index.php\/2025\/04\/02\/augusto-melo-recebe-acusacao-muito-grave-no-corinthians\/#breadcrumb"},"inLanguage":"pt-BR","potentialAction":[{"@type":"ReadAction","target":["https:\/\/www.gaveanews.com\/index.php\/2025\/04\/02\/augusto-melo-recebe-acusacao-muito-grave-no-corinthians\/"]}]},{"@type":"ImageObject","inLanguage":"pt-BR","@id":"https:\/\/www.gaveanews.com\/index.php\/2025\/04\/02\/augusto-melo-recebe-acusacao-muito-grave-no-corinthians\/#primaryimage","url":"https:\/\/www.gaveanews.com\/wp-content\/uploads\/Augusto-Melo-durante-coletiva-de-imprensa-do-Corinthians.webp","contentUrl":"https:\/\/www.gaveanews.com\/wp-content\/uploads\/Augusto-Melo-durante-coletiva-de-imprensa-do-Corinthians.webp","width":1920,"height":1080,"caption":"Augusto Melo durante coletiva de imprensa do Corinthians (Foto: Rodrigo Coca\/ Corinthians)"},{"@type":"BreadcrumbList","@id":"https:\/\/www.gaveanews.com\/index.php\/2025\/04\/02\/augusto-melo-recebe-acusacao-muito-grave-no-corinthians\/#breadcrumb","itemListElement":[{"@type":"ListItem","position":1,"name":"Home","item":"https:\/\/www.gaveanews.com\/"},{"@type":"ListItem","position":2,"name":"Augusto Melo recebe acusa\u00e7\u00e3o muito grave no Corinthians"}]},{"@type":"WebSite","@id":"https:\/\/www.gaveanews.com\/#website","url":"https:\/\/www.gaveanews.com\/","name":"G\u00e1vea News","description":"Veja todas as not\u00edcias sobre o Flamengo: Contrata\u00e7\u00f5es, categorias de base, resultados das partidas, tabela de classifica\u00e7\u00e3o, pr\u00f3ximos jogos!","potentialAction":[{"@type":"SearchAction","target":{"@type":"EntryPoint","urlTemplate":"https:\/\/www.gaveanews.com\/?s={search_term_string}"},"query-input":{"@type":"PropertyValueSpecification","valueRequired":true,"valueName":"search_term_string"}}],"inLanguage":"pt-BR"},{"@type":"Person","@id":"https:\/\/www.gaveanews.com\/#\/schema\/person\/c79759ca337c40791ae8d08e2923d403","name":"Brenda Cezillo","image":{"@type":"ImageObject","inLanguage":"pt-BR","@id":"https:\/\/www.gaveanews.com\/#\/schema\/person\/image\/","url":"https:\/\/secure.gravatar.com\/avatar\/1738d75cee7317f9c29ae61dd67620c5883d80a92e42a6fff88ae5d527af217a?s=96&d=mm&r=g","contentUrl":"https:\/\/secure.gravatar.com\/avatar\/1738d75cee7317f9c29ae61dd67620c5883d80a92e42a6fff88ae5d527af217a?s=96&d=mm&r=g","caption":"Brenda Cezillo"}}]}},"_links":{"self":[{"href":"https:\/\/www.gaveanews.com\/index.php\/wp-json\/wp\/v2\/posts\/248133","targetHints":{"allow":["GET"]}}],"collection":[{"href":"https:\/\/www.gaveanews.com\/index.php\/wp-json\/wp\/v2\/posts"}],"about":[{"href":"https:\/\/www.gaveanews.com\/index.php\/wp-json\/wp\/v2\/types\/post"}],"author":[{"embeddable":true,"href":"https:\/\/www.gaveanews.com\/index.php\/wp-json\/wp\/v2\/users\/33"}],"replies":[{"embeddable":true,"href":"https:\/\/www.gaveanews.com\/index.php\/wp-json\/wp\/v2\/comments?post=248133"}],"version-history":[{"count":1,"href":"https:\/\/www.gaveanews.com\/index.php\/wp-json\/wp\/v2\/posts\/248133\/revisions"}],"predecessor-version":[{"id":248142,"href":"https:\/\/www.gaveanews.com\/index.php\/wp-json\/wp\/v2\/posts\/248133\/revisions\/248142"}],"wp:featuredmedia":[{"embeddable":true,"href":"https:\/\/www.gaveanews.com\/index.php\/wp-json\/wp\/v2\/media\/145590"}],"wp:attachment":[{"href":"https:\/\/www.gaveanews.com\/index.php\/wp-json\/wp\/v2\/media?parent=248133"}],"wp:term":[{"taxonomy":"category","embeddable":true,"href":"https:\/\/www.gaveanews.com\/index.php\/wp-json\/wp\/v2\/categories?post=248133"},{"taxonomy":"post_tag","embeddable":true,"href":"https:\/\/www.gaveanews.com\/index.php\/wp-json\/wp\/v2\/tags?post=248133"}],"curies":[{"name":"wp","href":"https:\/\/api.w.org\/{rel}","templated":true}]}}