{"id":248158,"date":"2025-04-02T21:50:00","date_gmt":"2025-04-03T00:50:00","guid":{"rendered":"https:\/\/www.gaveanews.com\/?p=248158"},"modified":"2025-04-02T17:41:18","modified_gmt":"2025-04-02T20:41:18","slug":"ele-deixou-o-cruzeiro-e-ja-foi-confirmado-pelo-seu-novo-time","status":"publish","type":"post","link":"https:\/\/www.gaveanews.com\/index.php\/2025\/04\/02\/ele-deixou-o-cruzeiro-e-ja-foi-confirmado-pelo-seu-novo-time\/","title":{"rendered":"Ele deixou o Cruzeiro e j\u00e1 foi confirmado pelo seu novo time"},"content":{"rendered":"\n<p>O Vila Nova segue se movimentando no mercado de transfer\u00eancias e anunciou, nesta quarta-feira (2), a chegada de mais um refor\u00e7o para a disputa da S\u00e9rie B do Campeonato Brasileiro de 2025.&nbsp;<\/p>\n\n\n\n<p>O clube goiano acertou a contrata\u00e7\u00e3o do zagueiro Weverton, que pertence ao Cruzeiro e chega por empr\u00e9stimo at\u00e9 o fim da pr\u00f3xima temporada. Sendo assim, o defensor ter\u00e1 a chance de ganhar mais experi\u00eancia e ajudar a equipe na briga pelo acesso.<\/p>\n\n\n\n<h2 class=\"wp-block-heading\" id=\"h-weverton-e-sua-trajetoria-ate-o-vila-nova\">Weverton e sua trajet\u00f3ria at\u00e9 o Vila Nova<\/h2>\n\n\n\n<p>Revelado pelo Cruzeiro, Weverton acumula passagens por clubes mineiros. Em 2024, ele defendeu o Athletic, e, na atual temporada, disputou o Campeonato Mineiro com a camisa do Betim.&nbsp;<\/p>\n\n\n\n<p>Dessa maneira, o jovem zagueiro ganhou rodagem em competi\u00e7\u00f5es de alto n\u00edvel antes de refor\u00e7ar o elenco do Vila Nova.<\/p>\n\n\n\n<p>Al\u00e9m disso, na base do Cruzeiro, Weverton construiu um hist\u00f3rico vitorioso. Ele fez parte do time que conquistou a Copa do Brasil Sub-20 de 2023, t\u00edtulo in\u00e9dito na hist\u00f3ria do clube celeste. Isso porque o defensor sempre demonstrou grande potencial, o que lhe garantiu oportunidades importantes ao longo de sua forma\u00e7\u00e3o.<\/p>\n\n\n\n<blockquote class=\"twitter-tweet\"><p lang=\"pt\" dir=\"ltr\">O zagueiro \ud835\udc16\ud835\udc1e\ud835\udc2f\ud835\udc1e\ud835\udc2b\ud835\udc2d\ud835\udc28\ud835\udc27 est\u00e1 contratado pelo Tigr\u00e3o! \ud83c\udde6\ud83c\uddf9<br><br>\u26bd Zagueiro<br>\ud83d\udcc6 22 anos<br>\u270d\ud83c\udffb Contrato at\u00e9 o fim de 2025 (31\/12)<br>\ud83d\udd01 Empr\u00e9stimo (Cruzeiro)<br><br>O zagueiro Weverton, do Cruzeiro, \u00e9 mais um para refor\u00e7ar a defesa do Vila Nova para a S\u00e9rie B 2025. O jogador foi emprestado pelo\u2026 <a href=\"https:\/\/t.co\/TlBHHtszO5\">pic.twitter.com\/TlBHHtszO5<\/a><\/p>&mdash; Vila Nova F.C. (@VilaNovaFC) <a href=\"https:\/\/twitter.com\/VilaNovaFC\/status\/1907471544244146390?ref_src=twsrc%5Etfw\">April 2, 2025<\/a><\/blockquote> <script async src=\"https:\/\/platform.twitter.com\/widgets.js\" charset=\"utf-8\"><\/script>\n\n\n\n<h2 class=\"wp-block-heading\" id=\"h-destaque-na-base-e-conquistas-pela-selecao-brasileira\">Destaque na base e conquistas pela Sele\u00e7\u00e3o Brasileira<\/h2>\n\n\n\n<p>Cabe ressaltar que Weverton tamb\u00e9m vestiu a camisa da Sele\u00e7\u00e3o Brasileira de base e obteve conquistas expressivas. O zagueiro foi Campe\u00e3o Sul-Americano Sub-20 e recebeu outras convoca\u00e7\u00f5es para representar o Brasil em competi\u00e7\u00f5es internacionais.&nbsp;<\/p>\n\n\n\n<p>Por isso, sua chegada ao Vila Nova gera expectativas, j\u00e1 que se trata de um atleta jovem, mas com experi\u00eancia relevante no futebol nacional.<\/p>\n\n\n\n<h2 class=\"wp-block-heading\" id=\"h-o-que-esperar-de-weverton-no-vila-nova\">O que esperar de Weverton no Vila Nova?<\/h2>\n\n\n\n<p>Com isso, o defensor desembarca em Goi\u00e2nia com a miss\u00e3o de fortalecer a defesa do Vila Nova na S\u00e9rie B. Vale destacar que a competi\u00e7\u00e3o \u00e9 extremamente equilibrada e exige um elenco qualificado para brigar pelo acesso. Dessa maneira, a aposta em Weverton mostra a inten\u00e7\u00e3o do clube de montar um time competitivo para a temporada.<\/p>\n\n\n\n<p>Portanto, o zagueiro ter\u00e1 agora a oportunidade de mostrar seu valor e se consolidar no cen\u00e1rio nacional.<\/p>\n","protected":false},"excerpt":{"rendered":"<p>O Vila Nova segue se movimentando no mercado de transfer\u00eancias e anunciou, nesta quarta-feira (2), a chegada de mais um refor\u00e7o para a disputa da S\u00e9rie B do Campeonato Brasileiro de 2025.&nbsp; O clube goiano acertou a contrata\u00e7\u00e3o do zagueiro Weverton, que pertence ao Cruzeiro e chega por empr\u00e9stimo at\u00e9 o fim da pr\u00f3xima temporada. [&hellip;]<\/p>\n","protected":false},"author":25,"featured_media":175601,"comment_status":"open","ping_status":"closed","sticky":false,"template":"","format":"standard","meta":{"footnotes":""},"categories":[143],"tags":[],"class_list":["post-248158","post","type-post","status-publish","format-standard","has-post-thumbnail","hentry","category-cruzeiro"],"yoast_head":"<!-- This site is optimized with the Yoast SEO Premium plugin v24.2 (Yoast SEO v26.9) - https:\/\/yoast.com\/product\/yoast-seo-premium-wordpress\/ -->\n<title>Ele deixou o Cruzeiro e j\u00e1 foi confirmado pelo seu novo time<\/title>\n<meta name=\"robots\" content=\"index, follow, max-snippet:-1, max-image-preview:large, max-video-preview:-1\" \/>\n<link rel=\"canonical\" href=\"https:\/\/www.gaveanews.com\/index.php\/2025\/04\/02\/ele-deixou-o-cruzeiro-e-ja-foi-confirmado-pelo-seu-novo-time\/\" \/>\n<meta property=\"og:locale\" content=\"pt_BR\" \/>\n<meta property=\"og:type\" content=\"article\" \/>\n<meta property=\"og:title\" content=\"Ele deixou o Cruzeiro e j\u00e1 foi confirmado pelo seu novo time\" \/>\n<meta property=\"og:description\" content=\"O Vila Nova segue se movimentando no mercado de transfer\u00eancias e anunciou, nesta quarta-feira (2), a chegada de mais um refor\u00e7o para a disputa da S\u00e9rie B do Campeonato Brasileiro de 2025.&nbsp; O clube goiano acertou a contrata\u00e7\u00e3o do zagueiro Weverton, que pertence ao Cruzeiro e chega por empr\u00e9stimo at\u00e9 o fim da pr\u00f3xima temporada. [&hellip;]\" \/>\n<meta property=\"og:url\" content=\"https:\/\/www.gaveanews.com\/index.php\/2025\/04\/02\/ele-deixou-o-cruzeiro-e-ja-foi-confirmado-pelo-seu-novo-time\/\" \/>\n<meta property=\"og:site_name\" content=\"G\u00e1vea News\" \/>\n<meta property=\"article:publisher\" content=\"https:\/\/facebook.com\/gaveaNews\/\" \/>\n<meta property=\"article:published_time\" content=\"2025-04-03T00:50:00+00:00\" \/>\n<meta property=\"og:image\" content=\"https:\/\/www.gaveanews.com\/wp-content\/uploads\/Bandeira-do-Cruzeiro.webp\" \/>\n\t<meta property=\"og:image:width\" content=\"1062\" \/>\n\t<meta property=\"og:image:height\" content=\"708\" \/>\n\t<meta property=\"og:image:type\" content=\"image\/webp\" \/>\n<meta name=\"author\" content=\"Rafaela Ladeira\" \/>\n<meta name=\"twitter:card\" content=\"summary_large_image\" \/>\n<meta name=\"twitter:label1\" content=\"Escrito por\" \/>\n\t<meta name=\"twitter:data1\" content=\"Rafaela Ladeira\" \/>\n\t<meta name=\"twitter:label2\" content=\"Est. tempo de leitura\" \/>\n\t<meta name=\"twitter:data2\" content=\"3 minutos\" \/>\n<script type=\"application\/ld+json\" class=\"yoast-schema-graph\">{\"@context\":\"https:\/\/schema.org\",\"@graph\":[{\"@type\":\"NewsArticle\",\"@id\":\"https:\/\/www.gaveanews.com\/index.php\/2025\/04\/02\/ele-deixou-o-cruzeiro-e-ja-foi-confirmado-pelo-seu-novo-time\/#article\",\"isPartOf\":{\"@id\":\"https:\/\/www.gaveanews.com\/index.php\/2025\/04\/02\/ele-deixou-o-cruzeiro-e-ja-foi-confirmado-pelo-seu-novo-time\/\"},\"author\":{\"name\":\"Rafaela Ladeira\",\"@id\":\"https:\/\/www.gaveanews.com\/#\/schema\/person\/0eb3e3fe1754f0205218538adbe8f5ed\"},\"headline\":\"Ele deixou o Cruzeiro e j\u00e1 foi confirmado pelo seu novo time\",\"datePublished\":\"2025-04-03T00:50:00+00:00\",\"mainEntityOfPage\":{\"@id\":\"https:\/\/www.gaveanews.com\/index.php\/2025\/04\/02\/ele-deixou-o-cruzeiro-e-ja-foi-confirmado-pelo-seu-novo-time\/\"},\"wordCount\":421,\"commentCount\":0,\"image\":{\"@id\":\"https:\/\/www.gaveanews.com\/index.php\/2025\/04\/02\/ele-deixou-o-cruzeiro-e-ja-foi-confirmado-pelo-seu-novo-time\/#primaryimage\"},\"thumbnailUrl\":\"https:\/\/www.gaveanews.com\/wp-content\/uploads\/Bandeira-do-Cruzeiro.webp\",\"articleSection\":[\"Cruzeiro\"],\"inLanguage\":\"pt-BR\",\"potentialAction\":[{\"@type\":\"CommentAction\",\"name\":\"Comment\",\"target\":[\"https:\/\/www.gaveanews.com\/index.php\/2025\/04\/02\/ele-deixou-o-cruzeiro-e-ja-foi-confirmado-pelo-seu-novo-time\/#respond\"]}],\"copyrightYear\":\"2025\",\"copyrightHolder\":{\"@id\":\"https:\/\/www.gaveanews.com\/#organization\"}},{\"@type\":\"WebPage\",\"@id\":\"https:\/\/www.gaveanews.com\/index.php\/2025\/04\/02\/ele-deixou-o-cruzeiro-e-ja-foi-confirmado-pelo-seu-novo-time\/\",\"url\":\"https:\/\/www.gaveanews.com\/index.php\/2025\/04\/02\/ele-deixou-o-cruzeiro-e-ja-foi-confirmado-pelo-seu-novo-time\/\",\"name\":\"Ele deixou o Cruzeiro e j\u00e1 foi confirmado pelo seu novo time\",\"isPartOf\":{\"@id\":\"https:\/\/www.gaveanews.com\/#website\"},\"primaryImageOfPage\":{\"@id\":\"https:\/\/www.gaveanews.com\/index.php\/2025\/04\/02\/ele-deixou-o-cruzeiro-e-ja-foi-confirmado-pelo-seu-novo-time\/#primaryimage\"},\"image\":{\"@id\":\"https:\/\/www.gaveanews.com\/index.php\/2025\/04\/02\/ele-deixou-o-cruzeiro-e-ja-foi-confirmado-pelo-seu-novo-time\/#primaryimage\"},\"thumbnailUrl\":\"https:\/\/www.gaveanews.com\/wp-content\/uploads\/Bandeira-do-Cruzeiro.webp\",\"datePublished\":\"2025-04-03T00:50:00+00:00\",\"author\":{\"@id\":\"https:\/\/www.gaveanews.com\/#\/schema\/person\/0eb3e3fe1754f0205218538adbe8f5ed\"},\"breadcrumb\":{\"@id\":\"https:\/\/www.gaveanews.com\/index.php\/2025\/04\/02\/ele-deixou-o-cruzeiro-e-ja-foi-confirmado-pelo-seu-novo-time\/#breadcrumb\"},\"inLanguage\":\"pt-BR\",\"potentialAction\":[{\"@type\":\"ReadAction\",\"target\":[\"https:\/\/www.gaveanews.com\/index.php\/2025\/04\/02\/ele-deixou-o-cruzeiro-e-ja-foi-confirmado-pelo-seu-novo-time\/\"]}]},{\"@type\":\"ImageObject\",\"inLanguage\":\"pt-BR\",\"@id\":\"https:\/\/www.gaveanews.com\/index.php\/2025\/04\/02\/ele-deixou-o-cruzeiro-e-ja-foi-confirmado-pelo-seu-novo-time\/#primaryimage\",\"url\":\"https:\/\/www.gaveanews.com\/wp-content\/uploads\/Bandeira-do-Cruzeiro.webp\",\"contentUrl\":\"https:\/\/www.gaveanews.com\/wp-content\/uploads\/Bandeira-do-Cruzeiro.webp\",\"width\":1062,\"height\":708,\"caption\":\"Bandeira do Cruzeiro (Foto: Reprodu\u00e7\u00e3o\/Cruzeiro)\"},{\"@type\":\"BreadcrumbList\",\"@id\":\"https:\/\/www.gaveanews.com\/index.php\/2025\/04\/02\/ele-deixou-o-cruzeiro-e-ja-foi-confirmado-pelo-seu-novo-time\/#breadcrumb\",\"itemListElement\":[{\"@type\":\"ListItem\",\"position\":1,\"name\":\"Home\",\"item\":\"https:\/\/www.gaveanews.com\/\"},{\"@type\":\"ListItem\",\"position\":2,\"name\":\"Ele deixou o Cruzeiro e j\u00e1 foi confirmado pelo seu novo time\"}]},{\"@type\":\"WebSite\",\"@id\":\"https:\/\/www.gaveanews.com\/#website\",\"url\":\"https:\/\/www.gaveanews.com\/\",\"name\":\"G\u00e1vea News\",\"description\":\"Veja todas as not\u00edcias sobre o Flamengo: Contrata\u00e7\u00f5es, categorias de base, resultados das partidas, tabela de classifica\u00e7\u00e3o, pr\u00f3ximos jogos!\",\"potentialAction\":[{\"@type\":\"SearchAction\",\"target\":{\"@type\":\"EntryPoint\",\"urlTemplate\":\"https:\/\/www.gaveanews.com\/?s={search_term_string}\"},\"query-input\":{\"@type\":\"PropertyValueSpecification\",\"valueRequired\":true,\"valueName\":\"search_term_string\"}}],\"inLanguage\":\"pt-BR\"},{\"@type\":\"Person\",\"@id\":\"https:\/\/www.gaveanews.com\/#\/schema\/person\/0eb3e3fe1754f0205218538adbe8f5ed\",\"name\":\"Rafaela Ladeira\",\"image\":{\"@type\":\"ImageObject\",\"inLanguage\":\"pt-BR\",\"@id\":\"https:\/\/www.gaveanews.com\/#\/schema\/person\/image\/\",\"url\":\"https:\/\/secure.gravatar.com\/avatar\/c31f513acffd85eacab5730cbdfdbbf59f21ba5aeada8cd890acea879fbb2455?s=96&d=mm&r=g\",\"contentUrl\":\"https:\/\/secure.gravatar.com\/avatar\/c31f513acffd85eacab5730cbdfdbbf59f21ba5aeada8cd890acea879fbb2455?s=96&d=mm&r=g\",\"caption\":\"Rafaela Ladeira\"}}]}<\/script>\n<!-- \/ Yoast SEO Premium plugin. -->","yoast_head_json":{"title":"Ele deixou o Cruzeiro e j\u00e1 foi confirmado pelo seu novo time","robots":{"index":"index","follow":"follow","max-snippet":"max-snippet:-1","max-image-preview":"max-image-preview:large","max-video-preview":"max-video-preview:-1"},"canonical":"https:\/\/www.gaveanews.com\/index.php\/2025\/04\/02\/ele-deixou-o-cruzeiro-e-ja-foi-confirmado-pelo-seu-novo-time\/","og_locale":"pt_BR","og_type":"article","og_title":"Ele deixou o Cruzeiro e j\u00e1 foi confirmado pelo seu novo time","og_description":"O Vila Nova segue se movimentando no mercado de transfer\u00eancias e anunciou, nesta quarta-feira (2), a chegada de mais um refor\u00e7o para a disputa da S\u00e9rie B do Campeonato Brasileiro de 2025.&nbsp; O clube goiano acertou a contrata\u00e7\u00e3o do zagueiro Weverton, que pertence ao Cruzeiro e chega por empr\u00e9stimo at\u00e9 o fim da pr\u00f3xima temporada. [&hellip;]","og_url":"https:\/\/www.gaveanews.com\/index.php\/2025\/04\/02\/ele-deixou-o-cruzeiro-e-ja-foi-confirmado-pelo-seu-novo-time\/","og_site_name":"G\u00e1vea News","article_publisher":"https:\/\/facebook.com\/gaveaNews\/","article_published_time":"2025-04-03T00:50:00+00:00","og_image":[{"width":1062,"height":708,"url":"https:\/\/www.gaveanews.com\/wp-content\/uploads\/Bandeira-do-Cruzeiro.webp","type":"image\/webp"}],"author":"Rafaela Ladeira","twitter_card":"summary_large_image","twitter_misc":{"Escrito por":"Rafaela Ladeira","Est. tempo de leitura":"3 minutos"},"schema":{"@context":"https:\/\/schema.org","@graph":[{"@type":"NewsArticle","@id":"https:\/\/www.gaveanews.com\/index.php\/2025\/04\/02\/ele-deixou-o-cruzeiro-e-ja-foi-confirmado-pelo-seu-novo-time\/#article","isPartOf":{"@id":"https:\/\/www.gaveanews.com\/index.php\/2025\/04\/02\/ele-deixou-o-cruzeiro-e-ja-foi-confirmado-pelo-seu-novo-time\/"},"author":{"name":"Rafaela Ladeira","@id":"https:\/\/www.gaveanews.com\/#\/schema\/person\/0eb3e3fe1754f0205218538adbe8f5ed"},"headline":"Ele deixou o Cruzeiro e j\u00e1 foi confirmado pelo seu novo time","datePublished":"2025-04-03T00:50:00+00:00","mainEntityOfPage":{"@id":"https:\/\/www.gaveanews.com\/index.php\/2025\/04\/02\/ele-deixou-o-cruzeiro-e-ja-foi-confirmado-pelo-seu-novo-time\/"},"wordCount":421,"commentCount":0,"image":{"@id":"https:\/\/www.gaveanews.com\/index.php\/2025\/04\/02\/ele-deixou-o-cruzeiro-e-ja-foi-confirmado-pelo-seu-novo-time\/#primaryimage"},"thumbnailUrl":"https:\/\/www.gaveanews.com\/wp-content\/uploads\/Bandeira-do-Cruzeiro.webp","articleSection":["Cruzeiro"],"inLanguage":"pt-BR","potentialAction":[{"@type":"CommentAction","name":"Comment","target":["https:\/\/www.gaveanews.com\/index.php\/2025\/04\/02\/ele-deixou-o-cruzeiro-e-ja-foi-confirmado-pelo-seu-novo-time\/#respond"]}],"copyrightYear":"2025","copyrightHolder":{"@id":"https:\/\/www.gaveanews.com\/#organization"}},{"@type":"WebPage","@id":"https:\/\/www.gaveanews.com\/index.php\/2025\/04\/02\/ele-deixou-o-cruzeiro-e-ja-foi-confirmado-pelo-seu-novo-time\/","url":"https:\/\/www.gaveanews.com\/index.php\/2025\/04\/02\/ele-deixou-o-cruzeiro-e-ja-foi-confirmado-pelo-seu-novo-time\/","name":"Ele deixou o Cruzeiro e j\u00e1 foi confirmado pelo seu novo time","isPartOf":{"@id":"https:\/\/www.gaveanews.com\/#website"},"primaryImageOfPage":{"@id":"https:\/\/www.gaveanews.com\/index.php\/2025\/04\/02\/ele-deixou-o-cruzeiro-e-ja-foi-confirmado-pelo-seu-novo-time\/#primaryimage"},"image":{"@id":"https:\/\/www.gaveanews.com\/index.php\/2025\/04\/02\/ele-deixou-o-cruzeiro-e-ja-foi-confirmado-pelo-seu-novo-time\/#primaryimage"},"thumbnailUrl":"https:\/\/www.gaveanews.com\/wp-content\/uploads\/Bandeira-do-Cruzeiro.webp","datePublished":"2025-04-03T00:50:00+00:00","author":{"@id":"https:\/\/www.gaveanews.com\/#\/schema\/person\/0eb3e3fe1754f0205218538adbe8f5ed"},"breadcrumb":{"@id":"https:\/\/www.gaveanews.com\/index.php\/2025\/04\/02\/ele-deixou-o-cruzeiro-e-ja-foi-confirmado-pelo-seu-novo-time\/#breadcrumb"},"inLanguage":"pt-BR","potentialAction":[{"@type":"ReadAction","target":["https:\/\/www.gaveanews.com\/index.php\/2025\/04\/02\/ele-deixou-o-cruzeiro-e-ja-foi-confirmado-pelo-seu-novo-time\/"]}]},{"@type":"ImageObject","inLanguage":"pt-BR","@id":"https:\/\/www.gaveanews.com\/index.php\/2025\/04\/02\/ele-deixou-o-cruzeiro-e-ja-foi-confirmado-pelo-seu-novo-time\/#primaryimage","url":"https:\/\/www.gaveanews.com\/wp-content\/uploads\/Bandeira-do-Cruzeiro.webp","contentUrl":"https:\/\/www.gaveanews.com\/wp-content\/uploads\/Bandeira-do-Cruzeiro.webp","width":1062,"height":708,"caption":"Bandeira do Cruzeiro (Foto: Reprodu\u00e7\u00e3o\/Cruzeiro)"},{"@type":"BreadcrumbList","@id":"https:\/\/www.gaveanews.com\/index.php\/2025\/04\/02\/ele-deixou-o-cruzeiro-e-ja-foi-confirmado-pelo-seu-novo-time\/#breadcrumb","itemListElement":[{"@type":"ListItem","position":1,"name":"Home","item":"https:\/\/www.gaveanews.com\/"},{"@type":"ListItem","position":2,"name":"Ele deixou o Cruzeiro e j\u00e1 foi confirmado pelo seu novo time"}]},{"@type":"WebSite","@id":"https:\/\/www.gaveanews.com\/#website","url":"https:\/\/www.gaveanews.com\/","name":"G\u00e1vea News","description":"Veja todas as not\u00edcias sobre o Flamengo: Contrata\u00e7\u00f5es, categorias de base, resultados das partidas, tabela de classifica\u00e7\u00e3o, pr\u00f3ximos jogos!","potentialAction":[{"@type":"SearchAction","target":{"@type":"EntryPoint","urlTemplate":"https:\/\/www.gaveanews.com\/?s={search_term_string}"},"query-input":{"@type":"PropertyValueSpecification","valueRequired":true,"valueName":"search_term_string"}}],"inLanguage":"pt-BR"},{"@type":"Person","@id":"https:\/\/www.gaveanews.com\/#\/schema\/person\/0eb3e3fe1754f0205218538adbe8f5ed","name":"Rafaela Ladeira","image":{"@type":"ImageObject","inLanguage":"pt-BR","@id":"https:\/\/www.gaveanews.com\/#\/schema\/person\/image\/","url":"https:\/\/secure.gravatar.com\/avatar\/c31f513acffd85eacab5730cbdfdbbf59f21ba5aeada8cd890acea879fbb2455?s=96&d=mm&r=g","contentUrl":"https:\/\/secure.gravatar.com\/avatar\/c31f513acffd85eacab5730cbdfdbbf59f21ba5aeada8cd890acea879fbb2455?s=96&d=mm&r=g","caption":"Rafaela Ladeira"}}]}},"_links":{"self":[{"href":"https:\/\/www.gaveanews.com\/index.php\/wp-json\/wp\/v2\/posts\/248158","targetHints":{"allow":["GET"]}}],"collection":[{"href":"https:\/\/www.gaveanews.com\/index.php\/wp-json\/wp\/v2\/posts"}],"about":[{"href":"https:\/\/www.gaveanews.com\/index.php\/wp-json\/wp\/v2\/types\/post"}],"author":[{"embeddable":true,"href":"https:\/\/www.gaveanews.com\/index.php\/wp-json\/wp\/v2\/users\/25"}],"replies":[{"embeddable":true,"href":"https:\/\/www.gaveanews.com\/index.php\/wp-json\/wp\/v2\/comments?post=248158"}],"version-history":[{"count":1,"href":"https:\/\/www.gaveanews.com\/index.php\/wp-json\/wp\/v2\/posts\/248158\/revisions"}],"predecessor-version":[{"id":248162,"href":"https:\/\/www.gaveanews.com\/index.php\/wp-json\/wp\/v2\/posts\/248158\/revisions\/248162"}],"wp:featuredmedia":[{"embeddable":true,"href":"https:\/\/www.gaveanews.com\/index.php\/wp-json\/wp\/v2\/media\/175601"}],"wp:attachment":[{"href":"https:\/\/www.gaveanews.com\/index.php\/wp-json\/wp\/v2\/media?parent=248158"}],"wp:term":[{"taxonomy":"category","embeddable":true,"href":"https:\/\/www.gaveanews.com\/index.php\/wp-json\/wp\/v2\/categories?post=248158"},{"taxonomy":"post_tag","embeddable":true,"href":"https:\/\/www.gaveanews.com\/index.php\/wp-json\/wp\/v2\/tags?post=248158"}],"curies":[{"name":"wp","href":"https:\/\/api.w.org\/{rel}","templated":true}]}}