{"id":248163,"date":"2025-04-02T22:20:00","date_gmt":"2025-04-03T01:20:00","guid":{"rendered":"https:\/\/www.gaveanews.com\/?p=248163"},"modified":"2025-04-02T17:56:40","modified_gmt":"2025-04-02T20:56:40","slug":"palmeiras-define-futuro-de-raphael-veiga","status":"publish","type":"post","link":"https:\/\/www.gaveanews.com\/index.php\/2025\/04\/02\/palmeiras-define-futuro-de-raphael-veiga\/","title":{"rendered":"Palmeiras define futuro de Raphael Veiga"},"content":{"rendered":"\n<p>A perman\u00eancia de Raphael Veiga no Palmeiras foi tema de discuss\u00f5es nos bastidores nos \u00faltimos dias. O meia, pe\u00e7a-chave no esquema de Abel Ferreira, vinha sendo envolvido em rumores sobre uma poss\u00edvel transfer\u00eancia para o futebol europeu. Afinal, sua aus\u00eancia de uma declara\u00e7\u00e3o clara sobre o futuro abriu espa\u00e7o para especula\u00e7\u00f5es.<\/p>\n\n\n\n<p>Ali\u00e1s, uma das especula\u00e7\u00f5es mais comentadas envolvia o interesse do Barcelona. Contudo, conforme apurado, o clube catal\u00e3o n\u00e3o formalizou proposta e as conversas n\u00e3o evolu\u00edram. Veiga, que tem papel relevante no elenco alviverde, continua sendo um dos destaques do futebol brasileiro na atualidade.<\/p>\n\n\n\n<figure class=\"wp-block-image size-full\"><img loading=\"lazy\" decoding=\"async\" width=\"576\" height=\"408\" src=\"http:\/\/www.gaveanews.com\/wp-content\/uploads\/Raphael-Veiga-pelo-Palmeiras.webp\" alt=\"\" class=\"wp-image-245851\"\/><figcaption class=\"wp-element-caption\">Raphael Veiga pelo Palmeiras (Foto: Cesar Greco\/Palmeiras\/by Canon)<\/figcaption><\/figure>\n\n\n\n<p>A diretoria do Palmeiras, por sua vez, tratou de encerrar qualquer d\u00favida. Em contato com o portal &#8220;Nosso Palmeiras&#8221;, um representante do clube foi direto ao ponto ao ser questionado sobre a poss\u00edvel sa\u00edda do meia. \u201cN\u00e3o procede\u201d, afirmou o dirigente, descartando qualquer negocia\u00e7\u00e3o em andamento envolvendo o jogador.<\/p>\n\n\n\n<p>\u00c9 importante destacar que o atleta \u00e9 considerado pe\u00e7a estrat\u00e9gica no planejamento do Verd\u00e3o para 2025. A equipe se prepara, principalmente, para a disputa do Super Mundial de Clubes da Fifa. Nesse sentido, manter Veiga no elenco \u00e9 visto como essencial para as ambi\u00e7\u00f5es do clube na competi\u00e7\u00e3o internacional.<\/p>\n\n\n\n<p>Atualmente, o jogador \u00e9 um dos mais experientes do grupo e acumula participa\u00e7\u00f5es decisivas em t\u00edtulos recentes da equipe. Sua influ\u00eancia dentro e fora de campo \u00e9 ineg\u00e1vel, tanto no aspecto t\u00e9cnico quanto no papel de lideran\u00e7a junto aos companheiros.<\/p>\n\n\n\n<p>Portanto, apesar dos rumores, o cen\u00e1rio no momento \u00e9 de estabilidade. O Palmeiras mant\u00e9m firme sua posi\u00e7\u00e3o de n\u00e3o liberar Raphael Veiga, refor\u00e7ando sua inten\u00e7\u00e3o de manter a base do elenco intacta. Assim sendo, a torcida pode seguir contando com o camisa 23 nos pr\u00f3ximos compromissos da temporada.<\/p>\n\n\n\n<p>Por fim, a valoriza\u00e7\u00e3o interna do meia revela tamb\u00e9m a postura do clube em proteger seus principais ativos. Em um mercado cada vez mais agressivo, a diretoria adota uma estrat\u00e9gia cautelosa, priorizando a manuten\u00e7\u00e3o de atletas fundamentais para a competitividade do elenco.<\/p>\n","protected":false},"excerpt":{"rendered":"<p>A perman\u00eancia de Raphael Veiga no Palmeiras foi tema de discuss\u00f5es nos bastidores nos \u00faltimos dias. O meia, pe\u00e7a-chave no esquema de Abel Ferreira, vinha sendo envolvido em rumores sobre uma poss\u00edvel transfer\u00eancia para o futebol europeu. Afinal, sua aus\u00eancia de uma declara\u00e7\u00e3o clara sobre o futuro abriu espa\u00e7o para especula\u00e7\u00f5es. Ali\u00e1s, uma das especula\u00e7\u00f5es [&hellip;]<\/p>\n","protected":false},"author":33,"featured_media":70428,"comment_status":"open","ping_status":"closed","sticky":false,"template":"","format":"standard","meta":{"footnotes":""},"categories":[150],"tags":[],"class_list":["post-248163","post","type-post","status-publish","format-standard","has-post-thumbnail","hentry","category-palmeiras"],"yoast_head":"<!-- This site is optimized with the Yoast SEO Premium plugin v24.2 (Yoast SEO v26.9) - https:\/\/yoast.com\/product\/yoast-seo-premium-wordpress\/ -->\n<title>Palmeiras define futuro de Raphael Veiga<\/title>\n<meta name=\"robots\" content=\"index, follow, max-snippet:-1, max-image-preview:large, max-video-preview:-1\" \/>\n<link rel=\"canonical\" href=\"https:\/\/www.gaveanews.com\/index.php\/2025\/04\/02\/palmeiras-define-futuro-de-raphael-veiga\/\" \/>\n<meta property=\"og:locale\" content=\"pt_BR\" \/>\n<meta property=\"og:type\" content=\"article\" \/>\n<meta property=\"og:title\" content=\"Palmeiras define futuro de Raphael Veiga\" \/>\n<meta property=\"og:description\" content=\"A perman\u00eancia de Raphael Veiga no Palmeiras foi tema de discuss\u00f5es nos bastidores nos \u00faltimos dias. O meia, pe\u00e7a-chave no esquema de Abel Ferreira, vinha sendo envolvido em rumores sobre uma poss\u00edvel transfer\u00eancia para o futebol europeu. Afinal, sua aus\u00eancia de uma declara\u00e7\u00e3o clara sobre o futuro abriu espa\u00e7o para especula\u00e7\u00f5es. Ali\u00e1s, uma das especula\u00e7\u00f5es [&hellip;]\" \/>\n<meta property=\"og:url\" content=\"https:\/\/www.gaveanews.com\/index.php\/2025\/04\/02\/palmeiras-define-futuro-de-raphael-veiga\/\" \/>\n<meta property=\"og:site_name\" content=\"G\u00e1vea News\" \/>\n<meta property=\"article:publisher\" content=\"https:\/\/facebook.com\/gaveaNews\/\" \/>\n<meta property=\"article:published_time\" content=\"2025-04-03T01:20:00+00:00\" \/>\n<meta property=\"og:image\" content=\"https:\/\/www.gaveanews.com\/wp-content\/uploads\/Raphael-Veiga-comemora-gol-marcado-pelo-Palmeiras.webp\" \/>\n\t<meta property=\"og:image:width\" content=\"1008\" \/>\n\t<meta property=\"og:image:height\" content=\"567\" \/>\n\t<meta property=\"og:image:type\" content=\"image\/jpeg\" \/>\n<meta name=\"author\" content=\"Brenda Cezillo\" \/>\n<meta name=\"twitter:card\" content=\"summary_large_image\" \/>\n<meta name=\"twitter:label1\" content=\"Escrito por\" \/>\n\t<meta name=\"twitter:data1\" content=\"Brenda Cezillo\" \/>\n\t<meta name=\"twitter:label2\" content=\"Est. tempo de leitura\" \/>\n\t<meta name=\"twitter:data2\" content=\"3 minutos\" \/>\n<script type=\"application\/ld+json\" class=\"yoast-schema-graph\">{\"@context\":\"https:\/\/schema.org\",\"@graph\":[{\"@type\":\"NewsArticle\",\"@id\":\"https:\/\/www.gaveanews.com\/index.php\/2025\/04\/02\/palmeiras-define-futuro-de-raphael-veiga\/#article\",\"isPartOf\":{\"@id\":\"https:\/\/www.gaveanews.com\/index.php\/2025\/04\/02\/palmeiras-define-futuro-de-raphael-veiga\/\"},\"author\":{\"name\":\"Brenda Cezillo\",\"@id\":\"https:\/\/www.gaveanews.com\/#\/schema\/person\/c79759ca337c40791ae8d08e2923d403\"},\"headline\":\"Palmeiras define futuro de Raphael Veiga\",\"datePublished\":\"2025-04-03T01:20:00+00:00\",\"mainEntityOfPage\":{\"@id\":\"https:\/\/www.gaveanews.com\/index.php\/2025\/04\/02\/palmeiras-define-futuro-de-raphael-veiga\/\"},\"wordCount\":372,\"commentCount\":0,\"image\":{\"@id\":\"https:\/\/www.gaveanews.com\/index.php\/2025\/04\/02\/palmeiras-define-futuro-de-raphael-veiga\/#primaryimage\"},\"thumbnailUrl\":\"https:\/\/www.gaveanews.com\/wp-content\/uploads\/Raphael-Veiga-comemora-gol-marcado-pelo-Palmeiras.webp\",\"articleSection\":[\"Palmeiras\"],\"inLanguage\":\"pt-BR\",\"potentialAction\":[{\"@type\":\"CommentAction\",\"name\":\"Comment\",\"target\":[\"https:\/\/www.gaveanews.com\/index.php\/2025\/04\/02\/palmeiras-define-futuro-de-raphael-veiga\/#respond\"]}],\"copyrightYear\":\"2025\",\"copyrightHolder\":{\"@id\":\"https:\/\/www.gaveanews.com\/#organization\"}},{\"@type\":\"WebPage\",\"@id\":\"https:\/\/www.gaveanews.com\/index.php\/2025\/04\/02\/palmeiras-define-futuro-de-raphael-veiga\/\",\"url\":\"https:\/\/www.gaveanews.com\/index.php\/2025\/04\/02\/palmeiras-define-futuro-de-raphael-veiga\/\",\"name\":\"Palmeiras define futuro de Raphael Veiga\",\"isPartOf\":{\"@id\":\"https:\/\/www.gaveanews.com\/#website\"},\"primaryImageOfPage\":{\"@id\":\"https:\/\/www.gaveanews.com\/index.php\/2025\/04\/02\/palmeiras-define-futuro-de-raphael-veiga\/#primaryimage\"},\"image\":{\"@id\":\"https:\/\/www.gaveanews.com\/index.php\/2025\/04\/02\/palmeiras-define-futuro-de-raphael-veiga\/#primaryimage\"},\"thumbnailUrl\":\"https:\/\/www.gaveanews.com\/wp-content\/uploads\/Raphael-Veiga-comemora-gol-marcado-pelo-Palmeiras.webp\",\"datePublished\":\"2025-04-03T01:20:00+00:00\",\"author\":{\"@id\":\"https:\/\/www.gaveanews.com\/#\/schema\/person\/c79759ca337c40791ae8d08e2923d403\"},\"breadcrumb\":{\"@id\":\"https:\/\/www.gaveanews.com\/index.php\/2025\/04\/02\/palmeiras-define-futuro-de-raphael-veiga\/#breadcrumb\"},\"inLanguage\":\"pt-BR\",\"potentialAction\":[{\"@type\":\"ReadAction\",\"target\":[\"https:\/\/www.gaveanews.com\/index.php\/2025\/04\/02\/palmeiras-define-futuro-de-raphael-veiga\/\"]}]},{\"@type\":\"ImageObject\",\"inLanguage\":\"pt-BR\",\"@id\":\"https:\/\/www.gaveanews.com\/index.php\/2025\/04\/02\/palmeiras-define-futuro-de-raphael-veiga\/#primaryimage\",\"url\":\"https:\/\/www.gaveanews.com\/wp-content\/uploads\/Raphael-Veiga-comemora-gol-marcado-pelo-Palmeiras.webp\",\"contentUrl\":\"https:\/\/www.gaveanews.com\/wp-content\/uploads\/Raphael-Veiga-comemora-gol-marcado-pelo-Palmeiras.webp\",\"width\":1008,\"height\":567},{\"@type\":\"BreadcrumbList\",\"@id\":\"https:\/\/www.gaveanews.com\/index.php\/2025\/04\/02\/palmeiras-define-futuro-de-raphael-veiga\/#breadcrumb\",\"itemListElement\":[{\"@type\":\"ListItem\",\"position\":1,\"name\":\"Home\",\"item\":\"https:\/\/www.gaveanews.com\/\"},{\"@type\":\"ListItem\",\"position\":2,\"name\":\"Palmeiras define futuro de Raphael Veiga\"}]},{\"@type\":\"WebSite\",\"@id\":\"https:\/\/www.gaveanews.com\/#website\",\"url\":\"https:\/\/www.gaveanews.com\/\",\"name\":\"G\u00e1vea News\",\"description\":\"Veja todas as not\u00edcias sobre o Flamengo: Contrata\u00e7\u00f5es, categorias de base, resultados das partidas, tabela de classifica\u00e7\u00e3o, pr\u00f3ximos jogos!\",\"potentialAction\":[{\"@type\":\"SearchAction\",\"target\":{\"@type\":\"EntryPoint\",\"urlTemplate\":\"https:\/\/www.gaveanews.com\/?s={search_term_string}\"},\"query-input\":{\"@type\":\"PropertyValueSpecification\",\"valueRequired\":true,\"valueName\":\"search_term_string\"}}],\"inLanguage\":\"pt-BR\"},{\"@type\":\"Person\",\"@id\":\"https:\/\/www.gaveanews.com\/#\/schema\/person\/c79759ca337c40791ae8d08e2923d403\",\"name\":\"Brenda Cezillo\",\"image\":{\"@type\":\"ImageObject\",\"inLanguage\":\"pt-BR\",\"@id\":\"https:\/\/www.gaveanews.com\/#\/schema\/person\/image\/\",\"url\":\"https:\/\/secure.gravatar.com\/avatar\/1738d75cee7317f9c29ae61dd67620c5883d80a92e42a6fff88ae5d527af217a?s=96&d=mm&r=g\",\"contentUrl\":\"https:\/\/secure.gravatar.com\/avatar\/1738d75cee7317f9c29ae61dd67620c5883d80a92e42a6fff88ae5d527af217a?s=96&d=mm&r=g\",\"caption\":\"Brenda Cezillo\"}}]}<\/script>\n<!-- \/ Yoast SEO Premium plugin. -->","yoast_head_json":{"title":"Palmeiras define futuro de Raphael Veiga","robots":{"index":"index","follow":"follow","max-snippet":"max-snippet:-1","max-image-preview":"max-image-preview:large","max-video-preview":"max-video-preview:-1"},"canonical":"https:\/\/www.gaveanews.com\/index.php\/2025\/04\/02\/palmeiras-define-futuro-de-raphael-veiga\/","og_locale":"pt_BR","og_type":"article","og_title":"Palmeiras define futuro de Raphael Veiga","og_description":"A perman\u00eancia de Raphael Veiga no Palmeiras foi tema de discuss\u00f5es nos bastidores nos \u00faltimos dias. O meia, pe\u00e7a-chave no esquema de Abel Ferreira, vinha sendo envolvido em rumores sobre uma poss\u00edvel transfer\u00eancia para o futebol europeu. Afinal, sua aus\u00eancia de uma declara\u00e7\u00e3o clara sobre o futuro abriu espa\u00e7o para especula\u00e7\u00f5es. Ali\u00e1s, uma das especula\u00e7\u00f5es [&hellip;]","og_url":"https:\/\/www.gaveanews.com\/index.php\/2025\/04\/02\/palmeiras-define-futuro-de-raphael-veiga\/","og_site_name":"G\u00e1vea News","article_publisher":"https:\/\/facebook.com\/gaveaNews\/","article_published_time":"2025-04-03T01:20:00+00:00","og_image":[{"width":1008,"height":567,"url":"https:\/\/www.gaveanews.com\/wp-content\/uploads\/Raphael-Veiga-comemora-gol-marcado-pelo-Palmeiras.webp","type":"image\/jpeg"}],"author":"Brenda Cezillo","twitter_card":"summary_large_image","twitter_misc":{"Escrito por":"Brenda Cezillo","Est. tempo de leitura":"3 minutos"},"schema":{"@context":"https:\/\/schema.org","@graph":[{"@type":"NewsArticle","@id":"https:\/\/www.gaveanews.com\/index.php\/2025\/04\/02\/palmeiras-define-futuro-de-raphael-veiga\/#article","isPartOf":{"@id":"https:\/\/www.gaveanews.com\/index.php\/2025\/04\/02\/palmeiras-define-futuro-de-raphael-veiga\/"},"author":{"name":"Brenda Cezillo","@id":"https:\/\/www.gaveanews.com\/#\/schema\/person\/c79759ca337c40791ae8d08e2923d403"},"headline":"Palmeiras define futuro de Raphael Veiga","datePublished":"2025-04-03T01:20:00+00:00","mainEntityOfPage":{"@id":"https:\/\/www.gaveanews.com\/index.php\/2025\/04\/02\/palmeiras-define-futuro-de-raphael-veiga\/"},"wordCount":372,"commentCount":0,"image":{"@id":"https:\/\/www.gaveanews.com\/index.php\/2025\/04\/02\/palmeiras-define-futuro-de-raphael-veiga\/#primaryimage"},"thumbnailUrl":"https:\/\/www.gaveanews.com\/wp-content\/uploads\/Raphael-Veiga-comemora-gol-marcado-pelo-Palmeiras.webp","articleSection":["Palmeiras"],"inLanguage":"pt-BR","potentialAction":[{"@type":"CommentAction","name":"Comment","target":["https:\/\/www.gaveanews.com\/index.php\/2025\/04\/02\/palmeiras-define-futuro-de-raphael-veiga\/#respond"]}],"copyrightYear":"2025","copyrightHolder":{"@id":"https:\/\/www.gaveanews.com\/#organization"}},{"@type":"WebPage","@id":"https:\/\/www.gaveanews.com\/index.php\/2025\/04\/02\/palmeiras-define-futuro-de-raphael-veiga\/","url":"https:\/\/www.gaveanews.com\/index.php\/2025\/04\/02\/palmeiras-define-futuro-de-raphael-veiga\/","name":"Palmeiras define futuro de Raphael Veiga","isPartOf":{"@id":"https:\/\/www.gaveanews.com\/#website"},"primaryImageOfPage":{"@id":"https:\/\/www.gaveanews.com\/index.php\/2025\/04\/02\/palmeiras-define-futuro-de-raphael-veiga\/#primaryimage"},"image":{"@id":"https:\/\/www.gaveanews.com\/index.php\/2025\/04\/02\/palmeiras-define-futuro-de-raphael-veiga\/#primaryimage"},"thumbnailUrl":"https:\/\/www.gaveanews.com\/wp-content\/uploads\/Raphael-Veiga-comemora-gol-marcado-pelo-Palmeiras.webp","datePublished":"2025-04-03T01:20:00+00:00","author":{"@id":"https:\/\/www.gaveanews.com\/#\/schema\/person\/c79759ca337c40791ae8d08e2923d403"},"breadcrumb":{"@id":"https:\/\/www.gaveanews.com\/index.php\/2025\/04\/02\/palmeiras-define-futuro-de-raphael-veiga\/#breadcrumb"},"inLanguage":"pt-BR","potentialAction":[{"@type":"ReadAction","target":["https:\/\/www.gaveanews.com\/index.php\/2025\/04\/02\/palmeiras-define-futuro-de-raphael-veiga\/"]}]},{"@type":"ImageObject","inLanguage":"pt-BR","@id":"https:\/\/www.gaveanews.com\/index.php\/2025\/04\/02\/palmeiras-define-futuro-de-raphael-veiga\/#primaryimage","url":"https:\/\/www.gaveanews.com\/wp-content\/uploads\/Raphael-Veiga-comemora-gol-marcado-pelo-Palmeiras.webp","contentUrl":"https:\/\/www.gaveanews.com\/wp-content\/uploads\/Raphael-Veiga-comemora-gol-marcado-pelo-Palmeiras.webp","width":1008,"height":567},{"@type":"BreadcrumbList","@id":"https:\/\/www.gaveanews.com\/index.php\/2025\/04\/02\/palmeiras-define-futuro-de-raphael-veiga\/#breadcrumb","itemListElement":[{"@type":"ListItem","position":1,"name":"Home","item":"https:\/\/www.gaveanews.com\/"},{"@type":"ListItem","position":2,"name":"Palmeiras define futuro de Raphael Veiga"}]},{"@type":"WebSite","@id":"https:\/\/www.gaveanews.com\/#website","url":"https:\/\/www.gaveanews.com\/","name":"G\u00e1vea News","description":"Veja todas as not\u00edcias sobre o Flamengo: Contrata\u00e7\u00f5es, categorias de base, resultados das partidas, tabela de classifica\u00e7\u00e3o, pr\u00f3ximos jogos!","potentialAction":[{"@type":"SearchAction","target":{"@type":"EntryPoint","urlTemplate":"https:\/\/www.gaveanews.com\/?s={search_term_string}"},"query-input":{"@type":"PropertyValueSpecification","valueRequired":true,"valueName":"search_term_string"}}],"inLanguage":"pt-BR"},{"@type":"Person","@id":"https:\/\/www.gaveanews.com\/#\/schema\/person\/c79759ca337c40791ae8d08e2923d403","name":"Brenda Cezillo","image":{"@type":"ImageObject","inLanguage":"pt-BR","@id":"https:\/\/www.gaveanews.com\/#\/schema\/person\/image\/","url":"https:\/\/secure.gravatar.com\/avatar\/1738d75cee7317f9c29ae61dd67620c5883d80a92e42a6fff88ae5d527af217a?s=96&d=mm&r=g","contentUrl":"https:\/\/secure.gravatar.com\/avatar\/1738d75cee7317f9c29ae61dd67620c5883d80a92e42a6fff88ae5d527af217a?s=96&d=mm&r=g","caption":"Brenda Cezillo"}}]}},"_links":{"self":[{"href":"https:\/\/www.gaveanews.com\/index.php\/wp-json\/wp\/v2\/posts\/248163","targetHints":{"allow":["GET"]}}],"collection":[{"href":"https:\/\/www.gaveanews.com\/index.php\/wp-json\/wp\/v2\/posts"}],"about":[{"href":"https:\/\/www.gaveanews.com\/index.php\/wp-json\/wp\/v2\/types\/post"}],"author":[{"embeddable":true,"href":"https:\/\/www.gaveanews.com\/index.php\/wp-json\/wp\/v2\/users\/33"}],"replies":[{"embeddable":true,"href":"https:\/\/www.gaveanews.com\/index.php\/wp-json\/wp\/v2\/comments?post=248163"}],"version-history":[{"count":1,"href":"https:\/\/www.gaveanews.com\/index.php\/wp-json\/wp\/v2\/posts\/248163\/revisions"}],"predecessor-version":[{"id":248177,"href":"https:\/\/www.gaveanews.com\/index.php\/wp-json\/wp\/v2\/posts\/248163\/revisions\/248177"}],"wp:featuredmedia":[{"embeddable":true,"href":"https:\/\/www.gaveanews.com\/index.php\/wp-json\/wp\/v2\/media\/70428"}],"wp:attachment":[{"href":"https:\/\/www.gaveanews.com\/index.php\/wp-json\/wp\/v2\/media?parent=248163"}],"wp:term":[{"taxonomy":"category","embeddable":true,"href":"https:\/\/www.gaveanews.com\/index.php\/wp-json\/wp\/v2\/categories?post=248163"},{"taxonomy":"post_tag","embeddable":true,"href":"https:\/\/www.gaveanews.com\/index.php\/wp-json\/wp\/v2\/tags?post=248163"}],"curies":[{"name":"wp","href":"https:\/\/api.w.org\/{rel}","templated":true}]}}