{"id":248166,"date":"2025-04-02T22:00:00","date_gmt":"2025-04-03T01:00:00","guid":{"rendered":"https:\/\/www.gaveanews.com\/?p=248166"},"modified":"2025-04-02T17:45:04","modified_gmt":"2025-04-02T20:45:04","slug":"craque-neto-detona-atitude-da-diretoria-do-corinthians-com-rodrigo-garro","status":"publish","type":"post","link":"https:\/\/www.gaveanews.com\/index.php\/2025\/04\/02\/craque-neto-detona-atitude-da-diretoria-do-corinthians-com-rodrigo-garro\/","title":{"rendered":"Craque Neto detona atitude da diretoria do Corinthians com Rodrigo Garro"},"content":{"rendered":"\n<p>A pol\u00eamica est\u00e1 instaurada no Corinthians, e um dos maiores \u00eddolos do clube n\u00e3o ficou em sil\u00eancio. O apresentador Neto fez duras cr\u00edticas \u00e0 decis\u00e3o da diretoria e do departamento m\u00e9dico de enviar Rodrigo Garro para tratamento na Europa.&nbsp;<\/p>\n\n\n\n<p>Para o ex-jogador, essa medida n\u00e3o faz sentido e exp\u00f5e o clube de maneira desnecess\u00e1ria. Sendo assim, a repercuss\u00e3o do caso gerou grande debate entre torcedores e especialistas.<\/p>\n\n\n\n<h2 class=\"wp-block-heading\" id=\"h-neto-nao-poupou-criticas-a-escolha-do-corinthians\">Neto n\u00e3o poupou cr\u00edticas \u00e0 escolha do Corinthians<\/h2>\n\n\n\n<figure class=\"wp-block-image size-large\"><img loading=\"lazy\" decoding=\"async\" width=\"1024\" height=\"772\" src=\"http:\/\/www.gaveanews.com\/wp-content\/uploads\/Rodrigo-Garro-com-a-camisa-do-Corinthians-em-2024-1024x772.webp\" alt=\"\" class=\"wp-image-161268\" srcset=\"https:\/\/www.gaveanews.com\/wp-content\/uploads\/Rodrigo-Garro-com-a-camisa-do-Corinthians-em-2024-1024x772.webp 1024w, https:\/\/www.gaveanews.com\/wp-content\/uploads\/Rodrigo-Garro-com-a-camisa-do-Corinthians-em-2024-300x226.webp 300w, https:\/\/www.gaveanews.com\/wp-content\/uploads\/Rodrigo-Garro-com-a-camisa-do-Corinthians-em-2024-768x579.webp 768w, https:\/\/www.gaveanews.com\/wp-content\/uploads\/Rodrigo-Garro-com-a-camisa-do-Corinthians-em-2024-557x420.webp 557w, https:\/\/www.gaveanews.com\/wp-content\/uploads\/Rodrigo-Garro-com-a-camisa-do-Corinthians-em-2024-1115x840.webp 1115w, https:\/\/www.gaveanews.com\/wp-content\/uploads\/Rodrigo-Garro-com-a-camisa-do-Corinthians-em-2024-80x60.webp 80w, https:\/\/www.gaveanews.com\/wp-content\/uploads\/Rodrigo-Garro-com-a-camisa-do-Corinthians-em-2024-160x120.webp 160w, https:\/\/www.gaveanews.com\/wp-content\/uploads\/Rodrigo-Garro-com-a-camisa-do-Corinthians-em-2024-100x75.webp 100w, https:\/\/www.gaveanews.com\/wp-content\/uploads\/Rodrigo-Garro-com-a-camisa-do-Corinthians-em-2024-200x150.webp 200w, https:\/\/www.gaveanews.com\/wp-content\/uploads\/Rodrigo-Garro-com-a-camisa-do-Corinthians-em-2024-180x135.webp 180w, https:\/\/www.gaveanews.com\/wp-content\/uploads\/Rodrigo-Garro-com-a-camisa-do-Corinthians-em-2024-360x270.webp 360w, https:\/\/www.gaveanews.com\/wp-content\/uploads\/Rodrigo-Garro-com-a-camisa-do-Corinthians-em-2024-238x178.webp 238w, https:\/\/www.gaveanews.com\/wp-content\/uploads\/Rodrigo-Garro-com-a-camisa-do-Corinthians-em-2024-640x482.webp 640w, https:\/\/www.gaveanews.com\/wp-content\/uploads\/Rodrigo-Garro-com-a-camisa-do-Corinthians-em-2024-1280x964.webp 1280w, https:\/\/www.gaveanews.com\/wp-content\/uploads\/Rodrigo-Garro-com-a-camisa-do-Corinthians-em-2024-681x513.webp 681w, https:\/\/www.gaveanews.com\/wp-content\/uploads\/Rodrigo-Garro-com-a-camisa-do-Corinthians-em-2024-1362x1026.webp 1362w, https:\/\/www.gaveanews.com\/wp-content\/uploads\/Rodrigo-Garro-com-a-camisa-do-Corinthians-em-2024.webp 1440w\" sizes=\"auto, (max-width: 1024px) 100vw, 1024px\" \/><figcaption class=\"wp-element-caption\">Rodrigo Garro com a camisa do Corinthians em 2024 (Foto: Reprodu\u00e7\u00e3o\/Instagram)<\/figcaption><\/figure>\n\n\n\n<p>O Corinthians divulgou uma nota oficial confirmando que Rodrigo Garro foi enviado \u00e0 Espanha para tratar uma tendinopatia patelar no joelho direito. No entanto, Neto n\u00e3o aprovou essa decis\u00e3o e questionou a necessidade de buscar tratamento fora do Brasil.<\/p>\n\n\n\n<p>\u201cVoc\u00eas t\u00e3o de sacanagem? Doutora, doutor, fisioterapeuta&#8230; Quem voc\u00eas est\u00e3o pensando que voc\u00eas s\u00e3o? O cara vai para a Espanha? Os maiores ortopedistas do mundo moram nesse pa\u00eds aqui. Jogadores da Europa v\u00eam para c\u00e1 para (se) tratar\u201d, disparou Neto no programa Os Donos da Bola.<\/p>\n\n\n\n<p>Vale destacar que o ex-jogador j\u00e1 criticou o departamento m\u00e9dico corintiano em outras oportunidades. Dessa maneira, suas falas refor\u00e7am a insatisfa\u00e7\u00e3o com a gest\u00e3o atual do clube.<\/p>\n\n\n\n<h2 class=\"wp-block-heading\" id=\"h-vazamento-de-informacoes-tambem-revoltou-o-apresentador\">Vazamento de informa\u00e7\u00f5es tamb\u00e9m revoltou o apresentador<\/h2>\n\n\n\n<p>Al\u00e9m disso, Neto questionou a maneira como as informa\u00e7\u00f5es sobre Garro foram divulgadas para a imprensa. Para ele, detalhes m\u00e9dicos do jogador n\u00e3o deveriam ter sido expostos com tanta facilidade.<\/p>\n\n\n\n<p>\u201cA imprensa toda ficou sabendo&#8230; Todo mundo sabe que teve infiltra\u00e7\u00e3o, que palha\u00e7ada \u00e9 essa? At\u00e9 infiltra\u00e7\u00e3o, inje\u00e7\u00e3o vaza no Corinthians. A imprensa sabe at\u00e9 o rem\u00e9dio (que Garro tomou)\u201d, criticou.<\/p>\n\n\n\n<p>Por isso, o ex-meia alertou para o risco de a les\u00e3o do jogador piorar com o tempo. \u201cAgora todo mundo sabe que o cara tem problema no joelho, que tem uma tendinite, que pode arrebentar a patela. A\u00ed sabe o que vai acontecer? Ele vai se tratar e volta para jogar, a\u00ed estoura (uma les\u00e3o). A\u00ed quem vai ser o respons\u00e1vel?\u201d, completou.<\/p>\n\n\n\n<h2 class=\"wp-block-heading\" id=\"h-corinthians-defende-decisao-e-explica-tratamento\">Corinthians defende decis\u00e3o e explica tratamento<\/h2>\n\n\n\n<p>O clube, por sua vez, justificou a viagem de Garro. Segundo a nota oficial, o tratamento na Espanha foi uma estrat\u00e9gia coordenada pelo departamento m\u00e9dico para acelerar sua recupera\u00e7\u00e3o.<\/p>\n\n\n\n<p>Sendo assim, resta saber se a decis\u00e3o trar\u00e1 resultados positivos ou se as cr\u00edticas de Neto v\u00e3o se confirmar no futuro.<\/p>\n","protected":false},"excerpt":{"rendered":"<p>A pol\u00eamica est\u00e1 instaurada no Corinthians, e um dos maiores \u00eddolos do clube n\u00e3o ficou em sil\u00eancio. O apresentador Neto fez duras cr\u00edticas \u00e0 decis\u00e3o da diretoria e do departamento m\u00e9dico de enviar Rodrigo Garro para tratamento na Europa.&nbsp; Para o ex-jogador, essa medida n\u00e3o faz sentido e exp\u00f5e o clube de maneira desnecess\u00e1ria. Sendo [&hellip;]<\/p>\n","protected":false},"author":25,"featured_media":154473,"comment_status":"open","ping_status":"closed","sticky":false,"template":"","format":"standard","meta":{"footnotes":""},"categories":[141],"tags":[],"class_list":["post-248166","post","type-post","status-publish","format-standard","has-post-thumbnail","hentry","category-corinthians"],"yoast_head":"<!-- This site is optimized with the Yoast SEO Premium plugin v24.2 (Yoast SEO v26.9) - https:\/\/yoast.com\/product\/yoast-seo-premium-wordpress\/ -->\n<title>Craque Neto detona atitude da diretoria do Corinthians com Rodrigo Garro<\/title>\n<meta name=\"robots\" content=\"index, follow, max-snippet:-1, max-image-preview:large, max-video-preview:-1\" \/>\n<link rel=\"canonical\" href=\"https:\/\/www.gaveanews.com\/index.php\/2025\/04\/02\/craque-neto-detona-atitude-da-diretoria-do-corinthians-com-rodrigo-garro\/\" \/>\n<meta property=\"og:locale\" content=\"pt_BR\" \/>\n<meta property=\"og:type\" content=\"article\" \/>\n<meta property=\"og:title\" content=\"Craque Neto detona atitude da diretoria do Corinthians com Rodrigo Garro\" \/>\n<meta property=\"og:description\" content=\"A pol\u00eamica est\u00e1 instaurada no Corinthians, e um dos maiores \u00eddolos do clube n\u00e3o ficou em sil\u00eancio. O apresentador Neto fez duras cr\u00edticas \u00e0 decis\u00e3o da diretoria e do departamento m\u00e9dico de enviar Rodrigo Garro para tratamento na Europa.&nbsp; Para o ex-jogador, essa medida n\u00e3o faz sentido e exp\u00f5e o clube de maneira desnecess\u00e1ria. Sendo [&hellip;]\" \/>\n<meta property=\"og:url\" content=\"https:\/\/www.gaveanews.com\/index.php\/2025\/04\/02\/craque-neto-detona-atitude-da-diretoria-do-corinthians-com-rodrigo-garro\/\" \/>\n<meta property=\"og:site_name\" content=\"G\u00e1vea News\" \/>\n<meta property=\"article:publisher\" content=\"https:\/\/facebook.com\/gaveaNews\/\" \/>\n<meta property=\"article:published_time\" content=\"2025-04-03T01:00:00+00:00\" \/>\n<meta property=\"og:image\" content=\"https:\/\/www.gaveanews.com\/wp-content\/uploads\/Escudo-do-Corinthians-na-Neo-Quimica-Arena.webp\" \/>\n\t<meta property=\"og:image:width\" content=\"1440\" \/>\n\t<meta property=\"og:image:height\" content=\"959\" \/>\n\t<meta property=\"og:image:type\" content=\"image\/jpeg\" \/>\n<meta name=\"author\" content=\"Rafaela Ladeira\" \/>\n<meta name=\"twitter:card\" content=\"summary_large_image\" \/>\n<meta name=\"twitter:label1\" content=\"Escrito por\" \/>\n\t<meta name=\"twitter:data1\" content=\"Rafaela Ladeira\" \/>\n\t<meta name=\"twitter:label2\" content=\"Est. tempo de leitura\" \/>\n\t<meta name=\"twitter:data2\" content=\"3 minutos\" \/>\n<script type=\"application\/ld+json\" class=\"yoast-schema-graph\">{\"@context\":\"https:\/\/schema.org\",\"@graph\":[{\"@type\":\"NewsArticle\",\"@id\":\"https:\/\/www.gaveanews.com\/index.php\/2025\/04\/02\/craque-neto-detona-atitude-da-diretoria-do-corinthians-com-rodrigo-garro\/#article\",\"isPartOf\":{\"@id\":\"https:\/\/www.gaveanews.com\/index.php\/2025\/04\/02\/craque-neto-detona-atitude-da-diretoria-do-corinthians-com-rodrigo-garro\/\"},\"author\":{\"name\":\"Rafaela Ladeira\",\"@id\":\"https:\/\/www.gaveanews.com\/#\/schema\/person\/0eb3e3fe1754f0205218538adbe8f5ed\"},\"headline\":\"Craque Neto detona atitude da diretoria do Corinthians com Rodrigo Garro\",\"datePublished\":\"2025-04-03T01:00:00+00:00\",\"mainEntityOfPage\":{\"@id\":\"https:\/\/www.gaveanews.com\/index.php\/2025\/04\/02\/craque-neto-detona-atitude-da-diretoria-do-corinthians-com-rodrigo-garro\/\"},\"wordCount\":440,\"commentCount\":0,\"image\":{\"@id\":\"https:\/\/www.gaveanews.com\/index.php\/2025\/04\/02\/craque-neto-detona-atitude-da-diretoria-do-corinthians-com-rodrigo-garro\/#primaryimage\"},\"thumbnailUrl\":\"https:\/\/www.gaveanews.com\/wp-content\/uploads\/Escudo-do-Corinthians-na-Neo-Quimica-Arena.webp\",\"articleSection\":[\"Corinthians\"],\"inLanguage\":\"pt-BR\",\"potentialAction\":[{\"@type\":\"CommentAction\",\"name\":\"Comment\",\"target\":[\"https:\/\/www.gaveanews.com\/index.php\/2025\/04\/02\/craque-neto-detona-atitude-da-diretoria-do-corinthians-com-rodrigo-garro\/#respond\"]}],\"copyrightYear\":\"2025\",\"copyrightHolder\":{\"@id\":\"https:\/\/www.gaveanews.com\/#organization\"}},{\"@type\":\"WebPage\",\"@id\":\"https:\/\/www.gaveanews.com\/index.php\/2025\/04\/02\/craque-neto-detona-atitude-da-diretoria-do-corinthians-com-rodrigo-garro\/\",\"url\":\"https:\/\/www.gaveanews.com\/index.php\/2025\/04\/02\/craque-neto-detona-atitude-da-diretoria-do-corinthians-com-rodrigo-garro\/\",\"name\":\"Craque Neto detona atitude da diretoria do Corinthians com Rodrigo Garro\",\"isPartOf\":{\"@id\":\"https:\/\/www.gaveanews.com\/#website\"},\"primaryImageOfPage\":{\"@id\":\"https:\/\/www.gaveanews.com\/index.php\/2025\/04\/02\/craque-neto-detona-atitude-da-diretoria-do-corinthians-com-rodrigo-garro\/#primaryimage\"},\"image\":{\"@id\":\"https:\/\/www.gaveanews.com\/index.php\/2025\/04\/02\/craque-neto-detona-atitude-da-diretoria-do-corinthians-com-rodrigo-garro\/#primaryimage\"},\"thumbnailUrl\":\"https:\/\/www.gaveanews.com\/wp-content\/uploads\/Escudo-do-Corinthians-na-Neo-Quimica-Arena.webp\",\"datePublished\":\"2025-04-03T01:00:00+00:00\",\"author\":{\"@id\":\"https:\/\/www.gaveanews.com\/#\/schema\/person\/0eb3e3fe1754f0205218538adbe8f5ed\"},\"breadcrumb\":{\"@id\":\"https:\/\/www.gaveanews.com\/index.php\/2025\/04\/02\/craque-neto-detona-atitude-da-diretoria-do-corinthians-com-rodrigo-garro\/#breadcrumb\"},\"inLanguage\":\"pt-BR\",\"potentialAction\":[{\"@type\":\"ReadAction\",\"target\":[\"https:\/\/www.gaveanews.com\/index.php\/2025\/04\/02\/craque-neto-detona-atitude-da-diretoria-do-corinthians-com-rodrigo-garro\/\"]}]},{\"@type\":\"ImageObject\",\"inLanguage\":\"pt-BR\",\"@id\":\"https:\/\/www.gaveanews.com\/index.php\/2025\/04\/02\/craque-neto-detona-atitude-da-diretoria-do-corinthians-com-rodrigo-garro\/#primaryimage\",\"url\":\"https:\/\/www.gaveanews.com\/wp-content\/uploads\/Escudo-do-Corinthians-na-Neo-Quimica-Arena.webp\",\"contentUrl\":\"https:\/\/www.gaveanews.com\/wp-content\/uploads\/Escudo-do-Corinthians-na-Neo-Quimica-Arena.webp\",\"width\":1440,\"height\":959,\"caption\":\"Escudo do Corinthians na N\u00e9o Qu\u00edmica Arena (Foto Reprodu\u00e7\u00e3o\/Instagram)\"},{\"@type\":\"BreadcrumbList\",\"@id\":\"https:\/\/www.gaveanews.com\/index.php\/2025\/04\/02\/craque-neto-detona-atitude-da-diretoria-do-corinthians-com-rodrigo-garro\/#breadcrumb\",\"itemListElement\":[{\"@type\":\"ListItem\",\"position\":1,\"name\":\"Home\",\"item\":\"https:\/\/www.gaveanews.com\/\"},{\"@type\":\"ListItem\",\"position\":2,\"name\":\"Craque Neto detona atitude da diretoria do Corinthians com Rodrigo Garro\"}]},{\"@type\":\"WebSite\",\"@id\":\"https:\/\/www.gaveanews.com\/#website\",\"url\":\"https:\/\/www.gaveanews.com\/\",\"name\":\"G\u00e1vea News\",\"description\":\"Veja todas as not\u00edcias sobre o Flamengo: Contrata\u00e7\u00f5es, categorias de base, resultados das partidas, tabela de classifica\u00e7\u00e3o, pr\u00f3ximos jogos!\",\"potentialAction\":[{\"@type\":\"SearchAction\",\"target\":{\"@type\":\"EntryPoint\",\"urlTemplate\":\"https:\/\/www.gaveanews.com\/?s={search_term_string}\"},\"query-input\":{\"@type\":\"PropertyValueSpecification\",\"valueRequired\":true,\"valueName\":\"search_term_string\"}}],\"inLanguage\":\"pt-BR\"},{\"@type\":\"Person\",\"@id\":\"https:\/\/www.gaveanews.com\/#\/schema\/person\/0eb3e3fe1754f0205218538adbe8f5ed\",\"name\":\"Rafaela Ladeira\",\"image\":{\"@type\":\"ImageObject\",\"inLanguage\":\"pt-BR\",\"@id\":\"https:\/\/www.gaveanews.com\/#\/schema\/person\/image\/\",\"url\":\"https:\/\/secure.gravatar.com\/avatar\/c31f513acffd85eacab5730cbdfdbbf59f21ba5aeada8cd890acea879fbb2455?s=96&d=mm&r=g\",\"contentUrl\":\"https:\/\/secure.gravatar.com\/avatar\/c31f513acffd85eacab5730cbdfdbbf59f21ba5aeada8cd890acea879fbb2455?s=96&d=mm&r=g\",\"caption\":\"Rafaela Ladeira\"}}]}<\/script>\n<!-- \/ Yoast SEO Premium plugin. -->","yoast_head_json":{"title":"Craque Neto detona atitude da diretoria do Corinthians com Rodrigo Garro","robots":{"index":"index","follow":"follow","max-snippet":"max-snippet:-1","max-image-preview":"max-image-preview:large","max-video-preview":"max-video-preview:-1"},"canonical":"https:\/\/www.gaveanews.com\/index.php\/2025\/04\/02\/craque-neto-detona-atitude-da-diretoria-do-corinthians-com-rodrigo-garro\/","og_locale":"pt_BR","og_type":"article","og_title":"Craque Neto detona atitude da diretoria do Corinthians com Rodrigo Garro","og_description":"A pol\u00eamica est\u00e1 instaurada no Corinthians, e um dos maiores \u00eddolos do clube n\u00e3o ficou em sil\u00eancio. O apresentador Neto fez duras cr\u00edticas \u00e0 decis\u00e3o da diretoria e do departamento m\u00e9dico de enviar Rodrigo Garro para tratamento na Europa.&nbsp; Para o ex-jogador, essa medida n\u00e3o faz sentido e exp\u00f5e o clube de maneira desnecess\u00e1ria. Sendo [&hellip;]","og_url":"https:\/\/www.gaveanews.com\/index.php\/2025\/04\/02\/craque-neto-detona-atitude-da-diretoria-do-corinthians-com-rodrigo-garro\/","og_site_name":"G\u00e1vea News","article_publisher":"https:\/\/facebook.com\/gaveaNews\/","article_published_time":"2025-04-03T01:00:00+00:00","og_image":[{"width":1440,"height":959,"url":"https:\/\/www.gaveanews.com\/wp-content\/uploads\/Escudo-do-Corinthians-na-Neo-Quimica-Arena.webp","type":"image\/jpeg"}],"author":"Rafaela Ladeira","twitter_card":"summary_large_image","twitter_misc":{"Escrito por":"Rafaela Ladeira","Est. tempo de leitura":"3 minutos"},"schema":{"@context":"https:\/\/schema.org","@graph":[{"@type":"NewsArticle","@id":"https:\/\/www.gaveanews.com\/index.php\/2025\/04\/02\/craque-neto-detona-atitude-da-diretoria-do-corinthians-com-rodrigo-garro\/#article","isPartOf":{"@id":"https:\/\/www.gaveanews.com\/index.php\/2025\/04\/02\/craque-neto-detona-atitude-da-diretoria-do-corinthians-com-rodrigo-garro\/"},"author":{"name":"Rafaela Ladeira","@id":"https:\/\/www.gaveanews.com\/#\/schema\/person\/0eb3e3fe1754f0205218538adbe8f5ed"},"headline":"Craque Neto detona atitude da diretoria do Corinthians com Rodrigo Garro","datePublished":"2025-04-03T01:00:00+00:00","mainEntityOfPage":{"@id":"https:\/\/www.gaveanews.com\/index.php\/2025\/04\/02\/craque-neto-detona-atitude-da-diretoria-do-corinthians-com-rodrigo-garro\/"},"wordCount":440,"commentCount":0,"image":{"@id":"https:\/\/www.gaveanews.com\/index.php\/2025\/04\/02\/craque-neto-detona-atitude-da-diretoria-do-corinthians-com-rodrigo-garro\/#primaryimage"},"thumbnailUrl":"https:\/\/www.gaveanews.com\/wp-content\/uploads\/Escudo-do-Corinthians-na-Neo-Quimica-Arena.webp","articleSection":["Corinthians"],"inLanguage":"pt-BR","potentialAction":[{"@type":"CommentAction","name":"Comment","target":["https:\/\/www.gaveanews.com\/index.php\/2025\/04\/02\/craque-neto-detona-atitude-da-diretoria-do-corinthians-com-rodrigo-garro\/#respond"]}],"copyrightYear":"2025","copyrightHolder":{"@id":"https:\/\/www.gaveanews.com\/#organization"}},{"@type":"WebPage","@id":"https:\/\/www.gaveanews.com\/index.php\/2025\/04\/02\/craque-neto-detona-atitude-da-diretoria-do-corinthians-com-rodrigo-garro\/","url":"https:\/\/www.gaveanews.com\/index.php\/2025\/04\/02\/craque-neto-detona-atitude-da-diretoria-do-corinthians-com-rodrigo-garro\/","name":"Craque Neto detona atitude da diretoria do Corinthians com Rodrigo Garro","isPartOf":{"@id":"https:\/\/www.gaveanews.com\/#website"},"primaryImageOfPage":{"@id":"https:\/\/www.gaveanews.com\/index.php\/2025\/04\/02\/craque-neto-detona-atitude-da-diretoria-do-corinthians-com-rodrigo-garro\/#primaryimage"},"image":{"@id":"https:\/\/www.gaveanews.com\/index.php\/2025\/04\/02\/craque-neto-detona-atitude-da-diretoria-do-corinthians-com-rodrigo-garro\/#primaryimage"},"thumbnailUrl":"https:\/\/www.gaveanews.com\/wp-content\/uploads\/Escudo-do-Corinthians-na-Neo-Quimica-Arena.webp","datePublished":"2025-04-03T01:00:00+00:00","author":{"@id":"https:\/\/www.gaveanews.com\/#\/schema\/person\/0eb3e3fe1754f0205218538adbe8f5ed"},"breadcrumb":{"@id":"https:\/\/www.gaveanews.com\/index.php\/2025\/04\/02\/craque-neto-detona-atitude-da-diretoria-do-corinthians-com-rodrigo-garro\/#breadcrumb"},"inLanguage":"pt-BR","potentialAction":[{"@type":"ReadAction","target":["https:\/\/www.gaveanews.com\/index.php\/2025\/04\/02\/craque-neto-detona-atitude-da-diretoria-do-corinthians-com-rodrigo-garro\/"]}]},{"@type":"ImageObject","inLanguage":"pt-BR","@id":"https:\/\/www.gaveanews.com\/index.php\/2025\/04\/02\/craque-neto-detona-atitude-da-diretoria-do-corinthians-com-rodrigo-garro\/#primaryimage","url":"https:\/\/www.gaveanews.com\/wp-content\/uploads\/Escudo-do-Corinthians-na-Neo-Quimica-Arena.webp","contentUrl":"https:\/\/www.gaveanews.com\/wp-content\/uploads\/Escudo-do-Corinthians-na-Neo-Quimica-Arena.webp","width":1440,"height":959,"caption":"Escudo do Corinthians na N\u00e9o Qu\u00edmica Arena (Foto Reprodu\u00e7\u00e3o\/Instagram)"},{"@type":"BreadcrumbList","@id":"https:\/\/www.gaveanews.com\/index.php\/2025\/04\/02\/craque-neto-detona-atitude-da-diretoria-do-corinthians-com-rodrigo-garro\/#breadcrumb","itemListElement":[{"@type":"ListItem","position":1,"name":"Home","item":"https:\/\/www.gaveanews.com\/"},{"@type":"ListItem","position":2,"name":"Craque Neto detona atitude da diretoria do Corinthians com Rodrigo Garro"}]},{"@type":"WebSite","@id":"https:\/\/www.gaveanews.com\/#website","url":"https:\/\/www.gaveanews.com\/","name":"G\u00e1vea News","description":"Veja todas as not\u00edcias sobre o Flamengo: Contrata\u00e7\u00f5es, categorias de base, resultados das partidas, tabela de classifica\u00e7\u00e3o, pr\u00f3ximos jogos!","potentialAction":[{"@type":"SearchAction","target":{"@type":"EntryPoint","urlTemplate":"https:\/\/www.gaveanews.com\/?s={search_term_string}"},"query-input":{"@type":"PropertyValueSpecification","valueRequired":true,"valueName":"search_term_string"}}],"inLanguage":"pt-BR"},{"@type":"Person","@id":"https:\/\/www.gaveanews.com\/#\/schema\/person\/0eb3e3fe1754f0205218538adbe8f5ed","name":"Rafaela Ladeira","image":{"@type":"ImageObject","inLanguage":"pt-BR","@id":"https:\/\/www.gaveanews.com\/#\/schema\/person\/image\/","url":"https:\/\/secure.gravatar.com\/avatar\/c31f513acffd85eacab5730cbdfdbbf59f21ba5aeada8cd890acea879fbb2455?s=96&d=mm&r=g","contentUrl":"https:\/\/secure.gravatar.com\/avatar\/c31f513acffd85eacab5730cbdfdbbf59f21ba5aeada8cd890acea879fbb2455?s=96&d=mm&r=g","caption":"Rafaela Ladeira"}}]}},"_links":{"self":[{"href":"https:\/\/www.gaveanews.com\/index.php\/wp-json\/wp\/v2\/posts\/248166","targetHints":{"allow":["GET"]}}],"collection":[{"href":"https:\/\/www.gaveanews.com\/index.php\/wp-json\/wp\/v2\/posts"}],"about":[{"href":"https:\/\/www.gaveanews.com\/index.php\/wp-json\/wp\/v2\/types\/post"}],"author":[{"embeddable":true,"href":"https:\/\/www.gaveanews.com\/index.php\/wp-json\/wp\/v2\/users\/25"}],"replies":[{"embeddable":true,"href":"https:\/\/www.gaveanews.com\/index.php\/wp-json\/wp\/v2\/comments?post=248166"}],"version-history":[{"count":1,"href":"https:\/\/www.gaveanews.com\/index.php\/wp-json\/wp\/v2\/posts\/248166\/revisions"}],"predecessor-version":[{"id":248168,"href":"https:\/\/www.gaveanews.com\/index.php\/wp-json\/wp\/v2\/posts\/248166\/revisions\/248168"}],"wp:featuredmedia":[{"embeddable":true,"href":"https:\/\/www.gaveanews.com\/index.php\/wp-json\/wp\/v2\/media\/154473"}],"wp:attachment":[{"href":"https:\/\/www.gaveanews.com\/index.php\/wp-json\/wp\/v2\/media?parent=248166"}],"wp:term":[{"taxonomy":"category","embeddable":true,"href":"https:\/\/www.gaveanews.com\/index.php\/wp-json\/wp\/v2\/categories?post=248166"},{"taxonomy":"post_tag","embeddable":true,"href":"https:\/\/www.gaveanews.com\/index.php\/wp-json\/wp\/v2\/tags?post=248166"}],"curies":[{"name":"wp","href":"https:\/\/api.w.org\/{rel}","templated":true}]}}