{"id":248342,"date":"2025-04-03T11:50:00","date_gmt":"2025-04-03T14:50:00","guid":{"rendered":"https:\/\/www.gaveanews.com\/?p=248342"},"modified":"2025-04-03T11:12:52","modified_gmt":"2025-04-03T14:12:52","slug":"ex-flamengo-e-sincero-ao-falar-sobre-gerson-e-um-dos-caras-que","status":"publish","type":"post","link":"https:\/\/www.gaveanews.com\/index.php\/2025\/04\/03\/ex-flamengo-e-sincero-ao-falar-sobre-gerson-e-um-dos-caras-que\/","title":{"rendered":"Ex-Flamengo \u00e9 sincero ao falar sobre Gerson: &#8220;\u00e9 um dos caras que&#8230;&#8221;"},"content":{"rendered":"\n<p>O talento de Gerson dentro de campo n\u00e3o passa despercebido, nem mesmo para ex-jogadores que j\u00e1 defenderam o Flamengo. O volante, pe\u00e7a fundamental no time rubro-negro, recebeu elogios de Cristian, ex-meia do clube entre 2007 e 2008.&nbsp;<\/p>\n\n\n\n<p>Durante entrevista \u00e0 Super R\u00e1dio Tupi, o ex-atleta destacou a qualidade do camisa 8 e revelou que gostaria de ter jogado ao lado dele.&nbsp;<\/p>\n\n\n\n<p>Al\u00e9m disso, Cristian tamb\u00e9m opinou sobre as chances do Flamengo no Super Mundial de Clubes, competi\u00e7\u00e3o que ser\u00e1 disputada nos Estados Unidos.<\/p>\n\n\n\n<h2 class=\"wp-block-heading\" id=\"h-gerson-e-destaque-no-futebol-brasileiro\">Gerson \u00e9 destaque no futebol brasileiro<\/h2>\n\n\n\n<figure class=\"wp-block-image size-full\"><img loading=\"lazy\" decoding=\"async\" width=\"900\" height=\"600\" src=\"http:\/\/www.gaveanews.com\/wp-content\/uploads\/gerson-flamengo.webp\" alt=\"\" class=\"wp-image-145523\" srcset=\"https:\/\/www.gaveanews.com\/wp-content\/uploads\/gerson-flamengo.webp 900w, https:\/\/www.gaveanews.com\/wp-content\/uploads\/gerson-flamengo-300x200.webp 300w, https:\/\/www.gaveanews.com\/wp-content\/uploads\/gerson-flamengo-768x512.webp 768w, https:\/\/www.gaveanews.com\/wp-content\/uploads\/gerson-flamengo-630x420.webp 630w, https:\/\/www.gaveanews.com\/wp-content\/uploads\/gerson-flamengo-640x427.webp 640w, https:\/\/www.gaveanews.com\/wp-content\/uploads\/gerson-flamengo-681x454.webp 681w, https:\/\/www.gaveanews.com\/wp-content\/uploads\/gerson-flamengo-100x67.webp 100w\" sizes=\"auto, (max-width: 900px) 100vw, 900px\" \/><figcaption class=\"wp-element-caption\">Gerson em a\u00e7\u00e3o pelo Flamengo (Foto: Marcelo Cortes\/Flamengo)<\/figcaption><\/figure>\n\n\n\n<p>Gerson segue como um dos jogadores mais influentes do futebol nacional. Sua vis\u00e3o de jogo, controle de bola e capacidade de organiza\u00e7\u00e3o do meio-campo fazem dele um dos volantes mais respeitados do Brasil.&nbsp;<\/p>\n\n\n\n<p>Cristian, que acompanhou diversas gera\u00e7\u00f5es de grandes jogadores, n\u00e3o poupou elogios ao atual camisa 8 do Flamengo.<\/p>\n\n\n\n<p>\u201cO Gerson, para mim, \u00e9 um dos caras que eu mais gosto de ver jogar. A qualidade que ele tem, a forma como trata a bola, como conduz o jogo, \u00e9 muito legal. Gosto muito dele. Para mim, ele e o Carrillo, do Corinthians, s\u00e3o os melhores volantes que vejo no futebol brasileiro. No nosso time, ele jogava com o p\u00e9 nas costas. Ia ajudar muito nosso time, t\u00e1 doido. Era um sonho ter jogado com ele\u201d, afirmou o ex-meia.<\/p>\n\n\n\n<h2 class=\"wp-block-heading\" id=\"h-flamengo-no-mundial-de-clubes-ate-onde-pode-chegar\">Flamengo no Mundial de Clubes: at\u00e9 onde pode chegar?<\/h2>\n\n\n\n<p>Cristian tamb\u00e9m analisou o Flamengo na disputa do Super Mundial de Clubes, que ser\u00e1 realizado entre junho e julho. O ex-jogador acredita que o futebol brasileiro tem potencial para competir em alto n\u00edvel, ainda que os times europeus possuam elencos mais qualificados.<\/p>\n\n\n\n<p>\u201cN\u00e3o s\u00f3 o Flamengo, mas todos os times. Acho que o futebol hoje est\u00e1 muito nivelado, muito estudado. As equipes t\u00eam estrutura para analisar outros jogos, outras t\u00e1ticas. Ent\u00e3o, \u00e9 muito mais f\u00e1cil acompanhar o futebol l\u00e1 de fora. Claro que, fora do Brasil, eles t\u00eam mais qualidade, mais elenco, e a forma como jogam \u00e9 diferente. Mas somos brasileiros, ent\u00e3o temos que torcer e esperar que os brasileiros fa\u00e7am um bom Mundial\u201d, pontuou.<\/p>\n\n\n\n<p>Vale destacar que o Flamengo caiu no Grupo D do torneio e ter\u00e1 pela frente o Esp\u00e9rance, da Tun\u00edsia, e o Chelsea, da Inglaterra. A equipe ainda aguarda a defini\u00e7\u00e3o do \u00faltimo advers\u00e1rio na chave.&nbsp;<\/p>\n\n\n\n<p>Sendo assim, a prepara\u00e7\u00e3o para a competi\u00e7\u00e3o ser\u00e1 essencial, porque o Rubro-Negro buscar\u00e1 fazer hist\u00f3ria contra as pot\u00eancias internacionais.<\/p>\n\n\n\n<h2 class=\"wp-block-heading\" id=\"h-foco-na-libertadores\">Foco na Libertadores<\/h2>\n\n\n\n<p>Embora o Super Mundial de Clubes esteja no horizonte, o Flamengo tem compromissos importantes antes disso. O primeiro deles acontece nesta quinta-feira (03), quando a equipe estreia na Libertadores contra o Deportivo T\u00e1chira, na Venezuela.&nbsp;<\/p>\n\n\n\n<p>Dessa maneira, o t\u00e9cnico Filipe Lu\u00eds precisa encontrar o equil\u00edbrio ideal entre planejamento e resultados imediatos, porque a temporada rubro-negra promete ser intensa.<\/p>\n","protected":false},"excerpt":{"rendered":"<p>O talento de Gerson dentro de campo n\u00e3o passa despercebido, nem mesmo para ex-jogadores que j\u00e1 defenderam o Flamengo. O volante, pe\u00e7a fundamental no time rubro-negro, recebeu elogios de Cristian, ex-meia do clube entre 2007 e 2008.&nbsp; Durante entrevista \u00e0 Super R\u00e1dio Tupi, o ex-atleta destacou a qualidade do camisa 8 e revelou que gostaria [&hellip;]<\/p>\n","protected":false},"author":25,"featured_media":100042,"comment_status":"open","ping_status":"closed","sticky":false,"template":"","format":"standard","meta":{"footnotes":""},"categories":[1],"tags":[],"class_list":["post-248342","post","type-post","status-publish","format-standard","has-post-thumbnail","hentry","category-flamengo"],"yoast_head":"<!-- This site is optimized with the Yoast SEO Premium plugin v24.2 (Yoast SEO v26.9) - https:\/\/yoast.com\/product\/yoast-seo-premium-wordpress\/ -->\n<title>Ex-Flamengo \u00e9 sincero ao falar sobre Gerson: &quot;\u00e9 um dos caras que...&quot;<\/title>\n<meta name=\"robots\" content=\"index, follow, max-snippet:-1, max-image-preview:large, max-video-preview:-1\" \/>\n<link rel=\"canonical\" href=\"https:\/\/www.gaveanews.com\/index.php\/2025\/04\/03\/ex-flamengo-e-sincero-ao-falar-sobre-gerson-e-um-dos-caras-que\/\" \/>\n<meta property=\"og:locale\" content=\"pt_BR\" \/>\n<meta property=\"og:type\" content=\"article\" \/>\n<meta property=\"og:title\" content=\"Ex-Flamengo \u00e9 sincero ao falar sobre Gerson: &quot;\u00e9 um dos caras que...&quot;\" \/>\n<meta property=\"og:description\" content=\"O talento de Gerson dentro de campo n\u00e3o passa despercebido, nem mesmo para ex-jogadores que j\u00e1 defenderam o Flamengo. O volante, pe\u00e7a fundamental no time rubro-negro, recebeu elogios de Cristian, ex-meia do clube entre 2007 e 2008.&nbsp; Durante entrevista \u00e0 Super R\u00e1dio Tupi, o ex-atleta destacou a qualidade do camisa 8 e revelou que gostaria [&hellip;]\" \/>\n<meta property=\"og:url\" content=\"https:\/\/www.gaveanews.com\/index.php\/2025\/04\/03\/ex-flamengo-e-sincero-ao-falar-sobre-gerson-e-um-dos-caras-que\/\" \/>\n<meta property=\"og:site_name\" content=\"G\u00e1vea News\" \/>\n<meta property=\"article:publisher\" content=\"https:\/\/facebook.com\/gaveaNews\/\" \/>\n<meta property=\"article:published_time\" content=\"2025-04-03T14:50:00+00:00\" \/>\n<meta property=\"og:image\" content=\"https:\/\/www.gaveanews.com\/wp-content\/uploads\/gerson-flamengo-vasco.webp\" \/>\n\t<meta property=\"og:image:width\" content=\"900\" \/>\n\t<meta property=\"og:image:height\" content=\"599\" \/>\n\t<meta property=\"og:image:type\" content=\"image\/jpeg\" \/>\n<meta name=\"author\" content=\"Rafaela Ladeira\" \/>\n<meta name=\"twitter:card\" content=\"summary_large_image\" \/>\n<meta name=\"twitter:label1\" content=\"Escrito por\" \/>\n\t<meta name=\"twitter:data1\" content=\"Rafaela Ladeira\" \/>\n\t<meta name=\"twitter:label2\" content=\"Est. tempo de leitura\" \/>\n\t<meta name=\"twitter:data2\" content=\"3 minutos\" \/>\n<script type=\"application\/ld+json\" class=\"yoast-schema-graph\">{\"@context\":\"https:\/\/schema.org\",\"@graph\":[{\"@type\":\"NewsArticle\",\"@id\":\"https:\/\/www.gaveanews.com\/index.php\/2025\/04\/03\/ex-flamengo-e-sincero-ao-falar-sobre-gerson-e-um-dos-caras-que\/#article\",\"isPartOf\":{\"@id\":\"https:\/\/www.gaveanews.com\/index.php\/2025\/04\/03\/ex-flamengo-e-sincero-ao-falar-sobre-gerson-e-um-dos-caras-que\/\"},\"author\":{\"name\":\"Rafaela Ladeira\",\"@id\":\"https:\/\/www.gaveanews.com\/#\/schema\/person\/0eb3e3fe1754f0205218538adbe8f5ed\"},\"headline\":\"Ex-Flamengo \u00e9 sincero ao falar sobre Gerson: &#8220;\u00e9 um dos caras que&#8230;&#8221;\",\"datePublished\":\"2025-04-03T14:50:00+00:00\",\"mainEntityOfPage\":{\"@id\":\"https:\/\/www.gaveanews.com\/index.php\/2025\/04\/03\/ex-flamengo-e-sincero-ao-falar-sobre-gerson-e-um-dos-caras-que\/\"},\"wordCount\":506,\"commentCount\":0,\"image\":{\"@id\":\"https:\/\/www.gaveanews.com\/index.php\/2025\/04\/03\/ex-flamengo-e-sincero-ao-falar-sobre-gerson-e-um-dos-caras-que\/#primaryimage\"},\"thumbnailUrl\":\"https:\/\/www.gaveanews.com\/wp-content\/uploads\/gerson-flamengo-vasco.webp\",\"articleSection\":[\"Flamengo\"],\"inLanguage\":\"pt-BR\",\"potentialAction\":[{\"@type\":\"CommentAction\",\"name\":\"Comment\",\"target\":[\"https:\/\/www.gaveanews.com\/index.php\/2025\/04\/03\/ex-flamengo-e-sincero-ao-falar-sobre-gerson-e-um-dos-caras-que\/#respond\"]}],\"copyrightYear\":\"2025\",\"copyrightHolder\":{\"@id\":\"https:\/\/www.gaveanews.com\/#organization\"}},{\"@type\":\"WebPage\",\"@id\":\"https:\/\/www.gaveanews.com\/index.php\/2025\/04\/03\/ex-flamengo-e-sincero-ao-falar-sobre-gerson-e-um-dos-caras-que\/\",\"url\":\"https:\/\/www.gaveanews.com\/index.php\/2025\/04\/03\/ex-flamengo-e-sincero-ao-falar-sobre-gerson-e-um-dos-caras-que\/\",\"name\":\"Ex-Flamengo \u00e9 sincero ao falar sobre Gerson: \\\"\u00e9 um dos caras que...\\\"\",\"isPartOf\":{\"@id\":\"https:\/\/www.gaveanews.com\/#website\"},\"primaryImageOfPage\":{\"@id\":\"https:\/\/www.gaveanews.com\/index.php\/2025\/04\/03\/ex-flamengo-e-sincero-ao-falar-sobre-gerson-e-um-dos-caras-que\/#primaryimage\"},\"image\":{\"@id\":\"https:\/\/www.gaveanews.com\/index.php\/2025\/04\/03\/ex-flamengo-e-sincero-ao-falar-sobre-gerson-e-um-dos-caras-que\/#primaryimage\"},\"thumbnailUrl\":\"https:\/\/www.gaveanews.com\/wp-content\/uploads\/gerson-flamengo-vasco.webp\",\"datePublished\":\"2025-04-03T14:50:00+00:00\",\"author\":{\"@id\":\"https:\/\/www.gaveanews.com\/#\/schema\/person\/0eb3e3fe1754f0205218538adbe8f5ed\"},\"breadcrumb\":{\"@id\":\"https:\/\/www.gaveanews.com\/index.php\/2025\/04\/03\/ex-flamengo-e-sincero-ao-falar-sobre-gerson-e-um-dos-caras-que\/#breadcrumb\"},\"inLanguage\":\"pt-BR\",\"potentialAction\":[{\"@type\":\"ReadAction\",\"target\":[\"https:\/\/www.gaveanews.com\/index.php\/2025\/04\/03\/ex-flamengo-e-sincero-ao-falar-sobre-gerson-e-um-dos-caras-que\/\"]}]},{\"@type\":\"ImageObject\",\"inLanguage\":\"pt-BR\",\"@id\":\"https:\/\/www.gaveanews.com\/index.php\/2025\/04\/03\/ex-flamengo-e-sincero-ao-falar-sobre-gerson-e-um-dos-caras-que\/#primaryimage\",\"url\":\"https:\/\/www.gaveanews.com\/wp-content\/uploads\/gerson-flamengo-vasco.webp\",\"contentUrl\":\"https:\/\/www.gaveanews.com\/wp-content\/uploads\/gerson-flamengo-vasco.webp\",\"width\":900,\"height\":599,\"caption\":\"Gerson marca gol pelo Flamengo em cl\u00e1ssico contra o Vasco (Foto: Marcelo Cortes\/Flamengo)\"},{\"@type\":\"BreadcrumbList\",\"@id\":\"https:\/\/www.gaveanews.com\/index.php\/2025\/04\/03\/ex-flamengo-e-sincero-ao-falar-sobre-gerson-e-um-dos-caras-que\/#breadcrumb\",\"itemListElement\":[{\"@type\":\"ListItem\",\"position\":1,\"name\":\"Home\",\"item\":\"https:\/\/www.gaveanews.com\/\"},{\"@type\":\"ListItem\",\"position\":2,\"name\":\"Ex-Flamengo \u00e9 sincero ao falar sobre Gerson: &#8220;\u00e9 um dos caras que&#8230;&#8221;\"}]},{\"@type\":\"WebSite\",\"@id\":\"https:\/\/www.gaveanews.com\/#website\",\"url\":\"https:\/\/www.gaveanews.com\/\",\"name\":\"G\u00e1vea News\",\"description\":\"Veja todas as not\u00edcias sobre o Flamengo: Contrata\u00e7\u00f5es, categorias de base, resultados das partidas, tabela de classifica\u00e7\u00e3o, pr\u00f3ximos jogos!\",\"potentialAction\":[{\"@type\":\"SearchAction\",\"target\":{\"@type\":\"EntryPoint\",\"urlTemplate\":\"https:\/\/www.gaveanews.com\/?s={search_term_string}\"},\"query-input\":{\"@type\":\"PropertyValueSpecification\",\"valueRequired\":true,\"valueName\":\"search_term_string\"}}],\"inLanguage\":\"pt-BR\"},{\"@type\":\"Person\",\"@id\":\"https:\/\/www.gaveanews.com\/#\/schema\/person\/0eb3e3fe1754f0205218538adbe8f5ed\",\"name\":\"Rafaela Ladeira\",\"image\":{\"@type\":\"ImageObject\",\"inLanguage\":\"pt-BR\",\"@id\":\"https:\/\/www.gaveanews.com\/#\/schema\/person\/image\/\",\"url\":\"https:\/\/secure.gravatar.com\/avatar\/c31f513acffd85eacab5730cbdfdbbf59f21ba5aeada8cd890acea879fbb2455?s=96&d=mm&r=g\",\"contentUrl\":\"https:\/\/secure.gravatar.com\/avatar\/c31f513acffd85eacab5730cbdfdbbf59f21ba5aeada8cd890acea879fbb2455?s=96&d=mm&r=g\",\"caption\":\"Rafaela Ladeira\"}}]}<\/script>\n<!-- \/ Yoast SEO Premium plugin. -->","yoast_head_json":{"title":"Ex-Flamengo \u00e9 sincero ao falar sobre Gerson: \"\u00e9 um dos caras que...\"","robots":{"index":"index","follow":"follow","max-snippet":"max-snippet:-1","max-image-preview":"max-image-preview:large","max-video-preview":"max-video-preview:-1"},"canonical":"https:\/\/www.gaveanews.com\/index.php\/2025\/04\/03\/ex-flamengo-e-sincero-ao-falar-sobre-gerson-e-um-dos-caras-que\/","og_locale":"pt_BR","og_type":"article","og_title":"Ex-Flamengo \u00e9 sincero ao falar sobre Gerson: \"\u00e9 um dos caras que...\"","og_description":"O talento de Gerson dentro de campo n\u00e3o passa despercebido, nem mesmo para ex-jogadores que j\u00e1 defenderam o Flamengo. O volante, pe\u00e7a fundamental no time rubro-negro, recebeu elogios de Cristian, ex-meia do clube entre 2007 e 2008.&nbsp; Durante entrevista \u00e0 Super R\u00e1dio Tupi, o ex-atleta destacou a qualidade do camisa 8 e revelou que gostaria [&hellip;]","og_url":"https:\/\/www.gaveanews.com\/index.php\/2025\/04\/03\/ex-flamengo-e-sincero-ao-falar-sobre-gerson-e-um-dos-caras-que\/","og_site_name":"G\u00e1vea News","article_publisher":"https:\/\/facebook.com\/gaveaNews\/","article_published_time":"2025-04-03T14:50:00+00:00","og_image":[{"width":900,"height":599,"url":"https:\/\/www.gaveanews.com\/wp-content\/uploads\/gerson-flamengo-vasco.webp","type":"image\/jpeg"}],"author":"Rafaela Ladeira","twitter_card":"summary_large_image","twitter_misc":{"Escrito por":"Rafaela Ladeira","Est. tempo de leitura":"3 minutos"},"schema":{"@context":"https:\/\/schema.org","@graph":[{"@type":"NewsArticle","@id":"https:\/\/www.gaveanews.com\/index.php\/2025\/04\/03\/ex-flamengo-e-sincero-ao-falar-sobre-gerson-e-um-dos-caras-que\/#article","isPartOf":{"@id":"https:\/\/www.gaveanews.com\/index.php\/2025\/04\/03\/ex-flamengo-e-sincero-ao-falar-sobre-gerson-e-um-dos-caras-que\/"},"author":{"name":"Rafaela Ladeira","@id":"https:\/\/www.gaveanews.com\/#\/schema\/person\/0eb3e3fe1754f0205218538adbe8f5ed"},"headline":"Ex-Flamengo \u00e9 sincero ao falar sobre Gerson: &#8220;\u00e9 um dos caras que&#8230;&#8221;","datePublished":"2025-04-03T14:50:00+00:00","mainEntityOfPage":{"@id":"https:\/\/www.gaveanews.com\/index.php\/2025\/04\/03\/ex-flamengo-e-sincero-ao-falar-sobre-gerson-e-um-dos-caras-que\/"},"wordCount":506,"commentCount":0,"image":{"@id":"https:\/\/www.gaveanews.com\/index.php\/2025\/04\/03\/ex-flamengo-e-sincero-ao-falar-sobre-gerson-e-um-dos-caras-que\/#primaryimage"},"thumbnailUrl":"https:\/\/www.gaveanews.com\/wp-content\/uploads\/gerson-flamengo-vasco.webp","articleSection":["Flamengo"],"inLanguage":"pt-BR","potentialAction":[{"@type":"CommentAction","name":"Comment","target":["https:\/\/www.gaveanews.com\/index.php\/2025\/04\/03\/ex-flamengo-e-sincero-ao-falar-sobre-gerson-e-um-dos-caras-que\/#respond"]}],"copyrightYear":"2025","copyrightHolder":{"@id":"https:\/\/www.gaveanews.com\/#organization"}},{"@type":"WebPage","@id":"https:\/\/www.gaveanews.com\/index.php\/2025\/04\/03\/ex-flamengo-e-sincero-ao-falar-sobre-gerson-e-um-dos-caras-que\/","url":"https:\/\/www.gaveanews.com\/index.php\/2025\/04\/03\/ex-flamengo-e-sincero-ao-falar-sobre-gerson-e-um-dos-caras-que\/","name":"Ex-Flamengo \u00e9 sincero ao falar sobre Gerson: \"\u00e9 um dos caras que...\"","isPartOf":{"@id":"https:\/\/www.gaveanews.com\/#website"},"primaryImageOfPage":{"@id":"https:\/\/www.gaveanews.com\/index.php\/2025\/04\/03\/ex-flamengo-e-sincero-ao-falar-sobre-gerson-e-um-dos-caras-que\/#primaryimage"},"image":{"@id":"https:\/\/www.gaveanews.com\/index.php\/2025\/04\/03\/ex-flamengo-e-sincero-ao-falar-sobre-gerson-e-um-dos-caras-que\/#primaryimage"},"thumbnailUrl":"https:\/\/www.gaveanews.com\/wp-content\/uploads\/gerson-flamengo-vasco.webp","datePublished":"2025-04-03T14:50:00+00:00","author":{"@id":"https:\/\/www.gaveanews.com\/#\/schema\/person\/0eb3e3fe1754f0205218538adbe8f5ed"},"breadcrumb":{"@id":"https:\/\/www.gaveanews.com\/index.php\/2025\/04\/03\/ex-flamengo-e-sincero-ao-falar-sobre-gerson-e-um-dos-caras-que\/#breadcrumb"},"inLanguage":"pt-BR","potentialAction":[{"@type":"ReadAction","target":["https:\/\/www.gaveanews.com\/index.php\/2025\/04\/03\/ex-flamengo-e-sincero-ao-falar-sobre-gerson-e-um-dos-caras-que\/"]}]},{"@type":"ImageObject","inLanguage":"pt-BR","@id":"https:\/\/www.gaveanews.com\/index.php\/2025\/04\/03\/ex-flamengo-e-sincero-ao-falar-sobre-gerson-e-um-dos-caras-que\/#primaryimage","url":"https:\/\/www.gaveanews.com\/wp-content\/uploads\/gerson-flamengo-vasco.webp","contentUrl":"https:\/\/www.gaveanews.com\/wp-content\/uploads\/gerson-flamengo-vasco.webp","width":900,"height":599,"caption":"Gerson marca gol pelo Flamengo em cl\u00e1ssico contra o Vasco (Foto: Marcelo Cortes\/Flamengo)"},{"@type":"BreadcrumbList","@id":"https:\/\/www.gaveanews.com\/index.php\/2025\/04\/03\/ex-flamengo-e-sincero-ao-falar-sobre-gerson-e-um-dos-caras-que\/#breadcrumb","itemListElement":[{"@type":"ListItem","position":1,"name":"Home","item":"https:\/\/www.gaveanews.com\/"},{"@type":"ListItem","position":2,"name":"Ex-Flamengo \u00e9 sincero ao falar sobre Gerson: &#8220;\u00e9 um dos caras que&#8230;&#8221;"}]},{"@type":"WebSite","@id":"https:\/\/www.gaveanews.com\/#website","url":"https:\/\/www.gaveanews.com\/","name":"G\u00e1vea News","description":"Veja todas as not\u00edcias sobre o Flamengo: Contrata\u00e7\u00f5es, categorias de base, resultados das partidas, tabela de classifica\u00e7\u00e3o, pr\u00f3ximos jogos!","potentialAction":[{"@type":"SearchAction","target":{"@type":"EntryPoint","urlTemplate":"https:\/\/www.gaveanews.com\/?s={search_term_string}"},"query-input":{"@type":"PropertyValueSpecification","valueRequired":true,"valueName":"search_term_string"}}],"inLanguage":"pt-BR"},{"@type":"Person","@id":"https:\/\/www.gaveanews.com\/#\/schema\/person\/0eb3e3fe1754f0205218538adbe8f5ed","name":"Rafaela Ladeira","image":{"@type":"ImageObject","inLanguage":"pt-BR","@id":"https:\/\/www.gaveanews.com\/#\/schema\/person\/image\/","url":"https:\/\/secure.gravatar.com\/avatar\/c31f513acffd85eacab5730cbdfdbbf59f21ba5aeada8cd890acea879fbb2455?s=96&d=mm&r=g","contentUrl":"https:\/\/secure.gravatar.com\/avatar\/c31f513acffd85eacab5730cbdfdbbf59f21ba5aeada8cd890acea879fbb2455?s=96&d=mm&r=g","caption":"Rafaela Ladeira"}}]}},"_links":{"self":[{"href":"https:\/\/www.gaveanews.com\/index.php\/wp-json\/wp\/v2\/posts\/248342","targetHints":{"allow":["GET"]}}],"collection":[{"href":"https:\/\/www.gaveanews.com\/index.php\/wp-json\/wp\/v2\/posts"}],"about":[{"href":"https:\/\/www.gaveanews.com\/index.php\/wp-json\/wp\/v2\/types\/post"}],"author":[{"embeddable":true,"href":"https:\/\/www.gaveanews.com\/index.php\/wp-json\/wp\/v2\/users\/25"}],"replies":[{"embeddable":true,"href":"https:\/\/www.gaveanews.com\/index.php\/wp-json\/wp\/v2\/comments?post=248342"}],"version-history":[{"count":1,"href":"https:\/\/www.gaveanews.com\/index.php\/wp-json\/wp\/v2\/posts\/248342\/revisions"}],"predecessor-version":[{"id":248343,"href":"https:\/\/www.gaveanews.com\/index.php\/wp-json\/wp\/v2\/posts\/248342\/revisions\/248343"}],"wp:featuredmedia":[{"embeddable":true,"href":"https:\/\/www.gaveanews.com\/index.php\/wp-json\/wp\/v2\/media\/100042"}],"wp:attachment":[{"href":"https:\/\/www.gaveanews.com\/index.php\/wp-json\/wp\/v2\/media?parent=248342"}],"wp:term":[{"taxonomy":"category","embeddable":true,"href":"https:\/\/www.gaveanews.com\/index.php\/wp-json\/wp\/v2\/categories?post=248342"},{"taxonomy":"post_tag","embeddable":true,"href":"https:\/\/www.gaveanews.com\/index.php\/wp-json\/wp\/v2\/tags?post=248342"}],"curies":[{"name":"wp","href":"https:\/\/api.w.org\/{rel}","templated":true}]}}