{"id":248345,"date":"2025-04-03T11:55:00","date_gmt":"2025-04-03T14:55:00","guid":{"rendered":"https:\/\/www.gaveanews.com\/?p=248345"},"modified":"2025-04-03T11:22:11","modified_gmt":"2025-04-03T14:22:11","slug":"martelo-batido-saiba-se-vasco-x-flamengo-sera-disputado-em-sao-januario","status":"publish","type":"post","link":"https:\/\/www.gaveanews.com\/index.php\/2025\/04\/03\/martelo-batido-saiba-se-vasco-x-flamengo-sera-disputado-em-sao-januario\/","title":{"rendered":"Martelo batido! Saiba se Vasco x Flamengo ser\u00e1 disputado em S\u00e3o Janu\u00e1rio"},"content":{"rendered":"\n<p>O pedido feito pelo Vasco para mandar o cl\u00e1ssico contra o Flamengo, v\u00e1lido pela quinta rodada do Campeonato Brasileiro, em S\u00e3o Janu\u00e1rio, foi rejeitado pelo Batalh\u00e3o Especial de Policiamento em Est\u00e1dios (Bepe). Ainda segundo o &#8216;O Globo&#8217;, a negativa ser\u00e1 formalizada em resposta oficial ao of\u00edcio enviado pelo clube, que indicava seu est\u00e1dio como local da partida marcada para o dia 19, inclusive sugerindo a realiza\u00e7\u00e3o com torcida \u00fanica.<\/p>\n\n\n\n<p>\u201cEm S\u00e3o Janu\u00e1rio esse jogo n\u00e3o vai acontecer\u201d, afirmou o tenente-coronel Eduardo Monteiro, comandante do Bepe. A declara\u00e7\u00e3o foi dada de forma categ\u00f3rica, revelando a inten\u00e7\u00e3o do \u00f3rg\u00e3o de manter o entendimento de que partidas de alto risco, como cl\u00e1ssicos regionais, n\u00e3o devem ocorrer no est\u00e1dio cruzmaltino. A decis\u00e3o segue orienta\u00e7\u00e3o da CBF, que j\u00e1 vetou o local anteriormente para confrontos dessa magnitude.<\/p>\n\n\n\n<p>A tentativa do Vasco baseou-se no direito de exercer seu mando de campo, conforme prev\u00ea a Lei Geral do Esporte. De acordo com especialistas, o clube tem respaldo legal para pleitear que a partida ocorra em S\u00e3o Janu\u00e1rio, respeitando os crit\u00e9rios de seguran\u00e7a e estrutura t\u00e9cnica exigidos. Entretanto, esse direito n\u00e3o \u00e9 absoluto. A avalia\u00e7\u00e3o final cabe \u00e0s autoridades respons\u00e1veis pela seguran\u00e7a p\u00fablica, que possuem autonomia para vetar o local indicado.<\/p>\n\n\n\n<p>Nesse contexto, o advogado Carlos Henrique Ramos explicou que, apesar da legitimidade do pedido, o clube mandante precisa cumprir uma s\u00e9rie de requisitos t\u00e9cnicos. \u201cMesmo que seja emitido o laudo de autoriza\u00e7\u00e3o, o clube precisa se precaver, por exemplo, contratando seguran\u00e7a privada adicional, pois a partida envolve risco\u201d, destacou. Ali\u00e1s, o entendimento foi corroborado pelo tamb\u00e9m advogado Alberto Goldenstein, que lembrou que a viabilidade do evento depende de parecer t\u00e9cnico-operacional, sobretudo da Pol\u00edcia Militar.<\/p>\n\n\n\n<h2 class=\"wp-block-heading\" id=\"h-argumentos-do-vasco\">Argumentos do Vasco<\/h2>\n\n\n\n<p>O Vasco argumenta que mandar o jogo em S\u00e3o Janu\u00e1rio evitaria preju\u00edzos operacionais e garantiria isonomia. No Maracan\u00e3, por exemplo, o cons\u00f3rcio Fla-Flu administra o est\u00e1dio e concentra receitas geradas por servi\u00e7os como bares e estacionamento, ainda que o mandante da partida seja outro clube. Al\u00e9m disso, o Flamengo disp\u00f5e de vesti\u00e1rio exclusivo no local, o que, segundo o Vasco, compromete o equil\u00edbrio das condi\u00e7\u00f5es de jogo.<\/p>\n\n\n\n<h2 class=\"wp-block-heading\" id=\"h-outras-opcoes\">Outras op\u00e7\u00f5es<\/h2>\n\n\n\n<p>Com a negativa do Bepe, o clube cruzmaltino dever\u00e1 optar por outra pra\u00e7a esportiva no estado do Rio de Janeiro. A alternativa mais vi\u00e1vel \u00e9 o est\u00e1dio Nilton Santos, palco do cl\u00e1ssico entre as duas equipes no Campeonato Carioca deste ano. Conforme o regulamento da CBF, n\u00e3o \u00e9 permitido transferir a partida para fora do estado, o que limita as possibilidades log\u00edsticas da diretoria vasca\u00edna.<\/p>\n\n\n\n<p>Por fim, resta a expectativa de que, ainda que o direito de mando seja respeitado juridicamente, as condi\u00e7\u00f5es pr\u00e1ticas e de seguran\u00e7a prevale\u00e7am na decis\u00e3o. Afinal, o cl\u00e1ssico entre Vasco e Flamengo continua sendo um dos jogos de maior apelo do futebol nacional, exigindo cuidados espec\u00edficos na sua organiza\u00e7\u00e3o.<\/p>\n\n\n\n<h2 class=\"wp-block-heading\" id=\"h-flamengo-se-manifesta\">Flamengo se manifesta<\/h2>\n\n\n\n<p>A posi\u00e7\u00e3o do Flamengo sobre a poss\u00edvel realiza\u00e7\u00e3o do cl\u00e1ssico contra o Vasco com torcida \u00fanica foi clara. Em nota oficial, o clube afirmou que n\u00e3o aceita jogar sem a presen\u00e7a de seus torcedores. &#8220;A presen\u00e7a da Na\u00e7\u00e3o Rubro-Negra \u00e9 indispens\u00e1vel para que o espet\u00e1culo esteja completo&#8221;, destacou a diretoria.<\/p>\n\n\n\n<p>Apesar da negativa \u00e0 torcida \u00fanica, o Flamengo n\u00e3o se op\u00f4s ao local da partida, desde que haja a garantia de ingressos para visitantes. O clube considera que cabe ao Bepe assegurar a integridade f\u00edsica e a seguran\u00e7a de todos os presentes. Enquanto isso, o of\u00edcio enviado pelo Vasco sustenta que o est\u00e1dio de S\u00e3o Janu\u00e1rio j\u00e1 recebeu, anteriormente, torcidas de rivais como Corinthians, S\u00e3o Paulo e Cruzeiro, e que aceita restri\u00e7\u00f5es apenas se forem impostas pelas autoridades de seguran\u00e7a.<\/p>\n\n\n\n<p><\/p>\n","protected":false},"excerpt":{"rendered":"<p>O pedido feito pelo Vasco para mandar o cl\u00e1ssico contra o Flamengo, v\u00e1lido pela quinta rodada do Campeonato Brasileiro, em S\u00e3o Janu\u00e1rio, foi rejeitado pelo Batalh\u00e3o Especial de Policiamento em Est\u00e1dios (Bepe). Ainda segundo o &#8216;O Globo&#8217;, a negativa ser\u00e1 formalizada em resposta oficial ao of\u00edcio enviado pelo clube, que indicava seu est\u00e1dio como local [&hellip;]<\/p>\n","protected":false},"author":30,"featured_media":152090,"comment_status":"open","ping_status":"closed","sticky":false,"template":"","format":"standard","meta":{"footnotes":""},"categories":[133,1,152],"tags":[],"class_list":["post-248345","post","type-post","status-publish","format-standard","has-post-thumbnail","hentry","category-brasileirao","category-flamengo","category-vasco"],"yoast_head":"<!-- This site is optimized with the Yoast SEO Premium plugin v24.2 (Yoast SEO v26.9) - https:\/\/yoast.com\/product\/yoast-seo-premium-wordpress\/ -->\n<title>Martelo batido! Saiba se Vasco x Flamengo ser\u00e1 disputado em S\u00e3o Janu\u00e1rio<\/title>\n<meta name=\"robots\" content=\"index, follow, max-snippet:-1, max-image-preview:large, max-video-preview:-1\" \/>\n<link rel=\"canonical\" href=\"https:\/\/www.gaveanews.com\/index.php\/2025\/04\/03\/martelo-batido-saiba-se-vasco-x-flamengo-sera-disputado-em-sao-januario\/\" \/>\n<meta property=\"og:locale\" content=\"pt_BR\" \/>\n<meta property=\"og:type\" content=\"article\" \/>\n<meta property=\"og:title\" content=\"Martelo batido! Saiba se Vasco x Flamengo ser\u00e1 disputado em S\u00e3o Janu\u00e1rio\" \/>\n<meta property=\"og:description\" content=\"O pedido feito pelo Vasco para mandar o cl\u00e1ssico contra o Flamengo, v\u00e1lido pela quinta rodada do Campeonato Brasileiro, em S\u00e3o Janu\u00e1rio, foi rejeitado pelo Batalh\u00e3o Especial de Policiamento em Est\u00e1dios (Bepe). Ainda segundo o &#8216;O Globo&#8217;, a negativa ser\u00e1 formalizada em resposta oficial ao of\u00edcio enviado pelo clube, que indicava seu est\u00e1dio como local [&hellip;]\" \/>\n<meta property=\"og:url\" content=\"https:\/\/www.gaveanews.com\/index.php\/2025\/04\/03\/martelo-batido-saiba-se-vasco-x-flamengo-sera-disputado-em-sao-januario\/\" \/>\n<meta property=\"og:site_name\" content=\"G\u00e1vea News\" \/>\n<meta property=\"article:publisher\" content=\"https:\/\/facebook.com\/gaveaNews\/\" \/>\n<meta property=\"article:published_time\" content=\"2025-04-03T14:55:00+00:00\" \/>\n<meta property=\"og:image\" content=\"https:\/\/www.gaveanews.com\/wp-content\/uploads\/Bandeira-do-Vasco-da-Gama.webp\" \/>\n\t<meta property=\"og:image:width\" content=\"1159\" \/>\n\t<meta property=\"og:image:height\" content=\"772\" \/>\n\t<meta property=\"og:image:type\" content=\"image\/webp\" \/>\n<meta name=\"author\" content=\"Ana Teixeira\" \/>\n<meta name=\"twitter:card\" content=\"summary_large_image\" \/>\n<meta name=\"twitter:label1\" content=\"Escrito por\" \/>\n\t<meta name=\"twitter:data1\" content=\"Ana Teixeira\" \/>\n\t<meta name=\"twitter:label2\" content=\"Est. tempo de leitura\" \/>\n\t<meta name=\"twitter:data2\" content=\"4 minutos\" \/>\n<script type=\"application\/ld+json\" class=\"yoast-schema-graph\">{\"@context\":\"https:\/\/schema.org\",\"@graph\":[{\"@type\":\"NewsArticle\",\"@id\":\"https:\/\/www.gaveanews.com\/index.php\/2025\/04\/03\/martelo-batido-saiba-se-vasco-x-flamengo-sera-disputado-em-sao-januario\/#article\",\"isPartOf\":{\"@id\":\"https:\/\/www.gaveanews.com\/index.php\/2025\/04\/03\/martelo-batido-saiba-se-vasco-x-flamengo-sera-disputado-em-sao-januario\/\"},\"author\":{\"name\":\"Ana Teixeira\",\"@id\":\"https:\/\/www.gaveanews.com\/#\/schema\/person\/3b19f7288b0ce20372991275e4f2e6c2\"},\"headline\":\"Martelo batido! Saiba se Vasco x Flamengo ser\u00e1 disputado em S\u00e3o Janu\u00e1rio\",\"datePublished\":\"2025-04-03T14:55:00+00:00\",\"mainEntityOfPage\":{\"@id\":\"https:\/\/www.gaveanews.com\/index.php\/2025\/04\/03\/martelo-batido-saiba-se-vasco-x-flamengo-sera-disputado-em-sao-januario\/\"},\"wordCount\":691,\"commentCount\":0,\"image\":{\"@id\":\"https:\/\/www.gaveanews.com\/index.php\/2025\/04\/03\/martelo-batido-saiba-se-vasco-x-flamengo-sera-disputado-em-sao-januario\/#primaryimage\"},\"thumbnailUrl\":\"https:\/\/www.gaveanews.com\/wp-content\/uploads\/Bandeira-do-Vasco-da-Gama.webp\",\"articleSection\":[\"Brasileir\u00e3o\",\"Flamengo\",\"Vasco\"],\"inLanguage\":\"pt-BR\",\"potentialAction\":[{\"@type\":\"CommentAction\",\"name\":\"Comment\",\"target\":[\"https:\/\/www.gaveanews.com\/index.php\/2025\/04\/03\/martelo-batido-saiba-se-vasco-x-flamengo-sera-disputado-em-sao-januario\/#respond\"]}],\"copyrightYear\":\"2025\",\"copyrightHolder\":{\"@id\":\"https:\/\/www.gaveanews.com\/#organization\"}},{\"@type\":\"WebPage\",\"@id\":\"https:\/\/www.gaveanews.com\/index.php\/2025\/04\/03\/martelo-batido-saiba-se-vasco-x-flamengo-sera-disputado-em-sao-januario\/\",\"url\":\"https:\/\/www.gaveanews.com\/index.php\/2025\/04\/03\/martelo-batido-saiba-se-vasco-x-flamengo-sera-disputado-em-sao-januario\/\",\"name\":\"Martelo batido! Saiba se Vasco x Flamengo ser\u00e1 disputado em S\u00e3o Janu\u00e1rio\",\"isPartOf\":{\"@id\":\"https:\/\/www.gaveanews.com\/#website\"},\"primaryImageOfPage\":{\"@id\":\"https:\/\/www.gaveanews.com\/index.php\/2025\/04\/03\/martelo-batido-saiba-se-vasco-x-flamengo-sera-disputado-em-sao-januario\/#primaryimage\"},\"image\":{\"@id\":\"https:\/\/www.gaveanews.com\/index.php\/2025\/04\/03\/martelo-batido-saiba-se-vasco-x-flamengo-sera-disputado-em-sao-januario\/#primaryimage\"},\"thumbnailUrl\":\"https:\/\/www.gaveanews.com\/wp-content\/uploads\/Bandeira-do-Vasco-da-Gama.webp\",\"datePublished\":\"2025-04-03T14:55:00+00:00\",\"author\":{\"@id\":\"https:\/\/www.gaveanews.com\/#\/schema\/person\/3b19f7288b0ce20372991275e4f2e6c2\"},\"breadcrumb\":{\"@id\":\"https:\/\/www.gaveanews.com\/index.php\/2025\/04\/03\/martelo-batido-saiba-se-vasco-x-flamengo-sera-disputado-em-sao-januario\/#breadcrumb\"},\"inLanguage\":\"pt-BR\",\"potentialAction\":[{\"@type\":\"ReadAction\",\"target\":[\"https:\/\/www.gaveanews.com\/index.php\/2025\/04\/03\/martelo-batido-saiba-se-vasco-x-flamengo-sera-disputado-em-sao-januario\/\"]}]},{\"@type\":\"ImageObject\",\"inLanguage\":\"pt-BR\",\"@id\":\"https:\/\/www.gaveanews.com\/index.php\/2025\/04\/03\/martelo-batido-saiba-se-vasco-x-flamengo-sera-disputado-em-sao-januario\/#primaryimage\",\"url\":\"https:\/\/www.gaveanews.com\/wp-content\/uploads\/Bandeira-do-Vasco-da-Gama.webp\",\"contentUrl\":\"https:\/\/www.gaveanews.com\/wp-content\/uploads\/Bandeira-do-Vasco-da-Gama.webp\",\"width\":1159,\"height\":772,\"caption\":\"Bandeira do Vasco da Gama (Foto: Reprodu\u00e7\u00e3o\/Vasco)\"},{\"@type\":\"BreadcrumbList\",\"@id\":\"https:\/\/www.gaveanews.com\/index.php\/2025\/04\/03\/martelo-batido-saiba-se-vasco-x-flamengo-sera-disputado-em-sao-januario\/#breadcrumb\",\"itemListElement\":[{\"@type\":\"ListItem\",\"position\":1,\"name\":\"Home\",\"item\":\"https:\/\/www.gaveanews.com\/\"},{\"@type\":\"ListItem\",\"position\":2,\"name\":\"Martelo batido! Saiba se Vasco x Flamengo ser\u00e1 disputado em S\u00e3o Janu\u00e1rio\"}]},{\"@type\":\"WebSite\",\"@id\":\"https:\/\/www.gaveanews.com\/#website\",\"url\":\"https:\/\/www.gaveanews.com\/\",\"name\":\"G\u00e1vea News\",\"description\":\"Veja todas as not\u00edcias sobre o Flamengo: Contrata\u00e7\u00f5es, categorias de base, resultados das partidas, tabela de classifica\u00e7\u00e3o, pr\u00f3ximos jogos!\",\"potentialAction\":[{\"@type\":\"SearchAction\",\"target\":{\"@type\":\"EntryPoint\",\"urlTemplate\":\"https:\/\/www.gaveanews.com\/?s={search_term_string}\"},\"query-input\":{\"@type\":\"PropertyValueSpecification\",\"valueRequired\":true,\"valueName\":\"search_term_string\"}}],\"inLanguage\":\"pt-BR\"},{\"@type\":\"Person\",\"@id\":\"https:\/\/www.gaveanews.com\/#\/schema\/person\/3b19f7288b0ce20372991275e4f2e6c2\",\"name\":\"Ana Teixeira\",\"image\":{\"@type\":\"ImageObject\",\"inLanguage\":\"pt-BR\",\"@id\":\"https:\/\/www.gaveanews.com\/#\/schema\/person\/image\/\",\"url\":\"https:\/\/secure.gravatar.com\/avatar\/0a73f5a5258f3fed37fc2fa641892f3f7a4748456d4d4792f9bc550e6c19e06c?s=96&d=mm&r=g\",\"contentUrl\":\"https:\/\/secure.gravatar.com\/avatar\/0a73f5a5258f3fed37fc2fa641892f3f7a4748456d4d4792f9bc550e6c19e06c?s=96&d=mm&r=g\",\"caption\":\"Ana Teixeira\"}}]}<\/script>\n<!-- \/ Yoast SEO Premium plugin. -->","yoast_head_json":{"title":"Martelo batido! Saiba se Vasco x Flamengo ser\u00e1 disputado em S\u00e3o Janu\u00e1rio","robots":{"index":"index","follow":"follow","max-snippet":"max-snippet:-1","max-image-preview":"max-image-preview:large","max-video-preview":"max-video-preview:-1"},"canonical":"https:\/\/www.gaveanews.com\/index.php\/2025\/04\/03\/martelo-batido-saiba-se-vasco-x-flamengo-sera-disputado-em-sao-januario\/","og_locale":"pt_BR","og_type":"article","og_title":"Martelo batido! Saiba se Vasco x Flamengo ser\u00e1 disputado em S\u00e3o Janu\u00e1rio","og_description":"O pedido feito pelo Vasco para mandar o cl\u00e1ssico contra o Flamengo, v\u00e1lido pela quinta rodada do Campeonato Brasileiro, em S\u00e3o Janu\u00e1rio, foi rejeitado pelo Batalh\u00e3o Especial de Policiamento em Est\u00e1dios (Bepe). Ainda segundo o &#8216;O Globo&#8217;, a negativa ser\u00e1 formalizada em resposta oficial ao of\u00edcio enviado pelo clube, que indicava seu est\u00e1dio como local [&hellip;]","og_url":"https:\/\/www.gaveanews.com\/index.php\/2025\/04\/03\/martelo-batido-saiba-se-vasco-x-flamengo-sera-disputado-em-sao-januario\/","og_site_name":"G\u00e1vea News","article_publisher":"https:\/\/facebook.com\/gaveaNews\/","article_published_time":"2025-04-03T14:55:00+00:00","og_image":[{"width":1159,"height":772,"url":"https:\/\/www.gaveanews.com\/wp-content\/uploads\/Bandeira-do-Vasco-da-Gama.webp","type":"image\/webp"}],"author":"Ana Teixeira","twitter_card":"summary_large_image","twitter_misc":{"Escrito por":"Ana Teixeira","Est. tempo de leitura":"4 minutos"},"schema":{"@context":"https:\/\/schema.org","@graph":[{"@type":"NewsArticle","@id":"https:\/\/www.gaveanews.com\/index.php\/2025\/04\/03\/martelo-batido-saiba-se-vasco-x-flamengo-sera-disputado-em-sao-januario\/#article","isPartOf":{"@id":"https:\/\/www.gaveanews.com\/index.php\/2025\/04\/03\/martelo-batido-saiba-se-vasco-x-flamengo-sera-disputado-em-sao-januario\/"},"author":{"name":"Ana Teixeira","@id":"https:\/\/www.gaveanews.com\/#\/schema\/person\/3b19f7288b0ce20372991275e4f2e6c2"},"headline":"Martelo batido! Saiba se Vasco x Flamengo ser\u00e1 disputado em S\u00e3o Janu\u00e1rio","datePublished":"2025-04-03T14:55:00+00:00","mainEntityOfPage":{"@id":"https:\/\/www.gaveanews.com\/index.php\/2025\/04\/03\/martelo-batido-saiba-se-vasco-x-flamengo-sera-disputado-em-sao-januario\/"},"wordCount":691,"commentCount":0,"image":{"@id":"https:\/\/www.gaveanews.com\/index.php\/2025\/04\/03\/martelo-batido-saiba-se-vasco-x-flamengo-sera-disputado-em-sao-januario\/#primaryimage"},"thumbnailUrl":"https:\/\/www.gaveanews.com\/wp-content\/uploads\/Bandeira-do-Vasco-da-Gama.webp","articleSection":["Brasileir\u00e3o","Flamengo","Vasco"],"inLanguage":"pt-BR","potentialAction":[{"@type":"CommentAction","name":"Comment","target":["https:\/\/www.gaveanews.com\/index.php\/2025\/04\/03\/martelo-batido-saiba-se-vasco-x-flamengo-sera-disputado-em-sao-januario\/#respond"]}],"copyrightYear":"2025","copyrightHolder":{"@id":"https:\/\/www.gaveanews.com\/#organization"}},{"@type":"WebPage","@id":"https:\/\/www.gaveanews.com\/index.php\/2025\/04\/03\/martelo-batido-saiba-se-vasco-x-flamengo-sera-disputado-em-sao-januario\/","url":"https:\/\/www.gaveanews.com\/index.php\/2025\/04\/03\/martelo-batido-saiba-se-vasco-x-flamengo-sera-disputado-em-sao-januario\/","name":"Martelo batido! Saiba se Vasco x Flamengo ser\u00e1 disputado em S\u00e3o Janu\u00e1rio","isPartOf":{"@id":"https:\/\/www.gaveanews.com\/#website"},"primaryImageOfPage":{"@id":"https:\/\/www.gaveanews.com\/index.php\/2025\/04\/03\/martelo-batido-saiba-se-vasco-x-flamengo-sera-disputado-em-sao-januario\/#primaryimage"},"image":{"@id":"https:\/\/www.gaveanews.com\/index.php\/2025\/04\/03\/martelo-batido-saiba-se-vasco-x-flamengo-sera-disputado-em-sao-januario\/#primaryimage"},"thumbnailUrl":"https:\/\/www.gaveanews.com\/wp-content\/uploads\/Bandeira-do-Vasco-da-Gama.webp","datePublished":"2025-04-03T14:55:00+00:00","author":{"@id":"https:\/\/www.gaveanews.com\/#\/schema\/person\/3b19f7288b0ce20372991275e4f2e6c2"},"breadcrumb":{"@id":"https:\/\/www.gaveanews.com\/index.php\/2025\/04\/03\/martelo-batido-saiba-se-vasco-x-flamengo-sera-disputado-em-sao-januario\/#breadcrumb"},"inLanguage":"pt-BR","potentialAction":[{"@type":"ReadAction","target":["https:\/\/www.gaveanews.com\/index.php\/2025\/04\/03\/martelo-batido-saiba-se-vasco-x-flamengo-sera-disputado-em-sao-januario\/"]}]},{"@type":"ImageObject","inLanguage":"pt-BR","@id":"https:\/\/www.gaveanews.com\/index.php\/2025\/04\/03\/martelo-batido-saiba-se-vasco-x-flamengo-sera-disputado-em-sao-januario\/#primaryimage","url":"https:\/\/www.gaveanews.com\/wp-content\/uploads\/Bandeira-do-Vasco-da-Gama.webp","contentUrl":"https:\/\/www.gaveanews.com\/wp-content\/uploads\/Bandeira-do-Vasco-da-Gama.webp","width":1159,"height":772,"caption":"Bandeira do Vasco da Gama (Foto: Reprodu\u00e7\u00e3o\/Vasco)"},{"@type":"BreadcrumbList","@id":"https:\/\/www.gaveanews.com\/index.php\/2025\/04\/03\/martelo-batido-saiba-se-vasco-x-flamengo-sera-disputado-em-sao-januario\/#breadcrumb","itemListElement":[{"@type":"ListItem","position":1,"name":"Home","item":"https:\/\/www.gaveanews.com\/"},{"@type":"ListItem","position":2,"name":"Martelo batido! Saiba se Vasco x Flamengo ser\u00e1 disputado em S\u00e3o Janu\u00e1rio"}]},{"@type":"WebSite","@id":"https:\/\/www.gaveanews.com\/#website","url":"https:\/\/www.gaveanews.com\/","name":"G\u00e1vea News","description":"Veja todas as not\u00edcias sobre o Flamengo: Contrata\u00e7\u00f5es, categorias de base, resultados das partidas, tabela de classifica\u00e7\u00e3o, pr\u00f3ximos jogos!","potentialAction":[{"@type":"SearchAction","target":{"@type":"EntryPoint","urlTemplate":"https:\/\/www.gaveanews.com\/?s={search_term_string}"},"query-input":{"@type":"PropertyValueSpecification","valueRequired":true,"valueName":"search_term_string"}}],"inLanguage":"pt-BR"},{"@type":"Person","@id":"https:\/\/www.gaveanews.com\/#\/schema\/person\/3b19f7288b0ce20372991275e4f2e6c2","name":"Ana Teixeira","image":{"@type":"ImageObject","inLanguage":"pt-BR","@id":"https:\/\/www.gaveanews.com\/#\/schema\/person\/image\/","url":"https:\/\/secure.gravatar.com\/avatar\/0a73f5a5258f3fed37fc2fa641892f3f7a4748456d4d4792f9bc550e6c19e06c?s=96&d=mm&r=g","contentUrl":"https:\/\/secure.gravatar.com\/avatar\/0a73f5a5258f3fed37fc2fa641892f3f7a4748456d4d4792f9bc550e6c19e06c?s=96&d=mm&r=g","caption":"Ana Teixeira"}}]}},"_links":{"self":[{"href":"https:\/\/www.gaveanews.com\/index.php\/wp-json\/wp\/v2\/posts\/248345","targetHints":{"allow":["GET"]}}],"collection":[{"href":"https:\/\/www.gaveanews.com\/index.php\/wp-json\/wp\/v2\/posts"}],"about":[{"href":"https:\/\/www.gaveanews.com\/index.php\/wp-json\/wp\/v2\/types\/post"}],"author":[{"embeddable":true,"href":"https:\/\/www.gaveanews.com\/index.php\/wp-json\/wp\/v2\/users\/30"}],"replies":[{"embeddable":true,"href":"https:\/\/www.gaveanews.com\/index.php\/wp-json\/wp\/v2\/comments?post=248345"}],"version-history":[{"count":1,"href":"https:\/\/www.gaveanews.com\/index.php\/wp-json\/wp\/v2\/posts\/248345\/revisions"}],"predecessor-version":[{"id":248351,"href":"https:\/\/www.gaveanews.com\/index.php\/wp-json\/wp\/v2\/posts\/248345\/revisions\/248351"}],"wp:featuredmedia":[{"embeddable":true,"href":"https:\/\/www.gaveanews.com\/index.php\/wp-json\/wp\/v2\/media\/152090"}],"wp:attachment":[{"href":"https:\/\/www.gaveanews.com\/index.php\/wp-json\/wp\/v2\/media?parent=248345"}],"wp:term":[{"taxonomy":"category","embeddable":true,"href":"https:\/\/www.gaveanews.com\/index.php\/wp-json\/wp\/v2\/categories?post=248345"},{"taxonomy":"post_tag","embeddable":true,"href":"https:\/\/www.gaveanews.com\/index.php\/wp-json\/wp\/v2\/tags?post=248345"}],"curies":[{"name":"wp","href":"https:\/\/api.w.org\/{rel}","templated":true}]}}