{"id":248348,"date":"2025-04-03T12:05:00","date_gmt":"2025-04-03T15:05:00","guid":{"rendered":"https:\/\/www.gaveanews.com\/?p=248348"},"modified":"2025-04-03T11:24:23","modified_gmt":"2025-04-03T14:24:23","slug":"torcida-do-corinthians-se-mobiliza-apos-punicao","status":"publish","type":"post","link":"https:\/\/www.gaveanews.com\/index.php\/2025\/04\/03\/torcida-do-corinthians-se-mobiliza-apos-punicao\/","title":{"rendered":"Torcida do Corinthians se mobiliza ap\u00f3s puni\u00e7\u00e3o"},"content":{"rendered":"\n<p>A principal torcida organizada do Corinthians, Gavi\u00f5es da Fiel, decidiu reagir \u00e0 recente puni\u00e7\u00e3o imposta pelo Minist\u00e9rio P\u00fablico do Estado de S\u00e3o Paulo. A decis\u00e3o, acolhida pela Federa\u00e7\u00e3o Paulista de Futebol (FPF) por meio da Portaria n\u00ba 093\/25, impede que integrantes das torcidas organizadas frequentem os est\u00e1dios com vestimentas ou objetos que os identifiquem. A medida vale at\u00e9 o fim do ano e provocou forte rea\u00e7\u00e3o da Gavi\u00f5es e da Camisa 12.<\/p>\n\n\n\n<p>Conforme anunciado pela Gavi\u00f5es da Fiel, o protesto j\u00e1 teve in\u00edcio na partida contra o Hurac\u00e1n, da Argentina, pela estreia do Corinthians na Copa Sul-Americana. Os torcedores foram incentivados a marcar presen\u00e7a na Neo Qu\u00edmica Arena utilizando a chamada \u201ccamisa da proibi\u00e7\u00e3o\u201d, uma pe\u00e7a inteiramente preta, sem o tradicional emblema da organizada, ostentando apenas o escudo do clube.<\/p>\n\n\n\n<p>&#8220;J\u00e1 na partida de hoje estaremos nas arquibancadas apoiando o Corinthians durante os 90 minutos com a camisa da proibi\u00e7\u00e3o&#8221;, declarou a torcida em nota publicada nas redes sociais. A mobiliza\u00e7\u00e3o incluiu o apelo para a forma\u00e7\u00e3o de um &#8220;mar negro&#8221; nas arquibancadas, pedindo que torcedores evitassem bon\u00e9s coloridos e camisas que pudessem sugerir v\u00ednculo com bairros ou regi\u00f5es espec\u00edficas.<\/p>\n\n\n\n<p>Al\u00e9m da Gavi\u00f5es, a Camisa 12 tamb\u00e9m se manifestou publicamente, classificando a puni\u00e7\u00e3o como gen\u00e9rica, desproporcional e contr\u00e1ria a preceitos constitucionais. A organizada alegou que a medida &#8220;viola a liberdade de associa\u00e7\u00e3o, o direito ao lazer e ao devido processo legal&#8221;, uma vez que n\u00e3o individualiza as condutas supostamente il\u00edcitas, atingindo coletivamente milhares de torcedores pac\u00edficos.<\/p>\n\n\n\n<p>A decis\u00e3o da FPF decorre do uso de sinalizadores durante a final do Campeonato Paulista, fato que teria motivado a recomenda\u00e7\u00e3o do Minist\u00e9rio P\u00fablico. Apesar disso, as torcidas afirmam que j\u00e1 est\u00e3o buscando medidas legais cab\u00edveis para contestar a san\u00e7\u00e3o. &#8220;Quanto \u00e0 proibi\u00e7\u00e3o, nosso departamento jur\u00eddico j\u00e1 est\u00e1 avaliando a situa\u00e7\u00e3o&#8221;, disse a Gavi\u00f5es da Fiel.<\/p>\n\n\n\n<p>Historicamente, essa n\u00e3o \u00e9 a primeira vez que as organizadas enfrentam san\u00e7\u00f5es desse tipo em S\u00e3o Paulo. Em 1997, a Justi\u00e7a chegou a determinar a extin\u00e7\u00e3o da Gavi\u00f5es da Fiel. Em 2012, proibi\u00e7\u00f5es semelhantes foram adotadas, reafirmando um hist\u00f3rico de tens\u00f5es entre autoridades e torcidas organizadas.<\/p>\n\n\n\n<p>Por fim, as organizadas reafirmaram seu compromisso com um futebol democr\u00e1tico e seguro, mas alertaram que medidas como essa representam, segundo elas, uma tentativa de criminalizar a manifesta\u00e7\u00e3o cultural dos torcedores. Ambas prometeram continuar atuando dentro dos meios legais para reverter a decis\u00e3o da FPF.<\/p>\n","protected":false},"excerpt":{"rendered":"<p>A principal torcida organizada do Corinthians, Gavi\u00f5es da Fiel, decidiu reagir \u00e0 recente puni\u00e7\u00e3o imposta pelo Minist\u00e9rio P\u00fablico do Estado de S\u00e3o Paulo. A decis\u00e3o, acolhida pela Federa\u00e7\u00e3o Paulista de Futebol (FPF) por meio da Portaria n\u00ba 093\/25, impede que integrantes das torcidas organizadas frequentem os est\u00e1dios com vestimentas ou objetos que os identifiquem. A [&hellip;]<\/p>\n","protected":false},"author":27,"featured_media":146953,"comment_status":"open","ping_status":"closed","sticky":false,"template":"","format":"standard","meta":{"footnotes":""},"categories":[141],"tags":[],"class_list":["post-248348","post","type-post","status-publish","format-standard","has-post-thumbnail","hentry","category-corinthians"],"yoast_head":"<!-- This site is optimized with the Yoast SEO Premium plugin v24.2 (Yoast SEO v26.9) - https:\/\/yoast.com\/product\/yoast-seo-premium-wordpress\/ -->\n<title>Torcida do Corinthians se mobiliza ap\u00f3s puni\u00e7\u00e3o<\/title>\n<meta name=\"robots\" content=\"index, follow, max-snippet:-1, max-image-preview:large, max-video-preview:-1\" \/>\n<link rel=\"canonical\" href=\"https:\/\/www.gaveanews.com\/index.php\/2025\/04\/03\/torcida-do-corinthians-se-mobiliza-apos-punicao\/\" \/>\n<meta property=\"og:locale\" content=\"pt_BR\" \/>\n<meta property=\"og:type\" content=\"article\" \/>\n<meta property=\"og:title\" content=\"Torcida do Corinthians se mobiliza ap\u00f3s puni\u00e7\u00e3o\" \/>\n<meta property=\"og:description\" content=\"A principal torcida organizada do Corinthians, Gavi\u00f5es da Fiel, decidiu reagir \u00e0 recente puni\u00e7\u00e3o imposta pelo Minist\u00e9rio P\u00fablico do Estado de S\u00e3o Paulo. A decis\u00e3o, acolhida pela Federa\u00e7\u00e3o Paulista de Futebol (FPF) por meio da Portaria n\u00ba 093\/25, impede que integrantes das torcidas organizadas frequentem os est\u00e1dios com vestimentas ou objetos que os identifiquem. A [&hellip;]\" \/>\n<meta property=\"og:url\" content=\"https:\/\/www.gaveanews.com\/index.php\/2025\/04\/03\/torcida-do-corinthians-se-mobiliza-apos-punicao\/\" \/>\n<meta property=\"og:site_name\" content=\"G\u00e1vea News\" \/>\n<meta property=\"article:publisher\" content=\"https:\/\/facebook.com\/gaveaNews\/\" \/>\n<meta property=\"article:published_time\" content=\"2025-04-03T15:05:00+00:00\" \/>\n<meta property=\"og:image\" content=\"https:\/\/www.gaveanews.com\/wp-content\/uploads\/Torcida-do-Corinthians.webp\" \/>\n\t<meta property=\"og:image:width\" content=\"1000\" \/>\n\t<meta property=\"og:image:height\" content=\"667\" \/>\n\t<meta property=\"og:image:type\" content=\"image\/webp\" \/>\n<meta name=\"author\" content=\"Matheus Felipe\" \/>\n<meta name=\"twitter:card\" content=\"summary_large_image\" \/>\n<meta name=\"twitter:label1\" content=\"Escrito por\" \/>\n\t<meta name=\"twitter:data1\" content=\"Matheus Felipe\" \/>\n\t<meta name=\"twitter:label2\" content=\"Est. tempo de leitura\" \/>\n\t<meta name=\"twitter:data2\" content=\"3 minutos\" \/>\n<script type=\"application\/ld+json\" class=\"yoast-schema-graph\">{\"@context\":\"https:\/\/schema.org\",\"@graph\":[{\"@type\":\"NewsArticle\",\"@id\":\"https:\/\/www.gaveanews.com\/index.php\/2025\/04\/03\/torcida-do-corinthians-se-mobiliza-apos-punicao\/#article\",\"isPartOf\":{\"@id\":\"https:\/\/www.gaveanews.com\/index.php\/2025\/04\/03\/torcida-do-corinthians-se-mobiliza-apos-punicao\/\"},\"author\":{\"name\":\"Matheus Felipe\",\"@id\":\"https:\/\/www.gaveanews.com\/#\/schema\/person\/8207cd4627f56151707418bfc835b2fb\"},\"headline\":\"Torcida do Corinthians se mobiliza ap\u00f3s puni\u00e7\u00e3o\",\"datePublished\":\"2025-04-03T15:05:00+00:00\",\"mainEntityOfPage\":{\"@id\":\"https:\/\/www.gaveanews.com\/index.php\/2025\/04\/03\/torcida-do-corinthians-se-mobiliza-apos-punicao\/\"},\"wordCount\":450,\"commentCount\":0,\"image\":{\"@id\":\"https:\/\/www.gaveanews.com\/index.php\/2025\/04\/03\/torcida-do-corinthians-se-mobiliza-apos-punicao\/#primaryimage\"},\"thumbnailUrl\":\"https:\/\/www.gaveanews.com\/wp-content\/uploads\/Torcida-do-Corinthians.webp\",\"articleSection\":[\"Corinthians\"],\"inLanguage\":\"pt-BR\",\"potentialAction\":[{\"@type\":\"CommentAction\",\"name\":\"Comment\",\"target\":[\"https:\/\/www.gaveanews.com\/index.php\/2025\/04\/03\/torcida-do-corinthians-se-mobiliza-apos-punicao\/#respond\"]}],\"copyrightYear\":\"2025\",\"copyrightHolder\":{\"@id\":\"https:\/\/www.gaveanews.com\/#organization\"}},{\"@type\":\"WebPage\",\"@id\":\"https:\/\/www.gaveanews.com\/index.php\/2025\/04\/03\/torcida-do-corinthians-se-mobiliza-apos-punicao\/\",\"url\":\"https:\/\/www.gaveanews.com\/index.php\/2025\/04\/03\/torcida-do-corinthians-se-mobiliza-apos-punicao\/\",\"name\":\"Torcida do Corinthians se mobiliza ap\u00f3s puni\u00e7\u00e3o\",\"isPartOf\":{\"@id\":\"https:\/\/www.gaveanews.com\/#website\"},\"primaryImageOfPage\":{\"@id\":\"https:\/\/www.gaveanews.com\/index.php\/2025\/04\/03\/torcida-do-corinthians-se-mobiliza-apos-punicao\/#primaryimage\"},\"image\":{\"@id\":\"https:\/\/www.gaveanews.com\/index.php\/2025\/04\/03\/torcida-do-corinthians-se-mobiliza-apos-punicao\/#primaryimage\"},\"thumbnailUrl\":\"https:\/\/www.gaveanews.com\/wp-content\/uploads\/Torcida-do-Corinthians.webp\",\"datePublished\":\"2025-04-03T15:05:00+00:00\",\"author\":{\"@id\":\"https:\/\/www.gaveanews.com\/#\/schema\/person\/8207cd4627f56151707418bfc835b2fb\"},\"breadcrumb\":{\"@id\":\"https:\/\/www.gaveanews.com\/index.php\/2025\/04\/03\/torcida-do-corinthians-se-mobiliza-apos-punicao\/#breadcrumb\"},\"inLanguage\":\"pt-BR\",\"potentialAction\":[{\"@type\":\"ReadAction\",\"target\":[\"https:\/\/www.gaveanews.com\/index.php\/2025\/04\/03\/torcida-do-corinthians-se-mobiliza-apos-punicao\/\"]}]},{\"@type\":\"ImageObject\",\"inLanguage\":\"pt-BR\",\"@id\":\"https:\/\/www.gaveanews.com\/index.php\/2025\/04\/03\/torcida-do-corinthians-se-mobiliza-apos-punicao\/#primaryimage\",\"url\":\"https:\/\/www.gaveanews.com\/wp-content\/uploads\/Torcida-do-Corinthians.webp\",\"contentUrl\":\"https:\/\/www.gaveanews.com\/wp-content\/uploads\/Torcida-do-Corinthians.webp\",\"width\":1000,\"height\":667,\"caption\":\"Torcida do Corinthians (Foto Reprodu\u00e7\u00e3o\/Instagram)\"},{\"@type\":\"BreadcrumbList\",\"@id\":\"https:\/\/www.gaveanews.com\/index.php\/2025\/04\/03\/torcida-do-corinthians-se-mobiliza-apos-punicao\/#breadcrumb\",\"itemListElement\":[{\"@type\":\"ListItem\",\"position\":1,\"name\":\"Home\",\"item\":\"https:\/\/www.gaveanews.com\/\"},{\"@type\":\"ListItem\",\"position\":2,\"name\":\"Torcida do Corinthians se mobiliza ap\u00f3s puni\u00e7\u00e3o\"}]},{\"@type\":\"WebSite\",\"@id\":\"https:\/\/www.gaveanews.com\/#website\",\"url\":\"https:\/\/www.gaveanews.com\/\",\"name\":\"G\u00e1vea News\",\"description\":\"Veja todas as not\u00edcias sobre o Flamengo: Contrata\u00e7\u00f5es, categorias de base, resultados das partidas, tabela de classifica\u00e7\u00e3o, pr\u00f3ximos jogos!\",\"potentialAction\":[{\"@type\":\"SearchAction\",\"target\":{\"@type\":\"EntryPoint\",\"urlTemplate\":\"https:\/\/www.gaveanews.com\/?s={search_term_string}\"},\"query-input\":{\"@type\":\"PropertyValueSpecification\",\"valueRequired\":true,\"valueName\":\"search_term_string\"}}],\"inLanguage\":\"pt-BR\"},{\"@type\":\"Person\",\"@id\":\"https:\/\/www.gaveanews.com\/#\/schema\/person\/8207cd4627f56151707418bfc835b2fb\",\"name\":\"Matheus Felipe\",\"image\":{\"@type\":\"ImageObject\",\"inLanguage\":\"pt-BR\",\"@id\":\"https:\/\/www.gaveanews.com\/#\/schema\/person\/image\/\",\"url\":\"https:\/\/secure.gravatar.com\/avatar\/a452ffbed9130f726358b298bb3a99ce4bd3c5338411f8440e87e14d74c7c087?s=96&d=mm&r=g\",\"contentUrl\":\"https:\/\/secure.gravatar.com\/avatar\/a452ffbed9130f726358b298bb3a99ce4bd3c5338411f8440e87e14d74c7c087?s=96&d=mm&r=g\",\"caption\":\"Matheus Felipe\"}}]}<\/script>\n<!-- \/ Yoast SEO Premium plugin. -->","yoast_head_json":{"title":"Torcida do Corinthians se mobiliza ap\u00f3s puni\u00e7\u00e3o","robots":{"index":"index","follow":"follow","max-snippet":"max-snippet:-1","max-image-preview":"max-image-preview:large","max-video-preview":"max-video-preview:-1"},"canonical":"https:\/\/www.gaveanews.com\/index.php\/2025\/04\/03\/torcida-do-corinthians-se-mobiliza-apos-punicao\/","og_locale":"pt_BR","og_type":"article","og_title":"Torcida do Corinthians se mobiliza ap\u00f3s puni\u00e7\u00e3o","og_description":"A principal torcida organizada do Corinthians, Gavi\u00f5es da Fiel, decidiu reagir \u00e0 recente puni\u00e7\u00e3o imposta pelo Minist\u00e9rio P\u00fablico do Estado de S\u00e3o Paulo. A decis\u00e3o, acolhida pela Federa\u00e7\u00e3o Paulista de Futebol (FPF) por meio da Portaria n\u00ba 093\/25, impede que integrantes das torcidas organizadas frequentem os est\u00e1dios com vestimentas ou objetos que os identifiquem. A [&hellip;]","og_url":"https:\/\/www.gaveanews.com\/index.php\/2025\/04\/03\/torcida-do-corinthians-se-mobiliza-apos-punicao\/","og_site_name":"G\u00e1vea News","article_publisher":"https:\/\/facebook.com\/gaveaNews\/","article_published_time":"2025-04-03T15:05:00+00:00","og_image":[{"width":1000,"height":667,"url":"https:\/\/www.gaveanews.com\/wp-content\/uploads\/Torcida-do-Corinthians.webp","type":"image\/webp"}],"author":"Matheus Felipe","twitter_card":"summary_large_image","twitter_misc":{"Escrito por":"Matheus Felipe","Est. tempo de leitura":"3 minutos"},"schema":{"@context":"https:\/\/schema.org","@graph":[{"@type":"NewsArticle","@id":"https:\/\/www.gaveanews.com\/index.php\/2025\/04\/03\/torcida-do-corinthians-se-mobiliza-apos-punicao\/#article","isPartOf":{"@id":"https:\/\/www.gaveanews.com\/index.php\/2025\/04\/03\/torcida-do-corinthians-se-mobiliza-apos-punicao\/"},"author":{"name":"Matheus Felipe","@id":"https:\/\/www.gaveanews.com\/#\/schema\/person\/8207cd4627f56151707418bfc835b2fb"},"headline":"Torcida do Corinthians se mobiliza ap\u00f3s puni\u00e7\u00e3o","datePublished":"2025-04-03T15:05:00+00:00","mainEntityOfPage":{"@id":"https:\/\/www.gaveanews.com\/index.php\/2025\/04\/03\/torcida-do-corinthians-se-mobiliza-apos-punicao\/"},"wordCount":450,"commentCount":0,"image":{"@id":"https:\/\/www.gaveanews.com\/index.php\/2025\/04\/03\/torcida-do-corinthians-se-mobiliza-apos-punicao\/#primaryimage"},"thumbnailUrl":"https:\/\/www.gaveanews.com\/wp-content\/uploads\/Torcida-do-Corinthians.webp","articleSection":["Corinthians"],"inLanguage":"pt-BR","potentialAction":[{"@type":"CommentAction","name":"Comment","target":["https:\/\/www.gaveanews.com\/index.php\/2025\/04\/03\/torcida-do-corinthians-se-mobiliza-apos-punicao\/#respond"]}],"copyrightYear":"2025","copyrightHolder":{"@id":"https:\/\/www.gaveanews.com\/#organization"}},{"@type":"WebPage","@id":"https:\/\/www.gaveanews.com\/index.php\/2025\/04\/03\/torcida-do-corinthians-se-mobiliza-apos-punicao\/","url":"https:\/\/www.gaveanews.com\/index.php\/2025\/04\/03\/torcida-do-corinthians-se-mobiliza-apos-punicao\/","name":"Torcida do Corinthians se mobiliza ap\u00f3s puni\u00e7\u00e3o","isPartOf":{"@id":"https:\/\/www.gaveanews.com\/#website"},"primaryImageOfPage":{"@id":"https:\/\/www.gaveanews.com\/index.php\/2025\/04\/03\/torcida-do-corinthians-se-mobiliza-apos-punicao\/#primaryimage"},"image":{"@id":"https:\/\/www.gaveanews.com\/index.php\/2025\/04\/03\/torcida-do-corinthians-se-mobiliza-apos-punicao\/#primaryimage"},"thumbnailUrl":"https:\/\/www.gaveanews.com\/wp-content\/uploads\/Torcida-do-Corinthians.webp","datePublished":"2025-04-03T15:05:00+00:00","author":{"@id":"https:\/\/www.gaveanews.com\/#\/schema\/person\/8207cd4627f56151707418bfc835b2fb"},"breadcrumb":{"@id":"https:\/\/www.gaveanews.com\/index.php\/2025\/04\/03\/torcida-do-corinthians-se-mobiliza-apos-punicao\/#breadcrumb"},"inLanguage":"pt-BR","potentialAction":[{"@type":"ReadAction","target":["https:\/\/www.gaveanews.com\/index.php\/2025\/04\/03\/torcida-do-corinthians-se-mobiliza-apos-punicao\/"]}]},{"@type":"ImageObject","inLanguage":"pt-BR","@id":"https:\/\/www.gaveanews.com\/index.php\/2025\/04\/03\/torcida-do-corinthians-se-mobiliza-apos-punicao\/#primaryimage","url":"https:\/\/www.gaveanews.com\/wp-content\/uploads\/Torcida-do-Corinthians.webp","contentUrl":"https:\/\/www.gaveanews.com\/wp-content\/uploads\/Torcida-do-Corinthians.webp","width":1000,"height":667,"caption":"Torcida do Corinthians (Foto Reprodu\u00e7\u00e3o\/Instagram)"},{"@type":"BreadcrumbList","@id":"https:\/\/www.gaveanews.com\/index.php\/2025\/04\/03\/torcida-do-corinthians-se-mobiliza-apos-punicao\/#breadcrumb","itemListElement":[{"@type":"ListItem","position":1,"name":"Home","item":"https:\/\/www.gaveanews.com\/"},{"@type":"ListItem","position":2,"name":"Torcida do Corinthians se mobiliza ap\u00f3s puni\u00e7\u00e3o"}]},{"@type":"WebSite","@id":"https:\/\/www.gaveanews.com\/#website","url":"https:\/\/www.gaveanews.com\/","name":"G\u00e1vea News","description":"Veja todas as not\u00edcias sobre o Flamengo: Contrata\u00e7\u00f5es, categorias de base, resultados das partidas, tabela de classifica\u00e7\u00e3o, pr\u00f3ximos jogos!","potentialAction":[{"@type":"SearchAction","target":{"@type":"EntryPoint","urlTemplate":"https:\/\/www.gaveanews.com\/?s={search_term_string}"},"query-input":{"@type":"PropertyValueSpecification","valueRequired":true,"valueName":"search_term_string"}}],"inLanguage":"pt-BR"},{"@type":"Person","@id":"https:\/\/www.gaveanews.com\/#\/schema\/person\/8207cd4627f56151707418bfc835b2fb","name":"Matheus Felipe","image":{"@type":"ImageObject","inLanguage":"pt-BR","@id":"https:\/\/www.gaveanews.com\/#\/schema\/person\/image\/","url":"https:\/\/secure.gravatar.com\/avatar\/a452ffbed9130f726358b298bb3a99ce4bd3c5338411f8440e87e14d74c7c087?s=96&d=mm&r=g","contentUrl":"https:\/\/secure.gravatar.com\/avatar\/a452ffbed9130f726358b298bb3a99ce4bd3c5338411f8440e87e14d74c7c087?s=96&d=mm&r=g","caption":"Matheus Felipe"}}]}},"_links":{"self":[{"href":"https:\/\/www.gaveanews.com\/index.php\/wp-json\/wp\/v2\/posts\/248348","targetHints":{"allow":["GET"]}}],"collection":[{"href":"https:\/\/www.gaveanews.com\/index.php\/wp-json\/wp\/v2\/posts"}],"about":[{"href":"https:\/\/www.gaveanews.com\/index.php\/wp-json\/wp\/v2\/types\/post"}],"author":[{"embeddable":true,"href":"https:\/\/www.gaveanews.com\/index.php\/wp-json\/wp\/v2\/users\/27"}],"replies":[{"embeddable":true,"href":"https:\/\/www.gaveanews.com\/index.php\/wp-json\/wp\/v2\/comments?post=248348"}],"version-history":[{"count":1,"href":"https:\/\/www.gaveanews.com\/index.php\/wp-json\/wp\/v2\/posts\/248348\/revisions"}],"predecessor-version":[{"id":248354,"href":"https:\/\/www.gaveanews.com\/index.php\/wp-json\/wp\/v2\/posts\/248348\/revisions\/248354"}],"wp:featuredmedia":[{"embeddable":true,"href":"https:\/\/www.gaveanews.com\/index.php\/wp-json\/wp\/v2\/media\/146953"}],"wp:attachment":[{"href":"https:\/\/www.gaveanews.com\/index.php\/wp-json\/wp\/v2\/media?parent=248348"}],"wp:term":[{"taxonomy":"category","embeddable":true,"href":"https:\/\/www.gaveanews.com\/index.php\/wp-json\/wp\/v2\/categories?post=248348"},{"taxonomy":"post_tag","embeddable":true,"href":"https:\/\/www.gaveanews.com\/index.php\/wp-json\/wp\/v2\/tags?post=248348"}],"curies":[{"name":"wp","href":"https:\/\/api.w.org\/{rel}","templated":true}]}}