{"id":248357,"date":"2025-04-03T12:20:00","date_gmt":"2025-04-03T15:20:00","guid":{"rendered":"https:\/\/www.gaveanews.com\/?p=248357"},"modified":"2025-04-03T11:28:12","modified_gmt":"2025-04-03T14:28:12","slug":"fluminense-x-bragantino-cbf-escala-arbitro-polemico-para-apitar-partida","status":"publish","type":"post","link":"https:\/\/www.gaveanews.com\/index.php\/2025\/04\/03\/fluminense-x-bragantino-cbf-escala-arbitro-polemico-para-apitar-partida\/","title":{"rendered":"Fluminense x Bragantino: CBF escala \u00e1rbitro pol\u00eamico para apitar partida"},"content":{"rendered":"\n<p>A escolha da arbitragem para Fluminense x Bragantino, pela segunda rodada do Campeonato Brasileiro, j\u00e1 provoca debates antes mesmo da bola rolar. A CBF designou Wilton Pereira Sampaio para comandar o confronto no Maracan\u00e3, decis\u00e3o que desperta aten\u00e7\u00e3o devido ao hist\u00f3rico do \u00e1rbitro em partidas marcadas por pol\u00eamicas.&nbsp;<\/p>\n\n\n\n<p>Com experi\u00eancia em competi\u00e7\u00f5es nacionais e internacionais, incluindo a \u00faltima Copa do Mundo, Wilton estar\u00e1 acompanhado por um trio goiano e contar\u00e1 com suporte do VAR sob comando de \u00e1rbitros mineiros.<\/p>\n\n\n\n<h2 class=\"wp-block-heading\" id=\"h-equipe-de-arbitragem-definida\">Equipe de arbitragem definida<\/h2>\n\n\n\n<figure class=\"wp-block-image size-full\"><img loading=\"lazy\" decoding=\"async\" width=\"768\" height=\"432\" src=\"http:\/\/www.gaveanews.com\/wp-content\/uploads\/Wilton-Pereira-Sampaio-no-jogo-entre-Internacional-e-Flamengo.webp\" alt=\"\" class=\"wp-image-67686\" srcset=\"https:\/\/www.gaveanews.com\/wp-content\/uploads\/Wilton-Pereira-Sampaio-no-jogo-entre-Internacional-e-Flamengo.webp 768w, https:\/\/www.gaveanews.com\/wp-content\/uploads\/Wilton-Pereira-Sampaio-no-jogo-entre-Internacional-e-Flamengo-300x169.webp 300w, https:\/\/www.gaveanews.com\/wp-content\/uploads\/Wilton-Pereira-Sampaio-no-jogo-entre-Internacional-e-Flamengo-747x420.webp 747w, https:\/\/www.gaveanews.com\/wp-content\/uploads\/Wilton-Pereira-Sampaio-no-jogo-entre-Internacional-e-Flamengo-640x360.webp 640w, https:\/\/www.gaveanews.com\/wp-content\/uploads\/Wilton-Pereira-Sampaio-no-jogo-entre-Internacional-e-Flamengo-681x383.webp 681w, https:\/\/www.gaveanews.com\/wp-content\/uploads\/Wilton-Pereira-Sampaio-no-jogo-entre-Internacional-e-Flamengo-100x56.webp 100w\" sizes=\"auto, (max-width: 768px) 100vw, 768px\" \/><figcaption class=\"wp-element-caption\">Wilton Pereira Sampaio no jogo entre Internacional e Flamengo (Foto: Reprodu\u00e7\u00e3o\/ESPN)<\/figcaption><\/figure>\n\n\n\n<p>Para o duelo deste domingo, \u00e0s 16h, no Maracan\u00e3, Wilton Pereira Sampaio ter\u00e1 ao seu lado os assistentes Bruno Raphael Pires e Leone Carvalho Rocha. No VAR, a responsabilidade ficar\u00e1 com Marco Aurelio Augusto Fazekas Ferreira. Veja a escala completa:<\/p>\n\n\n\n<p><strong>\u00c1rbitro<\/strong>: Wilton Pereira Sampaio (GO)<br><strong>\u00c1rbitro Assistente 1<\/strong>: Bruno Raphael Pires (GO)<br><strong>\u00c1rbitro Assistente 2<\/strong>: Leone Carvalho Rocha (GO)<br><strong>Quarto \u00c1rbitro<\/strong>: Anderson Ribeiro Goncalves (GO)<br><strong>Quality Manage<\/strong>r: Lucas Dias Almeida (RJ)<br><strong>VAR<\/strong>: Marco Aurelio Augusto Fazekas Ferreira (MG)<br><strong>AVAR<\/strong>: Frederico Soares Vilarinho (MG)<br><strong>Observador de VAR<\/strong>: Rodrigo Pereira Joia (RJ)<br><strong>Assessor: Jailson Macedo Freitas (BA)<\/strong><strong><br><\/strong><strong>AVAR2<\/strong>: Antonio Magno Lima Cordeiro (CE)<\/p>\n\n\n\n<h2 class=\"wp-block-heading\" id=\"h-o-historico-de-polemicas-de-wilton-pereira-sampaio\">O hist\u00f3rico de pol\u00eamicas de Wilton Pereira Sampaio<\/h2>\n\n\n\n<p>Wilton Pereira Sampaio acumula decis\u00f5es contestadas em jogos importantes, o que gera desconfian\u00e7a entre torcedores. Isso porque algumas de suas marca\u00e7\u00f5es tiveram impacto direto nos resultados das partidas, provocando rea\u00e7\u00f5es contundentes de jogadores e dirigentes.<\/p>\n\n\n\n<h3 class=\"wp-block-heading\" id=\"h-palmeiras-x-internacional-copa-do-brasil-2015\">Palmeiras x Internacional \u2013 Copa do Brasil 2015<\/h3>\n\n\n\n<p>Na partida v\u00e1lida pelas quartas de final, um lance duvidoso contribuiu para um dos gols do Internacional. O meia Anderson usou o p\u00e9 alto para roubar a bola, mas Wilton mandou o jogo seguir, o que gerou protestos do Palmeiras.<\/p>\n\n\n\n<h3 class=\"wp-block-heading\" id=\"h-internacional-x-botafogo-brasileirao-2016\">Internacional x Botafogo \u2013 Brasileir\u00e3o 2016<\/h3>\n\n\n\n<p>O Colorado reclamou muito da atua\u00e7\u00e3o do \u00e1rbitro ap\u00f3s a derrota por 3 a 2. O presidente Vitorio Piffero contestou a expuls\u00e3o de Fabinho no primeiro tempo, enquanto o vice de futebol, Carlos Pellegrini, foi ainda mais enf\u00e1tico:<\/p>\n\n\n\n<p>&#8220;\u00c9 um mal-intencionado esse juiz. Foi p\u00eanalti! E tirou um jogador que n\u00e3o era para ser expulso. Novamente esse sujeito vem aqui e faz isso.&#8221;<\/p>\n\n\n\n<h3 class=\"wp-block-heading\" id=\"h-palmeiras-x-santos-brasileirao-2016\">Palmeiras x Santos \u2013 Brasileir\u00e3o 2016<\/h3>\n\n\n\n<p>Wilton tamb\u00e9m se envolveu em outra pol\u00eamica ao n\u00e3o marcar um p\u00eanalti a favor do Palmeiras ap\u00f3s Zeca dominar a bola com o bra\u00e7o. Curiosamente, minutos antes, o \u00e1rbitro marcou uma infra\u00e7\u00e3o parecida contra o atacante Barrios, advertindo-o com cart\u00e3o amarelo.<\/p>\n\n\n\n<p>Com isso, a arbitragem de Wilton Pereira Sampaio no duelo entre Fluminense e Bragantino ser\u00e1 observada de perto. Resta saber se mais uma vez o seu nome estar\u00e1 envolvido em pol\u00eamicas ou se a atua\u00e7\u00e3o passar\u00e1 sem grandes controv\u00e9rsias.<\/p>\n","protected":false},"excerpt":{"rendered":"<p>A escolha da arbitragem para Fluminense x Bragantino, pela segunda rodada do Campeonato Brasileiro, j\u00e1 provoca debates antes mesmo da bola rolar. A CBF designou Wilton Pereira Sampaio para comandar o confronto no Maracan\u00e3, decis\u00e3o que desperta aten\u00e7\u00e3o devido ao hist\u00f3rico do \u00e1rbitro em partidas marcadas por pol\u00eamicas.&nbsp; Com experi\u00eancia em competi\u00e7\u00f5es nacionais e internacionais, [&hellip;]<\/p>\n","protected":false},"author":25,"featured_media":144992,"comment_status":"open","ping_status":"closed","sticky":false,"template":"","format":"standard","meta":{"footnotes":""},"categories":[145],"tags":[],"class_list":["post-248357","post","type-post","status-publish","format-standard","has-post-thumbnail","hentry","category-fluminense"],"yoast_head":"<!-- This site is optimized with the Yoast SEO Premium plugin v24.2 (Yoast SEO v26.9) - https:\/\/yoast.com\/product\/yoast-seo-premium-wordpress\/ -->\n<title>Fluminense x Bragantino: CBF escala \u00e1rbitro pol\u00eamico para apitar partida<\/title>\n<meta name=\"robots\" content=\"index, follow, max-snippet:-1, max-image-preview:large, max-video-preview:-1\" \/>\n<link rel=\"canonical\" href=\"https:\/\/www.gaveanews.com\/index.php\/2025\/04\/03\/fluminense-x-bragantino-cbf-escala-arbitro-polemico-para-apitar-partida\/\" \/>\n<meta property=\"og:locale\" content=\"pt_BR\" \/>\n<meta property=\"og:type\" content=\"article\" \/>\n<meta property=\"og:title\" content=\"Fluminense x Bragantino: CBF escala \u00e1rbitro pol\u00eamico para apitar partida\" \/>\n<meta property=\"og:description\" content=\"A escolha da arbitragem para Fluminense x Bragantino, pela segunda rodada do Campeonato Brasileiro, j\u00e1 provoca debates antes mesmo da bola rolar. A CBF designou Wilton Pereira Sampaio para comandar o confronto no Maracan\u00e3, decis\u00e3o que desperta aten\u00e7\u00e3o devido ao hist\u00f3rico do \u00e1rbitro em partidas marcadas por pol\u00eamicas.&nbsp; Com experi\u00eancia em competi\u00e7\u00f5es nacionais e internacionais, [&hellip;]\" \/>\n<meta property=\"og:url\" content=\"https:\/\/www.gaveanews.com\/index.php\/2025\/04\/03\/fluminense-x-bragantino-cbf-escala-arbitro-polemico-para-apitar-partida\/\" \/>\n<meta property=\"og:site_name\" content=\"G\u00e1vea News\" \/>\n<meta property=\"article:publisher\" content=\"https:\/\/facebook.com\/gaveaNews\/\" \/>\n<meta property=\"article:published_time\" content=\"2025-04-03T15:20:00+00:00\" \/>\n<meta property=\"og:image\" content=\"https:\/\/www.gaveanews.com\/wp-content\/uploads\/Escudo-do-Fluminense.webp\" \/>\n\t<meta property=\"og:image:width\" content=\"1000\" \/>\n\t<meta property=\"og:image:height\" content=\"667\" \/>\n\t<meta property=\"og:image:type\" content=\"image\/webp\" \/>\n<meta name=\"author\" content=\"Rafaela Ladeira\" \/>\n<meta name=\"twitter:card\" content=\"summary_large_image\" \/>\n<meta name=\"twitter:label1\" content=\"Escrito por\" \/>\n\t<meta name=\"twitter:data1\" content=\"Rafaela Ladeira\" \/>\n\t<meta name=\"twitter:label2\" content=\"Est. tempo de leitura\" \/>\n\t<meta name=\"twitter:data2\" content=\"3 minutos\" \/>\n<script type=\"application\/ld+json\" class=\"yoast-schema-graph\">{\"@context\":\"https:\/\/schema.org\",\"@graph\":[{\"@type\":\"NewsArticle\",\"@id\":\"https:\/\/www.gaveanews.com\/index.php\/2025\/04\/03\/fluminense-x-bragantino-cbf-escala-arbitro-polemico-para-apitar-partida\/#article\",\"isPartOf\":{\"@id\":\"https:\/\/www.gaveanews.com\/index.php\/2025\/04\/03\/fluminense-x-bragantino-cbf-escala-arbitro-polemico-para-apitar-partida\/\"},\"author\":{\"name\":\"Rafaela Ladeira\",\"@id\":\"https:\/\/www.gaveanews.com\/#\/schema\/person\/0eb3e3fe1754f0205218538adbe8f5ed\"},\"headline\":\"Fluminense x Bragantino: CBF escala \u00e1rbitro pol\u00eamico para apitar partida\",\"datePublished\":\"2025-04-03T15:20:00+00:00\",\"mainEntityOfPage\":{\"@id\":\"https:\/\/www.gaveanews.com\/index.php\/2025\/04\/03\/fluminense-x-bragantino-cbf-escala-arbitro-polemico-para-apitar-partida\/\"},\"wordCount\":476,\"commentCount\":0,\"image\":{\"@id\":\"https:\/\/www.gaveanews.com\/index.php\/2025\/04\/03\/fluminense-x-bragantino-cbf-escala-arbitro-polemico-para-apitar-partida\/#primaryimage\"},\"thumbnailUrl\":\"https:\/\/www.gaveanews.com\/wp-content\/uploads\/Escudo-do-Fluminense.webp\",\"articleSection\":[\"Fluminense\"],\"inLanguage\":\"pt-BR\",\"potentialAction\":[{\"@type\":\"CommentAction\",\"name\":\"Comment\",\"target\":[\"https:\/\/www.gaveanews.com\/index.php\/2025\/04\/03\/fluminense-x-bragantino-cbf-escala-arbitro-polemico-para-apitar-partida\/#respond\"]}],\"copyrightYear\":\"2025\",\"copyrightHolder\":{\"@id\":\"https:\/\/www.gaveanews.com\/#organization\"}},{\"@type\":\"WebPage\",\"@id\":\"https:\/\/www.gaveanews.com\/index.php\/2025\/04\/03\/fluminense-x-bragantino-cbf-escala-arbitro-polemico-para-apitar-partida\/\",\"url\":\"https:\/\/www.gaveanews.com\/index.php\/2025\/04\/03\/fluminense-x-bragantino-cbf-escala-arbitro-polemico-para-apitar-partida\/\",\"name\":\"Fluminense x Bragantino: CBF escala \u00e1rbitro pol\u00eamico para apitar partida\",\"isPartOf\":{\"@id\":\"https:\/\/www.gaveanews.com\/#website\"},\"primaryImageOfPage\":{\"@id\":\"https:\/\/www.gaveanews.com\/index.php\/2025\/04\/03\/fluminense-x-bragantino-cbf-escala-arbitro-polemico-para-apitar-partida\/#primaryimage\"},\"image\":{\"@id\":\"https:\/\/www.gaveanews.com\/index.php\/2025\/04\/03\/fluminense-x-bragantino-cbf-escala-arbitro-polemico-para-apitar-partida\/#primaryimage\"},\"thumbnailUrl\":\"https:\/\/www.gaveanews.com\/wp-content\/uploads\/Escudo-do-Fluminense.webp\",\"datePublished\":\"2025-04-03T15:20:00+00:00\",\"author\":{\"@id\":\"https:\/\/www.gaveanews.com\/#\/schema\/person\/0eb3e3fe1754f0205218538adbe8f5ed\"},\"breadcrumb\":{\"@id\":\"https:\/\/www.gaveanews.com\/index.php\/2025\/04\/03\/fluminense-x-bragantino-cbf-escala-arbitro-polemico-para-apitar-partida\/#breadcrumb\"},\"inLanguage\":\"pt-BR\",\"potentialAction\":[{\"@type\":\"ReadAction\",\"target\":[\"https:\/\/www.gaveanews.com\/index.php\/2025\/04\/03\/fluminense-x-bragantino-cbf-escala-arbitro-polemico-para-apitar-partida\/\"]}]},{\"@type\":\"ImageObject\",\"inLanguage\":\"pt-BR\",\"@id\":\"https:\/\/www.gaveanews.com\/index.php\/2025\/04\/03\/fluminense-x-bragantino-cbf-escala-arbitro-polemico-para-apitar-partida\/#primaryimage\",\"url\":\"https:\/\/www.gaveanews.com\/wp-content\/uploads\/Escudo-do-Fluminense.webp\",\"contentUrl\":\"https:\/\/www.gaveanews.com\/wp-content\/uploads\/Escudo-do-Fluminense.webp\",\"width\":1000,\"height\":667,\"caption\":\"Escudo do Fluminense (Foto Reprodu\u00e7\u00e3o\/Instagram)\"},{\"@type\":\"BreadcrumbList\",\"@id\":\"https:\/\/www.gaveanews.com\/index.php\/2025\/04\/03\/fluminense-x-bragantino-cbf-escala-arbitro-polemico-para-apitar-partida\/#breadcrumb\",\"itemListElement\":[{\"@type\":\"ListItem\",\"position\":1,\"name\":\"Home\",\"item\":\"https:\/\/www.gaveanews.com\/\"},{\"@type\":\"ListItem\",\"position\":2,\"name\":\"Fluminense x Bragantino: CBF escala \u00e1rbitro pol\u00eamico para apitar partida\"}]},{\"@type\":\"WebSite\",\"@id\":\"https:\/\/www.gaveanews.com\/#website\",\"url\":\"https:\/\/www.gaveanews.com\/\",\"name\":\"G\u00e1vea News\",\"description\":\"Veja todas as not\u00edcias sobre o Flamengo: Contrata\u00e7\u00f5es, categorias de base, resultados das partidas, tabela de classifica\u00e7\u00e3o, pr\u00f3ximos jogos!\",\"potentialAction\":[{\"@type\":\"SearchAction\",\"target\":{\"@type\":\"EntryPoint\",\"urlTemplate\":\"https:\/\/www.gaveanews.com\/?s={search_term_string}\"},\"query-input\":{\"@type\":\"PropertyValueSpecification\",\"valueRequired\":true,\"valueName\":\"search_term_string\"}}],\"inLanguage\":\"pt-BR\"},{\"@type\":\"Person\",\"@id\":\"https:\/\/www.gaveanews.com\/#\/schema\/person\/0eb3e3fe1754f0205218538adbe8f5ed\",\"name\":\"Rafaela Ladeira\",\"image\":{\"@type\":\"ImageObject\",\"inLanguage\":\"pt-BR\",\"@id\":\"https:\/\/www.gaveanews.com\/#\/schema\/person\/image\/\",\"url\":\"https:\/\/secure.gravatar.com\/avatar\/c31f513acffd85eacab5730cbdfdbbf59f21ba5aeada8cd890acea879fbb2455?s=96&d=mm&r=g\",\"contentUrl\":\"https:\/\/secure.gravatar.com\/avatar\/c31f513acffd85eacab5730cbdfdbbf59f21ba5aeada8cd890acea879fbb2455?s=96&d=mm&r=g\",\"caption\":\"Rafaela Ladeira\"}}]}<\/script>\n<!-- \/ Yoast SEO Premium plugin. -->","yoast_head_json":{"title":"Fluminense x Bragantino: CBF escala \u00e1rbitro pol\u00eamico para apitar partida","robots":{"index":"index","follow":"follow","max-snippet":"max-snippet:-1","max-image-preview":"max-image-preview:large","max-video-preview":"max-video-preview:-1"},"canonical":"https:\/\/www.gaveanews.com\/index.php\/2025\/04\/03\/fluminense-x-bragantino-cbf-escala-arbitro-polemico-para-apitar-partida\/","og_locale":"pt_BR","og_type":"article","og_title":"Fluminense x Bragantino: CBF escala \u00e1rbitro pol\u00eamico para apitar partida","og_description":"A escolha da arbitragem para Fluminense x Bragantino, pela segunda rodada do Campeonato Brasileiro, j\u00e1 provoca debates antes mesmo da bola rolar. A CBF designou Wilton Pereira Sampaio para comandar o confronto no Maracan\u00e3, decis\u00e3o que desperta aten\u00e7\u00e3o devido ao hist\u00f3rico do \u00e1rbitro em partidas marcadas por pol\u00eamicas.&nbsp; Com experi\u00eancia em competi\u00e7\u00f5es nacionais e internacionais, [&hellip;]","og_url":"https:\/\/www.gaveanews.com\/index.php\/2025\/04\/03\/fluminense-x-bragantino-cbf-escala-arbitro-polemico-para-apitar-partida\/","og_site_name":"G\u00e1vea News","article_publisher":"https:\/\/facebook.com\/gaveaNews\/","article_published_time":"2025-04-03T15:20:00+00:00","og_image":[{"width":1000,"height":667,"url":"https:\/\/www.gaveanews.com\/wp-content\/uploads\/Escudo-do-Fluminense.webp","type":"image\/webp"}],"author":"Rafaela Ladeira","twitter_card":"summary_large_image","twitter_misc":{"Escrito por":"Rafaela Ladeira","Est. tempo de leitura":"3 minutos"},"schema":{"@context":"https:\/\/schema.org","@graph":[{"@type":"NewsArticle","@id":"https:\/\/www.gaveanews.com\/index.php\/2025\/04\/03\/fluminense-x-bragantino-cbf-escala-arbitro-polemico-para-apitar-partida\/#article","isPartOf":{"@id":"https:\/\/www.gaveanews.com\/index.php\/2025\/04\/03\/fluminense-x-bragantino-cbf-escala-arbitro-polemico-para-apitar-partida\/"},"author":{"name":"Rafaela Ladeira","@id":"https:\/\/www.gaveanews.com\/#\/schema\/person\/0eb3e3fe1754f0205218538adbe8f5ed"},"headline":"Fluminense x Bragantino: CBF escala \u00e1rbitro pol\u00eamico para apitar partida","datePublished":"2025-04-03T15:20:00+00:00","mainEntityOfPage":{"@id":"https:\/\/www.gaveanews.com\/index.php\/2025\/04\/03\/fluminense-x-bragantino-cbf-escala-arbitro-polemico-para-apitar-partida\/"},"wordCount":476,"commentCount":0,"image":{"@id":"https:\/\/www.gaveanews.com\/index.php\/2025\/04\/03\/fluminense-x-bragantino-cbf-escala-arbitro-polemico-para-apitar-partida\/#primaryimage"},"thumbnailUrl":"https:\/\/www.gaveanews.com\/wp-content\/uploads\/Escudo-do-Fluminense.webp","articleSection":["Fluminense"],"inLanguage":"pt-BR","potentialAction":[{"@type":"CommentAction","name":"Comment","target":["https:\/\/www.gaveanews.com\/index.php\/2025\/04\/03\/fluminense-x-bragantino-cbf-escala-arbitro-polemico-para-apitar-partida\/#respond"]}],"copyrightYear":"2025","copyrightHolder":{"@id":"https:\/\/www.gaveanews.com\/#organization"}},{"@type":"WebPage","@id":"https:\/\/www.gaveanews.com\/index.php\/2025\/04\/03\/fluminense-x-bragantino-cbf-escala-arbitro-polemico-para-apitar-partida\/","url":"https:\/\/www.gaveanews.com\/index.php\/2025\/04\/03\/fluminense-x-bragantino-cbf-escala-arbitro-polemico-para-apitar-partida\/","name":"Fluminense x Bragantino: CBF escala \u00e1rbitro pol\u00eamico para apitar partida","isPartOf":{"@id":"https:\/\/www.gaveanews.com\/#website"},"primaryImageOfPage":{"@id":"https:\/\/www.gaveanews.com\/index.php\/2025\/04\/03\/fluminense-x-bragantino-cbf-escala-arbitro-polemico-para-apitar-partida\/#primaryimage"},"image":{"@id":"https:\/\/www.gaveanews.com\/index.php\/2025\/04\/03\/fluminense-x-bragantino-cbf-escala-arbitro-polemico-para-apitar-partida\/#primaryimage"},"thumbnailUrl":"https:\/\/www.gaveanews.com\/wp-content\/uploads\/Escudo-do-Fluminense.webp","datePublished":"2025-04-03T15:20:00+00:00","author":{"@id":"https:\/\/www.gaveanews.com\/#\/schema\/person\/0eb3e3fe1754f0205218538adbe8f5ed"},"breadcrumb":{"@id":"https:\/\/www.gaveanews.com\/index.php\/2025\/04\/03\/fluminense-x-bragantino-cbf-escala-arbitro-polemico-para-apitar-partida\/#breadcrumb"},"inLanguage":"pt-BR","potentialAction":[{"@type":"ReadAction","target":["https:\/\/www.gaveanews.com\/index.php\/2025\/04\/03\/fluminense-x-bragantino-cbf-escala-arbitro-polemico-para-apitar-partida\/"]}]},{"@type":"ImageObject","inLanguage":"pt-BR","@id":"https:\/\/www.gaveanews.com\/index.php\/2025\/04\/03\/fluminense-x-bragantino-cbf-escala-arbitro-polemico-para-apitar-partida\/#primaryimage","url":"https:\/\/www.gaveanews.com\/wp-content\/uploads\/Escudo-do-Fluminense.webp","contentUrl":"https:\/\/www.gaveanews.com\/wp-content\/uploads\/Escudo-do-Fluminense.webp","width":1000,"height":667,"caption":"Escudo do Fluminense (Foto Reprodu\u00e7\u00e3o\/Instagram)"},{"@type":"BreadcrumbList","@id":"https:\/\/www.gaveanews.com\/index.php\/2025\/04\/03\/fluminense-x-bragantino-cbf-escala-arbitro-polemico-para-apitar-partida\/#breadcrumb","itemListElement":[{"@type":"ListItem","position":1,"name":"Home","item":"https:\/\/www.gaveanews.com\/"},{"@type":"ListItem","position":2,"name":"Fluminense x Bragantino: CBF escala \u00e1rbitro pol\u00eamico para apitar partida"}]},{"@type":"WebSite","@id":"https:\/\/www.gaveanews.com\/#website","url":"https:\/\/www.gaveanews.com\/","name":"G\u00e1vea News","description":"Veja todas as not\u00edcias sobre o Flamengo: Contrata\u00e7\u00f5es, categorias de base, resultados das partidas, tabela de classifica\u00e7\u00e3o, pr\u00f3ximos jogos!","potentialAction":[{"@type":"SearchAction","target":{"@type":"EntryPoint","urlTemplate":"https:\/\/www.gaveanews.com\/?s={search_term_string}"},"query-input":{"@type":"PropertyValueSpecification","valueRequired":true,"valueName":"search_term_string"}}],"inLanguage":"pt-BR"},{"@type":"Person","@id":"https:\/\/www.gaveanews.com\/#\/schema\/person\/0eb3e3fe1754f0205218538adbe8f5ed","name":"Rafaela Ladeira","image":{"@type":"ImageObject","inLanguage":"pt-BR","@id":"https:\/\/www.gaveanews.com\/#\/schema\/person\/image\/","url":"https:\/\/secure.gravatar.com\/avatar\/c31f513acffd85eacab5730cbdfdbbf59f21ba5aeada8cd890acea879fbb2455?s=96&d=mm&r=g","contentUrl":"https:\/\/secure.gravatar.com\/avatar\/c31f513acffd85eacab5730cbdfdbbf59f21ba5aeada8cd890acea879fbb2455?s=96&d=mm&r=g","caption":"Rafaela Ladeira"}}]}},"_links":{"self":[{"href":"https:\/\/www.gaveanews.com\/index.php\/wp-json\/wp\/v2\/posts\/248357","targetHints":{"allow":["GET"]}}],"collection":[{"href":"https:\/\/www.gaveanews.com\/index.php\/wp-json\/wp\/v2\/posts"}],"about":[{"href":"https:\/\/www.gaveanews.com\/index.php\/wp-json\/wp\/v2\/types\/post"}],"author":[{"embeddable":true,"href":"https:\/\/www.gaveanews.com\/index.php\/wp-json\/wp\/v2\/users\/25"}],"replies":[{"embeddable":true,"href":"https:\/\/www.gaveanews.com\/index.php\/wp-json\/wp\/v2\/comments?post=248357"}],"version-history":[{"count":1,"href":"https:\/\/www.gaveanews.com\/index.php\/wp-json\/wp\/v2\/posts\/248357\/revisions"}],"predecessor-version":[{"id":248360,"href":"https:\/\/www.gaveanews.com\/index.php\/wp-json\/wp\/v2\/posts\/248357\/revisions\/248360"}],"wp:featuredmedia":[{"embeddable":true,"href":"https:\/\/www.gaveanews.com\/index.php\/wp-json\/wp\/v2\/media\/144992"}],"wp:attachment":[{"href":"https:\/\/www.gaveanews.com\/index.php\/wp-json\/wp\/v2\/media?parent=248357"}],"wp:term":[{"taxonomy":"category","embeddable":true,"href":"https:\/\/www.gaveanews.com\/index.php\/wp-json\/wp\/v2\/categories?post=248357"},{"taxonomy":"post_tag","embeddable":true,"href":"https:\/\/www.gaveanews.com\/index.php\/wp-json\/wp\/v2\/tags?post=248357"}],"curies":[{"name":"wp","href":"https:\/\/api.w.org\/{rel}","templated":true}]}}