{"id":248358,"date":"2025-04-03T12:15:00","date_gmt":"2025-04-03T15:15:00","guid":{"rendered":"https:\/\/www.gaveanews.com\/?p=248358"},"modified":"2025-04-03T11:34:39","modified_gmt":"2025-04-03T14:34:39","slug":"cria-do-flamengo-atinge-marca-expressiva-na-premier-league","status":"publish","type":"post","link":"https:\/\/www.gaveanews.com\/index.php\/2025\/04\/03\/cria-do-flamengo-atinge-marca-expressiva-na-premier-league\/","title":{"rendered":"Cria do Flamengo atinge marca expressiva na Premier League"},"content":{"rendered":"\n<p>A temporada 2024\/25 da Premier League tem revelado surpresas interessantes. Uma delas envolve o atacante Rodrigo Muniz, revelado pelas categorias de base do Flamengo, que atualmente defende o Fulham. Aos 23 anos, o brasileiro vem se consolidando como o suplente mais eficiente do campeonato ingl\u00eas e, inclusive, j\u00e1 igualou feitos de nome como Harry Kane pelo torneio. <\/p>\n\n\n\n<p>Apesar de ter come\u00e7ado como titular em apenas seis das 29 partidas disputadas at\u00e9 aqui, Muniz j\u00e1 balan\u00e7ou as redes sete vezes. Desse total, seis foram marcados ap\u00f3s sair do banco de reservas, o que o coloca como o atleta com maior n\u00famero de tentos nesta condi\u00e7\u00e3o entre todos os jogadores da Premier League na temporada.<\/p>\n\n\n\n<p>O gol mais recente veio na ter\u00e7a-feira (01), na derrota por 2 a 1 para o Arsenal, no Emirates Stadium, em jogo v\u00e1lido pela 30\u00aa rodada da competi\u00e7\u00e3o. Muniz entrou na etapa final e, mesmo tendo perdido uma oportunidade clara de cabe\u00e7a, marcou nos acr\u00e9scimos e reduziu a diferen\u00e7a no placar.<\/p>\n\n\n\n<h2 class=\"wp-block-heading\" id=\"h-elogios-do-tecnico\">Elogios do t\u00e9cnico<\/h2>\n\n\n\n<p>Ali\u00e1s, o t\u00e9cnico Marco Silva destacou a postura do brasileiro ap\u00f3s o apito final. \u201cRodrigo entende a vida de um atacante. Ele n\u00e3o pode ficar t\u00e3o abalado quando algo acontece\u201d, disse o treinador. \u201cEu o vi lutando at\u00e9 o final para tentar tirar algo do jogo. Ele marcou um e, mesmo depois disso, continuou no jogo\u201d, completou. Para o comandante, a maturidade do jogador tem sido um ponto de evolu\u00e7\u00e3o: \u201cRodrigo j\u00e1 est\u00e1 mais maduro e entende muito bem qual \u00e9 o seu papel na equipe e o que significa ser um atacante. \u00c9 isso que eu exijo dele.\u201d<\/p>\n\n\n\n<p>Conforme os n\u00fameros atualizados da temporada, Muniz tem dois gols a mais vindo do banco que qualquer outro jogador da liga, superando companheiros como Harry Wilson e o colombiano Jhon Dur\u00e1n, que at\u00e9 recentemente atuava pelo Aston Villa. Al\u00e9m disso, marcar contra Arsenal, Chelsea, Liverpool e Manchester City &#8211; todos fora de casa &#8211; ele iguala marca que havia sido alcan\u00e7ada pela \u00faltima vez por Harry Kane, em 2015\/16.<\/p>\n\n\n\n<h2 class=\"wp-block-heading\" id=\"h-chegada-de-muniz-ao-fulham\">Chegada de Muniz ao Fulham<\/h2>\n\n\n\n<p>Muniz, contratado pelo Fulham em 2021 por 8 milh\u00f5es de euros, acumula 95 partidas e 25 gols pelo clube. No per\u00edodo, tamb\u00e9m teve passagem por empr\u00e9stimo pelo Middlesbrough. Enquanto disputa espa\u00e7o com o mexicano Ra\u00fal Jim\u00e9nez no ataque, tem chamado aten\u00e7\u00e3o pela efici\u00eancia quando acionado nos momentos finais das partidas.<\/p>\n\n\n\n<p>Inegavelmente, o crescimento do camisa 19 acontece em um momento em que seu nome volta a circular no Brasil, uma vez que o Flamengo acompanha a situa\u00e7\u00e3o do meia Andreas Pereira, tamb\u00e9m jogador do Fulham. Os 20% dos direitos econ\u00f4micos de Muniz ainda pertencentes ao Rubro-Negro podem ser inclu\u00eddos nas negocia\u00e7\u00f5es futuras entre os clubes.<\/p>\n","protected":false},"excerpt":{"rendered":"<p>A temporada 2024\/25 da Premier League tem revelado surpresas interessantes. Uma delas envolve o atacante Rodrigo Muniz, revelado pelas categorias de base do Flamengo, que atualmente defende o Fulham. Aos 23 anos, o brasileiro vem se consolidando como o suplente mais eficiente do campeonato ingl\u00eas e, inclusive, j\u00e1 igualou feitos de nome como Harry Kane [&hellip;]<\/p>\n","protected":false},"author":30,"featured_media":124684,"comment_status":"open","ping_status":"closed","sticky":false,"template":"","format":"standard","meta":{"footnotes":""},"categories":[1,161,85],"tags":[],"class_list":["post-248358","post","type-post","status-publish","format-standard","has-post-thumbnail","hentry","category-flamengo","category-fulham","category-premier-league"],"yoast_head":"<!-- This site is optimized with the Yoast SEO Premium plugin v24.2 (Yoast SEO v26.9) - https:\/\/yoast.com\/product\/yoast-seo-premium-wordpress\/ -->\n<title>Cria do Flamengo atinge marca expressiva na Premier League<\/title>\n<meta name=\"robots\" content=\"index, follow, max-snippet:-1, max-image-preview:large, max-video-preview:-1\" \/>\n<link rel=\"canonical\" href=\"https:\/\/www.gaveanews.com\/index.php\/2025\/04\/03\/cria-do-flamengo-atinge-marca-expressiva-na-premier-league\/\" \/>\n<meta property=\"og:locale\" content=\"pt_BR\" \/>\n<meta property=\"og:type\" content=\"article\" \/>\n<meta property=\"og:title\" content=\"Cria do Flamengo atinge marca expressiva na Premier League\" \/>\n<meta property=\"og:description\" content=\"A temporada 2024\/25 da Premier League tem revelado surpresas interessantes. Uma delas envolve o atacante Rodrigo Muniz, revelado pelas categorias de base do Flamengo, que atualmente defende o Fulham. Aos 23 anos, o brasileiro vem se consolidando como o suplente mais eficiente do campeonato ingl\u00eas e, inclusive, j\u00e1 igualou feitos de nome como Harry Kane [&hellip;]\" \/>\n<meta property=\"og:url\" content=\"https:\/\/www.gaveanews.com\/index.php\/2025\/04\/03\/cria-do-flamengo-atinge-marca-expressiva-na-premier-league\/\" \/>\n<meta property=\"og:site_name\" content=\"G\u00e1vea News\" \/>\n<meta property=\"article:publisher\" content=\"https:\/\/facebook.com\/gaveaNews\/\" \/>\n<meta property=\"article:published_time\" content=\"2025-04-03T15:15:00+00:00\" \/>\n<meta property=\"og:image\" content=\"https:\/\/www.gaveanews.com\/wp-content\/uploads\/escudoDoFlamengo.webp\" \/>\n\t<meta property=\"og:image:width\" content=\"1095\" \/>\n\t<meta property=\"og:image:height\" content=\"730\" \/>\n\t<meta property=\"og:image:type\" content=\"image\/webp\" \/>\n<meta name=\"author\" content=\"Ana Teixeira\" \/>\n<meta name=\"twitter:card\" content=\"summary_large_image\" \/>\n<meta name=\"twitter:label1\" content=\"Escrito por\" \/>\n\t<meta name=\"twitter:data1\" content=\"Ana Teixeira\" \/>\n\t<meta name=\"twitter:label2\" content=\"Est. tempo de leitura\" \/>\n\t<meta name=\"twitter:data2\" content=\"3 minutos\" \/>\n<script type=\"application\/ld+json\" class=\"yoast-schema-graph\">{\"@context\":\"https:\/\/schema.org\",\"@graph\":[{\"@type\":\"NewsArticle\",\"@id\":\"https:\/\/www.gaveanews.com\/index.php\/2025\/04\/03\/cria-do-flamengo-atinge-marca-expressiva-na-premier-league\/#article\",\"isPartOf\":{\"@id\":\"https:\/\/www.gaveanews.com\/index.php\/2025\/04\/03\/cria-do-flamengo-atinge-marca-expressiva-na-premier-league\/\"},\"author\":{\"name\":\"Ana Teixeira\",\"@id\":\"https:\/\/www.gaveanews.com\/#\/schema\/person\/3b19f7288b0ce20372991275e4f2e6c2\"},\"headline\":\"Cria do Flamengo atinge marca expressiva na Premier League\",\"datePublished\":\"2025-04-03T15:15:00+00:00\",\"mainEntityOfPage\":{\"@id\":\"https:\/\/www.gaveanews.com\/index.php\/2025\/04\/03\/cria-do-flamengo-atinge-marca-expressiva-na-premier-league\/\"},\"wordCount\":475,\"commentCount\":0,\"image\":{\"@id\":\"https:\/\/www.gaveanews.com\/index.php\/2025\/04\/03\/cria-do-flamengo-atinge-marca-expressiva-na-premier-league\/#primaryimage\"},\"thumbnailUrl\":\"https:\/\/www.gaveanews.com\/wp-content\/uploads\/escudoDoFlamengo.webp\",\"articleSection\":[\"Flamengo\",\"Fulham\",\"Premier League\"],\"inLanguage\":\"pt-BR\",\"potentialAction\":[{\"@type\":\"CommentAction\",\"name\":\"Comment\",\"target\":[\"https:\/\/www.gaveanews.com\/index.php\/2025\/04\/03\/cria-do-flamengo-atinge-marca-expressiva-na-premier-league\/#respond\"]}],\"copyrightYear\":\"2025\",\"copyrightHolder\":{\"@id\":\"https:\/\/www.gaveanews.com\/#organization\"}},{\"@type\":\"WebPage\",\"@id\":\"https:\/\/www.gaveanews.com\/index.php\/2025\/04\/03\/cria-do-flamengo-atinge-marca-expressiva-na-premier-league\/\",\"url\":\"https:\/\/www.gaveanews.com\/index.php\/2025\/04\/03\/cria-do-flamengo-atinge-marca-expressiva-na-premier-league\/\",\"name\":\"Cria do Flamengo atinge marca expressiva na Premier League\",\"isPartOf\":{\"@id\":\"https:\/\/www.gaveanews.com\/#website\"},\"primaryImageOfPage\":{\"@id\":\"https:\/\/www.gaveanews.com\/index.php\/2025\/04\/03\/cria-do-flamengo-atinge-marca-expressiva-na-premier-league\/#primaryimage\"},\"image\":{\"@id\":\"https:\/\/www.gaveanews.com\/index.php\/2025\/04\/03\/cria-do-flamengo-atinge-marca-expressiva-na-premier-league\/#primaryimage\"},\"thumbnailUrl\":\"https:\/\/www.gaveanews.com\/wp-content\/uploads\/escudoDoFlamengo.webp\",\"datePublished\":\"2025-04-03T15:15:00+00:00\",\"author\":{\"@id\":\"https:\/\/www.gaveanews.com\/#\/schema\/person\/3b19f7288b0ce20372991275e4f2e6c2\"},\"breadcrumb\":{\"@id\":\"https:\/\/www.gaveanews.com\/index.php\/2025\/04\/03\/cria-do-flamengo-atinge-marca-expressiva-na-premier-league\/#breadcrumb\"},\"inLanguage\":\"pt-BR\",\"potentialAction\":[{\"@type\":\"ReadAction\",\"target\":[\"https:\/\/www.gaveanews.com\/index.php\/2025\/04\/03\/cria-do-flamengo-atinge-marca-expressiva-na-premier-league\/\"]}]},{\"@type\":\"ImageObject\",\"inLanguage\":\"pt-BR\",\"@id\":\"https:\/\/www.gaveanews.com\/index.php\/2025\/04\/03\/cria-do-flamengo-atinge-marca-expressiva-na-premier-league\/#primaryimage\",\"url\":\"https:\/\/www.gaveanews.com\/wp-content\/uploads\/escudoDoFlamengo.webp\",\"contentUrl\":\"https:\/\/www.gaveanews.com\/wp-content\/uploads\/escudoDoFlamengo.webp\",\"width\":1095,\"height\":730,\"caption\":\"Centro de treinamento do Flamengo (Foto: Reprodu\u00e7\u00e3o)\"},{\"@type\":\"BreadcrumbList\",\"@id\":\"https:\/\/www.gaveanews.com\/index.php\/2025\/04\/03\/cria-do-flamengo-atinge-marca-expressiva-na-premier-league\/#breadcrumb\",\"itemListElement\":[{\"@type\":\"ListItem\",\"position\":1,\"name\":\"Home\",\"item\":\"https:\/\/www.gaveanews.com\/\"},{\"@type\":\"ListItem\",\"position\":2,\"name\":\"Cria do Flamengo atinge marca expressiva na Premier League\"}]},{\"@type\":\"WebSite\",\"@id\":\"https:\/\/www.gaveanews.com\/#website\",\"url\":\"https:\/\/www.gaveanews.com\/\",\"name\":\"G\u00e1vea News\",\"description\":\"Veja todas as not\u00edcias sobre o Flamengo: Contrata\u00e7\u00f5es, categorias de base, resultados das partidas, tabela de classifica\u00e7\u00e3o, pr\u00f3ximos jogos!\",\"potentialAction\":[{\"@type\":\"SearchAction\",\"target\":{\"@type\":\"EntryPoint\",\"urlTemplate\":\"https:\/\/www.gaveanews.com\/?s={search_term_string}\"},\"query-input\":{\"@type\":\"PropertyValueSpecification\",\"valueRequired\":true,\"valueName\":\"search_term_string\"}}],\"inLanguage\":\"pt-BR\"},{\"@type\":\"Person\",\"@id\":\"https:\/\/www.gaveanews.com\/#\/schema\/person\/3b19f7288b0ce20372991275e4f2e6c2\",\"name\":\"Ana Teixeira\",\"image\":{\"@type\":\"ImageObject\",\"inLanguage\":\"pt-BR\",\"@id\":\"https:\/\/www.gaveanews.com\/#\/schema\/person\/image\/\",\"url\":\"https:\/\/secure.gravatar.com\/avatar\/0a73f5a5258f3fed37fc2fa641892f3f7a4748456d4d4792f9bc550e6c19e06c?s=96&d=mm&r=g\",\"contentUrl\":\"https:\/\/secure.gravatar.com\/avatar\/0a73f5a5258f3fed37fc2fa641892f3f7a4748456d4d4792f9bc550e6c19e06c?s=96&d=mm&r=g\",\"caption\":\"Ana Teixeira\"}}]}<\/script>\n<!-- \/ Yoast SEO Premium plugin. -->","yoast_head_json":{"title":"Cria do Flamengo atinge marca expressiva na Premier League","robots":{"index":"index","follow":"follow","max-snippet":"max-snippet:-1","max-image-preview":"max-image-preview:large","max-video-preview":"max-video-preview:-1"},"canonical":"https:\/\/www.gaveanews.com\/index.php\/2025\/04\/03\/cria-do-flamengo-atinge-marca-expressiva-na-premier-league\/","og_locale":"pt_BR","og_type":"article","og_title":"Cria do Flamengo atinge marca expressiva na Premier League","og_description":"A temporada 2024\/25 da Premier League tem revelado surpresas interessantes. Uma delas envolve o atacante Rodrigo Muniz, revelado pelas categorias de base do Flamengo, que atualmente defende o Fulham. Aos 23 anos, o brasileiro vem se consolidando como o suplente mais eficiente do campeonato ingl\u00eas e, inclusive, j\u00e1 igualou feitos de nome como Harry Kane [&hellip;]","og_url":"https:\/\/www.gaveanews.com\/index.php\/2025\/04\/03\/cria-do-flamengo-atinge-marca-expressiva-na-premier-league\/","og_site_name":"G\u00e1vea News","article_publisher":"https:\/\/facebook.com\/gaveaNews\/","article_published_time":"2025-04-03T15:15:00+00:00","og_image":[{"width":1095,"height":730,"url":"https:\/\/www.gaveanews.com\/wp-content\/uploads\/escudoDoFlamengo.webp","type":"image\/webp"}],"author":"Ana Teixeira","twitter_card":"summary_large_image","twitter_misc":{"Escrito por":"Ana Teixeira","Est. tempo de leitura":"3 minutos"},"schema":{"@context":"https:\/\/schema.org","@graph":[{"@type":"NewsArticle","@id":"https:\/\/www.gaveanews.com\/index.php\/2025\/04\/03\/cria-do-flamengo-atinge-marca-expressiva-na-premier-league\/#article","isPartOf":{"@id":"https:\/\/www.gaveanews.com\/index.php\/2025\/04\/03\/cria-do-flamengo-atinge-marca-expressiva-na-premier-league\/"},"author":{"name":"Ana Teixeira","@id":"https:\/\/www.gaveanews.com\/#\/schema\/person\/3b19f7288b0ce20372991275e4f2e6c2"},"headline":"Cria do Flamengo atinge marca expressiva na Premier League","datePublished":"2025-04-03T15:15:00+00:00","mainEntityOfPage":{"@id":"https:\/\/www.gaveanews.com\/index.php\/2025\/04\/03\/cria-do-flamengo-atinge-marca-expressiva-na-premier-league\/"},"wordCount":475,"commentCount":0,"image":{"@id":"https:\/\/www.gaveanews.com\/index.php\/2025\/04\/03\/cria-do-flamengo-atinge-marca-expressiva-na-premier-league\/#primaryimage"},"thumbnailUrl":"https:\/\/www.gaveanews.com\/wp-content\/uploads\/escudoDoFlamengo.webp","articleSection":["Flamengo","Fulham","Premier League"],"inLanguage":"pt-BR","potentialAction":[{"@type":"CommentAction","name":"Comment","target":["https:\/\/www.gaveanews.com\/index.php\/2025\/04\/03\/cria-do-flamengo-atinge-marca-expressiva-na-premier-league\/#respond"]}],"copyrightYear":"2025","copyrightHolder":{"@id":"https:\/\/www.gaveanews.com\/#organization"}},{"@type":"WebPage","@id":"https:\/\/www.gaveanews.com\/index.php\/2025\/04\/03\/cria-do-flamengo-atinge-marca-expressiva-na-premier-league\/","url":"https:\/\/www.gaveanews.com\/index.php\/2025\/04\/03\/cria-do-flamengo-atinge-marca-expressiva-na-premier-league\/","name":"Cria do Flamengo atinge marca expressiva na Premier League","isPartOf":{"@id":"https:\/\/www.gaveanews.com\/#website"},"primaryImageOfPage":{"@id":"https:\/\/www.gaveanews.com\/index.php\/2025\/04\/03\/cria-do-flamengo-atinge-marca-expressiva-na-premier-league\/#primaryimage"},"image":{"@id":"https:\/\/www.gaveanews.com\/index.php\/2025\/04\/03\/cria-do-flamengo-atinge-marca-expressiva-na-premier-league\/#primaryimage"},"thumbnailUrl":"https:\/\/www.gaveanews.com\/wp-content\/uploads\/escudoDoFlamengo.webp","datePublished":"2025-04-03T15:15:00+00:00","author":{"@id":"https:\/\/www.gaveanews.com\/#\/schema\/person\/3b19f7288b0ce20372991275e4f2e6c2"},"breadcrumb":{"@id":"https:\/\/www.gaveanews.com\/index.php\/2025\/04\/03\/cria-do-flamengo-atinge-marca-expressiva-na-premier-league\/#breadcrumb"},"inLanguage":"pt-BR","potentialAction":[{"@type":"ReadAction","target":["https:\/\/www.gaveanews.com\/index.php\/2025\/04\/03\/cria-do-flamengo-atinge-marca-expressiva-na-premier-league\/"]}]},{"@type":"ImageObject","inLanguage":"pt-BR","@id":"https:\/\/www.gaveanews.com\/index.php\/2025\/04\/03\/cria-do-flamengo-atinge-marca-expressiva-na-premier-league\/#primaryimage","url":"https:\/\/www.gaveanews.com\/wp-content\/uploads\/escudoDoFlamengo.webp","contentUrl":"https:\/\/www.gaveanews.com\/wp-content\/uploads\/escudoDoFlamengo.webp","width":1095,"height":730,"caption":"Centro de treinamento do Flamengo (Foto: Reprodu\u00e7\u00e3o)"},{"@type":"BreadcrumbList","@id":"https:\/\/www.gaveanews.com\/index.php\/2025\/04\/03\/cria-do-flamengo-atinge-marca-expressiva-na-premier-league\/#breadcrumb","itemListElement":[{"@type":"ListItem","position":1,"name":"Home","item":"https:\/\/www.gaveanews.com\/"},{"@type":"ListItem","position":2,"name":"Cria do Flamengo atinge marca expressiva na Premier League"}]},{"@type":"WebSite","@id":"https:\/\/www.gaveanews.com\/#website","url":"https:\/\/www.gaveanews.com\/","name":"G\u00e1vea News","description":"Veja todas as not\u00edcias sobre o Flamengo: Contrata\u00e7\u00f5es, categorias de base, resultados das partidas, tabela de classifica\u00e7\u00e3o, pr\u00f3ximos jogos!","potentialAction":[{"@type":"SearchAction","target":{"@type":"EntryPoint","urlTemplate":"https:\/\/www.gaveanews.com\/?s={search_term_string}"},"query-input":{"@type":"PropertyValueSpecification","valueRequired":true,"valueName":"search_term_string"}}],"inLanguage":"pt-BR"},{"@type":"Person","@id":"https:\/\/www.gaveanews.com\/#\/schema\/person\/3b19f7288b0ce20372991275e4f2e6c2","name":"Ana Teixeira","image":{"@type":"ImageObject","inLanguage":"pt-BR","@id":"https:\/\/www.gaveanews.com\/#\/schema\/person\/image\/","url":"https:\/\/secure.gravatar.com\/avatar\/0a73f5a5258f3fed37fc2fa641892f3f7a4748456d4d4792f9bc550e6c19e06c?s=96&d=mm&r=g","contentUrl":"https:\/\/secure.gravatar.com\/avatar\/0a73f5a5258f3fed37fc2fa641892f3f7a4748456d4d4792f9bc550e6c19e06c?s=96&d=mm&r=g","caption":"Ana Teixeira"}}]}},"_links":{"self":[{"href":"https:\/\/www.gaveanews.com\/index.php\/wp-json\/wp\/v2\/posts\/248358","targetHints":{"allow":["GET"]}}],"collection":[{"href":"https:\/\/www.gaveanews.com\/index.php\/wp-json\/wp\/v2\/posts"}],"about":[{"href":"https:\/\/www.gaveanews.com\/index.php\/wp-json\/wp\/v2\/types\/post"}],"author":[{"embeddable":true,"href":"https:\/\/www.gaveanews.com\/index.php\/wp-json\/wp\/v2\/users\/30"}],"replies":[{"embeddable":true,"href":"https:\/\/www.gaveanews.com\/index.php\/wp-json\/wp\/v2\/comments?post=248358"}],"version-history":[{"count":1,"href":"https:\/\/www.gaveanews.com\/index.php\/wp-json\/wp\/v2\/posts\/248358\/revisions"}],"predecessor-version":[{"id":248367,"href":"https:\/\/www.gaveanews.com\/index.php\/wp-json\/wp\/v2\/posts\/248358\/revisions\/248367"}],"wp:featuredmedia":[{"embeddable":true,"href":"https:\/\/www.gaveanews.com\/index.php\/wp-json\/wp\/v2\/media\/124684"}],"wp:attachment":[{"href":"https:\/\/www.gaveanews.com\/index.php\/wp-json\/wp\/v2\/media?parent=248358"}],"wp:term":[{"taxonomy":"category","embeddable":true,"href":"https:\/\/www.gaveanews.com\/index.php\/wp-json\/wp\/v2\/categories?post=248358"},{"taxonomy":"post_tag","embeddable":true,"href":"https:\/\/www.gaveanews.com\/index.php\/wp-json\/wp\/v2\/tags?post=248358"}],"curies":[{"name":"wp","href":"https:\/\/api.w.org\/{rel}","templated":true}]}}